{"id":5097,"date":"2025-05-13T19:05:13","date_gmt":"2025-05-13T22:05:13","guid":{"rendered":"https:\/\/salmosbiblicos.com.br\/?p=5097"},"modified":"2025-05-13T19:05:13","modified_gmt":"2025-05-13T22:05:13","slug":"reflexoes-de-pascoa-renovacao-esperanca-e-vida-eterna","status":"publish","type":"post","link":"https:\/\/salmosbiblicos.com.br\/index.php\/2025\/05\/13\/reflexoes-de-pascoa-renovacao-esperanca-e-vida-eterna\/","title":{"rendered":"Reflex\u00f5es de P\u00e1scoa: Renova\u00e7\u00e3o, Esperan\u00e7a e Vida Eterna."},"content":{"rendered":"<p>A P\u00e1scoa \u00e9 uma das datas mais importantes do calend\u00e1rio religioso Cat\u00f3lico. Ela celebra a ressurrei\u00e7\u00e3o de Jesus Cristo, tr\u00eas dias ap\u00f3s a sua crucifica\u00e7\u00e3o, conforme descrito no Novo Testamento da B\u00edblia. A P\u00e1scoa \u00e9 comemorada no domingo seguinte \u00e0 primeira lua cheia que ocorre no equin\u00f3cio da primavera, o que faz com que a data varie a cada ano.<\/p>\n<p>O simbolismo por tr\u00e1s da P\u00e1scoa \u00e9 de renova\u00e7\u00e3o, esperan\u00e7a e vida eterna. A ressurrei\u00e7\u00e3o de Jesus representa a vit\u00f3ria sobre o pecado e a morte, e a promessa de salva\u00e7\u00e3o para todos aqueles que creem nele. A P\u00e1scoa nos lembra que, assim como Jesus ressuscitou, tamb\u00e9m podemos renascer espiritualmente e ter uma nova vida em Cristo.<\/p>\n<p>Neste per\u00edodo de P\u00e1scoa, \u00e9 importante refletir sobre o verdadeiro significado dessa data. \u00c9 um momento de perd\u00e3o, reconcilia\u00e7\u00e3o e amor ao pr\u00f3ximo. \u00c9 um momento de renovar a nossa f\u00e9 e nossa esperan\u00e7a em Deus, sabendo que ele est\u00e1 sempre conosco, nos guiando e nos amando incondicionalmente.<\/p>\n<p>Uma sugest\u00e3o de reflex\u00e3o para este tempo de P\u00e1scoa \u00e9 praticar a gratid\u00e3o. Agrade\u00e7a a Deus por todas as b\u00ean\u00e7\u00e3os que ele tem derramado sobre a sua vida, mesmo nos momentos dif\u00edceis. Agrade\u00e7a pela ressurrei\u00e7\u00e3o de Jesus, que nos d\u00e1 a esperan\u00e7a de uma vida eterna ao seu lado. E, acima de tudo, agrade\u00e7a pelo amor incondicional que Deus tem por cada um de n\u00f3s.<\/p>\n<p>Que neste per\u00edodo de P\u00e1scoa possamos nos unir em ora\u00e7\u00e3o, em louvor e em gratid\u00e3o a Deus. Que possamos renovar a nossa f\u00e9 e a nossa esperan\u00e7a, sabendo que, assim como Jesus ressuscitou, tamb\u00e9m n\u00f3s podemos renascer espiritualmente e viver uma vida plena em Cristo.<\/p>\n<p>Que a luz da ressurrei\u00e7\u00e3o de Jesus brilhe em nossos cora\u00e7\u00f5es e nos guie em todos os momentos de nossas vidas. Que possamos ser testemunhas do amor de Deus atrav\u00e9s de nossas palavras, nossas a\u00e7\u00f5es e nossas atitudes.<\/p>\n<p>Que a P\u00e1scoa seja um tempo de renova\u00e7\u00e3o, de esperan\u00e7a e de amor para todos n\u00f3s. Que possamos viver cada dia com a certeza de que somos amados por Deus e de que ele est\u00e1 sempre ao nosso lado, nos fortalecendo e nos sustentando em todos os momentos.<\/p>\n<p>Que a P\u00e1scoa seja um tempo de celebra\u00e7\u00e3o e de agradecimento a Deus por todo o seu amor e por todas as suas b\u00ean\u00e7\u00e3os sobre n\u00f3s. Que possamos viver cada dia com gratid\u00e3o, f\u00e9 e esperan\u00e7a, sabendo que, em Cristo, somos verdadeiramente livres. Am\u00e9m.<\/p>\n","protected":false},"excerpt":{"rendered":"<p>A P\u00e1scoa \u00e9 uma das datas mais importantes do calend\u00e1rio religioso Cat\u00f3lico. Ela celebra a ressurrei\u00e7\u00e3o de Jesus Cristo, tr\u00eas dias ap\u00f3s a sua crucifica\u00e7\u00e3o, conforme descrito no Novo Testamento da B\u00edblia. A P\u00e1scoa \u00e9 comemorada no domingo seguinte \u00e0 primeira lua cheia que ocorre no equin\u00f3cio da primavera, o que faz com que a [&hellip;]<\/p>\n","protected":false},"author":2,"featured_media":0,"comment_status":"closed","ping_status":"open","sticky":false,"template":"","format":"standard","meta":{"footnotes":""},"categories":[9],"tags":[],"class_list":["post-5097","post","type-post","status-publish","format-standard","hentry","category-data-religiosa"],"yoast_head":"<!-- This site is optimized with the Yoast SEO plugin v27.2 - https:\/\/yoast.com\/product\/yoast-seo-wordpress\/ -->\n<title>Reflex\u00f5es de P\u00e1scoa: Renova\u00e7\u00e3o, Esperan\u00e7a e Vida Eterna. - Salmos B\u00edblicos<\/title>\n<meta name=\"robots\" content=\"index, follow, max-snippet:-1, max-image-preview:large, max-video-preview:-1\" \/>\n<link rel=\"canonical\" href=\"https:\/\/salmosbiblicos.com.br\/index.php\/2025\/05\/13\/reflexoes-de-pascoa-renovacao-esperanca-e-vida-eterna\/\" \/>\n<meta property=\"og:locale\" content=\"pt_BR\" \/>\n<meta property=\"og:type\" content=\"article\" \/>\n<meta property=\"og:title\" content=\"Reflex\u00f5es de P\u00e1scoa: Renova\u00e7\u00e3o, Esperan\u00e7a e Vida Eterna. - Salmos B\u00edblicos\" \/>\n<meta property=\"og:description\" content=\"A P\u00e1scoa \u00e9 uma das datas mais importantes do calend\u00e1rio religioso Cat\u00f3lico. Ela celebra a ressurrei\u00e7\u00e3o de Jesus Cristo, tr\u00eas dias ap\u00f3s a sua crucifica\u00e7\u00e3o, conforme descrito no Novo Testamento da B\u00edblia. A P\u00e1scoa \u00e9 comemorada no domingo seguinte \u00e0 primeira lua cheia que ocorre no equin\u00f3cio da primavera, o que faz com que a [&hellip;]\" \/>\n<meta property=\"og:url\" content=\"https:\/\/salmosbiblicos.com.br\/index.php\/2025\/05\/13\/reflexoes-de-pascoa-renovacao-esperanca-e-vida-eterna\/\" \/>\n<meta property=\"og:site_name\" content=\"Salmos B\u00edblicos\" \/>\n<meta property=\"article:published_time\" content=\"2025-05-13T22:05:13+00:00\" \/>\n<meta name=\"author\" content=\"Irmao\" \/>\n<meta name=\"twitter:card\" content=\"summary_large_image\" \/>\n<meta name=\"twitter:label1\" content=\"Escrito por\" \/>\n\t<meta name=\"twitter:data1\" content=\"Irmao\" \/>\n\t<meta name=\"twitter:label2\" content=\"Est. tempo de leitura\" \/>\n\t<meta name=\"twitter:data2\" content=\"2 minutos\" \/>\n<script type=\"application\/ld+json\" class=\"yoast-schema-graph\">{\"@context\":\"https:\/\/schema.org\",\"@graph\":[{\"@type\":\"Article\",\"@id\":\"https:\/\/salmosbiblicos.com.br\/index.php\/2025\/05\/13\/reflexoes-de-pascoa-renovacao-esperanca-e-vida-eterna\/#article\",\"isPartOf\":{\"@id\":\"https:\/\/salmosbiblicos.com.br\/index.php\/2025\/05\/13\/reflexoes-de-pascoa-renovacao-esperanca-e-vida-eterna\/\"},\"author\":{\"name\":\"Irmao\",\"@id\":\"https:\/\/salmosbiblicos.com.br\/#\/schema\/person\/760735259ba35f1e44e89c71c72d79da\"},\"headline\":\"Reflex\u00f5es de P\u00e1scoa: Renova\u00e7\u00e3o, Esperan\u00e7a e Vida Eterna.\",\"datePublished\":\"2025-05-13T22:05:13+00:00\",\"mainEntityOfPage\":{\"@id\":\"https:\/\/salmosbiblicos.com.br\/index.php\/2025\/05\/13\/reflexoes-de-pascoa-renovacao-esperanca-e-vida-eterna\/\"},\"wordCount\":470,\"articleSection\":[\"Data Religiosa\"],\"inLanguage\":\"pt-BR\"},{\"@type\":\"WebPage\",\"@id\":\"https:\/\/salmosbiblicos.com.br\/index.php\/2025\/05\/13\/reflexoes-de-pascoa-renovacao-esperanca-e-vida-eterna\/\",\"url\":\"https:\/\/salmosbiblicos.com.br\/index.php\/2025\/05\/13\/reflexoes-de-pascoa-renovacao-esperanca-e-vida-eterna\/\",\"name\":\"Reflex\u00f5es de P\u00e1scoa: Renova\u00e7\u00e3o, Esperan\u00e7a e Vida Eterna. - Salmos B\u00edblicos\",\"isPartOf\":{\"@id\":\"https:\/\/salmosbiblicos.com.br\/#website\"},\"datePublished\":\"2025-05-13T22:05:13+00:00\",\"author\":{\"@id\":\"https:\/\/salmosbiblicos.com.br\/#\/schema\/person\/760735259ba35f1e44e89c71c72d79da\"},\"breadcrumb\":{\"@id\":\"https:\/\/salmosbiblicos.com.br\/index.php\/2025\/05\/13\/reflexoes-de-pascoa-renovacao-esperanca-e-vida-eterna\/#breadcrumb\"},\"inLanguage\":\"pt-BR\",\"potentialAction\":[{\"@type\":\"ReadAction\",\"target\":[\"https:\/\/salmosbiblicos.com.br\/index.php\/2025\/05\/13\/reflexoes-de-pascoa-renovacao-esperanca-e-vida-eterna\/\"]}]},{\"@type\":\"BreadcrumbList\",\"@id\":\"https:\/\/salmosbiblicos.com.br\/index.php\/2025\/05\/13\/reflexoes-de-pascoa-renovacao-esperanca-e-vida-eterna\/#breadcrumb\",\"itemListElement\":[{\"@type\":\"ListItem\",\"position\":1,\"name\":\"Home\",\"item\":\"https:\/\/salmosbiblicos.com.br\/\"},{\"@type\":\"ListItem\",\"position\":2,\"name\":\"Reflex\u00f5es de P\u00e1scoa: Renova\u00e7\u00e3o, Esperan\u00e7a e Vida Eterna.\"}]},{\"@type\":\"WebSite\",\"@id\":\"https:\/\/salmosbiblicos.com.br\/#website\",\"url\":\"https:\/\/salmosbiblicos.com.br\/\",\"name\":\"Salmos B\u00edblicos\",\"description\":\"Uma e-Livraria com e-Books novos para voc\u00ea refletir.\",\"potentialAction\":[{\"@type\":\"SearchAction\",\"target\":{\"@type\":\"EntryPoint\",\"urlTemplate\":\"https:\/\/salmosbiblicos.com.br\/?s={search_term_string}\"},\"query-input\":{\"@type\":\"PropertyValueSpecification\",\"valueRequired\":true,\"valueName\":\"search_term_string\"}}],\"inLanguage\":\"pt-BR\"},{\"@type\":\"Person\",\"@id\":\"https:\/\/salmosbiblicos.com.br\/#\/schema\/person\/760735259ba35f1e44e89c71c72d79da\",\"name\":\"Irmao\",\"image\":{\"@type\":\"ImageObject\",\"inLanguage\":\"pt-BR\",\"@id\":\"https:\/\/secure.gravatar.com\/avatar\/?s=96&d=mm&r=g\",\"url\":\"https:\/\/secure.gravatar.com\/avatar\/?s=96&d=mm&r=g\",\"contentUrl\":\"https:\/\/secure.gravatar.com\/avatar\/?s=96&d=mm&r=g\",\"caption\":\"Irmao\"},\"url\":\"https:\/\/salmosbiblicos.com.br\/index.php\/author\/irmao\/\"}]}<\/script>\n<!-- \/ Yoast SEO plugin. -->","yoast_head_json":{"title":"Reflex\u00f5es de P\u00e1scoa: Renova\u00e7\u00e3o, Esperan\u00e7a e Vida Eterna. - Salmos B\u00edblicos","robots":{"index":"index","follow":"follow","max-snippet":"max-snippet:-1","max-image-preview":"max-image-preview:large","max-video-preview":"max-video-preview:-1"},"canonical":"https:\/\/salmosbiblicos.com.br\/index.php\/2025\/05\/13\/reflexoes-de-pascoa-renovacao-esperanca-e-vida-eterna\/","og_locale":"pt_BR","og_type":"article","og_title":"Reflex\u00f5es de P\u00e1scoa: Renova\u00e7\u00e3o, Esperan\u00e7a e Vida Eterna. - Salmos B\u00edblicos","og_description":"A P\u00e1scoa \u00e9 uma das datas mais importantes do calend\u00e1rio religioso Cat\u00f3lico. Ela celebra a ressurrei\u00e7\u00e3o de Jesus Cristo, tr\u00eas dias ap\u00f3s a sua crucifica\u00e7\u00e3o, conforme descrito no Novo Testamento da B\u00edblia. A P\u00e1scoa \u00e9 comemorada no domingo seguinte \u00e0 primeira lua cheia que ocorre no equin\u00f3cio da primavera, o que faz com que a [&hellip;]","og_url":"https:\/\/salmosbiblicos.com.br\/index.php\/2025\/05\/13\/reflexoes-de-pascoa-renovacao-esperanca-e-vida-eterna\/","og_site_name":"Salmos B\u00edblicos","article_published_time":"2025-05-13T22:05:13+00:00","author":"Irmao","twitter_card":"summary_large_image","twitter_misc":{"Escrito por":"Irmao","Est. tempo de leitura":"2 minutos"},"schema":{"@context":"https:\/\/schema.org","@graph":[{"@type":"Article","@id":"https:\/\/salmosbiblicos.com.br\/index.php\/2025\/05\/13\/reflexoes-de-pascoa-renovacao-esperanca-e-vida-eterna\/#article","isPartOf":{"@id":"https:\/\/salmosbiblicos.com.br\/index.php\/2025\/05\/13\/reflexoes-de-pascoa-renovacao-esperanca-e-vida-eterna\/"},"author":{"name":"Irmao","@id":"https:\/\/salmosbiblicos.com.br\/#\/schema\/person\/760735259ba35f1e44e89c71c72d79da"},"headline":"Reflex\u00f5es de P\u00e1scoa: Renova\u00e7\u00e3o, Esperan\u00e7a e Vida Eterna.","datePublished":"2025-05-13T22:05:13+00:00","mainEntityOfPage":{"@id":"https:\/\/salmosbiblicos.com.br\/index.php\/2025\/05\/13\/reflexoes-de-pascoa-renovacao-esperanca-e-vida-eterna\/"},"wordCount":470,"articleSection":["Data Religiosa"],"inLanguage":"pt-BR"},{"@type":"WebPage","@id":"https:\/\/salmosbiblicos.com.br\/index.php\/2025\/05\/13\/reflexoes-de-pascoa-renovacao-esperanca-e-vida-eterna\/","url":"https:\/\/salmosbiblicos.com.br\/index.php\/2025\/05\/13\/reflexoes-de-pascoa-renovacao-esperanca-e-vida-eterna\/","name":"Reflex\u00f5es de P\u00e1scoa: Renova\u00e7\u00e3o, Esperan\u00e7a e Vida Eterna. - Salmos B\u00edblicos","isPartOf":{"@id":"https:\/\/salmosbiblicos.com.br\/#website"},"datePublished":"2025-05-13T22:05:13+00:00","author":{"@id":"https:\/\/salmosbiblicos.com.br\/#\/schema\/person\/760735259ba35f1e44e89c71c72d79da"},"breadcrumb":{"@id":"https:\/\/salmosbiblicos.com.br\/index.php\/2025\/05\/13\/reflexoes-de-pascoa-renovacao-esperanca-e-vida-eterna\/#breadcrumb"},"inLanguage":"pt-BR","potentialAction":[{"@type":"ReadAction","target":["https:\/\/salmosbiblicos.com.br\/index.php\/2025\/05\/13\/reflexoes-de-pascoa-renovacao-esperanca-e-vida-eterna\/"]}]},{"@type":"BreadcrumbList","@id":"https:\/\/salmosbiblicos.com.br\/index.php\/2025\/05\/13\/reflexoes-de-pascoa-renovacao-esperanca-e-vida-eterna\/#breadcrumb","itemListElement":[{"@type":"ListItem","position":1,"name":"Home","item":"https:\/\/salmosbiblicos.com.br\/"},{"@type":"ListItem","position":2,"name":"Reflex\u00f5es de P\u00e1scoa: Renova\u00e7\u00e3o, Esperan\u00e7a e Vida Eterna."}]},{"@type":"WebSite","@id":"https:\/\/salmosbiblicos.com.br\/#website","url":"https:\/\/salmosbiblicos.com.br\/","name":"Salmos B\u00edblicos","description":"Uma e-Livraria com e-Books novos para voc\u00ea refletir.","potentialAction":[{"@type":"SearchAction","target":{"@type":"EntryPoint","urlTemplate":"https:\/\/salmosbiblicos.com.br\/?s={search_term_string}"},"query-input":{"@type":"PropertyValueSpecification","valueRequired":true,"valueName":"search_term_string"}}],"inLanguage":"pt-BR"},{"@type":"Person","@id":"https:\/\/salmosbiblicos.com.br\/#\/schema\/person\/760735259ba35f1e44e89c71c72d79da","name":"Irmao","image":{"@type":"ImageObject","inLanguage":"pt-BR","@id":"https:\/\/secure.gravatar.com\/avatar\/?s=96&d=mm&r=g","url":"https:\/\/secure.gravatar.com\/avatar\/?s=96&d=mm&r=g","contentUrl":"https:\/\/secure.gravatar.com\/avatar\/?s=96&d=mm&r=g","caption":"Irmao"},"url":"https:\/\/salmosbiblicos.com.br\/index.php\/author\/irmao\/"}]}},"_links":{"self":[{"href":"https:\/\/salmosbiblicos.com.br\/index.php\/wp-json\/wp\/v2\/posts\/5097","targetHints":{"allow":["GET"]}}],"collection":[{"href":"https:\/\/salmosbiblicos.com.br\/index.php\/wp-json\/wp\/v2\/posts"}],"about":[{"href":"https:\/\/salmosbiblicos.com.br\/index.php\/wp-json\/wp\/v2\/types\/post"}],"author":[{"embeddable":true,"href":"https:\/\/salmosbiblicos.com.br\/index.php\/wp-json\/wp\/v2\/users\/2"}],"replies":[{"embeddable":true,"href":"https:\/\/salmosbiblicos.com.br\/index.php\/wp-json\/wp\/v2\/comments?post=5097"}],"version-history":[{"count":0,"href":"https:\/\/salmosbiblicos.com.br\/index.php\/wp-json\/wp\/v2\/posts\/5097\/revisions"}],"wp:attachment":[{"href":"https:\/\/salmosbiblicos.com.br\/index.php\/wp-json\/wp\/v2\/media?parent=5097"}],"wp:term":[{"taxonomy":"category","embeddable":true,"href":"https:\/\/salmosbiblicos.com.br\/index.php\/wp-json\/wp\/v2\/categories?post=5097"},{"taxonomy":"post_tag","embeddable":true,"href":"https:\/\/salmosbiblicos.com.br\/index.php\/wp-json\/wp\/v2\/tags?post=5097"}],"curies":[{"name":"wp","href":"https:\/\/api.w.org\/{rel}","templated":true}]}}