{"id":5113,"date":"2025-05-13T19:06:12","date_gmt":"2025-05-13T22:06:12","guid":{"rendered":"https:\/\/salmosbiblicos.com.br\/?p=5113"},"modified":"2025-05-13T19:06:12","modified_gmt":"2025-05-13T22:06:12","slug":"a-importancia-dos-grupos-de-oracao-na-comunhao-e-crescimento-espiritual","status":"publish","type":"post","link":"https:\/\/salmosbiblicos.com.br\/index.php\/2025\/05\/13\/a-importancia-dos-grupos-de-oracao-na-comunhao-e-crescimento-espiritual\/","title":{"rendered":"A import\u00e2ncia dos grupos de ora\u00e7\u00e3o na comunh\u00e3o e crescimento espiritual"},"content":{"rendered":"<p>Os grupos de ora\u00e7\u00e3o s\u00e3o uma parte fundamental da vida da igreja cat\u00f3lica. Neles, os fi\u00e9is se re\u00fanem para louvar, agradecer e interceder, fortalecendo a comunh\u00e3o com Deus e uns com os outros. A import\u00e2ncia desses encontros vai al\u00e9m das palavras proferidas e das inten\u00e7\u00f5es expressas, pois neles podemos encontrar apoio, conforto e orienta\u00e7\u00e3o para enfrentar os desafios do dia a dia.<\/p>\n<p>Quando nos unimos em ora\u00e7\u00e3o, estamos cumprindo o mandamento de Jesus de nos amarmos uns aos outros e de nos apoiarmos mutuamente em nossa caminhada de f\u00e9. \u00c9 como est\u00e1 escrito no Salmo X, onde o Senhor promete estar presente nos momentos em que clamamos por Ele. Nos grupos de ora\u00e7\u00e3o, experimentamos essa presen\u00e7a de forma palp\u00e1vel, sentindo a paz que s\u00f3 o Esp\u00edrito Santo pode nos proporcionar.<\/p>\n<p>Al\u00e9m disso, os grupos de ora\u00e7\u00e3o nos ajudam a crescer espiritualmente, aprofundando nossa rela\u00e7\u00e3o com Deus e nossa compreens\u00e3o da Sua vontade para n\u00f3s. Neles, somos desafiados a sair da nossa zona de conforto, a perdoar e a ser perdoados, a amar e a ser amados incondicionalmente. Assim, vamos nos transformando cada dia mais \u00e0 imagem e semelhan\u00e7a do nosso Criador.<\/p>\n<p>Que possamos, portanto, valorizar e participar ativamente dos grupos de ora\u00e7\u00e3o em nossas comunidades, reconhecendo a import\u00e2ncia desses momentos de encontro com Deus e com nossos irm\u00e3os na f\u00e9. Que possamos nos deixar guiar pelo Esp\u00edrito Santo em nossas intercess\u00f5es e louvores, confiantes de que Ele est\u00e1 sempre conosco, fortalecendo-nos e capacitando-nos para viver uma vida plena e abundante em Cristo. A ora\u00e7\u00e3o em grupo \u00e9 uma ferramenta poderosa para a edifica\u00e7\u00e3o da igreja e para o fortalecimento da nossa f\u00e9. Que possamos nos unir em ora\u00e7\u00e3o, confiantes de que Deus ouve e atende as nossas peti\u00e7\u00f5es.<\/p>\n","protected":false},"excerpt":{"rendered":"<p>Os grupos de ora\u00e7\u00e3o s\u00e3o uma parte fundamental da vida da igreja cat\u00f3lica. Neles, os fi\u00e9is se re\u00fanem para louvar, agradecer e interceder, fortalecendo a comunh\u00e3o com Deus e uns com os outros. A import\u00e2ncia desses encontros vai al\u00e9m das palavras proferidas e das inten\u00e7\u00f5es expressas, pois neles podemos encontrar apoio, conforto e orienta\u00e7\u00e3o para [&hellip;]<\/p>\n","protected":false},"author":2,"featured_media":0,"comment_status":"closed","ping_status":"open","sticky":false,"template":"","format":"standard","meta":{"footnotes":""},"categories":[11],"tags":[],"class_list":["post-5113","post","type-post","status-publish","format-standard","hentry","category-salmos"],"yoast_head":"<!-- This site is optimized with the Yoast SEO plugin v27.2 - https:\/\/yoast.com\/product\/yoast-seo-wordpress\/ -->\n<title>A import\u00e2ncia dos grupos de ora\u00e7\u00e3o na comunh\u00e3o e crescimento espiritual - Salmos B\u00edblicos<\/title>\n<meta name=\"robots\" content=\"index, follow, max-snippet:-1, max-image-preview:large, max-video-preview:-1\" \/>\n<link rel=\"canonical\" href=\"https:\/\/salmosbiblicos.com.br\/index.php\/2025\/05\/13\/a-importancia-dos-grupos-de-oracao-na-comunhao-e-crescimento-espiritual\/\" \/>\n<meta property=\"og:locale\" content=\"pt_BR\" \/>\n<meta property=\"og:type\" content=\"article\" \/>\n<meta property=\"og:title\" content=\"A import\u00e2ncia dos grupos de ora\u00e7\u00e3o na comunh\u00e3o e crescimento espiritual - Salmos B\u00edblicos\" \/>\n<meta property=\"og:description\" content=\"Os grupos de ora\u00e7\u00e3o s\u00e3o uma parte fundamental da vida da igreja cat\u00f3lica. Neles, os fi\u00e9is se re\u00fanem para louvar, agradecer e interceder, fortalecendo a comunh\u00e3o com Deus e uns com os outros. A import\u00e2ncia desses encontros vai al\u00e9m das palavras proferidas e das inten\u00e7\u00f5es expressas, pois neles podemos encontrar apoio, conforto e orienta\u00e7\u00e3o para [&hellip;]\" \/>\n<meta property=\"og:url\" content=\"https:\/\/salmosbiblicos.com.br\/index.php\/2025\/05\/13\/a-importancia-dos-grupos-de-oracao-na-comunhao-e-crescimento-espiritual\/\" \/>\n<meta property=\"og:site_name\" content=\"Salmos B\u00edblicos\" \/>\n<meta property=\"article:published_time\" content=\"2025-05-13T22:06:12+00:00\" \/>\n<meta name=\"author\" content=\"Irmao\" \/>\n<meta name=\"twitter:card\" content=\"summary_large_image\" \/>\n<meta name=\"twitter:label1\" content=\"Escrito por\" \/>\n\t<meta name=\"twitter:data1\" content=\"Irmao\" \/>\n\t<meta name=\"twitter:label2\" content=\"Est. tempo de leitura\" \/>\n\t<meta name=\"twitter:data2\" content=\"2 minutos\" \/>\n<script type=\"application\/ld+json\" class=\"yoast-schema-graph\">{\"@context\":\"https:\/\/schema.org\",\"@graph\":[{\"@type\":\"Article\",\"@id\":\"https:\/\/salmosbiblicos.com.br\/index.php\/2025\/05\/13\/a-importancia-dos-grupos-de-oracao-na-comunhao-e-crescimento-espiritual\/#article\",\"isPartOf\":{\"@id\":\"https:\/\/salmosbiblicos.com.br\/index.php\/2025\/05\/13\/a-importancia-dos-grupos-de-oracao-na-comunhao-e-crescimento-espiritual\/\"},\"author\":{\"name\":\"Irmao\",\"@id\":\"https:\/\/salmosbiblicos.com.br\/#\/schema\/person\/760735259ba35f1e44e89c71c72d79da\"},\"headline\":\"A import\u00e2ncia dos grupos de ora\u00e7\u00e3o na comunh\u00e3o e crescimento espiritual\",\"datePublished\":\"2025-05-13T22:06:12+00:00\",\"mainEntityOfPage\":{\"@id\":\"https:\/\/salmosbiblicos.com.br\/index.php\/2025\/05\/13\/a-importancia-dos-grupos-de-oracao-na-comunhao-e-crescimento-espiritual\/\"},\"wordCount\":329,\"articleSection\":[\"Salmos\"],\"inLanguage\":\"pt-BR\"},{\"@type\":\"WebPage\",\"@id\":\"https:\/\/salmosbiblicos.com.br\/index.php\/2025\/05\/13\/a-importancia-dos-grupos-de-oracao-na-comunhao-e-crescimento-espiritual\/\",\"url\":\"https:\/\/salmosbiblicos.com.br\/index.php\/2025\/05\/13\/a-importancia-dos-grupos-de-oracao-na-comunhao-e-crescimento-espiritual\/\",\"name\":\"A import\u00e2ncia dos grupos de ora\u00e7\u00e3o na comunh\u00e3o e crescimento espiritual - Salmos B\u00edblicos\",\"isPartOf\":{\"@id\":\"https:\/\/salmosbiblicos.com.br\/#website\"},\"datePublished\":\"2025-05-13T22:06:12+00:00\",\"author\":{\"@id\":\"https:\/\/salmosbiblicos.com.br\/#\/schema\/person\/760735259ba35f1e44e89c71c72d79da\"},\"breadcrumb\":{\"@id\":\"https:\/\/salmosbiblicos.com.br\/index.php\/2025\/05\/13\/a-importancia-dos-grupos-de-oracao-na-comunhao-e-crescimento-espiritual\/#breadcrumb\"},\"inLanguage\":\"pt-BR\",\"potentialAction\":[{\"@type\":\"ReadAction\",\"target\":[\"https:\/\/salmosbiblicos.com.br\/index.php\/2025\/05\/13\/a-importancia-dos-grupos-de-oracao-na-comunhao-e-crescimento-espiritual\/\"]}]},{\"@type\":\"BreadcrumbList\",\"@id\":\"https:\/\/salmosbiblicos.com.br\/index.php\/2025\/05\/13\/a-importancia-dos-grupos-de-oracao-na-comunhao-e-crescimento-espiritual\/#breadcrumb\",\"itemListElement\":[{\"@type\":\"ListItem\",\"position\":1,\"name\":\"Home\",\"item\":\"https:\/\/salmosbiblicos.com.br\/\"},{\"@type\":\"ListItem\",\"position\":2,\"name\":\"A import\u00e2ncia dos grupos de ora\u00e7\u00e3o na comunh\u00e3o e crescimento espiritual\"}]},{\"@type\":\"WebSite\",\"@id\":\"https:\/\/salmosbiblicos.com.br\/#website\",\"url\":\"https:\/\/salmosbiblicos.com.br\/\",\"name\":\"Salmos B\u00edblicos\",\"description\":\"Uma e-Livraria com e-Books novos para voc\u00ea refletir.\",\"potentialAction\":[{\"@type\":\"SearchAction\",\"target\":{\"@type\":\"EntryPoint\",\"urlTemplate\":\"https:\/\/salmosbiblicos.com.br\/?s={search_term_string}\"},\"query-input\":{\"@type\":\"PropertyValueSpecification\",\"valueRequired\":true,\"valueName\":\"search_term_string\"}}],\"inLanguage\":\"pt-BR\"},{\"@type\":\"Person\",\"@id\":\"https:\/\/salmosbiblicos.com.br\/#\/schema\/person\/760735259ba35f1e44e89c71c72d79da\",\"name\":\"Irmao\",\"image\":{\"@type\":\"ImageObject\",\"inLanguage\":\"pt-BR\",\"@id\":\"https:\/\/secure.gravatar.com\/avatar\/?s=96&d=mm&r=g\",\"url\":\"https:\/\/secure.gravatar.com\/avatar\/?s=96&d=mm&r=g\",\"contentUrl\":\"https:\/\/secure.gravatar.com\/avatar\/?s=96&d=mm&r=g\",\"caption\":\"Irmao\"},\"url\":\"https:\/\/salmosbiblicos.com.br\/index.php\/author\/irmao\/\"}]}<\/script>\n<!-- \/ Yoast SEO plugin. -->","yoast_head_json":{"title":"A import\u00e2ncia dos grupos de ora\u00e7\u00e3o na comunh\u00e3o e crescimento espiritual - Salmos B\u00edblicos","robots":{"index":"index","follow":"follow","max-snippet":"max-snippet:-1","max-image-preview":"max-image-preview:large","max-video-preview":"max-video-preview:-1"},"canonical":"https:\/\/salmosbiblicos.com.br\/index.php\/2025\/05\/13\/a-importancia-dos-grupos-de-oracao-na-comunhao-e-crescimento-espiritual\/","og_locale":"pt_BR","og_type":"article","og_title":"A import\u00e2ncia dos grupos de ora\u00e7\u00e3o na comunh\u00e3o e crescimento espiritual - Salmos B\u00edblicos","og_description":"Os grupos de ora\u00e7\u00e3o s\u00e3o uma parte fundamental da vida da igreja cat\u00f3lica. Neles, os fi\u00e9is se re\u00fanem para louvar, agradecer e interceder, fortalecendo a comunh\u00e3o com Deus e uns com os outros. A import\u00e2ncia desses encontros vai al\u00e9m das palavras proferidas e das inten\u00e7\u00f5es expressas, pois neles podemos encontrar apoio, conforto e orienta\u00e7\u00e3o para [&hellip;]","og_url":"https:\/\/salmosbiblicos.com.br\/index.php\/2025\/05\/13\/a-importancia-dos-grupos-de-oracao-na-comunhao-e-crescimento-espiritual\/","og_site_name":"Salmos B\u00edblicos","article_published_time":"2025-05-13T22:06:12+00:00","author":"Irmao","twitter_card":"summary_large_image","twitter_misc":{"Escrito por":"Irmao","Est. tempo de leitura":"2 minutos"},"schema":{"@context":"https:\/\/schema.org","@graph":[{"@type":"Article","@id":"https:\/\/salmosbiblicos.com.br\/index.php\/2025\/05\/13\/a-importancia-dos-grupos-de-oracao-na-comunhao-e-crescimento-espiritual\/#article","isPartOf":{"@id":"https:\/\/salmosbiblicos.com.br\/index.php\/2025\/05\/13\/a-importancia-dos-grupos-de-oracao-na-comunhao-e-crescimento-espiritual\/"},"author":{"name":"Irmao","@id":"https:\/\/salmosbiblicos.com.br\/#\/schema\/person\/760735259ba35f1e44e89c71c72d79da"},"headline":"A import\u00e2ncia dos grupos de ora\u00e7\u00e3o na comunh\u00e3o e crescimento espiritual","datePublished":"2025-05-13T22:06:12+00:00","mainEntityOfPage":{"@id":"https:\/\/salmosbiblicos.com.br\/index.php\/2025\/05\/13\/a-importancia-dos-grupos-de-oracao-na-comunhao-e-crescimento-espiritual\/"},"wordCount":329,"articleSection":["Salmos"],"inLanguage":"pt-BR"},{"@type":"WebPage","@id":"https:\/\/salmosbiblicos.com.br\/index.php\/2025\/05\/13\/a-importancia-dos-grupos-de-oracao-na-comunhao-e-crescimento-espiritual\/","url":"https:\/\/salmosbiblicos.com.br\/index.php\/2025\/05\/13\/a-importancia-dos-grupos-de-oracao-na-comunhao-e-crescimento-espiritual\/","name":"A import\u00e2ncia dos grupos de ora\u00e7\u00e3o na comunh\u00e3o e crescimento espiritual - Salmos B\u00edblicos","isPartOf":{"@id":"https:\/\/salmosbiblicos.com.br\/#website"},"datePublished":"2025-05-13T22:06:12+00:00","author":{"@id":"https:\/\/salmosbiblicos.com.br\/#\/schema\/person\/760735259ba35f1e44e89c71c72d79da"},"breadcrumb":{"@id":"https:\/\/salmosbiblicos.com.br\/index.php\/2025\/05\/13\/a-importancia-dos-grupos-de-oracao-na-comunhao-e-crescimento-espiritual\/#breadcrumb"},"inLanguage":"pt-BR","potentialAction":[{"@type":"ReadAction","target":["https:\/\/salmosbiblicos.com.br\/index.php\/2025\/05\/13\/a-importancia-dos-grupos-de-oracao-na-comunhao-e-crescimento-espiritual\/"]}]},{"@type":"BreadcrumbList","@id":"https:\/\/salmosbiblicos.com.br\/index.php\/2025\/05\/13\/a-importancia-dos-grupos-de-oracao-na-comunhao-e-crescimento-espiritual\/#breadcrumb","itemListElement":[{"@type":"ListItem","position":1,"name":"Home","item":"https:\/\/salmosbiblicos.com.br\/"},{"@type":"ListItem","position":2,"name":"A import\u00e2ncia dos grupos de ora\u00e7\u00e3o na comunh\u00e3o e crescimento espiritual"}]},{"@type":"WebSite","@id":"https:\/\/salmosbiblicos.com.br\/#website","url":"https:\/\/salmosbiblicos.com.br\/","name":"Salmos B\u00edblicos","description":"Uma e-Livraria com e-Books novos para voc\u00ea refletir.","potentialAction":[{"@type":"SearchAction","target":{"@type":"EntryPoint","urlTemplate":"https:\/\/salmosbiblicos.com.br\/?s={search_term_string}"},"query-input":{"@type":"PropertyValueSpecification","valueRequired":true,"valueName":"search_term_string"}}],"inLanguage":"pt-BR"},{"@type":"Person","@id":"https:\/\/salmosbiblicos.com.br\/#\/schema\/person\/760735259ba35f1e44e89c71c72d79da","name":"Irmao","image":{"@type":"ImageObject","inLanguage":"pt-BR","@id":"https:\/\/secure.gravatar.com\/avatar\/?s=96&d=mm&r=g","url":"https:\/\/secure.gravatar.com\/avatar\/?s=96&d=mm&r=g","contentUrl":"https:\/\/secure.gravatar.com\/avatar\/?s=96&d=mm&r=g","caption":"Irmao"},"url":"https:\/\/salmosbiblicos.com.br\/index.php\/author\/irmao\/"}]}},"_links":{"self":[{"href":"https:\/\/salmosbiblicos.com.br\/index.php\/wp-json\/wp\/v2\/posts\/5113","targetHints":{"allow":["GET"]}}],"collection":[{"href":"https:\/\/salmosbiblicos.com.br\/index.php\/wp-json\/wp\/v2\/posts"}],"about":[{"href":"https:\/\/salmosbiblicos.com.br\/index.php\/wp-json\/wp\/v2\/types\/post"}],"author":[{"embeddable":true,"href":"https:\/\/salmosbiblicos.com.br\/index.php\/wp-json\/wp\/v2\/users\/2"}],"replies":[{"embeddable":true,"href":"https:\/\/salmosbiblicos.com.br\/index.php\/wp-json\/wp\/v2\/comments?post=5113"}],"version-history":[{"count":0,"href":"https:\/\/salmosbiblicos.com.br\/index.php\/wp-json\/wp\/v2\/posts\/5113\/revisions"}],"wp:attachment":[{"href":"https:\/\/salmosbiblicos.com.br\/index.php\/wp-json\/wp\/v2\/media?parent=5113"}],"wp:term":[{"taxonomy":"category","embeddable":true,"href":"https:\/\/salmosbiblicos.com.br\/index.php\/wp-json\/wp\/v2\/categories?post=5113"},{"taxonomy":"post_tag","embeddable":true,"href":"https:\/\/salmosbiblicos.com.br\/index.php\/wp-json\/wp\/v2\/tags?post=5113"}],"curies":[{"name":"wp","href":"https:\/\/api.w.org\/{rel}","templated":true}]}}