{"id":5117,"date":"2025-05-13T19:06:27","date_gmt":"2025-05-13T22:06:27","guid":{"rendered":"https:\/\/salmosbiblicos.com.br\/?p=5117"},"modified":"2025-05-13T19:06:27","modified_gmt":"2025-05-13T22:06:27","slug":"a-forca-da-oracao-em-comunidade-a-importancia-dos-grupos-de-oracao-na-vida-crista","status":"publish","type":"post","link":"https:\/\/salmosbiblicos.com.br\/index.php\/2025\/05\/13\/a-forca-da-oracao-em-comunidade-a-importancia-dos-grupos-de-oracao-na-vida-crista\/","title":{"rendered":"A for\u00e7a da ora\u00e7\u00e3o em comunidade: a import\u00e2ncia dos grupos de ora\u00e7\u00e3o na vida crist\u00e3"},"content":{"rendered":"<p>Os grupos de ora\u00e7\u00e3o s\u00e3o um pilar fundamental na vida da Igreja Cat\u00f3lica. S\u00e3o espa\u00e7os onde os fi\u00e9is se re\u00fanem para elevar suas preces, louvores e agradecimentos ao nosso Pai Celestial. Esses encontros s\u00e3o momentos de comunh\u00e3o, fortalecimento da f\u00e9 e crescimento espiritual.<\/p>\n<p>A import\u00e2ncia dos grupos de ora\u00e7\u00e3o vai al\u00e9m da simples reuni\u00e3o de pessoas para rezar. Neles, podemos partilhar nossas experi\u00eancias de vida, encontrar apoio e consolo em momentos dif\u00edceis, e sentir a presen\u00e7a amorosa de Deus agindo entre n\u00f3s. \u00c9 como nos ensina o Salmo XXIII, que nos lembra que o Senhor \u00e9 nosso pastor e nada nos faltar\u00e1.<\/p>\n<p>Nesses grupos, somos chamados a nos unir em ora\u00e7\u00e3o n\u00e3o apenas por nossas pr\u00f3prias necessidades, mas tamb\u00e9m pelas inten\u00e7\u00f5es dos nossos irm\u00e3os e de toda a humanidade. \u00c9 uma oportunidade de nos colocarmos a servi\u00e7o uns dos outros, carregando juntos o fardo uns dos outros e compartilhando as b\u00ean\u00e7\u00e3os que recebemos.<\/p>\n<p>Refletindo sobre a import\u00e2ncia dos grupos de ora\u00e7\u00e3o, somos convidados a cultivar a humildade, a gratid\u00e3o e a solidariedade em nossos cora\u00e7\u00f5es. Aprendemos a confiar na provid\u00eancia divina e a buscar a santidade em comunidade, caminhando juntos rumo \u00e0 plenitude da vida em Cristo.<\/p>\n<p>Que possamos nos unir cada vez mais em ora\u00e7\u00e3o, fortalecendo uns aos outros na f\u00e9 e na esperan\u00e7a. Que nossos grupos de ora\u00e7\u00e3o sejam fontes de luz e amor, irradiando a presen\u00e7a de Deus em meio \u00e0s nossas vidas e ao mundo ao nosso redor. Confiamos no poder da ora\u00e7\u00e3o e na gra\u00e7a do Esp\u00edrito Santo, que nos guia e sustenta em todos os momentos. A Ele toda a gl\u00f3ria e o louvor. Am\u00e9m.<\/p>\n","protected":false},"excerpt":{"rendered":"<p>Os grupos de ora\u00e7\u00e3o s\u00e3o um pilar fundamental na vida da Igreja Cat\u00f3lica. S\u00e3o espa\u00e7os onde os fi\u00e9is se re\u00fanem para elevar suas preces, louvores e agradecimentos ao nosso Pai Celestial. Esses encontros s\u00e3o momentos de comunh\u00e3o, fortalecimento da f\u00e9 e crescimento espiritual. A import\u00e2ncia dos grupos de ora\u00e7\u00e3o vai al\u00e9m da simples reuni\u00e3o de [&hellip;]<\/p>\n","protected":false},"author":2,"featured_media":0,"comment_status":"closed","ping_status":"open","sticky":false,"template":"","format":"standard","meta":{"footnotes":""},"categories":[11],"tags":[],"class_list":["post-5117","post","type-post","status-publish","format-standard","hentry","category-salmos"],"yoast_head":"<!-- This site is optimized with the Yoast SEO plugin v27.2 - https:\/\/yoast.com\/product\/yoast-seo-wordpress\/ -->\n<title>A for\u00e7a da ora\u00e7\u00e3o em comunidade: a import\u00e2ncia dos grupos de ora\u00e7\u00e3o na vida crist\u00e3 - Salmos B\u00edblicos<\/title>\n<meta name=\"robots\" content=\"index, follow, max-snippet:-1, max-image-preview:large, max-video-preview:-1\" \/>\n<link rel=\"canonical\" href=\"https:\/\/salmosbiblicos.com.br\/index.php\/2025\/05\/13\/a-forca-da-oracao-em-comunidade-a-importancia-dos-grupos-de-oracao-na-vida-crista\/\" \/>\n<meta property=\"og:locale\" content=\"pt_BR\" \/>\n<meta property=\"og:type\" content=\"article\" \/>\n<meta property=\"og:title\" content=\"A for\u00e7a da ora\u00e7\u00e3o em comunidade: a import\u00e2ncia dos grupos de ora\u00e7\u00e3o na vida crist\u00e3 - Salmos B\u00edblicos\" \/>\n<meta property=\"og:description\" content=\"Os grupos de ora\u00e7\u00e3o s\u00e3o um pilar fundamental na vida da Igreja Cat\u00f3lica. S\u00e3o espa\u00e7os onde os fi\u00e9is se re\u00fanem para elevar suas preces, louvores e agradecimentos ao nosso Pai Celestial. Esses encontros s\u00e3o momentos de comunh\u00e3o, fortalecimento da f\u00e9 e crescimento espiritual. A import\u00e2ncia dos grupos de ora\u00e7\u00e3o vai al\u00e9m da simples reuni\u00e3o de [&hellip;]\" \/>\n<meta property=\"og:url\" content=\"https:\/\/salmosbiblicos.com.br\/index.php\/2025\/05\/13\/a-forca-da-oracao-em-comunidade-a-importancia-dos-grupos-de-oracao-na-vida-crista\/\" \/>\n<meta property=\"og:site_name\" content=\"Salmos B\u00edblicos\" \/>\n<meta property=\"article:published_time\" content=\"2025-05-13T22:06:27+00:00\" \/>\n<meta name=\"author\" content=\"Irmao\" \/>\n<meta name=\"twitter:card\" content=\"summary_large_image\" \/>\n<meta name=\"twitter:label1\" content=\"Escrito por\" \/>\n\t<meta name=\"twitter:data1\" content=\"Irmao\" \/>\n\t<meta name=\"twitter:label2\" content=\"Est. tempo de leitura\" \/>\n\t<meta name=\"twitter:data2\" content=\"2 minutos\" \/>\n<script type=\"application\/ld+json\" class=\"yoast-schema-graph\">{\"@context\":\"https:\/\/schema.org\",\"@graph\":[{\"@type\":\"Article\",\"@id\":\"https:\/\/salmosbiblicos.com.br\/index.php\/2025\/05\/13\/a-forca-da-oracao-em-comunidade-a-importancia-dos-grupos-de-oracao-na-vida-crista\/#article\",\"isPartOf\":{\"@id\":\"https:\/\/salmosbiblicos.com.br\/index.php\/2025\/05\/13\/a-forca-da-oracao-em-comunidade-a-importancia-dos-grupos-de-oracao-na-vida-crista\/\"},\"author\":{\"name\":\"Irmao\",\"@id\":\"https:\/\/salmosbiblicos.com.br\/#\/schema\/person\/760735259ba35f1e44e89c71c72d79da\"},\"headline\":\"A for\u00e7a da ora\u00e7\u00e3o em comunidade: a import\u00e2ncia dos grupos de ora\u00e7\u00e3o na vida crist\u00e3\",\"datePublished\":\"2025-05-13T22:06:27+00:00\",\"mainEntityOfPage\":{\"@id\":\"https:\/\/salmosbiblicos.com.br\/index.php\/2025\/05\/13\/a-forca-da-oracao-em-comunidade-a-importancia-dos-grupos-de-oracao-na-vida-crista\/\"},\"wordCount\":326,\"articleSection\":[\"Salmos\"],\"inLanguage\":\"pt-BR\"},{\"@type\":\"WebPage\",\"@id\":\"https:\/\/salmosbiblicos.com.br\/index.php\/2025\/05\/13\/a-forca-da-oracao-em-comunidade-a-importancia-dos-grupos-de-oracao-na-vida-crista\/\",\"url\":\"https:\/\/salmosbiblicos.com.br\/index.php\/2025\/05\/13\/a-forca-da-oracao-em-comunidade-a-importancia-dos-grupos-de-oracao-na-vida-crista\/\",\"name\":\"A for\u00e7a da ora\u00e7\u00e3o em comunidade: a import\u00e2ncia dos grupos de ora\u00e7\u00e3o na vida crist\u00e3 - Salmos B\u00edblicos\",\"isPartOf\":{\"@id\":\"https:\/\/salmosbiblicos.com.br\/#website\"},\"datePublished\":\"2025-05-13T22:06:27+00:00\",\"author\":{\"@id\":\"https:\/\/salmosbiblicos.com.br\/#\/schema\/person\/760735259ba35f1e44e89c71c72d79da\"},\"breadcrumb\":{\"@id\":\"https:\/\/salmosbiblicos.com.br\/index.php\/2025\/05\/13\/a-forca-da-oracao-em-comunidade-a-importancia-dos-grupos-de-oracao-na-vida-crista\/#breadcrumb\"},\"inLanguage\":\"pt-BR\",\"potentialAction\":[{\"@type\":\"ReadAction\",\"target\":[\"https:\/\/salmosbiblicos.com.br\/index.php\/2025\/05\/13\/a-forca-da-oracao-em-comunidade-a-importancia-dos-grupos-de-oracao-na-vida-crista\/\"]}]},{\"@type\":\"BreadcrumbList\",\"@id\":\"https:\/\/salmosbiblicos.com.br\/index.php\/2025\/05\/13\/a-forca-da-oracao-em-comunidade-a-importancia-dos-grupos-de-oracao-na-vida-crista\/#breadcrumb\",\"itemListElement\":[{\"@type\":\"ListItem\",\"position\":1,\"name\":\"Home\",\"item\":\"https:\/\/salmosbiblicos.com.br\/\"},{\"@type\":\"ListItem\",\"position\":2,\"name\":\"A for\u00e7a da ora\u00e7\u00e3o em comunidade: a import\u00e2ncia dos grupos de ora\u00e7\u00e3o na vida crist\u00e3\"}]},{\"@type\":\"WebSite\",\"@id\":\"https:\/\/salmosbiblicos.com.br\/#website\",\"url\":\"https:\/\/salmosbiblicos.com.br\/\",\"name\":\"Salmos B\u00edblicos\",\"description\":\"Uma e-Livraria com e-Books novos para voc\u00ea refletir.\",\"potentialAction\":[{\"@type\":\"SearchAction\",\"target\":{\"@type\":\"EntryPoint\",\"urlTemplate\":\"https:\/\/salmosbiblicos.com.br\/?s={search_term_string}\"},\"query-input\":{\"@type\":\"PropertyValueSpecification\",\"valueRequired\":true,\"valueName\":\"search_term_string\"}}],\"inLanguage\":\"pt-BR\"},{\"@type\":\"Person\",\"@id\":\"https:\/\/salmosbiblicos.com.br\/#\/schema\/person\/760735259ba35f1e44e89c71c72d79da\",\"name\":\"Irmao\",\"image\":{\"@type\":\"ImageObject\",\"inLanguage\":\"pt-BR\",\"@id\":\"https:\/\/secure.gravatar.com\/avatar\/?s=96&d=mm&r=g\",\"url\":\"https:\/\/secure.gravatar.com\/avatar\/?s=96&d=mm&r=g\",\"contentUrl\":\"https:\/\/secure.gravatar.com\/avatar\/?s=96&d=mm&r=g\",\"caption\":\"Irmao\"},\"url\":\"https:\/\/salmosbiblicos.com.br\/index.php\/author\/irmao\/\"}]}<\/script>\n<!-- \/ Yoast SEO plugin. -->","yoast_head_json":{"title":"A for\u00e7a da ora\u00e7\u00e3o em comunidade: a import\u00e2ncia dos grupos de ora\u00e7\u00e3o na vida crist\u00e3 - Salmos B\u00edblicos","robots":{"index":"index","follow":"follow","max-snippet":"max-snippet:-1","max-image-preview":"max-image-preview:large","max-video-preview":"max-video-preview:-1"},"canonical":"https:\/\/salmosbiblicos.com.br\/index.php\/2025\/05\/13\/a-forca-da-oracao-em-comunidade-a-importancia-dos-grupos-de-oracao-na-vida-crista\/","og_locale":"pt_BR","og_type":"article","og_title":"A for\u00e7a da ora\u00e7\u00e3o em comunidade: a import\u00e2ncia dos grupos de ora\u00e7\u00e3o na vida crist\u00e3 - Salmos B\u00edblicos","og_description":"Os grupos de ora\u00e7\u00e3o s\u00e3o um pilar fundamental na vida da Igreja Cat\u00f3lica. S\u00e3o espa\u00e7os onde os fi\u00e9is se re\u00fanem para elevar suas preces, louvores e agradecimentos ao nosso Pai Celestial. Esses encontros s\u00e3o momentos de comunh\u00e3o, fortalecimento da f\u00e9 e crescimento espiritual. A import\u00e2ncia dos grupos de ora\u00e7\u00e3o vai al\u00e9m da simples reuni\u00e3o de [&hellip;]","og_url":"https:\/\/salmosbiblicos.com.br\/index.php\/2025\/05\/13\/a-forca-da-oracao-em-comunidade-a-importancia-dos-grupos-de-oracao-na-vida-crista\/","og_site_name":"Salmos B\u00edblicos","article_published_time":"2025-05-13T22:06:27+00:00","author":"Irmao","twitter_card":"summary_large_image","twitter_misc":{"Escrito por":"Irmao","Est. tempo de leitura":"2 minutos"},"schema":{"@context":"https:\/\/schema.org","@graph":[{"@type":"Article","@id":"https:\/\/salmosbiblicos.com.br\/index.php\/2025\/05\/13\/a-forca-da-oracao-em-comunidade-a-importancia-dos-grupos-de-oracao-na-vida-crista\/#article","isPartOf":{"@id":"https:\/\/salmosbiblicos.com.br\/index.php\/2025\/05\/13\/a-forca-da-oracao-em-comunidade-a-importancia-dos-grupos-de-oracao-na-vida-crista\/"},"author":{"name":"Irmao","@id":"https:\/\/salmosbiblicos.com.br\/#\/schema\/person\/760735259ba35f1e44e89c71c72d79da"},"headline":"A for\u00e7a da ora\u00e7\u00e3o em comunidade: a import\u00e2ncia dos grupos de ora\u00e7\u00e3o na vida crist\u00e3","datePublished":"2025-05-13T22:06:27+00:00","mainEntityOfPage":{"@id":"https:\/\/salmosbiblicos.com.br\/index.php\/2025\/05\/13\/a-forca-da-oracao-em-comunidade-a-importancia-dos-grupos-de-oracao-na-vida-crista\/"},"wordCount":326,"articleSection":["Salmos"],"inLanguage":"pt-BR"},{"@type":"WebPage","@id":"https:\/\/salmosbiblicos.com.br\/index.php\/2025\/05\/13\/a-forca-da-oracao-em-comunidade-a-importancia-dos-grupos-de-oracao-na-vida-crista\/","url":"https:\/\/salmosbiblicos.com.br\/index.php\/2025\/05\/13\/a-forca-da-oracao-em-comunidade-a-importancia-dos-grupos-de-oracao-na-vida-crista\/","name":"A for\u00e7a da ora\u00e7\u00e3o em comunidade: a import\u00e2ncia dos grupos de ora\u00e7\u00e3o na vida crist\u00e3 - Salmos B\u00edblicos","isPartOf":{"@id":"https:\/\/salmosbiblicos.com.br\/#website"},"datePublished":"2025-05-13T22:06:27+00:00","author":{"@id":"https:\/\/salmosbiblicos.com.br\/#\/schema\/person\/760735259ba35f1e44e89c71c72d79da"},"breadcrumb":{"@id":"https:\/\/salmosbiblicos.com.br\/index.php\/2025\/05\/13\/a-forca-da-oracao-em-comunidade-a-importancia-dos-grupos-de-oracao-na-vida-crista\/#breadcrumb"},"inLanguage":"pt-BR","potentialAction":[{"@type":"ReadAction","target":["https:\/\/salmosbiblicos.com.br\/index.php\/2025\/05\/13\/a-forca-da-oracao-em-comunidade-a-importancia-dos-grupos-de-oracao-na-vida-crista\/"]}]},{"@type":"BreadcrumbList","@id":"https:\/\/salmosbiblicos.com.br\/index.php\/2025\/05\/13\/a-forca-da-oracao-em-comunidade-a-importancia-dos-grupos-de-oracao-na-vida-crista\/#breadcrumb","itemListElement":[{"@type":"ListItem","position":1,"name":"Home","item":"https:\/\/salmosbiblicos.com.br\/"},{"@type":"ListItem","position":2,"name":"A for\u00e7a da ora\u00e7\u00e3o em comunidade: a import\u00e2ncia dos grupos de ora\u00e7\u00e3o na vida crist\u00e3"}]},{"@type":"WebSite","@id":"https:\/\/salmosbiblicos.com.br\/#website","url":"https:\/\/salmosbiblicos.com.br\/","name":"Salmos B\u00edblicos","description":"Uma e-Livraria com e-Books novos para voc\u00ea refletir.","potentialAction":[{"@type":"SearchAction","target":{"@type":"EntryPoint","urlTemplate":"https:\/\/salmosbiblicos.com.br\/?s={search_term_string}"},"query-input":{"@type":"PropertyValueSpecification","valueRequired":true,"valueName":"search_term_string"}}],"inLanguage":"pt-BR"},{"@type":"Person","@id":"https:\/\/salmosbiblicos.com.br\/#\/schema\/person\/760735259ba35f1e44e89c71c72d79da","name":"Irmao","image":{"@type":"ImageObject","inLanguage":"pt-BR","@id":"https:\/\/secure.gravatar.com\/avatar\/?s=96&d=mm&r=g","url":"https:\/\/secure.gravatar.com\/avatar\/?s=96&d=mm&r=g","contentUrl":"https:\/\/secure.gravatar.com\/avatar\/?s=96&d=mm&r=g","caption":"Irmao"},"url":"https:\/\/salmosbiblicos.com.br\/index.php\/author\/irmao\/"}]}},"_links":{"self":[{"href":"https:\/\/salmosbiblicos.com.br\/index.php\/wp-json\/wp\/v2\/posts\/5117","targetHints":{"allow":["GET"]}}],"collection":[{"href":"https:\/\/salmosbiblicos.com.br\/index.php\/wp-json\/wp\/v2\/posts"}],"about":[{"href":"https:\/\/salmosbiblicos.com.br\/index.php\/wp-json\/wp\/v2\/types\/post"}],"author":[{"embeddable":true,"href":"https:\/\/salmosbiblicos.com.br\/index.php\/wp-json\/wp\/v2\/users\/2"}],"replies":[{"embeddable":true,"href":"https:\/\/salmosbiblicos.com.br\/index.php\/wp-json\/wp\/v2\/comments?post=5117"}],"version-history":[{"count":0,"href":"https:\/\/salmosbiblicos.com.br\/index.php\/wp-json\/wp\/v2\/posts\/5117\/revisions"}],"wp:attachment":[{"href":"https:\/\/salmosbiblicos.com.br\/index.php\/wp-json\/wp\/v2\/media?parent=5117"}],"wp:term":[{"taxonomy":"category","embeddable":true,"href":"https:\/\/salmosbiblicos.com.br\/index.php\/wp-json\/wp\/v2\/categories?post=5117"},{"taxonomy":"post_tag","embeddable":true,"href":"https:\/\/salmosbiblicos.com.br\/index.php\/wp-json\/wp\/v2\/tags?post=5117"}],"curies":[{"name":"wp","href":"https:\/\/api.w.org\/{rel}","templated":true}]}}