{"id":5145,"date":"2025-05-14T18:19:22","date_gmt":"2025-05-14T21:19:22","guid":{"rendered":"https:\/\/salmosbiblicos.com.br\/?p=5145"},"modified":"2025-05-14T18:19:22","modified_gmt":"2025-05-14T21:19:22","slug":"carta-de-gratidao-a-deus-enxergando-as-bencaos-e-fortalecendo-a-fe","status":"publish","type":"post","link":"https:\/\/salmosbiblicos.com.br\/index.php\/2025\/05\/14\/carta-de-gratidao-a-deus-enxergando-as-bencaos-e-fortalecendo-a-fe\/","title":{"rendered":"Carta de gratid\u00e3o a Deus: Enxergando as b\u00ean\u00e7\u00e3os e fortalecendo a f\u00e9"},"content":{"rendered":"<p>Querido Deus,<\/p>\n<p>Hoje eu me coloco diante de Ti com um cora\u00e7\u00e3o cheio de gratid\u00e3o. Agrade\u00e7o pela vida que me deste, pelas b\u00ean\u00e7\u00e3os que colocaste no meu caminho e pelo amor incondicional que sempre me ofereces.<\/p>\n<p>Sei que nem sempre sou merecedor(a) de tudo o que recebo, mas mesmo assim Tu continuas a me aben\u00e7oar a cada dia. Pe\u00e7o que me ajudes a enxergar as tuas m\u00e3os agindo na minha vida, a reconhecer as tuas b\u00ean\u00e7\u00e3os e a ser grato(a) por tudo o que tenho.<\/p>\n<p>Fortalece a minha f\u00e9, \u00f3 Deus. Que eu nunca perca a confian\u00e7a em Ti, mesmo nos momentos de dificuldade e desespero. Ajuda-me a acreditar que tudo acontece por uma raz\u00e3o e que Tu tens um plano perfeito para mim.<\/p>\n<p>Que a Tua paz inunde o meu cora\u00e7\u00e3o e acalme as minhas ang\u00fastias. Que a Tua luz ilumine o meu caminho e me guie pelos melhores caminhos. Que a Tua presen\u00e7a esteja sempre comigo, me dando for\u00e7as para enfrentar os desafios do dia a dia.<\/p>\n<p>Entrego a Ti, \u00f3 Deus, os meus sonhos, anseios e medos. Que a Tua vontade seja feita na minha vida, pois confio que Tu sabes o que \u00e9 melhor para mim. Que a minha f\u00e9 em Ti seja inabal\u00e1vel, e que eu nunca me esque\u00e7a do Teu amor infinito por mim.<\/p>\n<p>Que a esperan\u00e7a no Teu amor e na Tua miseric\u00f3rdia me guie sempre, pois sei que contigo ao meu lado, nada me faltar\u00e1.<\/p>\n<p>Am\u00e9m.<\/p>\n","protected":false},"excerpt":{"rendered":"<p>Querido Deus, Hoje eu me coloco diante de Ti com um cora\u00e7\u00e3o cheio de gratid\u00e3o. Agrade\u00e7o pela vida que me deste, pelas b\u00ean\u00e7\u00e3os que colocaste no meu caminho e pelo amor incondicional que sempre me ofereces. Sei que nem sempre sou merecedor(a) de tudo o que recebo, mas mesmo assim Tu continuas a me aben\u00e7oar [&hellip;]<\/p>\n","protected":false},"author":2,"featured_media":0,"comment_status":"closed","ping_status":"open","sticky":false,"template":"","format":"standard","meta":{"footnotes":""},"categories":[8],"tags":[],"class_list":["post-5145","post","type-post","status-publish","format-standard","hentry","category-oracao-do-dia"],"yoast_head":"<!-- This site is optimized with the Yoast SEO plugin v27.2 - https:\/\/yoast.com\/product\/yoast-seo-wordpress\/ -->\n<title>Carta de gratid\u00e3o a Deus: Enxergando as b\u00ean\u00e7\u00e3os e fortalecendo a f\u00e9 - Salmos B\u00edblicos<\/title>\n<meta name=\"robots\" content=\"index, follow, max-snippet:-1, max-image-preview:large, max-video-preview:-1\" \/>\n<link rel=\"canonical\" href=\"https:\/\/salmosbiblicos.com.br\/index.php\/2025\/05\/14\/carta-de-gratidao-a-deus-enxergando-as-bencaos-e-fortalecendo-a-fe\/\" \/>\n<meta property=\"og:locale\" content=\"pt_BR\" \/>\n<meta property=\"og:type\" content=\"article\" \/>\n<meta property=\"og:title\" content=\"Carta de gratid\u00e3o a Deus: Enxergando as b\u00ean\u00e7\u00e3os e fortalecendo a f\u00e9 - Salmos B\u00edblicos\" \/>\n<meta property=\"og:description\" content=\"Querido Deus, Hoje eu me coloco diante de Ti com um cora\u00e7\u00e3o cheio de gratid\u00e3o. Agrade\u00e7o pela vida que me deste, pelas b\u00ean\u00e7\u00e3os que colocaste no meu caminho e pelo amor incondicional que sempre me ofereces. Sei que nem sempre sou merecedor(a) de tudo o que recebo, mas mesmo assim Tu continuas a me aben\u00e7oar [&hellip;]\" \/>\n<meta property=\"og:url\" content=\"https:\/\/salmosbiblicos.com.br\/index.php\/2025\/05\/14\/carta-de-gratidao-a-deus-enxergando-as-bencaos-e-fortalecendo-a-fe\/\" \/>\n<meta property=\"og:site_name\" content=\"Salmos B\u00edblicos\" \/>\n<meta property=\"article:published_time\" content=\"2025-05-14T21:19:22+00:00\" \/>\n<meta name=\"author\" content=\"Irmao\" \/>\n<meta name=\"twitter:card\" content=\"summary_large_image\" \/>\n<meta name=\"twitter:label1\" content=\"Escrito por\" \/>\n\t<meta name=\"twitter:data1\" content=\"Irmao\" \/>\n\t<meta name=\"twitter:label2\" content=\"Est. tempo de leitura\" \/>\n\t<meta name=\"twitter:data2\" content=\"1 minuto\" \/>\n<script type=\"application\/ld+json\" class=\"yoast-schema-graph\">{\"@context\":\"https:\/\/schema.org\",\"@graph\":[{\"@type\":\"Article\",\"@id\":\"https:\/\/salmosbiblicos.com.br\/index.php\/2025\/05\/14\/carta-de-gratidao-a-deus-enxergando-as-bencaos-e-fortalecendo-a-fe\/#article\",\"isPartOf\":{\"@id\":\"https:\/\/salmosbiblicos.com.br\/index.php\/2025\/05\/14\/carta-de-gratidao-a-deus-enxergando-as-bencaos-e-fortalecendo-a-fe\/\"},\"author\":{\"name\":\"Irmao\",\"@id\":\"https:\/\/salmosbiblicos.com.br\/#\/schema\/person\/760735259ba35f1e44e89c71c72d79da\"},\"headline\":\"Carta de gratid\u00e3o a Deus: Enxergando as b\u00ean\u00e7\u00e3os e fortalecendo a f\u00e9\",\"datePublished\":\"2025-05-14T21:19:22+00:00\",\"mainEntityOfPage\":{\"@id\":\"https:\/\/salmosbiblicos.com.br\/index.php\/2025\/05\/14\/carta-de-gratidao-a-deus-enxergando-as-bencaos-e-fortalecendo-a-fe\/\"},\"wordCount\":279,\"articleSection\":[\"Ora\u00e7\u00e3o do Dia\"],\"inLanguage\":\"pt-BR\"},{\"@type\":\"WebPage\",\"@id\":\"https:\/\/salmosbiblicos.com.br\/index.php\/2025\/05\/14\/carta-de-gratidao-a-deus-enxergando-as-bencaos-e-fortalecendo-a-fe\/\",\"url\":\"https:\/\/salmosbiblicos.com.br\/index.php\/2025\/05\/14\/carta-de-gratidao-a-deus-enxergando-as-bencaos-e-fortalecendo-a-fe\/\",\"name\":\"Carta de gratid\u00e3o a Deus: Enxergando as b\u00ean\u00e7\u00e3os e fortalecendo a f\u00e9 - Salmos B\u00edblicos\",\"isPartOf\":{\"@id\":\"https:\/\/salmosbiblicos.com.br\/#website\"},\"datePublished\":\"2025-05-14T21:19:22+00:00\",\"author\":{\"@id\":\"https:\/\/salmosbiblicos.com.br\/#\/schema\/person\/760735259ba35f1e44e89c71c72d79da\"},\"breadcrumb\":{\"@id\":\"https:\/\/salmosbiblicos.com.br\/index.php\/2025\/05\/14\/carta-de-gratidao-a-deus-enxergando-as-bencaos-e-fortalecendo-a-fe\/#breadcrumb\"},\"inLanguage\":\"pt-BR\",\"potentialAction\":[{\"@type\":\"ReadAction\",\"target\":[\"https:\/\/salmosbiblicos.com.br\/index.php\/2025\/05\/14\/carta-de-gratidao-a-deus-enxergando-as-bencaos-e-fortalecendo-a-fe\/\"]}]},{\"@type\":\"BreadcrumbList\",\"@id\":\"https:\/\/salmosbiblicos.com.br\/index.php\/2025\/05\/14\/carta-de-gratidao-a-deus-enxergando-as-bencaos-e-fortalecendo-a-fe\/#breadcrumb\",\"itemListElement\":[{\"@type\":\"ListItem\",\"position\":1,\"name\":\"Home\",\"item\":\"https:\/\/salmosbiblicos.com.br\/\"},{\"@type\":\"ListItem\",\"position\":2,\"name\":\"Carta de gratid\u00e3o a Deus: Enxergando as b\u00ean\u00e7\u00e3os e fortalecendo a f\u00e9\"}]},{\"@type\":\"WebSite\",\"@id\":\"https:\/\/salmosbiblicos.com.br\/#website\",\"url\":\"https:\/\/salmosbiblicos.com.br\/\",\"name\":\"Salmos B\u00edblicos\",\"description\":\"Uma e-Livraria com e-Books novos para voc\u00ea refletir.\",\"potentialAction\":[{\"@type\":\"SearchAction\",\"target\":{\"@type\":\"EntryPoint\",\"urlTemplate\":\"https:\/\/salmosbiblicos.com.br\/?s={search_term_string}\"},\"query-input\":{\"@type\":\"PropertyValueSpecification\",\"valueRequired\":true,\"valueName\":\"search_term_string\"}}],\"inLanguage\":\"pt-BR\"},{\"@type\":\"Person\",\"@id\":\"https:\/\/salmosbiblicos.com.br\/#\/schema\/person\/760735259ba35f1e44e89c71c72d79da\",\"name\":\"Irmao\",\"image\":{\"@type\":\"ImageObject\",\"inLanguage\":\"pt-BR\",\"@id\":\"https:\/\/secure.gravatar.com\/avatar\/?s=96&d=mm&r=g\",\"url\":\"https:\/\/secure.gravatar.com\/avatar\/?s=96&d=mm&r=g\",\"contentUrl\":\"https:\/\/secure.gravatar.com\/avatar\/?s=96&d=mm&r=g\",\"caption\":\"Irmao\"},\"url\":\"https:\/\/salmosbiblicos.com.br\/index.php\/author\/irmao\/\"}]}<\/script>\n<!-- \/ Yoast SEO plugin. -->","yoast_head_json":{"title":"Carta de gratid\u00e3o a Deus: Enxergando as b\u00ean\u00e7\u00e3os e fortalecendo a f\u00e9 - Salmos B\u00edblicos","robots":{"index":"index","follow":"follow","max-snippet":"max-snippet:-1","max-image-preview":"max-image-preview:large","max-video-preview":"max-video-preview:-1"},"canonical":"https:\/\/salmosbiblicos.com.br\/index.php\/2025\/05\/14\/carta-de-gratidao-a-deus-enxergando-as-bencaos-e-fortalecendo-a-fe\/","og_locale":"pt_BR","og_type":"article","og_title":"Carta de gratid\u00e3o a Deus: Enxergando as b\u00ean\u00e7\u00e3os e fortalecendo a f\u00e9 - Salmos B\u00edblicos","og_description":"Querido Deus, Hoje eu me coloco diante de Ti com um cora\u00e7\u00e3o cheio de gratid\u00e3o. Agrade\u00e7o pela vida que me deste, pelas b\u00ean\u00e7\u00e3os que colocaste no meu caminho e pelo amor incondicional que sempre me ofereces. Sei que nem sempre sou merecedor(a) de tudo o que recebo, mas mesmo assim Tu continuas a me aben\u00e7oar [&hellip;]","og_url":"https:\/\/salmosbiblicos.com.br\/index.php\/2025\/05\/14\/carta-de-gratidao-a-deus-enxergando-as-bencaos-e-fortalecendo-a-fe\/","og_site_name":"Salmos B\u00edblicos","article_published_time":"2025-05-14T21:19:22+00:00","author":"Irmao","twitter_card":"summary_large_image","twitter_misc":{"Escrito por":"Irmao","Est. tempo de leitura":"1 minuto"},"schema":{"@context":"https:\/\/schema.org","@graph":[{"@type":"Article","@id":"https:\/\/salmosbiblicos.com.br\/index.php\/2025\/05\/14\/carta-de-gratidao-a-deus-enxergando-as-bencaos-e-fortalecendo-a-fe\/#article","isPartOf":{"@id":"https:\/\/salmosbiblicos.com.br\/index.php\/2025\/05\/14\/carta-de-gratidao-a-deus-enxergando-as-bencaos-e-fortalecendo-a-fe\/"},"author":{"name":"Irmao","@id":"https:\/\/salmosbiblicos.com.br\/#\/schema\/person\/760735259ba35f1e44e89c71c72d79da"},"headline":"Carta de gratid\u00e3o a Deus: Enxergando as b\u00ean\u00e7\u00e3os e fortalecendo a f\u00e9","datePublished":"2025-05-14T21:19:22+00:00","mainEntityOfPage":{"@id":"https:\/\/salmosbiblicos.com.br\/index.php\/2025\/05\/14\/carta-de-gratidao-a-deus-enxergando-as-bencaos-e-fortalecendo-a-fe\/"},"wordCount":279,"articleSection":["Ora\u00e7\u00e3o do Dia"],"inLanguage":"pt-BR"},{"@type":"WebPage","@id":"https:\/\/salmosbiblicos.com.br\/index.php\/2025\/05\/14\/carta-de-gratidao-a-deus-enxergando-as-bencaos-e-fortalecendo-a-fe\/","url":"https:\/\/salmosbiblicos.com.br\/index.php\/2025\/05\/14\/carta-de-gratidao-a-deus-enxergando-as-bencaos-e-fortalecendo-a-fe\/","name":"Carta de gratid\u00e3o a Deus: Enxergando as b\u00ean\u00e7\u00e3os e fortalecendo a f\u00e9 - Salmos B\u00edblicos","isPartOf":{"@id":"https:\/\/salmosbiblicos.com.br\/#website"},"datePublished":"2025-05-14T21:19:22+00:00","author":{"@id":"https:\/\/salmosbiblicos.com.br\/#\/schema\/person\/760735259ba35f1e44e89c71c72d79da"},"breadcrumb":{"@id":"https:\/\/salmosbiblicos.com.br\/index.php\/2025\/05\/14\/carta-de-gratidao-a-deus-enxergando-as-bencaos-e-fortalecendo-a-fe\/#breadcrumb"},"inLanguage":"pt-BR","potentialAction":[{"@type":"ReadAction","target":["https:\/\/salmosbiblicos.com.br\/index.php\/2025\/05\/14\/carta-de-gratidao-a-deus-enxergando-as-bencaos-e-fortalecendo-a-fe\/"]}]},{"@type":"BreadcrumbList","@id":"https:\/\/salmosbiblicos.com.br\/index.php\/2025\/05\/14\/carta-de-gratidao-a-deus-enxergando-as-bencaos-e-fortalecendo-a-fe\/#breadcrumb","itemListElement":[{"@type":"ListItem","position":1,"name":"Home","item":"https:\/\/salmosbiblicos.com.br\/"},{"@type":"ListItem","position":2,"name":"Carta de gratid\u00e3o a Deus: Enxergando as b\u00ean\u00e7\u00e3os e fortalecendo a f\u00e9"}]},{"@type":"WebSite","@id":"https:\/\/salmosbiblicos.com.br\/#website","url":"https:\/\/salmosbiblicos.com.br\/","name":"Salmos B\u00edblicos","description":"Uma e-Livraria com e-Books novos para voc\u00ea refletir.","potentialAction":[{"@type":"SearchAction","target":{"@type":"EntryPoint","urlTemplate":"https:\/\/salmosbiblicos.com.br\/?s={search_term_string}"},"query-input":{"@type":"PropertyValueSpecification","valueRequired":true,"valueName":"search_term_string"}}],"inLanguage":"pt-BR"},{"@type":"Person","@id":"https:\/\/salmosbiblicos.com.br\/#\/schema\/person\/760735259ba35f1e44e89c71c72d79da","name":"Irmao","image":{"@type":"ImageObject","inLanguage":"pt-BR","@id":"https:\/\/secure.gravatar.com\/avatar\/?s=96&d=mm&r=g","url":"https:\/\/secure.gravatar.com\/avatar\/?s=96&d=mm&r=g","contentUrl":"https:\/\/secure.gravatar.com\/avatar\/?s=96&d=mm&r=g","caption":"Irmao"},"url":"https:\/\/salmosbiblicos.com.br\/index.php\/author\/irmao\/"}]}},"_links":{"self":[{"href":"https:\/\/salmosbiblicos.com.br\/index.php\/wp-json\/wp\/v2\/posts\/5145","targetHints":{"allow":["GET"]}}],"collection":[{"href":"https:\/\/salmosbiblicos.com.br\/index.php\/wp-json\/wp\/v2\/posts"}],"about":[{"href":"https:\/\/salmosbiblicos.com.br\/index.php\/wp-json\/wp\/v2\/types\/post"}],"author":[{"embeddable":true,"href":"https:\/\/salmosbiblicos.com.br\/index.php\/wp-json\/wp\/v2\/users\/2"}],"replies":[{"embeddable":true,"href":"https:\/\/salmosbiblicos.com.br\/index.php\/wp-json\/wp\/v2\/comments?post=5145"}],"version-history":[{"count":0,"href":"https:\/\/salmosbiblicos.com.br\/index.php\/wp-json\/wp\/v2\/posts\/5145\/revisions"}],"wp:attachment":[{"href":"https:\/\/salmosbiblicos.com.br\/index.php\/wp-json\/wp\/v2\/media?parent=5145"}],"wp:term":[{"taxonomy":"category","embeddable":true,"href":"https:\/\/salmosbiblicos.com.br\/index.php\/wp-json\/wp\/v2\/categories?post=5145"},{"taxonomy":"post_tag","embeddable":true,"href":"https:\/\/salmosbiblicos.com.br\/index.php\/wp-json\/wp\/v2\/tags?post=5145"}],"curies":[{"name":"wp","href":"https:\/\/api.w.org\/{rel}","templated":true}]}}