{"id":5147,"date":"2025-05-14T18:19:30","date_gmt":"2025-05-14T21:19:30","guid":{"rendered":"https:\/\/salmosbiblicos.com.br\/?p=5147"},"modified":"2025-05-14T18:19:30","modified_gmt":"2025-05-14T21:19:30","slug":"fortalecendo-a-fe-uma-oracao-de-gratidao-e-esperanca","status":"publish","type":"post","link":"https:\/\/salmosbiblicos.com.br\/index.php\/2025\/05\/14\/fortalecendo-a-fe-uma-oracao-de-gratidao-e-esperanca\/","title":{"rendered":"Fortalecendo a f\u00e9: Uma ora\u00e7\u00e3o de gratid\u00e3o e esperan\u00e7a"},"content":{"rendered":"<p>Querido Deus,<\/p>\n<p>Hoje eu venho at\u00e9 Ti com um cora\u00e7\u00e3o cheio de gratid\u00e3o. Agrade\u00e7o por mais um dia de vida, por cada respira\u00e7\u00e3o que me permite estar aqui, por cada oportunidade de aprendizado e crescimento.<\/p>\n<p>Sei que nem sempre \u00e9 f\u00e1cil manter a f\u00e9 em meio \u00e0s adversidades do dia a dia, por isso pe\u00e7o que me fortale\u00e7as, que me guies pelo caminho da luz e da esperan\u00e7a. Que eu possa encontrar em Ti a for\u00e7a necess\u00e1ria para enfrentar os desafios que surgirem no meu caminho.<\/p>\n<p>\u00c0s vezes, sinto-me perdido e confuso, incapaz de enxergar a luz no fim do t\u00fanel. Mas sei que, mesmo nos momentos mais sombrios, a Tua presen\u00e7a est\u00e1 ao meu lado, iluminando o meu caminho e acalmando o meu cora\u00e7\u00e3o.<\/p>\n<p>Pe\u00e7o, tamb\u00e9m, por todas as pessoas que est\u00e3o passando por dificuldades, por aqueles que perderam a f\u00e9 e a esperan\u00e7a. Que eles sintam o Teu amor e a Tua miseric\u00f3rdia, e que encontrem conforto e paz em Ti.<\/p>\n<p>Que a Tua luz brilhe em cada um de n\u00f3s, nos guiando para um caminho de amor, compaix\u00e3o e gratid\u00e3o. Que possamos enxergar as b\u00ean\u00e7\u00e3os que nos cercam e sermos gratos por cada uma delas.<\/p>\n<p>Que a Tua vontade seja feita em nossas vidas, e que possamos confiar plenamente em Ti, sabendo que est\u00e1s sempre ao nosso lado, cuidando de n\u00f3s com amor e carinho.<\/p>\n<p>Am\u00e9m. Que a esperan\u00e7a nunca nos abandone, pois sabemos que Tu \u00e9s o nosso ref\u00fagio e fortaleza.<\/p>\n","protected":false},"excerpt":{"rendered":"<p>Querido Deus, Hoje eu venho at\u00e9 Ti com um cora\u00e7\u00e3o cheio de gratid\u00e3o. Agrade\u00e7o por mais um dia de vida, por cada respira\u00e7\u00e3o que me permite estar aqui, por cada oportunidade de aprendizado e crescimento. Sei que nem sempre \u00e9 f\u00e1cil manter a f\u00e9 em meio \u00e0s adversidades do dia a dia, por isso pe\u00e7o [&hellip;]<\/p>\n","protected":false},"author":2,"featured_media":0,"comment_status":"closed","ping_status":"open","sticky":false,"template":"","format":"standard","meta":{"footnotes":""},"categories":[8],"tags":[],"class_list":["post-5147","post","type-post","status-publish","format-standard","hentry","category-oracao-do-dia"],"yoast_head":"<!-- This site is optimized with the Yoast SEO plugin v27.2 - https:\/\/yoast.com\/product\/yoast-seo-wordpress\/ -->\n<title>Fortalecendo a f\u00e9: Uma ora\u00e7\u00e3o de gratid\u00e3o e esperan\u00e7a - Salmos B\u00edblicos<\/title>\n<meta name=\"robots\" content=\"index, follow, max-snippet:-1, max-image-preview:large, max-video-preview:-1\" \/>\n<link rel=\"canonical\" href=\"https:\/\/salmosbiblicos.com.br\/index.php\/2025\/05\/14\/fortalecendo-a-fe-uma-oracao-de-gratidao-e-esperanca\/\" \/>\n<meta property=\"og:locale\" content=\"pt_BR\" \/>\n<meta property=\"og:type\" content=\"article\" \/>\n<meta property=\"og:title\" content=\"Fortalecendo a f\u00e9: Uma ora\u00e7\u00e3o de gratid\u00e3o e esperan\u00e7a - Salmos B\u00edblicos\" \/>\n<meta property=\"og:description\" content=\"Querido Deus, Hoje eu venho at\u00e9 Ti com um cora\u00e7\u00e3o cheio de gratid\u00e3o. Agrade\u00e7o por mais um dia de vida, por cada respira\u00e7\u00e3o que me permite estar aqui, por cada oportunidade de aprendizado e crescimento. Sei que nem sempre \u00e9 f\u00e1cil manter a f\u00e9 em meio \u00e0s adversidades do dia a dia, por isso pe\u00e7o [&hellip;]\" \/>\n<meta property=\"og:url\" content=\"https:\/\/salmosbiblicos.com.br\/index.php\/2025\/05\/14\/fortalecendo-a-fe-uma-oracao-de-gratidao-e-esperanca\/\" \/>\n<meta property=\"og:site_name\" content=\"Salmos B\u00edblicos\" \/>\n<meta property=\"article:published_time\" content=\"2025-05-14T21:19:30+00:00\" \/>\n<meta name=\"author\" content=\"Irmao\" \/>\n<meta name=\"twitter:card\" content=\"summary_large_image\" \/>\n<meta name=\"twitter:label1\" content=\"Escrito por\" \/>\n\t<meta name=\"twitter:data1\" content=\"Irmao\" \/>\n\t<meta name=\"twitter:label2\" content=\"Est. tempo de leitura\" \/>\n\t<meta name=\"twitter:data2\" content=\"1 minuto\" \/>\n<script type=\"application\/ld+json\" class=\"yoast-schema-graph\">{\"@context\":\"https:\/\/schema.org\",\"@graph\":[{\"@type\":\"Article\",\"@id\":\"https:\/\/salmosbiblicos.com.br\/index.php\/2025\/05\/14\/fortalecendo-a-fe-uma-oracao-de-gratidao-e-esperanca\/#article\",\"isPartOf\":{\"@id\":\"https:\/\/salmosbiblicos.com.br\/index.php\/2025\/05\/14\/fortalecendo-a-fe-uma-oracao-de-gratidao-e-esperanca\/\"},\"author\":{\"name\":\"Irmao\",\"@id\":\"https:\/\/salmosbiblicos.com.br\/#\/schema\/person\/760735259ba35f1e44e89c71c72d79da\"},\"headline\":\"Fortalecendo a f\u00e9: Uma ora\u00e7\u00e3o de gratid\u00e3o e esperan\u00e7a\",\"datePublished\":\"2025-05-14T21:19:30+00:00\",\"mainEntityOfPage\":{\"@id\":\"https:\/\/salmosbiblicos.com.br\/index.php\/2025\/05\/14\/fortalecendo-a-fe-uma-oracao-de-gratidao-e-esperanca\/\"},\"wordCount\":284,\"articleSection\":[\"Ora\u00e7\u00e3o do Dia\"],\"inLanguage\":\"pt-BR\"},{\"@type\":\"WebPage\",\"@id\":\"https:\/\/salmosbiblicos.com.br\/index.php\/2025\/05\/14\/fortalecendo-a-fe-uma-oracao-de-gratidao-e-esperanca\/\",\"url\":\"https:\/\/salmosbiblicos.com.br\/index.php\/2025\/05\/14\/fortalecendo-a-fe-uma-oracao-de-gratidao-e-esperanca\/\",\"name\":\"Fortalecendo a f\u00e9: Uma ora\u00e7\u00e3o de gratid\u00e3o e esperan\u00e7a - Salmos B\u00edblicos\",\"isPartOf\":{\"@id\":\"https:\/\/salmosbiblicos.com.br\/#website\"},\"datePublished\":\"2025-05-14T21:19:30+00:00\",\"author\":{\"@id\":\"https:\/\/salmosbiblicos.com.br\/#\/schema\/person\/760735259ba35f1e44e89c71c72d79da\"},\"breadcrumb\":{\"@id\":\"https:\/\/salmosbiblicos.com.br\/index.php\/2025\/05\/14\/fortalecendo-a-fe-uma-oracao-de-gratidao-e-esperanca\/#breadcrumb\"},\"inLanguage\":\"pt-BR\",\"potentialAction\":[{\"@type\":\"ReadAction\",\"target\":[\"https:\/\/salmosbiblicos.com.br\/index.php\/2025\/05\/14\/fortalecendo-a-fe-uma-oracao-de-gratidao-e-esperanca\/\"]}]},{\"@type\":\"BreadcrumbList\",\"@id\":\"https:\/\/salmosbiblicos.com.br\/index.php\/2025\/05\/14\/fortalecendo-a-fe-uma-oracao-de-gratidao-e-esperanca\/#breadcrumb\",\"itemListElement\":[{\"@type\":\"ListItem\",\"position\":1,\"name\":\"Home\",\"item\":\"https:\/\/salmosbiblicos.com.br\/\"},{\"@type\":\"ListItem\",\"position\":2,\"name\":\"Fortalecendo a f\u00e9: Uma ora\u00e7\u00e3o de gratid\u00e3o e esperan\u00e7a\"}]},{\"@type\":\"WebSite\",\"@id\":\"https:\/\/salmosbiblicos.com.br\/#website\",\"url\":\"https:\/\/salmosbiblicos.com.br\/\",\"name\":\"Salmos B\u00edblicos\",\"description\":\"Uma e-Livraria com e-Books novos para voc\u00ea refletir.\",\"potentialAction\":[{\"@type\":\"SearchAction\",\"target\":{\"@type\":\"EntryPoint\",\"urlTemplate\":\"https:\/\/salmosbiblicos.com.br\/?s={search_term_string}\"},\"query-input\":{\"@type\":\"PropertyValueSpecification\",\"valueRequired\":true,\"valueName\":\"search_term_string\"}}],\"inLanguage\":\"pt-BR\"},{\"@type\":\"Person\",\"@id\":\"https:\/\/salmosbiblicos.com.br\/#\/schema\/person\/760735259ba35f1e44e89c71c72d79da\",\"name\":\"Irmao\",\"image\":{\"@type\":\"ImageObject\",\"inLanguage\":\"pt-BR\",\"@id\":\"https:\/\/secure.gravatar.com\/avatar\/?s=96&d=mm&r=g\",\"url\":\"https:\/\/secure.gravatar.com\/avatar\/?s=96&d=mm&r=g\",\"contentUrl\":\"https:\/\/secure.gravatar.com\/avatar\/?s=96&d=mm&r=g\",\"caption\":\"Irmao\"},\"url\":\"https:\/\/salmosbiblicos.com.br\/index.php\/author\/irmao\/\"}]}<\/script>\n<!-- \/ Yoast SEO plugin. -->","yoast_head_json":{"title":"Fortalecendo a f\u00e9: Uma ora\u00e7\u00e3o de gratid\u00e3o e esperan\u00e7a - Salmos B\u00edblicos","robots":{"index":"index","follow":"follow","max-snippet":"max-snippet:-1","max-image-preview":"max-image-preview:large","max-video-preview":"max-video-preview:-1"},"canonical":"https:\/\/salmosbiblicos.com.br\/index.php\/2025\/05\/14\/fortalecendo-a-fe-uma-oracao-de-gratidao-e-esperanca\/","og_locale":"pt_BR","og_type":"article","og_title":"Fortalecendo a f\u00e9: Uma ora\u00e7\u00e3o de gratid\u00e3o e esperan\u00e7a - Salmos B\u00edblicos","og_description":"Querido Deus, Hoje eu venho at\u00e9 Ti com um cora\u00e7\u00e3o cheio de gratid\u00e3o. Agrade\u00e7o por mais um dia de vida, por cada respira\u00e7\u00e3o que me permite estar aqui, por cada oportunidade de aprendizado e crescimento. Sei que nem sempre \u00e9 f\u00e1cil manter a f\u00e9 em meio \u00e0s adversidades do dia a dia, por isso pe\u00e7o [&hellip;]","og_url":"https:\/\/salmosbiblicos.com.br\/index.php\/2025\/05\/14\/fortalecendo-a-fe-uma-oracao-de-gratidao-e-esperanca\/","og_site_name":"Salmos B\u00edblicos","article_published_time":"2025-05-14T21:19:30+00:00","author":"Irmao","twitter_card":"summary_large_image","twitter_misc":{"Escrito por":"Irmao","Est. tempo de leitura":"1 minuto"},"schema":{"@context":"https:\/\/schema.org","@graph":[{"@type":"Article","@id":"https:\/\/salmosbiblicos.com.br\/index.php\/2025\/05\/14\/fortalecendo-a-fe-uma-oracao-de-gratidao-e-esperanca\/#article","isPartOf":{"@id":"https:\/\/salmosbiblicos.com.br\/index.php\/2025\/05\/14\/fortalecendo-a-fe-uma-oracao-de-gratidao-e-esperanca\/"},"author":{"name":"Irmao","@id":"https:\/\/salmosbiblicos.com.br\/#\/schema\/person\/760735259ba35f1e44e89c71c72d79da"},"headline":"Fortalecendo a f\u00e9: Uma ora\u00e7\u00e3o de gratid\u00e3o e esperan\u00e7a","datePublished":"2025-05-14T21:19:30+00:00","mainEntityOfPage":{"@id":"https:\/\/salmosbiblicos.com.br\/index.php\/2025\/05\/14\/fortalecendo-a-fe-uma-oracao-de-gratidao-e-esperanca\/"},"wordCount":284,"articleSection":["Ora\u00e7\u00e3o do Dia"],"inLanguage":"pt-BR"},{"@type":"WebPage","@id":"https:\/\/salmosbiblicos.com.br\/index.php\/2025\/05\/14\/fortalecendo-a-fe-uma-oracao-de-gratidao-e-esperanca\/","url":"https:\/\/salmosbiblicos.com.br\/index.php\/2025\/05\/14\/fortalecendo-a-fe-uma-oracao-de-gratidao-e-esperanca\/","name":"Fortalecendo a f\u00e9: Uma ora\u00e7\u00e3o de gratid\u00e3o e esperan\u00e7a - Salmos B\u00edblicos","isPartOf":{"@id":"https:\/\/salmosbiblicos.com.br\/#website"},"datePublished":"2025-05-14T21:19:30+00:00","author":{"@id":"https:\/\/salmosbiblicos.com.br\/#\/schema\/person\/760735259ba35f1e44e89c71c72d79da"},"breadcrumb":{"@id":"https:\/\/salmosbiblicos.com.br\/index.php\/2025\/05\/14\/fortalecendo-a-fe-uma-oracao-de-gratidao-e-esperanca\/#breadcrumb"},"inLanguage":"pt-BR","potentialAction":[{"@type":"ReadAction","target":["https:\/\/salmosbiblicos.com.br\/index.php\/2025\/05\/14\/fortalecendo-a-fe-uma-oracao-de-gratidao-e-esperanca\/"]}]},{"@type":"BreadcrumbList","@id":"https:\/\/salmosbiblicos.com.br\/index.php\/2025\/05\/14\/fortalecendo-a-fe-uma-oracao-de-gratidao-e-esperanca\/#breadcrumb","itemListElement":[{"@type":"ListItem","position":1,"name":"Home","item":"https:\/\/salmosbiblicos.com.br\/"},{"@type":"ListItem","position":2,"name":"Fortalecendo a f\u00e9: Uma ora\u00e7\u00e3o de gratid\u00e3o e esperan\u00e7a"}]},{"@type":"WebSite","@id":"https:\/\/salmosbiblicos.com.br\/#website","url":"https:\/\/salmosbiblicos.com.br\/","name":"Salmos B\u00edblicos","description":"Uma e-Livraria com e-Books novos para voc\u00ea refletir.","potentialAction":[{"@type":"SearchAction","target":{"@type":"EntryPoint","urlTemplate":"https:\/\/salmosbiblicos.com.br\/?s={search_term_string}"},"query-input":{"@type":"PropertyValueSpecification","valueRequired":true,"valueName":"search_term_string"}}],"inLanguage":"pt-BR"},{"@type":"Person","@id":"https:\/\/salmosbiblicos.com.br\/#\/schema\/person\/760735259ba35f1e44e89c71c72d79da","name":"Irmao","image":{"@type":"ImageObject","inLanguage":"pt-BR","@id":"https:\/\/secure.gravatar.com\/avatar\/?s=96&d=mm&r=g","url":"https:\/\/secure.gravatar.com\/avatar\/?s=96&d=mm&r=g","contentUrl":"https:\/\/secure.gravatar.com\/avatar\/?s=96&d=mm&r=g","caption":"Irmao"},"url":"https:\/\/salmosbiblicos.com.br\/index.php\/author\/irmao\/"}]}},"_links":{"self":[{"href":"https:\/\/salmosbiblicos.com.br\/index.php\/wp-json\/wp\/v2\/posts\/5147","targetHints":{"allow":["GET"]}}],"collection":[{"href":"https:\/\/salmosbiblicos.com.br\/index.php\/wp-json\/wp\/v2\/posts"}],"about":[{"href":"https:\/\/salmosbiblicos.com.br\/index.php\/wp-json\/wp\/v2\/types\/post"}],"author":[{"embeddable":true,"href":"https:\/\/salmosbiblicos.com.br\/index.php\/wp-json\/wp\/v2\/users\/2"}],"replies":[{"embeddable":true,"href":"https:\/\/salmosbiblicos.com.br\/index.php\/wp-json\/wp\/v2\/comments?post=5147"}],"version-history":[{"count":0,"href":"https:\/\/salmosbiblicos.com.br\/index.php\/wp-json\/wp\/v2\/posts\/5147\/revisions"}],"wp:attachment":[{"href":"https:\/\/salmosbiblicos.com.br\/index.php\/wp-json\/wp\/v2\/media?parent=5147"}],"wp:term":[{"taxonomy":"category","embeddable":true,"href":"https:\/\/salmosbiblicos.com.br\/index.php\/wp-json\/wp\/v2\/categories?post=5147"},{"taxonomy":"post_tag","embeddable":true,"href":"https:\/\/salmosbiblicos.com.br\/index.php\/wp-json\/wp\/v2\/tags?post=5147"}],"curies":[{"name":"wp","href":"https:\/\/api.w.org\/{rel}","templated":true}]}}