{"id":5151,"date":"2025-05-14T18:19:48","date_gmt":"2025-05-14T21:19:48","guid":{"rendered":"https:\/\/salmosbiblicos.com.br\/?p=5151"},"modified":"2025-05-14T18:19:48","modified_gmt":"2025-05-14T21:19:48","slug":"reflexoes-e-renovacao-celebrando-a-pascoa-com-gratidao-e-amor","status":"publish","type":"post","link":"https:\/\/salmosbiblicos.com.br\/index.php\/2025\/05\/14\/reflexoes-e-renovacao-celebrando-a-pascoa-com-gratidao-e-amor\/","title":{"rendered":"Reflex\u00f5es e Renova\u00e7\u00e3o: Celebrando a P\u00e1scoa com Gratid\u00e3o e Amor"},"content":{"rendered":"<p>A P\u00e1scoa \u00e9 uma das datas mais significativas do calend\u00e1rio religioso Cat\u00f3lico. Celebrada anualmente, a P\u00e1scoa marca a ressurrei\u00e7\u00e3o de Jesus Cristo, tr\u00eas dias ap\u00f3s a sua crucifica\u00e7\u00e3o, conforme descrito nos evangelhos. A origem da P\u00e1scoa remonta \u00e0 tradi\u00e7\u00e3o judaica, onde a festa era celebrada como a liberta\u00e7\u00e3o do povo hebreu da escravid\u00e3o no Egito.<\/p>\n<p>O simbolismo da P\u00e1scoa \u00e9 profundo e carregado de significados espirituais. A ressurrei\u00e7\u00e3o de Jesus representa a vit\u00f3ria sobre a morte e o pecado, trazendo a esperan\u00e7a de uma vida eterna para aqueles que creem. \u00c9 um momento de renova\u00e7\u00e3o da f\u00e9, de perd\u00e3o e de reconcilia\u00e7\u00e3o com Deus e com o pr\u00f3ximo.<\/p>\n<p>A P\u00e1scoa nos convida a refletir sobre o sacrif\u00edcio de Jesus na cruz e sobre o amor incondicional que ele demonstrou por toda a humanidade. \u00c9 um per\u00edodo de introspec\u00e7\u00e3o, de perd\u00e3o e de renova\u00e7\u00e3o espiritual. Nos lembra que, assim como Jesus ressuscitou, tamb\u00e9m podemos renascer das nossas fraquezas, dos nossos pecados e das nossas dores, e seguir um caminho de luz e de esperan\u00e7a.<\/p>\n<p>Neste momento de reflex\u00e3o e celebra\u00e7\u00e3o da P\u00e1scoa, sugiro que busquemos cultivar a gratid\u00e3o em nossos cora\u00e7\u00f5es. Agrade\u00e7amos a Deus pelo sacrif\u00edcio de Jesus, pelo amor que nos \u00e9 oferecido diariamente e pela oportunidade de recome\u00e7ar sempre que necess\u00e1rio. Que possamos perdoar aqueles que nos magoaram, assim como Jesus nos perdoou na cruz. Que possamos tamb\u00e9m praticar a compaix\u00e3o, a solidariedade e o amor ao pr\u00f3ximo, seguindo o exemplo de Cristo.<\/p>\n<p>Que a P\u00e1scoa seja um momento de renova\u00e7\u00e3o espiritual em nossas vidas, de fortalecimento da nossa f\u00e9 e de compromisso com o bem e a justi\u00e7a. Que possamos nos inspirar na ressurrei\u00e7\u00e3o de Jesus para superar os desafios do dia a dia, as dificuldades e as prova\u00e7\u00f5es, confiando sempre na gra\u00e7a e na miseric\u00f3rdia divina.<\/p>\n<p>Que a luz da ressurrei\u00e7\u00e3o brilhe em nossos cora\u00e7\u00f5es e nos guie pelo caminho da paz, da esperan\u00e7a e do amor. Que a P\u00e1scoa seja um lembrete constante do poder transformador do amor de Deus em nossas vidas.<\/p>\n<p>Que possamos viver a P\u00e1scoa n\u00e3o apenas como uma data no calend\u00e1rio, mas como uma experi\u00eancia de renascimento espiritual e de comunh\u00e3o com o divino. Que a ressurrei\u00e7\u00e3o de Jesus nos inspire a sermos melhores, a amarmos mais e a perdoarmos sempre.<\/p>\n<p>Feliz P\u00e1scoa a todos! Que a esperan\u00e7a e a alegria da ressurrei\u00e7\u00e3o estejam presentes em cada um de n\u00f3s.<\/p>\n","protected":false},"excerpt":{"rendered":"<p>A P\u00e1scoa \u00e9 uma das datas mais significativas do calend\u00e1rio religioso Cat\u00f3lico. Celebrada anualmente, a P\u00e1scoa marca a ressurrei\u00e7\u00e3o de Jesus Cristo, tr\u00eas dias ap\u00f3s a sua crucifica\u00e7\u00e3o, conforme descrito nos evangelhos. A origem da P\u00e1scoa remonta \u00e0 tradi\u00e7\u00e3o judaica, onde a festa era celebrada como a liberta\u00e7\u00e3o do povo hebreu da escravid\u00e3o no Egito. [&hellip;]<\/p>\n","protected":false},"author":2,"featured_media":0,"comment_status":"closed","ping_status":"open","sticky":false,"template":"","format":"standard","meta":{"footnotes":""},"categories":[9],"tags":[],"class_list":["post-5151","post","type-post","status-publish","format-standard","hentry","category-data-religiosa"],"yoast_head":"<!-- This site is optimized with the Yoast SEO plugin v27.2 - https:\/\/yoast.com\/product\/yoast-seo-wordpress\/ -->\n<title>Reflex\u00f5es e Renova\u00e7\u00e3o: Celebrando a P\u00e1scoa com Gratid\u00e3o e Amor - Salmos B\u00edblicos<\/title>\n<meta name=\"robots\" content=\"index, follow, max-snippet:-1, max-image-preview:large, max-video-preview:-1\" \/>\n<link rel=\"canonical\" href=\"https:\/\/salmosbiblicos.com.br\/index.php\/2025\/05\/14\/reflexoes-e-renovacao-celebrando-a-pascoa-com-gratidao-e-amor\/\" \/>\n<meta property=\"og:locale\" content=\"pt_BR\" \/>\n<meta property=\"og:type\" content=\"article\" \/>\n<meta property=\"og:title\" content=\"Reflex\u00f5es e Renova\u00e7\u00e3o: Celebrando a P\u00e1scoa com Gratid\u00e3o e Amor - Salmos B\u00edblicos\" \/>\n<meta property=\"og:description\" content=\"A P\u00e1scoa \u00e9 uma das datas mais significativas do calend\u00e1rio religioso Cat\u00f3lico. Celebrada anualmente, a P\u00e1scoa marca a ressurrei\u00e7\u00e3o de Jesus Cristo, tr\u00eas dias ap\u00f3s a sua crucifica\u00e7\u00e3o, conforme descrito nos evangelhos. A origem da P\u00e1scoa remonta \u00e0 tradi\u00e7\u00e3o judaica, onde a festa era celebrada como a liberta\u00e7\u00e3o do povo hebreu da escravid\u00e3o no Egito. [&hellip;]\" \/>\n<meta property=\"og:url\" content=\"https:\/\/salmosbiblicos.com.br\/index.php\/2025\/05\/14\/reflexoes-e-renovacao-celebrando-a-pascoa-com-gratidao-e-amor\/\" \/>\n<meta property=\"og:site_name\" content=\"Salmos B\u00edblicos\" \/>\n<meta property=\"article:published_time\" content=\"2025-05-14T21:19:48+00:00\" \/>\n<meta name=\"author\" content=\"Irmao\" \/>\n<meta name=\"twitter:card\" content=\"summary_large_image\" \/>\n<meta name=\"twitter:label1\" content=\"Escrito por\" \/>\n\t<meta name=\"twitter:data1\" content=\"Irmao\" \/>\n\t<meta name=\"twitter:label2\" content=\"Est. tempo de leitura\" \/>\n\t<meta name=\"twitter:data2\" content=\"2 minutos\" \/>\n<script type=\"application\/ld+json\" class=\"yoast-schema-graph\">{\"@context\":\"https:\/\/schema.org\",\"@graph\":[{\"@type\":\"Article\",\"@id\":\"https:\/\/salmosbiblicos.com.br\/index.php\/2025\/05\/14\/reflexoes-e-renovacao-celebrando-a-pascoa-com-gratidao-e-amor\/#article\",\"isPartOf\":{\"@id\":\"https:\/\/salmosbiblicos.com.br\/index.php\/2025\/05\/14\/reflexoes-e-renovacao-celebrando-a-pascoa-com-gratidao-e-amor\/\"},\"author\":{\"name\":\"Irmao\",\"@id\":\"https:\/\/salmosbiblicos.com.br\/#\/schema\/person\/760735259ba35f1e44e89c71c72d79da\"},\"headline\":\"Reflex\u00f5es e Renova\u00e7\u00e3o: Celebrando a P\u00e1scoa com Gratid\u00e3o e Amor\",\"datePublished\":\"2025-05-14T21:19:48+00:00\",\"mainEntityOfPage\":{\"@id\":\"https:\/\/salmosbiblicos.com.br\/index.php\/2025\/05\/14\/reflexoes-e-renovacao-celebrando-a-pascoa-com-gratidao-e-amor\/\"},\"wordCount\":467,\"articleSection\":[\"Data Religiosa\"],\"inLanguage\":\"pt-BR\"},{\"@type\":\"WebPage\",\"@id\":\"https:\/\/salmosbiblicos.com.br\/index.php\/2025\/05\/14\/reflexoes-e-renovacao-celebrando-a-pascoa-com-gratidao-e-amor\/\",\"url\":\"https:\/\/salmosbiblicos.com.br\/index.php\/2025\/05\/14\/reflexoes-e-renovacao-celebrando-a-pascoa-com-gratidao-e-amor\/\",\"name\":\"Reflex\u00f5es e Renova\u00e7\u00e3o: Celebrando a P\u00e1scoa com Gratid\u00e3o e Amor - Salmos B\u00edblicos\",\"isPartOf\":{\"@id\":\"https:\/\/salmosbiblicos.com.br\/#website\"},\"datePublished\":\"2025-05-14T21:19:48+00:00\",\"author\":{\"@id\":\"https:\/\/salmosbiblicos.com.br\/#\/schema\/person\/760735259ba35f1e44e89c71c72d79da\"},\"breadcrumb\":{\"@id\":\"https:\/\/salmosbiblicos.com.br\/index.php\/2025\/05\/14\/reflexoes-e-renovacao-celebrando-a-pascoa-com-gratidao-e-amor\/#breadcrumb\"},\"inLanguage\":\"pt-BR\",\"potentialAction\":[{\"@type\":\"ReadAction\",\"target\":[\"https:\/\/salmosbiblicos.com.br\/index.php\/2025\/05\/14\/reflexoes-e-renovacao-celebrando-a-pascoa-com-gratidao-e-amor\/\"]}]},{\"@type\":\"BreadcrumbList\",\"@id\":\"https:\/\/salmosbiblicos.com.br\/index.php\/2025\/05\/14\/reflexoes-e-renovacao-celebrando-a-pascoa-com-gratidao-e-amor\/#breadcrumb\",\"itemListElement\":[{\"@type\":\"ListItem\",\"position\":1,\"name\":\"Home\",\"item\":\"https:\/\/salmosbiblicos.com.br\/\"},{\"@type\":\"ListItem\",\"position\":2,\"name\":\"Reflex\u00f5es e Renova\u00e7\u00e3o: Celebrando a P\u00e1scoa com Gratid\u00e3o e Amor\"}]},{\"@type\":\"WebSite\",\"@id\":\"https:\/\/salmosbiblicos.com.br\/#website\",\"url\":\"https:\/\/salmosbiblicos.com.br\/\",\"name\":\"Salmos B\u00edblicos\",\"description\":\"Uma e-Livraria com e-Books novos para voc\u00ea refletir.\",\"potentialAction\":[{\"@type\":\"SearchAction\",\"target\":{\"@type\":\"EntryPoint\",\"urlTemplate\":\"https:\/\/salmosbiblicos.com.br\/?s={search_term_string}\"},\"query-input\":{\"@type\":\"PropertyValueSpecification\",\"valueRequired\":true,\"valueName\":\"search_term_string\"}}],\"inLanguage\":\"pt-BR\"},{\"@type\":\"Person\",\"@id\":\"https:\/\/salmosbiblicos.com.br\/#\/schema\/person\/760735259ba35f1e44e89c71c72d79da\",\"name\":\"Irmao\",\"image\":{\"@type\":\"ImageObject\",\"inLanguage\":\"pt-BR\",\"@id\":\"https:\/\/secure.gravatar.com\/avatar\/?s=96&d=mm&r=g\",\"url\":\"https:\/\/secure.gravatar.com\/avatar\/?s=96&d=mm&r=g\",\"contentUrl\":\"https:\/\/secure.gravatar.com\/avatar\/?s=96&d=mm&r=g\",\"caption\":\"Irmao\"},\"url\":\"https:\/\/salmosbiblicos.com.br\/index.php\/author\/irmao\/\"}]}<\/script>\n<!-- \/ Yoast SEO plugin. -->","yoast_head_json":{"title":"Reflex\u00f5es e Renova\u00e7\u00e3o: Celebrando a P\u00e1scoa com Gratid\u00e3o e Amor - Salmos B\u00edblicos","robots":{"index":"index","follow":"follow","max-snippet":"max-snippet:-1","max-image-preview":"max-image-preview:large","max-video-preview":"max-video-preview:-1"},"canonical":"https:\/\/salmosbiblicos.com.br\/index.php\/2025\/05\/14\/reflexoes-e-renovacao-celebrando-a-pascoa-com-gratidao-e-amor\/","og_locale":"pt_BR","og_type":"article","og_title":"Reflex\u00f5es e Renova\u00e7\u00e3o: Celebrando a P\u00e1scoa com Gratid\u00e3o e Amor - Salmos B\u00edblicos","og_description":"A P\u00e1scoa \u00e9 uma das datas mais significativas do calend\u00e1rio religioso Cat\u00f3lico. Celebrada anualmente, a P\u00e1scoa marca a ressurrei\u00e7\u00e3o de Jesus Cristo, tr\u00eas dias ap\u00f3s a sua crucifica\u00e7\u00e3o, conforme descrito nos evangelhos. A origem da P\u00e1scoa remonta \u00e0 tradi\u00e7\u00e3o judaica, onde a festa era celebrada como a liberta\u00e7\u00e3o do povo hebreu da escravid\u00e3o no Egito. [&hellip;]","og_url":"https:\/\/salmosbiblicos.com.br\/index.php\/2025\/05\/14\/reflexoes-e-renovacao-celebrando-a-pascoa-com-gratidao-e-amor\/","og_site_name":"Salmos B\u00edblicos","article_published_time":"2025-05-14T21:19:48+00:00","author":"Irmao","twitter_card":"summary_large_image","twitter_misc":{"Escrito por":"Irmao","Est. tempo de leitura":"2 minutos"},"schema":{"@context":"https:\/\/schema.org","@graph":[{"@type":"Article","@id":"https:\/\/salmosbiblicos.com.br\/index.php\/2025\/05\/14\/reflexoes-e-renovacao-celebrando-a-pascoa-com-gratidao-e-amor\/#article","isPartOf":{"@id":"https:\/\/salmosbiblicos.com.br\/index.php\/2025\/05\/14\/reflexoes-e-renovacao-celebrando-a-pascoa-com-gratidao-e-amor\/"},"author":{"name":"Irmao","@id":"https:\/\/salmosbiblicos.com.br\/#\/schema\/person\/760735259ba35f1e44e89c71c72d79da"},"headline":"Reflex\u00f5es e Renova\u00e7\u00e3o: Celebrando a P\u00e1scoa com Gratid\u00e3o e Amor","datePublished":"2025-05-14T21:19:48+00:00","mainEntityOfPage":{"@id":"https:\/\/salmosbiblicos.com.br\/index.php\/2025\/05\/14\/reflexoes-e-renovacao-celebrando-a-pascoa-com-gratidao-e-amor\/"},"wordCount":467,"articleSection":["Data Religiosa"],"inLanguage":"pt-BR"},{"@type":"WebPage","@id":"https:\/\/salmosbiblicos.com.br\/index.php\/2025\/05\/14\/reflexoes-e-renovacao-celebrando-a-pascoa-com-gratidao-e-amor\/","url":"https:\/\/salmosbiblicos.com.br\/index.php\/2025\/05\/14\/reflexoes-e-renovacao-celebrando-a-pascoa-com-gratidao-e-amor\/","name":"Reflex\u00f5es e Renova\u00e7\u00e3o: Celebrando a P\u00e1scoa com Gratid\u00e3o e Amor - Salmos B\u00edblicos","isPartOf":{"@id":"https:\/\/salmosbiblicos.com.br\/#website"},"datePublished":"2025-05-14T21:19:48+00:00","author":{"@id":"https:\/\/salmosbiblicos.com.br\/#\/schema\/person\/760735259ba35f1e44e89c71c72d79da"},"breadcrumb":{"@id":"https:\/\/salmosbiblicos.com.br\/index.php\/2025\/05\/14\/reflexoes-e-renovacao-celebrando-a-pascoa-com-gratidao-e-amor\/#breadcrumb"},"inLanguage":"pt-BR","potentialAction":[{"@type":"ReadAction","target":["https:\/\/salmosbiblicos.com.br\/index.php\/2025\/05\/14\/reflexoes-e-renovacao-celebrando-a-pascoa-com-gratidao-e-amor\/"]}]},{"@type":"BreadcrumbList","@id":"https:\/\/salmosbiblicos.com.br\/index.php\/2025\/05\/14\/reflexoes-e-renovacao-celebrando-a-pascoa-com-gratidao-e-amor\/#breadcrumb","itemListElement":[{"@type":"ListItem","position":1,"name":"Home","item":"https:\/\/salmosbiblicos.com.br\/"},{"@type":"ListItem","position":2,"name":"Reflex\u00f5es e Renova\u00e7\u00e3o: Celebrando a P\u00e1scoa com Gratid\u00e3o e Amor"}]},{"@type":"WebSite","@id":"https:\/\/salmosbiblicos.com.br\/#website","url":"https:\/\/salmosbiblicos.com.br\/","name":"Salmos B\u00edblicos","description":"Uma e-Livraria com e-Books novos para voc\u00ea refletir.","potentialAction":[{"@type":"SearchAction","target":{"@type":"EntryPoint","urlTemplate":"https:\/\/salmosbiblicos.com.br\/?s={search_term_string}"},"query-input":{"@type":"PropertyValueSpecification","valueRequired":true,"valueName":"search_term_string"}}],"inLanguage":"pt-BR"},{"@type":"Person","@id":"https:\/\/salmosbiblicos.com.br\/#\/schema\/person\/760735259ba35f1e44e89c71c72d79da","name":"Irmao","image":{"@type":"ImageObject","inLanguage":"pt-BR","@id":"https:\/\/secure.gravatar.com\/avatar\/?s=96&d=mm&r=g","url":"https:\/\/secure.gravatar.com\/avatar\/?s=96&d=mm&r=g","contentUrl":"https:\/\/secure.gravatar.com\/avatar\/?s=96&d=mm&r=g","caption":"Irmao"},"url":"https:\/\/salmosbiblicos.com.br\/index.php\/author\/irmao\/"}]}},"_links":{"self":[{"href":"https:\/\/salmosbiblicos.com.br\/index.php\/wp-json\/wp\/v2\/posts\/5151","targetHints":{"allow":["GET"]}}],"collection":[{"href":"https:\/\/salmosbiblicos.com.br\/index.php\/wp-json\/wp\/v2\/posts"}],"about":[{"href":"https:\/\/salmosbiblicos.com.br\/index.php\/wp-json\/wp\/v2\/types\/post"}],"author":[{"embeddable":true,"href":"https:\/\/salmosbiblicos.com.br\/index.php\/wp-json\/wp\/v2\/users\/2"}],"replies":[{"embeddable":true,"href":"https:\/\/salmosbiblicos.com.br\/index.php\/wp-json\/wp\/v2\/comments?post=5151"}],"version-history":[{"count":0,"href":"https:\/\/salmosbiblicos.com.br\/index.php\/wp-json\/wp\/v2\/posts\/5151\/revisions"}],"wp:attachment":[{"href":"https:\/\/salmosbiblicos.com.br\/index.php\/wp-json\/wp\/v2\/media?parent=5151"}],"wp:term":[{"taxonomy":"category","embeddable":true,"href":"https:\/\/salmosbiblicos.com.br\/index.php\/wp-json\/wp\/v2\/categories?post=5151"},{"taxonomy":"post_tag","embeddable":true,"href":"https:\/\/salmosbiblicos.com.br\/index.php\/wp-json\/wp\/v2\/tags?post=5151"}],"curies":[{"name":"wp","href":"https:\/\/api.w.org\/{rel}","templated":true}]}}