{"id":5157,"date":"2025-05-14T18:20:12","date_gmt":"2025-05-14T21:20:12","guid":{"rendered":"https:\/\/salmosbiblicos.com.br\/?p=5157"},"modified":"2025-05-14T18:20:12","modified_gmt":"2025-05-14T21:20:12","slug":"reflexoes-e-ensinamentos-da-sexta-feira-santa-renovacao-espiritual-e-compromisso-com-a-fe","status":"publish","type":"post","link":"https:\/\/salmosbiblicos.com.br\/index.php\/2025\/05\/14\/reflexoes-e-ensinamentos-da-sexta-feira-santa-renovacao-espiritual-e-compromisso-com-a-fe\/","title":{"rendered":"Reflex\u00f5es e Ensinamentos da Sexta-feira Santa: Renova\u00e7\u00e3o Espiritual e Compromisso com a F\u00e9"},"content":{"rendered":"<p>Uma das datas mais significativas do calend\u00e1rio religioso Cat\u00f3lico \u00e9 a Sexta-feira Santa, que marca a crucifica\u00e7\u00e3o e morte de Jesus Cristo. Esta data \u00e9 celebrada anualmente durante a Semana Santa, que culmina no Domingo de P\u00e1scoa, a ressurrei\u00e7\u00e3o de Cristo.<\/p>\n<p>A origem da Sexta-feira Santa remonta ao s\u00e9culo IV, quando foi institu\u00edda pela Igreja como um dia de jejum e abstin\u00eancia em mem\u00f3ria do sacrif\u00edcio de Jesus na cruz. O simbolismo por tr\u00e1s dessa data \u00e9 profundo e emocionante, pois representa o amor incondicional de Cristo pela humanidade, que o levou a dar sua vida para nos salvar do pecado.<\/p>\n<p>Na Sexta-feira Santa, os fi\u00e9is s\u00e3o convidados a refletir sobre o sacrif\u00edcio de Cristo, a meditar sobre seu sofrimento e a renovar seu compromisso com a f\u00e9. \u00c9 um dia de recolhimento e ora\u00e7\u00e3o, de contempla\u00e7\u00e3o da Cruz e do perd\u00e3o que nos foi oferecido atrav\u00e9s do sacrif\u00edcio de Jesus.<\/p>\n<p>Diante da magnitude desse sacrif\u00edcio, somos chamados a nos questionar: o que estamos dispostos a sacrificar pelo bem dos outros? Estamos dispostos a perdoar aqueles que nos magoaram? Estamos dispostos a amar incondicionalmente, como Cristo nos amou?<\/p>\n<p>Neste momento de reflex\u00e3o, podemos nos inspirar no exemplo de Jesus e buscar viver de acordo com seus ensinamentos. Podemos praticar a compaix\u00e3o, a generosidade e o perd\u00e3o em nossas vidas, seguindo o caminho do amor e da miseric\u00f3rdia que ele nos mostrou.<\/p>\n<p>Que a Sexta-feira Santa seja para n\u00f3s um momento de renova\u00e7\u00e3o espiritual, de encontro com o sagrado e de fortalecimento da nossa f\u00e9. Que possamos aprender com o sacrif\u00edcio de Cristo a import\u00e2ncia do amor e da entrega, e que possamos colocar em pr\u00e1tica esses valores em nosso dia a dia.<\/p>\n<p>Que neste dia, e em todos os dias da nossa vida, possamos refletir sobre o significado da Cruz e do sacrif\u00edcio de Jesus, e buscar viver de acordo com seus ensinamentos, espalhando o amor e a compaix\u00e3o por onde passarmos. Que a Sexta-feira Santa seja para n\u00f3s um lembrete do poder transformador do amor de Cristo e um convite a vivermos em comunh\u00e3o com ele e com nosso pr\u00f3ximo.<\/p>\n","protected":false},"excerpt":{"rendered":"<p>Uma das datas mais significativas do calend\u00e1rio religioso Cat\u00f3lico \u00e9 a Sexta-feira Santa, que marca a crucifica\u00e7\u00e3o e morte de Jesus Cristo. Esta data \u00e9 celebrada anualmente durante a Semana Santa, que culmina no Domingo de P\u00e1scoa, a ressurrei\u00e7\u00e3o de Cristo. A origem da Sexta-feira Santa remonta ao s\u00e9culo IV, quando foi institu\u00edda pela Igreja [&hellip;]<\/p>\n","protected":false},"author":2,"featured_media":0,"comment_status":"closed","ping_status":"open","sticky":false,"template":"","format":"standard","meta":{"footnotes":""},"categories":[9],"tags":[],"class_list":["post-5157","post","type-post","status-publish","format-standard","hentry","category-data-religiosa"],"yoast_head":"<!-- This site is optimized with the Yoast SEO plugin v27.2 - https:\/\/yoast.com\/product\/yoast-seo-wordpress\/ -->\n<title>Reflex\u00f5es e Ensinamentos da Sexta-feira Santa: Renova\u00e7\u00e3o Espiritual e Compromisso com a F\u00e9 - Salmos B\u00edblicos<\/title>\n<meta name=\"robots\" content=\"index, follow, max-snippet:-1, max-image-preview:large, max-video-preview:-1\" \/>\n<link rel=\"canonical\" href=\"https:\/\/salmosbiblicos.com.br\/index.php\/2025\/05\/14\/reflexoes-e-ensinamentos-da-sexta-feira-santa-renovacao-espiritual-e-compromisso-com-a-fe\/\" \/>\n<meta property=\"og:locale\" content=\"pt_BR\" \/>\n<meta property=\"og:type\" content=\"article\" \/>\n<meta property=\"og:title\" content=\"Reflex\u00f5es e Ensinamentos da Sexta-feira Santa: Renova\u00e7\u00e3o Espiritual e Compromisso com a F\u00e9 - Salmos B\u00edblicos\" \/>\n<meta property=\"og:description\" content=\"Uma das datas mais significativas do calend\u00e1rio religioso Cat\u00f3lico \u00e9 a Sexta-feira Santa, que marca a crucifica\u00e7\u00e3o e morte de Jesus Cristo. Esta data \u00e9 celebrada anualmente durante a Semana Santa, que culmina no Domingo de P\u00e1scoa, a ressurrei\u00e7\u00e3o de Cristo. A origem da Sexta-feira Santa remonta ao s\u00e9culo IV, quando foi institu\u00edda pela Igreja [&hellip;]\" \/>\n<meta property=\"og:url\" content=\"https:\/\/salmosbiblicos.com.br\/index.php\/2025\/05\/14\/reflexoes-e-ensinamentos-da-sexta-feira-santa-renovacao-espiritual-e-compromisso-com-a-fe\/\" \/>\n<meta property=\"og:site_name\" content=\"Salmos B\u00edblicos\" \/>\n<meta property=\"article:published_time\" content=\"2025-05-14T21:20:12+00:00\" \/>\n<meta name=\"author\" content=\"Irmao\" \/>\n<meta name=\"twitter:card\" content=\"summary_large_image\" \/>\n<meta name=\"twitter:label1\" content=\"Escrito por\" \/>\n\t<meta name=\"twitter:data1\" content=\"Irmao\" \/>\n\t<meta name=\"twitter:label2\" content=\"Est. tempo de leitura\" \/>\n\t<meta name=\"twitter:data2\" content=\"2 minutos\" \/>\n<script type=\"application\/ld+json\" class=\"yoast-schema-graph\">{\"@context\":\"https:\/\/schema.org\",\"@graph\":[{\"@type\":\"Article\",\"@id\":\"https:\/\/salmosbiblicos.com.br\/index.php\/2025\/05\/14\/reflexoes-e-ensinamentos-da-sexta-feira-santa-renovacao-espiritual-e-compromisso-com-a-fe\/#article\",\"isPartOf\":{\"@id\":\"https:\/\/salmosbiblicos.com.br\/index.php\/2025\/05\/14\/reflexoes-e-ensinamentos-da-sexta-feira-santa-renovacao-espiritual-e-compromisso-com-a-fe\/\"},\"author\":{\"name\":\"Irmao\",\"@id\":\"https:\/\/salmosbiblicos.com.br\/#\/schema\/person\/760735259ba35f1e44e89c71c72d79da\"},\"headline\":\"Reflex\u00f5es e Ensinamentos da Sexta-feira Santa: Renova\u00e7\u00e3o Espiritual e Compromisso com a F\u00e9\",\"datePublished\":\"2025-05-14T21:20:12+00:00\",\"mainEntityOfPage\":{\"@id\":\"https:\/\/salmosbiblicos.com.br\/index.php\/2025\/05\/14\/reflexoes-e-ensinamentos-da-sexta-feira-santa-renovacao-espiritual-e-compromisso-com-a-fe\/\"},\"wordCount\":396,\"articleSection\":[\"Data Religiosa\"],\"inLanguage\":\"pt-BR\"},{\"@type\":\"WebPage\",\"@id\":\"https:\/\/salmosbiblicos.com.br\/index.php\/2025\/05\/14\/reflexoes-e-ensinamentos-da-sexta-feira-santa-renovacao-espiritual-e-compromisso-com-a-fe\/\",\"url\":\"https:\/\/salmosbiblicos.com.br\/index.php\/2025\/05\/14\/reflexoes-e-ensinamentos-da-sexta-feira-santa-renovacao-espiritual-e-compromisso-com-a-fe\/\",\"name\":\"Reflex\u00f5es e Ensinamentos da Sexta-feira Santa: Renova\u00e7\u00e3o Espiritual e Compromisso com a F\u00e9 - Salmos B\u00edblicos\",\"isPartOf\":{\"@id\":\"https:\/\/salmosbiblicos.com.br\/#website\"},\"datePublished\":\"2025-05-14T21:20:12+00:00\",\"author\":{\"@id\":\"https:\/\/salmosbiblicos.com.br\/#\/schema\/person\/760735259ba35f1e44e89c71c72d79da\"},\"breadcrumb\":{\"@id\":\"https:\/\/salmosbiblicos.com.br\/index.php\/2025\/05\/14\/reflexoes-e-ensinamentos-da-sexta-feira-santa-renovacao-espiritual-e-compromisso-com-a-fe\/#breadcrumb\"},\"inLanguage\":\"pt-BR\",\"potentialAction\":[{\"@type\":\"ReadAction\",\"target\":[\"https:\/\/salmosbiblicos.com.br\/index.php\/2025\/05\/14\/reflexoes-e-ensinamentos-da-sexta-feira-santa-renovacao-espiritual-e-compromisso-com-a-fe\/\"]}]},{\"@type\":\"BreadcrumbList\",\"@id\":\"https:\/\/salmosbiblicos.com.br\/index.php\/2025\/05\/14\/reflexoes-e-ensinamentos-da-sexta-feira-santa-renovacao-espiritual-e-compromisso-com-a-fe\/#breadcrumb\",\"itemListElement\":[{\"@type\":\"ListItem\",\"position\":1,\"name\":\"Home\",\"item\":\"https:\/\/salmosbiblicos.com.br\/\"},{\"@type\":\"ListItem\",\"position\":2,\"name\":\"Reflex\u00f5es e Ensinamentos da Sexta-feira Santa: Renova\u00e7\u00e3o Espiritual e Compromisso com a F\u00e9\"}]},{\"@type\":\"WebSite\",\"@id\":\"https:\/\/salmosbiblicos.com.br\/#website\",\"url\":\"https:\/\/salmosbiblicos.com.br\/\",\"name\":\"Salmos B\u00edblicos\",\"description\":\"Uma e-Livraria com e-Books novos para voc\u00ea refletir.\",\"potentialAction\":[{\"@type\":\"SearchAction\",\"target\":{\"@type\":\"EntryPoint\",\"urlTemplate\":\"https:\/\/salmosbiblicos.com.br\/?s={search_term_string}\"},\"query-input\":{\"@type\":\"PropertyValueSpecification\",\"valueRequired\":true,\"valueName\":\"search_term_string\"}}],\"inLanguage\":\"pt-BR\"},{\"@type\":\"Person\",\"@id\":\"https:\/\/salmosbiblicos.com.br\/#\/schema\/person\/760735259ba35f1e44e89c71c72d79da\",\"name\":\"Irmao\",\"image\":{\"@type\":\"ImageObject\",\"inLanguage\":\"pt-BR\",\"@id\":\"https:\/\/secure.gravatar.com\/avatar\/?s=96&d=mm&r=g\",\"url\":\"https:\/\/secure.gravatar.com\/avatar\/?s=96&d=mm&r=g\",\"contentUrl\":\"https:\/\/secure.gravatar.com\/avatar\/?s=96&d=mm&r=g\",\"caption\":\"Irmao\"},\"url\":\"https:\/\/salmosbiblicos.com.br\/index.php\/author\/irmao\/\"}]}<\/script>\n<!-- \/ Yoast SEO plugin. -->","yoast_head_json":{"title":"Reflex\u00f5es e Ensinamentos da Sexta-feira Santa: Renova\u00e7\u00e3o Espiritual e Compromisso com a F\u00e9 - Salmos B\u00edblicos","robots":{"index":"index","follow":"follow","max-snippet":"max-snippet:-1","max-image-preview":"max-image-preview:large","max-video-preview":"max-video-preview:-1"},"canonical":"https:\/\/salmosbiblicos.com.br\/index.php\/2025\/05\/14\/reflexoes-e-ensinamentos-da-sexta-feira-santa-renovacao-espiritual-e-compromisso-com-a-fe\/","og_locale":"pt_BR","og_type":"article","og_title":"Reflex\u00f5es e Ensinamentos da Sexta-feira Santa: Renova\u00e7\u00e3o Espiritual e Compromisso com a F\u00e9 - Salmos B\u00edblicos","og_description":"Uma das datas mais significativas do calend\u00e1rio religioso Cat\u00f3lico \u00e9 a Sexta-feira Santa, que marca a crucifica\u00e7\u00e3o e morte de Jesus Cristo. Esta data \u00e9 celebrada anualmente durante a Semana Santa, que culmina no Domingo de P\u00e1scoa, a ressurrei\u00e7\u00e3o de Cristo. A origem da Sexta-feira Santa remonta ao s\u00e9culo IV, quando foi institu\u00edda pela Igreja [&hellip;]","og_url":"https:\/\/salmosbiblicos.com.br\/index.php\/2025\/05\/14\/reflexoes-e-ensinamentos-da-sexta-feira-santa-renovacao-espiritual-e-compromisso-com-a-fe\/","og_site_name":"Salmos B\u00edblicos","article_published_time":"2025-05-14T21:20:12+00:00","author":"Irmao","twitter_card":"summary_large_image","twitter_misc":{"Escrito por":"Irmao","Est. tempo de leitura":"2 minutos"},"schema":{"@context":"https:\/\/schema.org","@graph":[{"@type":"Article","@id":"https:\/\/salmosbiblicos.com.br\/index.php\/2025\/05\/14\/reflexoes-e-ensinamentos-da-sexta-feira-santa-renovacao-espiritual-e-compromisso-com-a-fe\/#article","isPartOf":{"@id":"https:\/\/salmosbiblicos.com.br\/index.php\/2025\/05\/14\/reflexoes-e-ensinamentos-da-sexta-feira-santa-renovacao-espiritual-e-compromisso-com-a-fe\/"},"author":{"name":"Irmao","@id":"https:\/\/salmosbiblicos.com.br\/#\/schema\/person\/760735259ba35f1e44e89c71c72d79da"},"headline":"Reflex\u00f5es e Ensinamentos da Sexta-feira Santa: Renova\u00e7\u00e3o Espiritual e Compromisso com a F\u00e9","datePublished":"2025-05-14T21:20:12+00:00","mainEntityOfPage":{"@id":"https:\/\/salmosbiblicos.com.br\/index.php\/2025\/05\/14\/reflexoes-e-ensinamentos-da-sexta-feira-santa-renovacao-espiritual-e-compromisso-com-a-fe\/"},"wordCount":396,"articleSection":["Data Religiosa"],"inLanguage":"pt-BR"},{"@type":"WebPage","@id":"https:\/\/salmosbiblicos.com.br\/index.php\/2025\/05\/14\/reflexoes-e-ensinamentos-da-sexta-feira-santa-renovacao-espiritual-e-compromisso-com-a-fe\/","url":"https:\/\/salmosbiblicos.com.br\/index.php\/2025\/05\/14\/reflexoes-e-ensinamentos-da-sexta-feira-santa-renovacao-espiritual-e-compromisso-com-a-fe\/","name":"Reflex\u00f5es e Ensinamentos da Sexta-feira Santa: Renova\u00e7\u00e3o Espiritual e Compromisso com a F\u00e9 - Salmos B\u00edblicos","isPartOf":{"@id":"https:\/\/salmosbiblicos.com.br\/#website"},"datePublished":"2025-05-14T21:20:12+00:00","author":{"@id":"https:\/\/salmosbiblicos.com.br\/#\/schema\/person\/760735259ba35f1e44e89c71c72d79da"},"breadcrumb":{"@id":"https:\/\/salmosbiblicos.com.br\/index.php\/2025\/05\/14\/reflexoes-e-ensinamentos-da-sexta-feira-santa-renovacao-espiritual-e-compromisso-com-a-fe\/#breadcrumb"},"inLanguage":"pt-BR","potentialAction":[{"@type":"ReadAction","target":["https:\/\/salmosbiblicos.com.br\/index.php\/2025\/05\/14\/reflexoes-e-ensinamentos-da-sexta-feira-santa-renovacao-espiritual-e-compromisso-com-a-fe\/"]}]},{"@type":"BreadcrumbList","@id":"https:\/\/salmosbiblicos.com.br\/index.php\/2025\/05\/14\/reflexoes-e-ensinamentos-da-sexta-feira-santa-renovacao-espiritual-e-compromisso-com-a-fe\/#breadcrumb","itemListElement":[{"@type":"ListItem","position":1,"name":"Home","item":"https:\/\/salmosbiblicos.com.br\/"},{"@type":"ListItem","position":2,"name":"Reflex\u00f5es e Ensinamentos da Sexta-feira Santa: Renova\u00e7\u00e3o Espiritual e Compromisso com a F\u00e9"}]},{"@type":"WebSite","@id":"https:\/\/salmosbiblicos.com.br\/#website","url":"https:\/\/salmosbiblicos.com.br\/","name":"Salmos B\u00edblicos","description":"Uma e-Livraria com e-Books novos para voc\u00ea refletir.","potentialAction":[{"@type":"SearchAction","target":{"@type":"EntryPoint","urlTemplate":"https:\/\/salmosbiblicos.com.br\/?s={search_term_string}"},"query-input":{"@type":"PropertyValueSpecification","valueRequired":true,"valueName":"search_term_string"}}],"inLanguage":"pt-BR"},{"@type":"Person","@id":"https:\/\/salmosbiblicos.com.br\/#\/schema\/person\/760735259ba35f1e44e89c71c72d79da","name":"Irmao","image":{"@type":"ImageObject","inLanguage":"pt-BR","@id":"https:\/\/secure.gravatar.com\/avatar\/?s=96&d=mm&r=g","url":"https:\/\/secure.gravatar.com\/avatar\/?s=96&d=mm&r=g","contentUrl":"https:\/\/secure.gravatar.com\/avatar\/?s=96&d=mm&r=g","caption":"Irmao"},"url":"https:\/\/salmosbiblicos.com.br\/index.php\/author\/irmao\/"}]}},"_links":{"self":[{"href":"https:\/\/salmosbiblicos.com.br\/index.php\/wp-json\/wp\/v2\/posts\/5157","targetHints":{"allow":["GET"]}}],"collection":[{"href":"https:\/\/salmosbiblicos.com.br\/index.php\/wp-json\/wp\/v2\/posts"}],"about":[{"href":"https:\/\/salmosbiblicos.com.br\/index.php\/wp-json\/wp\/v2\/types\/post"}],"author":[{"embeddable":true,"href":"https:\/\/salmosbiblicos.com.br\/index.php\/wp-json\/wp\/v2\/users\/2"}],"replies":[{"embeddable":true,"href":"https:\/\/salmosbiblicos.com.br\/index.php\/wp-json\/wp\/v2\/comments?post=5157"}],"version-history":[{"count":0,"href":"https:\/\/salmosbiblicos.com.br\/index.php\/wp-json\/wp\/v2\/posts\/5157\/revisions"}],"wp:attachment":[{"href":"https:\/\/salmosbiblicos.com.br\/index.php\/wp-json\/wp\/v2\/media?parent=5157"}],"wp:term":[{"taxonomy":"category","embeddable":true,"href":"https:\/\/salmosbiblicos.com.br\/index.php\/wp-json\/wp\/v2\/categories?post=5157"},{"taxonomy":"post_tag","embeddable":true,"href":"https:\/\/salmosbiblicos.com.br\/index.php\/wp-json\/wp\/v2\/tags?post=5157"}],"curies":[{"name":"wp","href":"https:\/\/api.w.org\/{rel}","templated":true}]}}