{"id":5171,"date":"2025-05-14T18:21:03","date_gmt":"2025-05-14T21:21:03","guid":{"rendered":"https:\/\/salmosbiblicos.com.br\/?p=5171"},"modified":"2025-05-14T18:21:03","modified_gmt":"2025-05-14T21:21:03","slug":"a-importancia-dos-grupos-de-oracao-na-jornada-de-fe-fortalecendo-nossa-comunhao-com-deus-e-uns-com-os-outros","status":"publish","type":"post","link":"https:\/\/salmosbiblicos.com.br\/index.php\/2025\/05\/14\/a-importancia-dos-grupos-de-oracao-na-jornada-de-fe-fortalecendo-nossa-comunhao-com-deus-e-uns-com-os-outros\/","title":{"rendered":"A import\u00e2ncia dos grupos de ora\u00e7\u00e3o na jornada de f\u00e9: fortalecendo nossa comunh\u00e3o com Deus e uns com os outros"},"content":{"rendered":"<p>Os grupos de ora\u00e7\u00e3o s\u00e3o uma parte fundamental da vida da igreja cat\u00f3lica, pois proporcionam um espa\u00e7o de partilha, comunh\u00e3o e fortalecimento da f\u00e9. Reunir-se com irm\u00e3os e irm\u00e3s em Cristo para elevar nossas preces e louvores a Deus \u00e9 uma pr\u00e1tica enriquecedora que nos conecta com o divino e nos fortalece espiritualmente.<\/p>\n<p>Em meio \u00e0s tribula\u00e7\u00f5es e desafios do dia a dia, os grupos de ora\u00e7\u00e3o se tornam um ref\u00fagio de paz e esperan\u00e7a, onde podemos encontrar conforto e for\u00e7a para seguir em frente. \u00c9 como nos lembra o Salmo X: &#8220;O Senhor \u00e9 um ref\u00fagio para o oprimido, uma torre segura em tempos de ang\u00fastia&#8221;, nos recordando que em meio \u00e0s dificuldades, podemos encontrar abrigo e prote\u00e7\u00e3o nos bra\u00e7os amorosos do Pai Celestial.<\/p>\n<p>Nesses encontros de ora\u00e7\u00e3o, somos convidados a nos unir em comunh\u00e3o, compartilhando nossas alegrias, tristezas e s\u00faplicas diante de Deus. Atrav\u00e9s da intercess\u00e3o uns pelos outros, experimentamos o poder da ora\u00e7\u00e3o em nossas vidas, testemunhando milagres e b\u00ean\u00e7\u00e3os que s\u00f3 podem vir do alto.<\/p>\n<p>Que possamos valorizar a import\u00e2ncia dos grupos de ora\u00e7\u00e3o em nossa jornada de f\u00e9, buscando sempre fortalecer nossa comunh\u00e3o com Deus e uns com os outros. Que em cada encontro, possamos renovar nossa esperan\u00e7a e confian\u00e7a no Senhor, sabendo que Ele est\u00e1 sempre conosco, ouvindo nossas preces e derramando sobre n\u00f3s a Sua gra\u00e7a e miseric\u00f3rdia.<\/p>\n<p>Que a nossa f\u00e9 seja fortalecida e a nossa comunh\u00e3o com Deus e com o pr\u00f3ximo seja cada vez mais profunda e significativa. Que possamos encontrar no grupo de ora\u00e7\u00e3o um lugar de acolhimento, cura e renova\u00e7\u00e3o espiritual. Que a nossa f\u00e9 seja como uma chama que nunca se apaga, iluminando o nosso caminho e o de todos aqueles que est\u00e3o ao nosso redor.<\/p>\n","protected":false},"excerpt":{"rendered":"<p>Os grupos de ora\u00e7\u00e3o s\u00e3o uma parte fundamental da vida da igreja cat\u00f3lica, pois proporcionam um espa\u00e7o de partilha, comunh\u00e3o e fortalecimento da f\u00e9. Reunir-se com irm\u00e3os e irm\u00e3s em Cristo para elevar nossas preces e louvores a Deus \u00e9 uma pr\u00e1tica enriquecedora que nos conecta com o divino e nos fortalece espiritualmente. Em meio [&hellip;]<\/p>\n","protected":false},"author":2,"featured_media":0,"comment_status":"closed","ping_status":"open","sticky":false,"template":"","format":"standard","meta":{"footnotes":""},"categories":[11],"tags":[],"class_list":["post-5171","post","type-post","status-publish","format-standard","hentry","category-salmos"],"yoast_head":"<!-- This site is optimized with the Yoast SEO plugin v27.2 - https:\/\/yoast.com\/product\/yoast-seo-wordpress\/ -->\n<title>A import\u00e2ncia dos grupos de ora\u00e7\u00e3o na jornada de f\u00e9: fortalecendo nossa comunh\u00e3o com Deus e uns com os outros - Salmos B\u00edblicos<\/title>\n<meta name=\"robots\" content=\"index, follow, max-snippet:-1, max-image-preview:large, max-video-preview:-1\" \/>\n<link rel=\"canonical\" href=\"https:\/\/salmosbiblicos.com.br\/index.php\/2025\/05\/14\/a-importancia-dos-grupos-de-oracao-na-jornada-de-fe-fortalecendo-nossa-comunhao-com-deus-e-uns-com-os-outros\/\" \/>\n<meta property=\"og:locale\" content=\"pt_BR\" \/>\n<meta property=\"og:type\" content=\"article\" \/>\n<meta property=\"og:title\" content=\"A import\u00e2ncia dos grupos de ora\u00e7\u00e3o na jornada de f\u00e9: fortalecendo nossa comunh\u00e3o com Deus e uns com os outros - Salmos B\u00edblicos\" \/>\n<meta property=\"og:description\" content=\"Os grupos de ora\u00e7\u00e3o s\u00e3o uma parte fundamental da vida da igreja cat\u00f3lica, pois proporcionam um espa\u00e7o de partilha, comunh\u00e3o e fortalecimento da f\u00e9. Reunir-se com irm\u00e3os e irm\u00e3s em Cristo para elevar nossas preces e louvores a Deus \u00e9 uma pr\u00e1tica enriquecedora que nos conecta com o divino e nos fortalece espiritualmente. Em meio [&hellip;]\" \/>\n<meta property=\"og:url\" content=\"https:\/\/salmosbiblicos.com.br\/index.php\/2025\/05\/14\/a-importancia-dos-grupos-de-oracao-na-jornada-de-fe-fortalecendo-nossa-comunhao-com-deus-e-uns-com-os-outros\/\" \/>\n<meta property=\"og:site_name\" content=\"Salmos B\u00edblicos\" \/>\n<meta property=\"article:published_time\" content=\"2025-05-14T21:21:03+00:00\" \/>\n<meta name=\"author\" content=\"Irmao\" \/>\n<meta name=\"twitter:card\" content=\"summary_large_image\" \/>\n<meta name=\"twitter:label1\" content=\"Escrito por\" \/>\n\t<meta name=\"twitter:data1\" content=\"Irmao\" \/>\n\t<meta name=\"twitter:label2\" content=\"Est. tempo de leitura\" \/>\n\t<meta name=\"twitter:data2\" content=\"2 minutos\" \/>\n<script type=\"application\/ld+json\" class=\"yoast-schema-graph\">{\"@context\":\"https:\/\/schema.org\",\"@graph\":[{\"@type\":\"Article\",\"@id\":\"https:\/\/salmosbiblicos.com.br\/index.php\/2025\/05\/14\/a-importancia-dos-grupos-de-oracao-na-jornada-de-fe-fortalecendo-nossa-comunhao-com-deus-e-uns-com-os-outros\/#article\",\"isPartOf\":{\"@id\":\"https:\/\/salmosbiblicos.com.br\/index.php\/2025\/05\/14\/a-importancia-dos-grupos-de-oracao-na-jornada-de-fe-fortalecendo-nossa-comunhao-com-deus-e-uns-com-os-outros\/\"},\"author\":{\"name\":\"Irmao\",\"@id\":\"https:\/\/salmosbiblicos.com.br\/#\/schema\/person\/760735259ba35f1e44e89c71c72d79da\"},\"headline\":\"A import\u00e2ncia dos grupos de ora\u00e7\u00e3o na jornada de f\u00e9: fortalecendo nossa comunh\u00e3o com Deus e uns com os outros\",\"datePublished\":\"2025-05-14T21:21:03+00:00\",\"mainEntityOfPage\":{\"@id\":\"https:\/\/salmosbiblicos.com.br\/index.php\/2025\/05\/14\/a-importancia-dos-grupos-de-oracao-na-jornada-de-fe-fortalecendo-nossa-comunhao-com-deus-e-uns-com-os-outros\/\"},\"wordCount\":347,\"articleSection\":[\"Salmos\"],\"inLanguage\":\"pt-BR\"},{\"@type\":\"WebPage\",\"@id\":\"https:\/\/salmosbiblicos.com.br\/index.php\/2025\/05\/14\/a-importancia-dos-grupos-de-oracao-na-jornada-de-fe-fortalecendo-nossa-comunhao-com-deus-e-uns-com-os-outros\/\",\"url\":\"https:\/\/salmosbiblicos.com.br\/index.php\/2025\/05\/14\/a-importancia-dos-grupos-de-oracao-na-jornada-de-fe-fortalecendo-nossa-comunhao-com-deus-e-uns-com-os-outros\/\",\"name\":\"A import\u00e2ncia dos grupos de ora\u00e7\u00e3o na jornada de f\u00e9: fortalecendo nossa comunh\u00e3o com Deus e uns com os outros - Salmos B\u00edblicos\",\"isPartOf\":{\"@id\":\"https:\/\/salmosbiblicos.com.br\/#website\"},\"datePublished\":\"2025-05-14T21:21:03+00:00\",\"author\":{\"@id\":\"https:\/\/salmosbiblicos.com.br\/#\/schema\/person\/760735259ba35f1e44e89c71c72d79da\"},\"breadcrumb\":{\"@id\":\"https:\/\/salmosbiblicos.com.br\/index.php\/2025\/05\/14\/a-importancia-dos-grupos-de-oracao-na-jornada-de-fe-fortalecendo-nossa-comunhao-com-deus-e-uns-com-os-outros\/#breadcrumb\"},\"inLanguage\":\"pt-BR\",\"potentialAction\":[{\"@type\":\"ReadAction\",\"target\":[\"https:\/\/salmosbiblicos.com.br\/index.php\/2025\/05\/14\/a-importancia-dos-grupos-de-oracao-na-jornada-de-fe-fortalecendo-nossa-comunhao-com-deus-e-uns-com-os-outros\/\"]}]},{\"@type\":\"BreadcrumbList\",\"@id\":\"https:\/\/salmosbiblicos.com.br\/index.php\/2025\/05\/14\/a-importancia-dos-grupos-de-oracao-na-jornada-de-fe-fortalecendo-nossa-comunhao-com-deus-e-uns-com-os-outros\/#breadcrumb\",\"itemListElement\":[{\"@type\":\"ListItem\",\"position\":1,\"name\":\"Home\",\"item\":\"https:\/\/salmosbiblicos.com.br\/\"},{\"@type\":\"ListItem\",\"position\":2,\"name\":\"A import\u00e2ncia dos grupos de ora\u00e7\u00e3o na jornada de f\u00e9: fortalecendo nossa comunh\u00e3o com Deus e uns com os outros\"}]},{\"@type\":\"WebSite\",\"@id\":\"https:\/\/salmosbiblicos.com.br\/#website\",\"url\":\"https:\/\/salmosbiblicos.com.br\/\",\"name\":\"Salmos B\u00edblicos\",\"description\":\"Uma e-Livraria com e-Books novos para voc\u00ea refletir.\",\"potentialAction\":[{\"@type\":\"SearchAction\",\"target\":{\"@type\":\"EntryPoint\",\"urlTemplate\":\"https:\/\/salmosbiblicos.com.br\/?s={search_term_string}\"},\"query-input\":{\"@type\":\"PropertyValueSpecification\",\"valueRequired\":true,\"valueName\":\"search_term_string\"}}],\"inLanguage\":\"pt-BR\"},{\"@type\":\"Person\",\"@id\":\"https:\/\/salmosbiblicos.com.br\/#\/schema\/person\/760735259ba35f1e44e89c71c72d79da\",\"name\":\"Irmao\",\"image\":{\"@type\":\"ImageObject\",\"inLanguage\":\"pt-BR\",\"@id\":\"https:\/\/secure.gravatar.com\/avatar\/?s=96&d=mm&r=g\",\"url\":\"https:\/\/secure.gravatar.com\/avatar\/?s=96&d=mm&r=g\",\"contentUrl\":\"https:\/\/secure.gravatar.com\/avatar\/?s=96&d=mm&r=g\",\"caption\":\"Irmao\"},\"url\":\"https:\/\/salmosbiblicos.com.br\/index.php\/author\/irmao\/\"}]}<\/script>\n<!-- \/ Yoast SEO plugin. -->","yoast_head_json":{"title":"A import\u00e2ncia dos grupos de ora\u00e7\u00e3o na jornada de f\u00e9: fortalecendo nossa comunh\u00e3o com Deus e uns com os outros - Salmos B\u00edblicos","robots":{"index":"index","follow":"follow","max-snippet":"max-snippet:-1","max-image-preview":"max-image-preview:large","max-video-preview":"max-video-preview:-1"},"canonical":"https:\/\/salmosbiblicos.com.br\/index.php\/2025\/05\/14\/a-importancia-dos-grupos-de-oracao-na-jornada-de-fe-fortalecendo-nossa-comunhao-com-deus-e-uns-com-os-outros\/","og_locale":"pt_BR","og_type":"article","og_title":"A import\u00e2ncia dos grupos de ora\u00e7\u00e3o na jornada de f\u00e9: fortalecendo nossa comunh\u00e3o com Deus e uns com os outros - Salmos B\u00edblicos","og_description":"Os grupos de ora\u00e7\u00e3o s\u00e3o uma parte fundamental da vida da igreja cat\u00f3lica, pois proporcionam um espa\u00e7o de partilha, comunh\u00e3o e fortalecimento da f\u00e9. Reunir-se com irm\u00e3os e irm\u00e3s em Cristo para elevar nossas preces e louvores a Deus \u00e9 uma pr\u00e1tica enriquecedora que nos conecta com o divino e nos fortalece espiritualmente. Em meio [&hellip;]","og_url":"https:\/\/salmosbiblicos.com.br\/index.php\/2025\/05\/14\/a-importancia-dos-grupos-de-oracao-na-jornada-de-fe-fortalecendo-nossa-comunhao-com-deus-e-uns-com-os-outros\/","og_site_name":"Salmos B\u00edblicos","article_published_time":"2025-05-14T21:21:03+00:00","author":"Irmao","twitter_card":"summary_large_image","twitter_misc":{"Escrito por":"Irmao","Est. tempo de leitura":"2 minutos"},"schema":{"@context":"https:\/\/schema.org","@graph":[{"@type":"Article","@id":"https:\/\/salmosbiblicos.com.br\/index.php\/2025\/05\/14\/a-importancia-dos-grupos-de-oracao-na-jornada-de-fe-fortalecendo-nossa-comunhao-com-deus-e-uns-com-os-outros\/#article","isPartOf":{"@id":"https:\/\/salmosbiblicos.com.br\/index.php\/2025\/05\/14\/a-importancia-dos-grupos-de-oracao-na-jornada-de-fe-fortalecendo-nossa-comunhao-com-deus-e-uns-com-os-outros\/"},"author":{"name":"Irmao","@id":"https:\/\/salmosbiblicos.com.br\/#\/schema\/person\/760735259ba35f1e44e89c71c72d79da"},"headline":"A import\u00e2ncia dos grupos de ora\u00e7\u00e3o na jornada de f\u00e9: fortalecendo nossa comunh\u00e3o com Deus e uns com os outros","datePublished":"2025-05-14T21:21:03+00:00","mainEntityOfPage":{"@id":"https:\/\/salmosbiblicos.com.br\/index.php\/2025\/05\/14\/a-importancia-dos-grupos-de-oracao-na-jornada-de-fe-fortalecendo-nossa-comunhao-com-deus-e-uns-com-os-outros\/"},"wordCount":347,"articleSection":["Salmos"],"inLanguage":"pt-BR"},{"@type":"WebPage","@id":"https:\/\/salmosbiblicos.com.br\/index.php\/2025\/05\/14\/a-importancia-dos-grupos-de-oracao-na-jornada-de-fe-fortalecendo-nossa-comunhao-com-deus-e-uns-com-os-outros\/","url":"https:\/\/salmosbiblicos.com.br\/index.php\/2025\/05\/14\/a-importancia-dos-grupos-de-oracao-na-jornada-de-fe-fortalecendo-nossa-comunhao-com-deus-e-uns-com-os-outros\/","name":"A import\u00e2ncia dos grupos de ora\u00e7\u00e3o na jornada de f\u00e9: fortalecendo nossa comunh\u00e3o com Deus e uns com os outros - Salmos B\u00edblicos","isPartOf":{"@id":"https:\/\/salmosbiblicos.com.br\/#website"},"datePublished":"2025-05-14T21:21:03+00:00","author":{"@id":"https:\/\/salmosbiblicos.com.br\/#\/schema\/person\/760735259ba35f1e44e89c71c72d79da"},"breadcrumb":{"@id":"https:\/\/salmosbiblicos.com.br\/index.php\/2025\/05\/14\/a-importancia-dos-grupos-de-oracao-na-jornada-de-fe-fortalecendo-nossa-comunhao-com-deus-e-uns-com-os-outros\/#breadcrumb"},"inLanguage":"pt-BR","potentialAction":[{"@type":"ReadAction","target":["https:\/\/salmosbiblicos.com.br\/index.php\/2025\/05\/14\/a-importancia-dos-grupos-de-oracao-na-jornada-de-fe-fortalecendo-nossa-comunhao-com-deus-e-uns-com-os-outros\/"]}]},{"@type":"BreadcrumbList","@id":"https:\/\/salmosbiblicos.com.br\/index.php\/2025\/05\/14\/a-importancia-dos-grupos-de-oracao-na-jornada-de-fe-fortalecendo-nossa-comunhao-com-deus-e-uns-com-os-outros\/#breadcrumb","itemListElement":[{"@type":"ListItem","position":1,"name":"Home","item":"https:\/\/salmosbiblicos.com.br\/"},{"@type":"ListItem","position":2,"name":"A import\u00e2ncia dos grupos de ora\u00e7\u00e3o na jornada de f\u00e9: fortalecendo nossa comunh\u00e3o com Deus e uns com os outros"}]},{"@type":"WebSite","@id":"https:\/\/salmosbiblicos.com.br\/#website","url":"https:\/\/salmosbiblicos.com.br\/","name":"Salmos B\u00edblicos","description":"Uma e-Livraria com e-Books novos para voc\u00ea refletir.","potentialAction":[{"@type":"SearchAction","target":{"@type":"EntryPoint","urlTemplate":"https:\/\/salmosbiblicos.com.br\/?s={search_term_string}"},"query-input":{"@type":"PropertyValueSpecification","valueRequired":true,"valueName":"search_term_string"}}],"inLanguage":"pt-BR"},{"@type":"Person","@id":"https:\/\/salmosbiblicos.com.br\/#\/schema\/person\/760735259ba35f1e44e89c71c72d79da","name":"Irmao","image":{"@type":"ImageObject","inLanguage":"pt-BR","@id":"https:\/\/secure.gravatar.com\/avatar\/?s=96&d=mm&r=g","url":"https:\/\/secure.gravatar.com\/avatar\/?s=96&d=mm&r=g","contentUrl":"https:\/\/secure.gravatar.com\/avatar\/?s=96&d=mm&r=g","caption":"Irmao"},"url":"https:\/\/salmosbiblicos.com.br\/index.php\/author\/irmao\/"}]}},"_links":{"self":[{"href":"https:\/\/salmosbiblicos.com.br\/index.php\/wp-json\/wp\/v2\/posts\/5171","targetHints":{"allow":["GET"]}}],"collection":[{"href":"https:\/\/salmosbiblicos.com.br\/index.php\/wp-json\/wp\/v2\/posts"}],"about":[{"href":"https:\/\/salmosbiblicos.com.br\/index.php\/wp-json\/wp\/v2\/types\/post"}],"author":[{"embeddable":true,"href":"https:\/\/salmosbiblicos.com.br\/index.php\/wp-json\/wp\/v2\/users\/2"}],"replies":[{"embeddable":true,"href":"https:\/\/salmosbiblicos.com.br\/index.php\/wp-json\/wp\/v2\/comments?post=5171"}],"version-history":[{"count":0,"href":"https:\/\/salmosbiblicos.com.br\/index.php\/wp-json\/wp\/v2\/posts\/5171\/revisions"}],"wp:attachment":[{"href":"https:\/\/salmosbiblicos.com.br\/index.php\/wp-json\/wp\/v2\/media?parent=5171"}],"wp:term":[{"taxonomy":"category","embeddable":true,"href":"https:\/\/salmosbiblicos.com.br\/index.php\/wp-json\/wp\/v2\/categories?post=5171"},{"taxonomy":"post_tag","embeddable":true,"href":"https:\/\/salmosbiblicos.com.br\/index.php\/wp-json\/wp\/v2\/tags?post=5171"}],"curies":[{"name":"wp","href":"https:\/\/api.w.org\/{rel}","templated":true}]}}