{"id":5173,"date":"2025-05-14T18:21:08","date_gmt":"2025-05-14T21:21:08","guid":{"rendered":"https:\/\/salmosbiblicos.com.br\/?p=5173"},"modified":"2025-05-14T18:21:08","modified_gmt":"2025-05-14T21:21:08","slug":"o-poder-da-oracao-em-grupo-fortalecendo-a-comunhao-com-deus-e-uns-aos-outros","status":"publish","type":"post","link":"https:\/\/salmosbiblicos.com.br\/index.php\/2025\/05\/14\/o-poder-da-oracao-em-grupo-fortalecendo-a-comunhao-com-deus-e-uns-aos-outros\/","title":{"rendered":"O poder da ora\u00e7\u00e3o em grupo: fortalecendo a comunh\u00e3o com Deus e uns aos outros"},"content":{"rendered":"<p>Os grupos de ora\u00e7\u00e3o s\u00e3o espa\u00e7os de encontro e comunh\u00e3o com Deus e com os irm\u00e3os de f\u00e9. Neles, podemos compartilhar nossas alegrias, dores, anseios e gratid\u00f5es, fortalecendo nossa caminhada espiritual e cultivando uma intimidade maior com o Divino.<\/p>\n<p>Ao nos unirmos em ora\u00e7\u00e3o, fortalecemos uns aos outros, criando uma rede de apoio e amor que nos sustenta nos momentos de dificuldade. Assim como nos ensina o Salmo xx: &#8220;Onde dois ou mais estiverem reunidos em meu nome, ali estarei no meio deles&#8221;, a presen\u00e7a de Deus se torna ainda mais palp\u00e1vel quando nos unimos em ora\u00e7\u00e3o em grupo.<\/p>\n<p>Nos grupos de ora\u00e7\u00e3o, somos convidados a partilhar nossas experi\u00eancias de f\u00e9, a nos fortalecer na Palavra de Deus e a nos encorajar mutuamente a perseverar no caminho da santidade. A uni\u00e3o em ora\u00e7\u00e3o nos torna mais fortes e nos ajuda a enfrentar os desafios do dia a dia com serenidade e confian\u00e7a no amor e na provid\u00eancia divina.<\/p>\n<p>Que possamos valorizar a import\u00e2ncia dos grupos de ora\u00e7\u00e3o em nossa jornada espiritual, encontrando neles um ref\u00fagio seguro para nossas almas e um caminho de crescimento e transforma\u00e7\u00e3o. Que possamos nos unir em ora\u00e7\u00e3o, fortalecendo uns aos outros e testemunhando ao mundo o poder do amor e da f\u00e9 que nos move.<\/p>\n<p>Confie no poder da ora\u00e7\u00e3o em grupo e permita que Deus transforme sua vida e a vida daqueles que est\u00e3o ao seu redor. Afinal, juntos somos mais fortes e podemos alcan\u00e7ar a plenitude da comunh\u00e3o com o Divino. Confie, ore e espere com esperan\u00e7a no cora\u00e7\u00e3o.<\/p>\n","protected":false},"excerpt":{"rendered":"<p>Os grupos de ora\u00e7\u00e3o s\u00e3o espa\u00e7os de encontro e comunh\u00e3o com Deus e com os irm\u00e3os de f\u00e9. Neles, podemos compartilhar nossas alegrias, dores, anseios e gratid\u00f5es, fortalecendo nossa caminhada espiritual e cultivando uma intimidade maior com o Divino. Ao nos unirmos em ora\u00e7\u00e3o, fortalecemos uns aos outros, criando uma rede de apoio e amor [&hellip;]<\/p>\n","protected":false},"author":2,"featured_media":0,"comment_status":"closed","ping_status":"open","sticky":false,"template":"","format":"standard","meta":{"footnotes":""},"categories":[11],"tags":[],"class_list":["post-5173","post","type-post","status-publish","format-standard","hentry","category-salmos"],"yoast_head":"<!-- This site is optimized with the Yoast SEO plugin v27.2 - https:\/\/yoast.com\/product\/yoast-seo-wordpress\/ -->\n<title>O poder da ora\u00e7\u00e3o em grupo: fortalecendo a comunh\u00e3o com Deus e uns aos outros - Salmos B\u00edblicos<\/title>\n<meta name=\"robots\" content=\"index, follow, max-snippet:-1, max-image-preview:large, max-video-preview:-1\" \/>\n<link rel=\"canonical\" href=\"https:\/\/salmosbiblicos.com.br\/index.php\/2025\/05\/14\/o-poder-da-oracao-em-grupo-fortalecendo-a-comunhao-com-deus-e-uns-aos-outros\/\" \/>\n<meta property=\"og:locale\" content=\"pt_BR\" \/>\n<meta property=\"og:type\" content=\"article\" \/>\n<meta property=\"og:title\" content=\"O poder da ora\u00e7\u00e3o em grupo: fortalecendo a comunh\u00e3o com Deus e uns aos outros - Salmos B\u00edblicos\" \/>\n<meta property=\"og:description\" content=\"Os grupos de ora\u00e7\u00e3o s\u00e3o espa\u00e7os de encontro e comunh\u00e3o com Deus e com os irm\u00e3os de f\u00e9. Neles, podemos compartilhar nossas alegrias, dores, anseios e gratid\u00f5es, fortalecendo nossa caminhada espiritual e cultivando uma intimidade maior com o Divino. Ao nos unirmos em ora\u00e7\u00e3o, fortalecemos uns aos outros, criando uma rede de apoio e amor [&hellip;]\" \/>\n<meta property=\"og:url\" content=\"https:\/\/salmosbiblicos.com.br\/index.php\/2025\/05\/14\/o-poder-da-oracao-em-grupo-fortalecendo-a-comunhao-com-deus-e-uns-aos-outros\/\" \/>\n<meta property=\"og:site_name\" content=\"Salmos B\u00edblicos\" \/>\n<meta property=\"article:published_time\" content=\"2025-05-14T21:21:08+00:00\" \/>\n<meta name=\"author\" content=\"Irmao\" \/>\n<meta name=\"twitter:card\" content=\"summary_large_image\" \/>\n<meta name=\"twitter:label1\" content=\"Escrito por\" \/>\n\t<meta name=\"twitter:data1\" content=\"Irmao\" \/>\n\t<meta name=\"twitter:label2\" content=\"Est. tempo de leitura\" \/>\n\t<meta name=\"twitter:data2\" content=\"1 minuto\" \/>\n<script type=\"application\/ld+json\" class=\"yoast-schema-graph\">{\"@context\":\"https:\/\/schema.org\",\"@graph\":[{\"@type\":\"Article\",\"@id\":\"https:\/\/salmosbiblicos.com.br\/index.php\/2025\/05\/14\/o-poder-da-oracao-em-grupo-fortalecendo-a-comunhao-com-deus-e-uns-aos-outros\/#article\",\"isPartOf\":{\"@id\":\"https:\/\/salmosbiblicos.com.br\/index.php\/2025\/05\/14\/o-poder-da-oracao-em-grupo-fortalecendo-a-comunhao-com-deus-e-uns-aos-outros\/\"},\"author\":{\"name\":\"Irmao\",\"@id\":\"https:\/\/salmosbiblicos.com.br\/#\/schema\/person\/760735259ba35f1e44e89c71c72d79da\"},\"headline\":\"O poder da ora\u00e7\u00e3o em grupo: fortalecendo a comunh\u00e3o com Deus e uns aos outros\",\"datePublished\":\"2025-05-14T21:21:08+00:00\",\"mainEntityOfPage\":{\"@id\":\"https:\/\/salmosbiblicos.com.br\/index.php\/2025\/05\/14\/o-poder-da-oracao-em-grupo-fortalecendo-a-comunhao-com-deus-e-uns-aos-outros\/\"},\"wordCount\":300,\"articleSection\":[\"Salmos\"],\"inLanguage\":\"pt-BR\"},{\"@type\":\"WebPage\",\"@id\":\"https:\/\/salmosbiblicos.com.br\/index.php\/2025\/05\/14\/o-poder-da-oracao-em-grupo-fortalecendo-a-comunhao-com-deus-e-uns-aos-outros\/\",\"url\":\"https:\/\/salmosbiblicos.com.br\/index.php\/2025\/05\/14\/o-poder-da-oracao-em-grupo-fortalecendo-a-comunhao-com-deus-e-uns-aos-outros\/\",\"name\":\"O poder da ora\u00e7\u00e3o em grupo: fortalecendo a comunh\u00e3o com Deus e uns aos outros - Salmos B\u00edblicos\",\"isPartOf\":{\"@id\":\"https:\/\/salmosbiblicos.com.br\/#website\"},\"datePublished\":\"2025-05-14T21:21:08+00:00\",\"author\":{\"@id\":\"https:\/\/salmosbiblicos.com.br\/#\/schema\/person\/760735259ba35f1e44e89c71c72d79da\"},\"breadcrumb\":{\"@id\":\"https:\/\/salmosbiblicos.com.br\/index.php\/2025\/05\/14\/o-poder-da-oracao-em-grupo-fortalecendo-a-comunhao-com-deus-e-uns-aos-outros\/#breadcrumb\"},\"inLanguage\":\"pt-BR\",\"potentialAction\":[{\"@type\":\"ReadAction\",\"target\":[\"https:\/\/salmosbiblicos.com.br\/index.php\/2025\/05\/14\/o-poder-da-oracao-em-grupo-fortalecendo-a-comunhao-com-deus-e-uns-aos-outros\/\"]}]},{\"@type\":\"BreadcrumbList\",\"@id\":\"https:\/\/salmosbiblicos.com.br\/index.php\/2025\/05\/14\/o-poder-da-oracao-em-grupo-fortalecendo-a-comunhao-com-deus-e-uns-aos-outros\/#breadcrumb\",\"itemListElement\":[{\"@type\":\"ListItem\",\"position\":1,\"name\":\"Home\",\"item\":\"https:\/\/salmosbiblicos.com.br\/\"},{\"@type\":\"ListItem\",\"position\":2,\"name\":\"O poder da ora\u00e7\u00e3o em grupo: fortalecendo a comunh\u00e3o com Deus e uns aos outros\"}]},{\"@type\":\"WebSite\",\"@id\":\"https:\/\/salmosbiblicos.com.br\/#website\",\"url\":\"https:\/\/salmosbiblicos.com.br\/\",\"name\":\"Salmos B\u00edblicos\",\"description\":\"Uma e-Livraria com e-Books novos para voc\u00ea refletir.\",\"potentialAction\":[{\"@type\":\"SearchAction\",\"target\":{\"@type\":\"EntryPoint\",\"urlTemplate\":\"https:\/\/salmosbiblicos.com.br\/?s={search_term_string}\"},\"query-input\":{\"@type\":\"PropertyValueSpecification\",\"valueRequired\":true,\"valueName\":\"search_term_string\"}}],\"inLanguage\":\"pt-BR\"},{\"@type\":\"Person\",\"@id\":\"https:\/\/salmosbiblicos.com.br\/#\/schema\/person\/760735259ba35f1e44e89c71c72d79da\",\"name\":\"Irmao\",\"image\":{\"@type\":\"ImageObject\",\"inLanguage\":\"pt-BR\",\"@id\":\"https:\/\/secure.gravatar.com\/avatar\/?s=96&d=mm&r=g\",\"url\":\"https:\/\/secure.gravatar.com\/avatar\/?s=96&d=mm&r=g\",\"contentUrl\":\"https:\/\/secure.gravatar.com\/avatar\/?s=96&d=mm&r=g\",\"caption\":\"Irmao\"},\"url\":\"https:\/\/salmosbiblicos.com.br\/index.php\/author\/irmao\/\"}]}<\/script>\n<!-- \/ Yoast SEO plugin. -->","yoast_head_json":{"title":"O poder da ora\u00e7\u00e3o em grupo: fortalecendo a comunh\u00e3o com Deus e uns aos outros - Salmos B\u00edblicos","robots":{"index":"index","follow":"follow","max-snippet":"max-snippet:-1","max-image-preview":"max-image-preview:large","max-video-preview":"max-video-preview:-1"},"canonical":"https:\/\/salmosbiblicos.com.br\/index.php\/2025\/05\/14\/o-poder-da-oracao-em-grupo-fortalecendo-a-comunhao-com-deus-e-uns-aos-outros\/","og_locale":"pt_BR","og_type":"article","og_title":"O poder da ora\u00e7\u00e3o em grupo: fortalecendo a comunh\u00e3o com Deus e uns aos outros - Salmos B\u00edblicos","og_description":"Os grupos de ora\u00e7\u00e3o s\u00e3o espa\u00e7os de encontro e comunh\u00e3o com Deus e com os irm\u00e3os de f\u00e9. Neles, podemos compartilhar nossas alegrias, dores, anseios e gratid\u00f5es, fortalecendo nossa caminhada espiritual e cultivando uma intimidade maior com o Divino. Ao nos unirmos em ora\u00e7\u00e3o, fortalecemos uns aos outros, criando uma rede de apoio e amor [&hellip;]","og_url":"https:\/\/salmosbiblicos.com.br\/index.php\/2025\/05\/14\/o-poder-da-oracao-em-grupo-fortalecendo-a-comunhao-com-deus-e-uns-aos-outros\/","og_site_name":"Salmos B\u00edblicos","article_published_time":"2025-05-14T21:21:08+00:00","author":"Irmao","twitter_card":"summary_large_image","twitter_misc":{"Escrito por":"Irmao","Est. tempo de leitura":"1 minuto"},"schema":{"@context":"https:\/\/schema.org","@graph":[{"@type":"Article","@id":"https:\/\/salmosbiblicos.com.br\/index.php\/2025\/05\/14\/o-poder-da-oracao-em-grupo-fortalecendo-a-comunhao-com-deus-e-uns-aos-outros\/#article","isPartOf":{"@id":"https:\/\/salmosbiblicos.com.br\/index.php\/2025\/05\/14\/o-poder-da-oracao-em-grupo-fortalecendo-a-comunhao-com-deus-e-uns-aos-outros\/"},"author":{"name":"Irmao","@id":"https:\/\/salmosbiblicos.com.br\/#\/schema\/person\/760735259ba35f1e44e89c71c72d79da"},"headline":"O poder da ora\u00e7\u00e3o em grupo: fortalecendo a comunh\u00e3o com Deus e uns aos outros","datePublished":"2025-05-14T21:21:08+00:00","mainEntityOfPage":{"@id":"https:\/\/salmosbiblicos.com.br\/index.php\/2025\/05\/14\/o-poder-da-oracao-em-grupo-fortalecendo-a-comunhao-com-deus-e-uns-aos-outros\/"},"wordCount":300,"articleSection":["Salmos"],"inLanguage":"pt-BR"},{"@type":"WebPage","@id":"https:\/\/salmosbiblicos.com.br\/index.php\/2025\/05\/14\/o-poder-da-oracao-em-grupo-fortalecendo-a-comunhao-com-deus-e-uns-aos-outros\/","url":"https:\/\/salmosbiblicos.com.br\/index.php\/2025\/05\/14\/o-poder-da-oracao-em-grupo-fortalecendo-a-comunhao-com-deus-e-uns-aos-outros\/","name":"O poder da ora\u00e7\u00e3o em grupo: fortalecendo a comunh\u00e3o com Deus e uns aos outros - Salmos B\u00edblicos","isPartOf":{"@id":"https:\/\/salmosbiblicos.com.br\/#website"},"datePublished":"2025-05-14T21:21:08+00:00","author":{"@id":"https:\/\/salmosbiblicos.com.br\/#\/schema\/person\/760735259ba35f1e44e89c71c72d79da"},"breadcrumb":{"@id":"https:\/\/salmosbiblicos.com.br\/index.php\/2025\/05\/14\/o-poder-da-oracao-em-grupo-fortalecendo-a-comunhao-com-deus-e-uns-aos-outros\/#breadcrumb"},"inLanguage":"pt-BR","potentialAction":[{"@type":"ReadAction","target":["https:\/\/salmosbiblicos.com.br\/index.php\/2025\/05\/14\/o-poder-da-oracao-em-grupo-fortalecendo-a-comunhao-com-deus-e-uns-aos-outros\/"]}]},{"@type":"BreadcrumbList","@id":"https:\/\/salmosbiblicos.com.br\/index.php\/2025\/05\/14\/o-poder-da-oracao-em-grupo-fortalecendo-a-comunhao-com-deus-e-uns-aos-outros\/#breadcrumb","itemListElement":[{"@type":"ListItem","position":1,"name":"Home","item":"https:\/\/salmosbiblicos.com.br\/"},{"@type":"ListItem","position":2,"name":"O poder da ora\u00e7\u00e3o em grupo: fortalecendo a comunh\u00e3o com Deus e uns aos outros"}]},{"@type":"WebSite","@id":"https:\/\/salmosbiblicos.com.br\/#website","url":"https:\/\/salmosbiblicos.com.br\/","name":"Salmos B\u00edblicos","description":"Uma e-Livraria com e-Books novos para voc\u00ea refletir.","potentialAction":[{"@type":"SearchAction","target":{"@type":"EntryPoint","urlTemplate":"https:\/\/salmosbiblicos.com.br\/?s={search_term_string}"},"query-input":{"@type":"PropertyValueSpecification","valueRequired":true,"valueName":"search_term_string"}}],"inLanguage":"pt-BR"},{"@type":"Person","@id":"https:\/\/salmosbiblicos.com.br\/#\/schema\/person\/760735259ba35f1e44e89c71c72d79da","name":"Irmao","image":{"@type":"ImageObject","inLanguage":"pt-BR","@id":"https:\/\/secure.gravatar.com\/avatar\/?s=96&d=mm&r=g","url":"https:\/\/secure.gravatar.com\/avatar\/?s=96&d=mm&r=g","contentUrl":"https:\/\/secure.gravatar.com\/avatar\/?s=96&d=mm&r=g","caption":"Irmao"},"url":"https:\/\/salmosbiblicos.com.br\/index.php\/author\/irmao\/"}]}},"_links":{"self":[{"href":"https:\/\/salmosbiblicos.com.br\/index.php\/wp-json\/wp\/v2\/posts\/5173","targetHints":{"allow":["GET"]}}],"collection":[{"href":"https:\/\/salmosbiblicos.com.br\/index.php\/wp-json\/wp\/v2\/posts"}],"about":[{"href":"https:\/\/salmosbiblicos.com.br\/index.php\/wp-json\/wp\/v2\/types\/post"}],"author":[{"embeddable":true,"href":"https:\/\/salmosbiblicos.com.br\/index.php\/wp-json\/wp\/v2\/users\/2"}],"replies":[{"embeddable":true,"href":"https:\/\/salmosbiblicos.com.br\/index.php\/wp-json\/wp\/v2\/comments?post=5173"}],"version-history":[{"count":0,"href":"https:\/\/salmosbiblicos.com.br\/index.php\/wp-json\/wp\/v2\/posts\/5173\/revisions"}],"wp:attachment":[{"href":"https:\/\/salmosbiblicos.com.br\/index.php\/wp-json\/wp\/v2\/media?parent=5173"}],"wp:term":[{"taxonomy":"category","embeddable":true,"href":"https:\/\/salmosbiblicos.com.br\/index.php\/wp-json\/wp\/v2\/categories?post=5173"},{"taxonomy":"post_tag","embeddable":true,"href":"https:\/\/salmosbiblicos.com.br\/index.php\/wp-json\/wp\/v2\/tags?post=5173"}],"curies":[{"name":"wp","href":"https:\/\/api.w.org\/{rel}","templated":true}]}}