{"id":5175,"date":"2025-05-14T18:21:20","date_gmt":"2025-05-14T21:21:20","guid":{"rendered":"https:\/\/salmosbiblicos.com.br\/?p=5175"},"modified":"2025-05-14T18:21:20","modified_gmt":"2025-05-14T21:21:20","slug":"grupo-de-oracao-fortalecendo-a-comunhao-e-a-fe-em-tempos-desafiadores","status":"publish","type":"post","link":"https:\/\/salmosbiblicos.com.br\/index.php\/2025\/05\/14\/grupo-de-oracao-fortalecendo-a-comunhao-e-a-fe-em-tempos-desafiadores\/","title":{"rendered":"Grupo de Ora\u00e7\u00e3o: Fortalecendo a Comunh\u00e3o e a F\u00e9 em Tempos Desafiadores"},"content":{"rendered":"<p>Nos tempos atuais, em meio a tantas preocupa\u00e7\u00f5es e desafios, os grupos de ora\u00e7\u00e3o t\u00eam se mostrado uma fonte de consolo e fortalecimento espiritual para muitas pessoas. Reunir-se com irm\u00e3os na f\u00e9 para elevar preces ao Senhor \u00e9 uma pr\u00e1tica antiga e poderosa, que nos conecta n\u00e3o apenas com Deus, mas tamb\u00e9m uns com os outros, fortalecendo a comunh\u00e3o e a solidariedade entre os fi\u00e9is.<\/p>\n<p>Os grupos de ora\u00e7\u00e3o s\u00e3o como pequenas comunidades de f\u00e9, onde podemos compartilhar nossas alegrias, tristezas, anseios e gratid\u00f5es diante do Alt\u00edssimo. Neles, encontramos acolhimento, apoio e encorajamento para seguir em frente, mesmo nos momentos mais dif\u00edceis. \u00c9 onde podemos depositar nossas cargas e preocupa\u00e7\u00f5es, sabendo que n\u00e3o estamos sozinhos, pois h\u00e1 sempre algu\u00e9m intercedendo por n\u00f3s.<\/p>\n<p>Assim como o Salmo nos ensina que &#8220;o Senhor \u00e9 meu pastor, nada me faltar\u00e1&#8221;, podemos confiar que Ele est\u00e1 presente em meio aos nossos grupos de ora\u00e7\u00e3o, guiando-nos e sustentando-nos em todos os momentos. A uni\u00e3o de cora\u00e7\u00f5es e mentes em ora\u00e7\u00e3o \u00e9 uma express\u00e3o de f\u00e9 e confian\u00e7a no poder transformador do amor de Deus em nossas vidas.<\/p>\n<p>Portanto, n\u00e3o subestime o valor e a import\u00e2ncia de participar de um grupo de ora\u00e7\u00e3o. Nele, voc\u00ea encontrar\u00e1 conforto para sua alma, for\u00e7a para sua jornada e esperan\u00e7a para o futuro. Que a chama da ora\u00e7\u00e3o nunca se apague em seu cora\u00e7\u00e3o, pois \u00e9 ela que nos mant\u00e9m unidos ao Divino e uns aos outros, fortalecendo-nos para enfrentar os desafios da vida com f\u00e9 e coragem.<\/p>\n<p>Confie no poder da ora\u00e7\u00e3o e na presen\u00e7a amorosa de Deus em sua vida. Que a paz do Senhor esteja sempre contigo. Am\u00e9m.<\/p>\n","protected":false},"excerpt":{"rendered":"<p>Nos tempos atuais, em meio a tantas preocupa\u00e7\u00f5es e desafios, os grupos de ora\u00e7\u00e3o t\u00eam se mostrado uma fonte de consolo e fortalecimento espiritual para muitas pessoas. Reunir-se com irm\u00e3os na f\u00e9 para elevar preces ao Senhor \u00e9 uma pr\u00e1tica antiga e poderosa, que nos conecta n\u00e3o apenas com Deus, mas tamb\u00e9m uns com os [&hellip;]<\/p>\n","protected":false},"author":2,"featured_media":0,"comment_status":"closed","ping_status":"open","sticky":false,"template":"","format":"standard","meta":{"footnotes":""},"categories":[11],"tags":[],"class_list":["post-5175","post","type-post","status-publish","format-standard","hentry","category-salmos"],"yoast_head":"<!-- This site is optimized with the Yoast SEO plugin v27.2 - https:\/\/yoast.com\/product\/yoast-seo-wordpress\/ -->\n<title>Grupo de Ora\u00e7\u00e3o: Fortalecendo a Comunh\u00e3o e a F\u00e9 em Tempos Desafiadores - Salmos B\u00edblicos<\/title>\n<meta name=\"robots\" content=\"index, follow, max-snippet:-1, max-image-preview:large, max-video-preview:-1\" \/>\n<link rel=\"canonical\" href=\"https:\/\/salmosbiblicos.com.br\/index.php\/2025\/05\/14\/grupo-de-oracao-fortalecendo-a-comunhao-e-a-fe-em-tempos-desafiadores\/\" \/>\n<meta property=\"og:locale\" content=\"pt_BR\" \/>\n<meta property=\"og:type\" content=\"article\" \/>\n<meta property=\"og:title\" content=\"Grupo de Ora\u00e7\u00e3o: Fortalecendo a Comunh\u00e3o e a F\u00e9 em Tempos Desafiadores - Salmos B\u00edblicos\" \/>\n<meta property=\"og:description\" content=\"Nos tempos atuais, em meio a tantas preocupa\u00e7\u00f5es e desafios, os grupos de ora\u00e7\u00e3o t\u00eam se mostrado uma fonte de consolo e fortalecimento espiritual para muitas pessoas. Reunir-se com irm\u00e3os na f\u00e9 para elevar preces ao Senhor \u00e9 uma pr\u00e1tica antiga e poderosa, que nos conecta n\u00e3o apenas com Deus, mas tamb\u00e9m uns com os [&hellip;]\" \/>\n<meta property=\"og:url\" content=\"https:\/\/salmosbiblicos.com.br\/index.php\/2025\/05\/14\/grupo-de-oracao-fortalecendo-a-comunhao-e-a-fe-em-tempos-desafiadores\/\" \/>\n<meta property=\"og:site_name\" content=\"Salmos B\u00edblicos\" \/>\n<meta property=\"article:published_time\" content=\"2025-05-14T21:21:20+00:00\" \/>\n<meta name=\"author\" content=\"Irmao\" \/>\n<meta name=\"twitter:card\" content=\"summary_large_image\" \/>\n<meta name=\"twitter:label1\" content=\"Escrito por\" \/>\n\t<meta name=\"twitter:data1\" content=\"Irmao\" \/>\n\t<meta name=\"twitter:label2\" content=\"Est. tempo de leitura\" \/>\n\t<meta name=\"twitter:data2\" content=\"2 minutos\" \/>\n<script type=\"application\/ld+json\" class=\"yoast-schema-graph\">{\"@context\":\"https:\/\/schema.org\",\"@graph\":[{\"@type\":\"Article\",\"@id\":\"https:\/\/salmosbiblicos.com.br\/index.php\/2025\/05\/14\/grupo-de-oracao-fortalecendo-a-comunhao-e-a-fe-em-tempos-desafiadores\/#article\",\"isPartOf\":{\"@id\":\"https:\/\/salmosbiblicos.com.br\/index.php\/2025\/05\/14\/grupo-de-oracao-fortalecendo-a-comunhao-e-a-fe-em-tempos-desafiadores\/\"},\"author\":{\"name\":\"Irmao\",\"@id\":\"https:\/\/salmosbiblicos.com.br\/#\/schema\/person\/760735259ba35f1e44e89c71c72d79da\"},\"headline\":\"Grupo de Ora\u00e7\u00e3o: Fortalecendo a Comunh\u00e3o e a F\u00e9 em Tempos Desafiadores\",\"datePublished\":\"2025-05-14T21:21:20+00:00\",\"mainEntityOfPage\":{\"@id\":\"https:\/\/salmosbiblicos.com.br\/index.php\/2025\/05\/14\/grupo-de-oracao-fortalecendo-a-comunhao-e-a-fe-em-tempos-desafiadores\/\"},\"wordCount\":315,\"articleSection\":[\"Salmos\"],\"inLanguage\":\"pt-BR\"},{\"@type\":\"WebPage\",\"@id\":\"https:\/\/salmosbiblicos.com.br\/index.php\/2025\/05\/14\/grupo-de-oracao-fortalecendo-a-comunhao-e-a-fe-em-tempos-desafiadores\/\",\"url\":\"https:\/\/salmosbiblicos.com.br\/index.php\/2025\/05\/14\/grupo-de-oracao-fortalecendo-a-comunhao-e-a-fe-em-tempos-desafiadores\/\",\"name\":\"Grupo de Ora\u00e7\u00e3o: Fortalecendo a Comunh\u00e3o e a F\u00e9 em Tempos Desafiadores - Salmos B\u00edblicos\",\"isPartOf\":{\"@id\":\"https:\/\/salmosbiblicos.com.br\/#website\"},\"datePublished\":\"2025-05-14T21:21:20+00:00\",\"author\":{\"@id\":\"https:\/\/salmosbiblicos.com.br\/#\/schema\/person\/760735259ba35f1e44e89c71c72d79da\"},\"breadcrumb\":{\"@id\":\"https:\/\/salmosbiblicos.com.br\/index.php\/2025\/05\/14\/grupo-de-oracao-fortalecendo-a-comunhao-e-a-fe-em-tempos-desafiadores\/#breadcrumb\"},\"inLanguage\":\"pt-BR\",\"potentialAction\":[{\"@type\":\"ReadAction\",\"target\":[\"https:\/\/salmosbiblicos.com.br\/index.php\/2025\/05\/14\/grupo-de-oracao-fortalecendo-a-comunhao-e-a-fe-em-tempos-desafiadores\/\"]}]},{\"@type\":\"BreadcrumbList\",\"@id\":\"https:\/\/salmosbiblicos.com.br\/index.php\/2025\/05\/14\/grupo-de-oracao-fortalecendo-a-comunhao-e-a-fe-em-tempos-desafiadores\/#breadcrumb\",\"itemListElement\":[{\"@type\":\"ListItem\",\"position\":1,\"name\":\"Home\",\"item\":\"https:\/\/salmosbiblicos.com.br\/\"},{\"@type\":\"ListItem\",\"position\":2,\"name\":\"Grupo de Ora\u00e7\u00e3o: Fortalecendo a Comunh\u00e3o e a F\u00e9 em Tempos Desafiadores\"}]},{\"@type\":\"WebSite\",\"@id\":\"https:\/\/salmosbiblicos.com.br\/#website\",\"url\":\"https:\/\/salmosbiblicos.com.br\/\",\"name\":\"Salmos B\u00edblicos\",\"description\":\"Uma e-Livraria com e-Books novos para voc\u00ea refletir.\",\"potentialAction\":[{\"@type\":\"SearchAction\",\"target\":{\"@type\":\"EntryPoint\",\"urlTemplate\":\"https:\/\/salmosbiblicos.com.br\/?s={search_term_string}\"},\"query-input\":{\"@type\":\"PropertyValueSpecification\",\"valueRequired\":true,\"valueName\":\"search_term_string\"}}],\"inLanguage\":\"pt-BR\"},{\"@type\":\"Person\",\"@id\":\"https:\/\/salmosbiblicos.com.br\/#\/schema\/person\/760735259ba35f1e44e89c71c72d79da\",\"name\":\"Irmao\",\"image\":{\"@type\":\"ImageObject\",\"inLanguage\":\"pt-BR\",\"@id\":\"https:\/\/secure.gravatar.com\/avatar\/?s=96&d=mm&r=g\",\"url\":\"https:\/\/secure.gravatar.com\/avatar\/?s=96&d=mm&r=g\",\"contentUrl\":\"https:\/\/secure.gravatar.com\/avatar\/?s=96&d=mm&r=g\",\"caption\":\"Irmao\"},\"url\":\"https:\/\/salmosbiblicos.com.br\/index.php\/author\/irmao\/\"}]}<\/script>\n<!-- \/ Yoast SEO plugin. -->","yoast_head_json":{"title":"Grupo de Ora\u00e7\u00e3o: Fortalecendo a Comunh\u00e3o e a F\u00e9 em Tempos Desafiadores - Salmos B\u00edblicos","robots":{"index":"index","follow":"follow","max-snippet":"max-snippet:-1","max-image-preview":"max-image-preview:large","max-video-preview":"max-video-preview:-1"},"canonical":"https:\/\/salmosbiblicos.com.br\/index.php\/2025\/05\/14\/grupo-de-oracao-fortalecendo-a-comunhao-e-a-fe-em-tempos-desafiadores\/","og_locale":"pt_BR","og_type":"article","og_title":"Grupo de Ora\u00e7\u00e3o: Fortalecendo a Comunh\u00e3o e a F\u00e9 em Tempos Desafiadores - Salmos B\u00edblicos","og_description":"Nos tempos atuais, em meio a tantas preocupa\u00e7\u00f5es e desafios, os grupos de ora\u00e7\u00e3o t\u00eam se mostrado uma fonte de consolo e fortalecimento espiritual para muitas pessoas. Reunir-se com irm\u00e3os na f\u00e9 para elevar preces ao Senhor \u00e9 uma pr\u00e1tica antiga e poderosa, que nos conecta n\u00e3o apenas com Deus, mas tamb\u00e9m uns com os [&hellip;]","og_url":"https:\/\/salmosbiblicos.com.br\/index.php\/2025\/05\/14\/grupo-de-oracao-fortalecendo-a-comunhao-e-a-fe-em-tempos-desafiadores\/","og_site_name":"Salmos B\u00edblicos","article_published_time":"2025-05-14T21:21:20+00:00","author":"Irmao","twitter_card":"summary_large_image","twitter_misc":{"Escrito por":"Irmao","Est. tempo de leitura":"2 minutos"},"schema":{"@context":"https:\/\/schema.org","@graph":[{"@type":"Article","@id":"https:\/\/salmosbiblicos.com.br\/index.php\/2025\/05\/14\/grupo-de-oracao-fortalecendo-a-comunhao-e-a-fe-em-tempos-desafiadores\/#article","isPartOf":{"@id":"https:\/\/salmosbiblicos.com.br\/index.php\/2025\/05\/14\/grupo-de-oracao-fortalecendo-a-comunhao-e-a-fe-em-tempos-desafiadores\/"},"author":{"name":"Irmao","@id":"https:\/\/salmosbiblicos.com.br\/#\/schema\/person\/760735259ba35f1e44e89c71c72d79da"},"headline":"Grupo de Ora\u00e7\u00e3o: Fortalecendo a Comunh\u00e3o e a F\u00e9 em Tempos Desafiadores","datePublished":"2025-05-14T21:21:20+00:00","mainEntityOfPage":{"@id":"https:\/\/salmosbiblicos.com.br\/index.php\/2025\/05\/14\/grupo-de-oracao-fortalecendo-a-comunhao-e-a-fe-em-tempos-desafiadores\/"},"wordCount":315,"articleSection":["Salmos"],"inLanguage":"pt-BR"},{"@type":"WebPage","@id":"https:\/\/salmosbiblicos.com.br\/index.php\/2025\/05\/14\/grupo-de-oracao-fortalecendo-a-comunhao-e-a-fe-em-tempos-desafiadores\/","url":"https:\/\/salmosbiblicos.com.br\/index.php\/2025\/05\/14\/grupo-de-oracao-fortalecendo-a-comunhao-e-a-fe-em-tempos-desafiadores\/","name":"Grupo de Ora\u00e7\u00e3o: Fortalecendo a Comunh\u00e3o e a F\u00e9 em Tempos Desafiadores - Salmos B\u00edblicos","isPartOf":{"@id":"https:\/\/salmosbiblicos.com.br\/#website"},"datePublished":"2025-05-14T21:21:20+00:00","author":{"@id":"https:\/\/salmosbiblicos.com.br\/#\/schema\/person\/760735259ba35f1e44e89c71c72d79da"},"breadcrumb":{"@id":"https:\/\/salmosbiblicos.com.br\/index.php\/2025\/05\/14\/grupo-de-oracao-fortalecendo-a-comunhao-e-a-fe-em-tempos-desafiadores\/#breadcrumb"},"inLanguage":"pt-BR","potentialAction":[{"@type":"ReadAction","target":["https:\/\/salmosbiblicos.com.br\/index.php\/2025\/05\/14\/grupo-de-oracao-fortalecendo-a-comunhao-e-a-fe-em-tempos-desafiadores\/"]}]},{"@type":"BreadcrumbList","@id":"https:\/\/salmosbiblicos.com.br\/index.php\/2025\/05\/14\/grupo-de-oracao-fortalecendo-a-comunhao-e-a-fe-em-tempos-desafiadores\/#breadcrumb","itemListElement":[{"@type":"ListItem","position":1,"name":"Home","item":"https:\/\/salmosbiblicos.com.br\/"},{"@type":"ListItem","position":2,"name":"Grupo de Ora\u00e7\u00e3o: Fortalecendo a Comunh\u00e3o e a F\u00e9 em Tempos Desafiadores"}]},{"@type":"WebSite","@id":"https:\/\/salmosbiblicos.com.br\/#website","url":"https:\/\/salmosbiblicos.com.br\/","name":"Salmos B\u00edblicos","description":"Uma e-Livraria com e-Books novos para voc\u00ea refletir.","potentialAction":[{"@type":"SearchAction","target":{"@type":"EntryPoint","urlTemplate":"https:\/\/salmosbiblicos.com.br\/?s={search_term_string}"},"query-input":{"@type":"PropertyValueSpecification","valueRequired":true,"valueName":"search_term_string"}}],"inLanguage":"pt-BR"},{"@type":"Person","@id":"https:\/\/salmosbiblicos.com.br\/#\/schema\/person\/760735259ba35f1e44e89c71c72d79da","name":"Irmao","image":{"@type":"ImageObject","inLanguage":"pt-BR","@id":"https:\/\/secure.gravatar.com\/avatar\/?s=96&d=mm&r=g","url":"https:\/\/secure.gravatar.com\/avatar\/?s=96&d=mm&r=g","contentUrl":"https:\/\/secure.gravatar.com\/avatar\/?s=96&d=mm&r=g","caption":"Irmao"},"url":"https:\/\/salmosbiblicos.com.br\/index.php\/author\/irmao\/"}]}},"_links":{"self":[{"href":"https:\/\/salmosbiblicos.com.br\/index.php\/wp-json\/wp\/v2\/posts\/5175","targetHints":{"allow":["GET"]}}],"collection":[{"href":"https:\/\/salmosbiblicos.com.br\/index.php\/wp-json\/wp\/v2\/posts"}],"about":[{"href":"https:\/\/salmosbiblicos.com.br\/index.php\/wp-json\/wp\/v2\/types\/post"}],"author":[{"embeddable":true,"href":"https:\/\/salmosbiblicos.com.br\/index.php\/wp-json\/wp\/v2\/users\/2"}],"replies":[{"embeddable":true,"href":"https:\/\/salmosbiblicos.com.br\/index.php\/wp-json\/wp\/v2\/comments?post=5175"}],"version-history":[{"count":0,"href":"https:\/\/salmosbiblicos.com.br\/index.php\/wp-json\/wp\/v2\/posts\/5175\/revisions"}],"wp:attachment":[{"href":"https:\/\/salmosbiblicos.com.br\/index.php\/wp-json\/wp\/v2\/media?parent=5175"}],"wp:term":[{"taxonomy":"category","embeddable":true,"href":"https:\/\/salmosbiblicos.com.br\/index.php\/wp-json\/wp\/v2\/categories?post=5175"},{"taxonomy":"post_tag","embeddable":true,"href":"https:\/\/salmosbiblicos.com.br\/index.php\/wp-json\/wp\/v2\/tags?post=5175"}],"curies":[{"name":"wp","href":"https:\/\/api.w.org\/{rel}","templated":true}]}}