{"id":5205,"date":"2025-05-16T05:54:46","date_gmt":"2025-05-16T08:54:46","guid":{"rendered":"https:\/\/salmosbiblicos.com.br\/?p=5205"},"modified":"2025-05-16T05:54:46","modified_gmt":"2025-05-16T08:54:46","slug":"oracao-de-gratidao-confiando-na-luz-e-na-protecao-de-deus","status":"publish","type":"post","link":"https:\/\/salmosbiblicos.com.br\/index.php\/2025\/05\/16\/oracao-de-gratidao-confiando-na-luz-e-na-protecao-de-deus\/","title":{"rendered":"Ora\u00e7\u00e3o de gratid\u00e3o: confiando na luz e na prote\u00e7\u00e3o de Deus"},"content":{"rendered":"<p>Querido Deus,<\/p>\n<p>Hoje eu venho at\u00e9 Ti com o cora\u00e7\u00e3o cheio de gratid\u00e3o. Agrade\u00e7o por mais um dia de vida, por cada oportunidade de aprendizado e crescimento que Tu me proporcionas. Agrade\u00e7o por todas as b\u00ean\u00e7\u00e3os que recebo diariamente, mesmo aquelas que passam despercebidas aos meus olhos.<\/p>\n<p>Senhor, fortalece a minha f\u00e9 a cada dia. Que eu possa confiar plenamente em Ti, mesmo nos momentos de dificuldade e incerteza. Que a tua luz ilumine o meu caminho e me guie pelos melhores caminhos a seguir. Ajuda-me a manter a esperan\u00e7a viva no meu cora\u00e7\u00e3o, sabendo que Tu est\u00e1s sempre ao meu lado, cuidando de mim.<\/p>\n<p>Deus, pe\u00e7o tamb\u00e9m que acalmes o meu cora\u00e7\u00e3o nas horas de ang\u00fastia e afli\u00e7\u00e3o. Que a Tua paz inunde a minha alma e me traga tranquilidade. Que eu possa encontrar consolo e for\u00e7a em Ti, sabendo que posso entregar todas as minhas preocupa\u00e7\u00f5es em Tuas m\u00e3os poderosas.<\/p>\n<p>Que a Tua presen\u00e7a seja constante na minha vida, me fortalecendo, me protegendo e me guiando. Que eu possa sentir o Teu amor em cada detalhe do meu dia a dia. Que a minha f\u00e9 em Ti seja inabal\u00e1vel, mesmo diante das tempestades.<\/p>\n<p>Obrigado, meu Deus, por tudo que fazes por mim. Que a Tua vontade se cumpra em minha vida, e que eu possa sempre confiar em Ti, sabendo que tudo est\u00e1 nas Tuas m\u00e3os.<\/p>\n<p>Am\u00e9m.<\/p>\n<p>Que a esperan\u00e7a e a confian\u00e7a em Deus iluminem o meu caminho.<\/p>\n","protected":false},"excerpt":{"rendered":"<p>Querido Deus, Hoje eu venho at\u00e9 Ti com o cora\u00e7\u00e3o cheio de gratid\u00e3o. Agrade\u00e7o por mais um dia de vida, por cada oportunidade de aprendizado e crescimento que Tu me proporcionas. Agrade\u00e7o por todas as b\u00ean\u00e7\u00e3os que recebo diariamente, mesmo aquelas que passam despercebidas aos meus olhos. Senhor, fortalece a minha f\u00e9 a cada dia. [&hellip;]<\/p>\n","protected":false},"author":2,"featured_media":0,"comment_status":"closed","ping_status":"open","sticky":false,"template":"","format":"standard","meta":{"footnotes":""},"categories":[8],"tags":[],"class_list":["post-5205","post","type-post","status-publish","format-standard","hentry","category-oracao-do-dia"],"yoast_head":"<!-- This site is optimized with the Yoast SEO plugin v27.2 - https:\/\/yoast.com\/product\/yoast-seo-wordpress\/ -->\n<title>Ora\u00e7\u00e3o de gratid\u00e3o: confiando na luz e na prote\u00e7\u00e3o de Deus - Salmos B\u00edblicos<\/title>\n<meta name=\"robots\" content=\"index, follow, max-snippet:-1, max-image-preview:large, max-video-preview:-1\" \/>\n<link rel=\"canonical\" href=\"https:\/\/salmosbiblicos.com.br\/index.php\/2025\/05\/16\/oracao-de-gratidao-confiando-na-luz-e-na-protecao-de-deus\/\" \/>\n<meta property=\"og:locale\" content=\"pt_BR\" \/>\n<meta property=\"og:type\" content=\"article\" \/>\n<meta property=\"og:title\" content=\"Ora\u00e7\u00e3o de gratid\u00e3o: confiando na luz e na prote\u00e7\u00e3o de Deus - Salmos B\u00edblicos\" \/>\n<meta property=\"og:description\" content=\"Querido Deus, Hoje eu venho at\u00e9 Ti com o cora\u00e7\u00e3o cheio de gratid\u00e3o. Agrade\u00e7o por mais um dia de vida, por cada oportunidade de aprendizado e crescimento que Tu me proporcionas. Agrade\u00e7o por todas as b\u00ean\u00e7\u00e3os que recebo diariamente, mesmo aquelas que passam despercebidas aos meus olhos. Senhor, fortalece a minha f\u00e9 a cada dia. [&hellip;]\" \/>\n<meta property=\"og:url\" content=\"https:\/\/salmosbiblicos.com.br\/index.php\/2025\/05\/16\/oracao-de-gratidao-confiando-na-luz-e-na-protecao-de-deus\/\" \/>\n<meta property=\"og:site_name\" content=\"Salmos B\u00edblicos\" \/>\n<meta property=\"article:published_time\" content=\"2025-05-16T08:54:46+00:00\" \/>\n<meta name=\"author\" content=\"Irmao\" \/>\n<meta name=\"twitter:card\" content=\"summary_large_image\" \/>\n<meta name=\"twitter:label1\" content=\"Escrito por\" \/>\n\t<meta name=\"twitter:data1\" content=\"Irmao\" \/>\n\t<meta name=\"twitter:label2\" content=\"Est. tempo de leitura\" \/>\n\t<meta name=\"twitter:data2\" content=\"1 minuto\" \/>\n<script type=\"application\/ld+json\" class=\"yoast-schema-graph\">{\"@context\":\"https:\/\/schema.org\",\"@graph\":[{\"@type\":\"Article\",\"@id\":\"https:\/\/salmosbiblicos.com.br\/index.php\/2025\/05\/16\/oracao-de-gratidao-confiando-na-luz-e-na-protecao-de-deus\/#article\",\"isPartOf\":{\"@id\":\"https:\/\/salmosbiblicos.com.br\/index.php\/2025\/05\/16\/oracao-de-gratidao-confiando-na-luz-e-na-protecao-de-deus\/\"},\"author\":{\"name\":\"Irmao\",\"@id\":\"https:\/\/salmosbiblicos.com.br\/#\/schema\/person\/760735259ba35f1e44e89c71c72d79da\"},\"headline\":\"Ora\u00e7\u00e3o de gratid\u00e3o: confiando na luz e na prote\u00e7\u00e3o de Deus\",\"datePublished\":\"2025-05-16T08:54:46+00:00\",\"mainEntityOfPage\":{\"@id\":\"https:\/\/salmosbiblicos.com.br\/index.php\/2025\/05\/16\/oracao-de-gratidao-confiando-na-luz-e-na-protecao-de-deus\/\"},\"wordCount\":278,\"articleSection\":[\"Ora\u00e7\u00e3o do Dia\"],\"inLanguage\":\"pt-BR\"},{\"@type\":\"WebPage\",\"@id\":\"https:\/\/salmosbiblicos.com.br\/index.php\/2025\/05\/16\/oracao-de-gratidao-confiando-na-luz-e-na-protecao-de-deus\/\",\"url\":\"https:\/\/salmosbiblicos.com.br\/index.php\/2025\/05\/16\/oracao-de-gratidao-confiando-na-luz-e-na-protecao-de-deus\/\",\"name\":\"Ora\u00e7\u00e3o de gratid\u00e3o: confiando na luz e na prote\u00e7\u00e3o de Deus - Salmos B\u00edblicos\",\"isPartOf\":{\"@id\":\"https:\/\/salmosbiblicos.com.br\/#website\"},\"datePublished\":\"2025-05-16T08:54:46+00:00\",\"author\":{\"@id\":\"https:\/\/salmosbiblicos.com.br\/#\/schema\/person\/760735259ba35f1e44e89c71c72d79da\"},\"breadcrumb\":{\"@id\":\"https:\/\/salmosbiblicos.com.br\/index.php\/2025\/05\/16\/oracao-de-gratidao-confiando-na-luz-e-na-protecao-de-deus\/#breadcrumb\"},\"inLanguage\":\"pt-BR\",\"potentialAction\":[{\"@type\":\"ReadAction\",\"target\":[\"https:\/\/salmosbiblicos.com.br\/index.php\/2025\/05\/16\/oracao-de-gratidao-confiando-na-luz-e-na-protecao-de-deus\/\"]}]},{\"@type\":\"BreadcrumbList\",\"@id\":\"https:\/\/salmosbiblicos.com.br\/index.php\/2025\/05\/16\/oracao-de-gratidao-confiando-na-luz-e-na-protecao-de-deus\/#breadcrumb\",\"itemListElement\":[{\"@type\":\"ListItem\",\"position\":1,\"name\":\"Home\",\"item\":\"https:\/\/salmosbiblicos.com.br\/\"},{\"@type\":\"ListItem\",\"position\":2,\"name\":\"Ora\u00e7\u00e3o de gratid\u00e3o: confiando na luz e na prote\u00e7\u00e3o de Deus\"}]},{\"@type\":\"WebSite\",\"@id\":\"https:\/\/salmosbiblicos.com.br\/#website\",\"url\":\"https:\/\/salmosbiblicos.com.br\/\",\"name\":\"Salmos B\u00edblicos\",\"description\":\"Uma e-Livraria com e-Books novos para voc\u00ea refletir.\",\"potentialAction\":[{\"@type\":\"SearchAction\",\"target\":{\"@type\":\"EntryPoint\",\"urlTemplate\":\"https:\/\/salmosbiblicos.com.br\/?s={search_term_string}\"},\"query-input\":{\"@type\":\"PropertyValueSpecification\",\"valueRequired\":true,\"valueName\":\"search_term_string\"}}],\"inLanguage\":\"pt-BR\"},{\"@type\":\"Person\",\"@id\":\"https:\/\/salmosbiblicos.com.br\/#\/schema\/person\/760735259ba35f1e44e89c71c72d79da\",\"name\":\"Irmao\",\"image\":{\"@type\":\"ImageObject\",\"inLanguage\":\"pt-BR\",\"@id\":\"https:\/\/secure.gravatar.com\/avatar\/?s=96&d=mm&r=g\",\"url\":\"https:\/\/secure.gravatar.com\/avatar\/?s=96&d=mm&r=g\",\"contentUrl\":\"https:\/\/secure.gravatar.com\/avatar\/?s=96&d=mm&r=g\",\"caption\":\"Irmao\"},\"url\":\"https:\/\/salmosbiblicos.com.br\/index.php\/author\/irmao\/\"}]}<\/script>\n<!-- \/ Yoast SEO plugin. -->","yoast_head_json":{"title":"Ora\u00e7\u00e3o de gratid\u00e3o: confiando na luz e na prote\u00e7\u00e3o de Deus - Salmos B\u00edblicos","robots":{"index":"index","follow":"follow","max-snippet":"max-snippet:-1","max-image-preview":"max-image-preview:large","max-video-preview":"max-video-preview:-1"},"canonical":"https:\/\/salmosbiblicos.com.br\/index.php\/2025\/05\/16\/oracao-de-gratidao-confiando-na-luz-e-na-protecao-de-deus\/","og_locale":"pt_BR","og_type":"article","og_title":"Ora\u00e7\u00e3o de gratid\u00e3o: confiando na luz e na prote\u00e7\u00e3o de Deus - Salmos B\u00edblicos","og_description":"Querido Deus, Hoje eu venho at\u00e9 Ti com o cora\u00e7\u00e3o cheio de gratid\u00e3o. Agrade\u00e7o por mais um dia de vida, por cada oportunidade de aprendizado e crescimento que Tu me proporcionas. Agrade\u00e7o por todas as b\u00ean\u00e7\u00e3os que recebo diariamente, mesmo aquelas que passam despercebidas aos meus olhos. Senhor, fortalece a minha f\u00e9 a cada dia. [&hellip;]","og_url":"https:\/\/salmosbiblicos.com.br\/index.php\/2025\/05\/16\/oracao-de-gratidao-confiando-na-luz-e-na-protecao-de-deus\/","og_site_name":"Salmos B\u00edblicos","article_published_time":"2025-05-16T08:54:46+00:00","author":"Irmao","twitter_card":"summary_large_image","twitter_misc":{"Escrito por":"Irmao","Est. tempo de leitura":"1 minuto"},"schema":{"@context":"https:\/\/schema.org","@graph":[{"@type":"Article","@id":"https:\/\/salmosbiblicos.com.br\/index.php\/2025\/05\/16\/oracao-de-gratidao-confiando-na-luz-e-na-protecao-de-deus\/#article","isPartOf":{"@id":"https:\/\/salmosbiblicos.com.br\/index.php\/2025\/05\/16\/oracao-de-gratidao-confiando-na-luz-e-na-protecao-de-deus\/"},"author":{"name":"Irmao","@id":"https:\/\/salmosbiblicos.com.br\/#\/schema\/person\/760735259ba35f1e44e89c71c72d79da"},"headline":"Ora\u00e7\u00e3o de gratid\u00e3o: confiando na luz e na prote\u00e7\u00e3o de Deus","datePublished":"2025-05-16T08:54:46+00:00","mainEntityOfPage":{"@id":"https:\/\/salmosbiblicos.com.br\/index.php\/2025\/05\/16\/oracao-de-gratidao-confiando-na-luz-e-na-protecao-de-deus\/"},"wordCount":278,"articleSection":["Ora\u00e7\u00e3o do Dia"],"inLanguage":"pt-BR"},{"@type":"WebPage","@id":"https:\/\/salmosbiblicos.com.br\/index.php\/2025\/05\/16\/oracao-de-gratidao-confiando-na-luz-e-na-protecao-de-deus\/","url":"https:\/\/salmosbiblicos.com.br\/index.php\/2025\/05\/16\/oracao-de-gratidao-confiando-na-luz-e-na-protecao-de-deus\/","name":"Ora\u00e7\u00e3o de gratid\u00e3o: confiando na luz e na prote\u00e7\u00e3o de Deus - Salmos B\u00edblicos","isPartOf":{"@id":"https:\/\/salmosbiblicos.com.br\/#website"},"datePublished":"2025-05-16T08:54:46+00:00","author":{"@id":"https:\/\/salmosbiblicos.com.br\/#\/schema\/person\/760735259ba35f1e44e89c71c72d79da"},"breadcrumb":{"@id":"https:\/\/salmosbiblicos.com.br\/index.php\/2025\/05\/16\/oracao-de-gratidao-confiando-na-luz-e-na-protecao-de-deus\/#breadcrumb"},"inLanguage":"pt-BR","potentialAction":[{"@type":"ReadAction","target":["https:\/\/salmosbiblicos.com.br\/index.php\/2025\/05\/16\/oracao-de-gratidao-confiando-na-luz-e-na-protecao-de-deus\/"]}]},{"@type":"BreadcrumbList","@id":"https:\/\/salmosbiblicos.com.br\/index.php\/2025\/05\/16\/oracao-de-gratidao-confiando-na-luz-e-na-protecao-de-deus\/#breadcrumb","itemListElement":[{"@type":"ListItem","position":1,"name":"Home","item":"https:\/\/salmosbiblicos.com.br\/"},{"@type":"ListItem","position":2,"name":"Ora\u00e7\u00e3o de gratid\u00e3o: confiando na luz e na prote\u00e7\u00e3o de Deus"}]},{"@type":"WebSite","@id":"https:\/\/salmosbiblicos.com.br\/#website","url":"https:\/\/salmosbiblicos.com.br\/","name":"Salmos B\u00edblicos","description":"Uma e-Livraria com e-Books novos para voc\u00ea refletir.","potentialAction":[{"@type":"SearchAction","target":{"@type":"EntryPoint","urlTemplate":"https:\/\/salmosbiblicos.com.br\/?s={search_term_string}"},"query-input":{"@type":"PropertyValueSpecification","valueRequired":true,"valueName":"search_term_string"}}],"inLanguage":"pt-BR"},{"@type":"Person","@id":"https:\/\/salmosbiblicos.com.br\/#\/schema\/person\/760735259ba35f1e44e89c71c72d79da","name":"Irmao","image":{"@type":"ImageObject","inLanguage":"pt-BR","@id":"https:\/\/secure.gravatar.com\/avatar\/?s=96&d=mm&r=g","url":"https:\/\/secure.gravatar.com\/avatar\/?s=96&d=mm&r=g","contentUrl":"https:\/\/secure.gravatar.com\/avatar\/?s=96&d=mm&r=g","caption":"Irmao"},"url":"https:\/\/salmosbiblicos.com.br\/index.php\/author\/irmao\/"}]}},"_links":{"self":[{"href":"https:\/\/salmosbiblicos.com.br\/index.php\/wp-json\/wp\/v2\/posts\/5205","targetHints":{"allow":["GET"]}}],"collection":[{"href":"https:\/\/salmosbiblicos.com.br\/index.php\/wp-json\/wp\/v2\/posts"}],"about":[{"href":"https:\/\/salmosbiblicos.com.br\/index.php\/wp-json\/wp\/v2\/types\/post"}],"author":[{"embeddable":true,"href":"https:\/\/salmosbiblicos.com.br\/index.php\/wp-json\/wp\/v2\/users\/2"}],"replies":[{"embeddable":true,"href":"https:\/\/salmosbiblicos.com.br\/index.php\/wp-json\/wp\/v2\/comments?post=5205"}],"version-history":[{"count":0,"href":"https:\/\/salmosbiblicos.com.br\/index.php\/wp-json\/wp\/v2\/posts\/5205\/revisions"}],"wp:attachment":[{"href":"https:\/\/salmosbiblicos.com.br\/index.php\/wp-json\/wp\/v2\/media?parent=5205"}],"wp:term":[{"taxonomy":"category","embeddable":true,"href":"https:\/\/salmosbiblicos.com.br\/index.php\/wp-json\/wp\/v2\/categories?post=5205"},{"taxonomy":"post_tag","embeddable":true,"href":"https:\/\/salmosbiblicos.com.br\/index.php\/wp-json\/wp\/v2\/tags?post=5205"}],"curies":[{"name":"wp","href":"https:\/\/api.w.org\/{rel}","templated":true}]}}