{"id":5209,"date":"2025-05-16T05:54:58","date_gmt":"2025-05-16T08:54:58","guid":{"rendered":"https:\/\/salmosbiblicos.com.br\/?p=5209"},"modified":"2025-05-16T05:54:58","modified_gmt":"2025-05-16T08:54:58","slug":"reflexoes-e-devocoes-na-sexta-feira-santa-a-profunda-mensagem-de-amor-e-redencao","status":"publish","type":"post","link":"https:\/\/salmosbiblicos.com.br\/index.php\/2025\/05\/16\/reflexoes-e-devocoes-na-sexta-feira-santa-a-profunda-mensagem-de-amor-e-redencao\/","title":{"rendered":"Reflex\u00f5es e Devo\u00e7\u00f5es na Sexta-Feira Santa: A Profunda Mensagem de Amor e Reden\u00e7\u00e3o."},"content":{"rendered":"<p>Uma das datas mais significativas do calend\u00e1rio religioso Cat\u00f3lico \u00e9 a Sexta-Feira Santa. Neste dia, os fi\u00e9is relembram a crucifica\u00e7\u00e3o de Jesus Cristo, que deu sua vida para salvar a humanidade dos pecados. A Sexta-Feira Santa \u00e9 uma data de profunda reflex\u00e3o e devo\u00e7\u00e3o, marcada por momentos de ora\u00e7\u00e3o, penit\u00eancia e contempla\u00e7\u00e3o.<\/p>\n<p>A origem da Sexta-Feira Santa remonta aos relatos b\u00edblicos que descrevem a Paix\u00e3o de Cristo. Segundo a tradi\u00e7\u00e3o crist\u00e3, Jesus foi preso, julgado, torturado e crucificado em uma sexta-feira, antes de ressuscitar no domingo de P\u00e1scoa. A crucifica\u00e7\u00e3o de Jesus \u00e9 vista como o \u00e1pice de seu sacrif\u00edcio redentor, que oferece a todos os seres humanos a oportunidade de reconcilia\u00e7\u00e3o com Deus.<\/p>\n<p>O simbolismo da Sexta-Feira Santa \u00e9 profundo e complexo. Ela representa o amor incondicional de Deus pela humanidade, manifestado no sacrif\u00edcio supremo de seu Filho. \u00c9 um lembrete de que, mesmo diante do sofrimento e da morte, a esperan\u00e7a e a salva\u00e7\u00e3o est\u00e3o ao alcance de todos aqueles que creem no poder da ressurrei\u00e7\u00e3o. A Sexta-Feira Santa tamb\u00e9m nos convida a refletir sobre nossas pr\u00f3prias cruzes e sofrimentos, e a encontrar consolo na certeza de que n\u00e3o estamos sozinhos em nossas tribula\u00e7\u00f5es.<\/p>\n<p>Diante da profundidade espiritual da Sexta-Feira Santa, \u00e9 importante que os fi\u00e9is dediquem esse dia \u00e0 ora\u00e7\u00e3o e \u00e0 medita\u00e7\u00e3o sobre os mist\u00e9rios da Paix\u00e3o de Cristo. A participa\u00e7\u00e3o nas liturgias da Sexta-Feira Santa, como a Via Sacra e a Celebra\u00e7\u00e3o da Paix\u00e3o, pode ser uma maneira poderosa de vivenciar e compreender o significado dessa data sagrada. Al\u00e9m disso, o jejum e a pr\u00e1tica da caridade s\u00e3o gestos de solidariedade e amor ao pr\u00f3ximo que podem enriquecer ainda mais a experi\u00eancia espiritual da Sexta-Feira Santa.<\/p>\n<p>Que a Sexta-Feira Santa seja para todos n\u00f3s um momento de profunda transforma\u00e7\u00e3o interior, de renova\u00e7\u00e3o da f\u00e9 e de fortalecimento da esperan\u00e7a. Que possamos seguir o exemplo de Jesus Cristo, que deu sua vida por n\u00f3s, e buscar em nossa pr\u00f3pria jornada espiritual a reden\u00e7\u00e3o e a salva\u00e7\u00e3o. Que possamos aprender com a mensagem de amor e perd\u00e3o que a Sexta-Feira Santa nos traz, e nos empenhar em viver de acordo com os ensinamentos de Cristo em nosso dia a dia.<\/p>\n<p>Que a luz da ressurrei\u00e7\u00e3o de Jesus ilumine nossos cora\u00e7\u00f5es e nos guie pelo caminho da verdade, da justi\u00e7a e da paz. Am\u00e9m.<\/p>\n","protected":false},"excerpt":{"rendered":"<p>Uma das datas mais significativas do calend\u00e1rio religioso Cat\u00f3lico \u00e9 a Sexta-Feira Santa. Neste dia, os fi\u00e9is relembram a crucifica\u00e7\u00e3o de Jesus Cristo, que deu sua vida para salvar a humanidade dos pecados. A Sexta-Feira Santa \u00e9 uma data de profunda reflex\u00e3o e devo\u00e7\u00e3o, marcada por momentos de ora\u00e7\u00e3o, penit\u00eancia e contempla\u00e7\u00e3o. A origem da [&hellip;]<\/p>\n","protected":false},"author":2,"featured_media":0,"comment_status":"closed","ping_status":"open","sticky":false,"template":"","format":"standard","meta":{"footnotes":""},"categories":[9],"tags":[],"class_list":["post-5209","post","type-post","status-publish","format-standard","hentry","category-data-religiosa"],"yoast_head":"<!-- This site is optimized with the Yoast SEO plugin v27.2 - https:\/\/yoast.com\/product\/yoast-seo-wordpress\/ -->\n<title>Reflex\u00f5es e Devo\u00e7\u00f5es na Sexta-Feira Santa: A Profunda Mensagem de Amor e Reden\u00e7\u00e3o. - Salmos B\u00edblicos<\/title>\n<meta name=\"robots\" content=\"index, follow, max-snippet:-1, max-image-preview:large, max-video-preview:-1\" \/>\n<link rel=\"canonical\" href=\"https:\/\/salmosbiblicos.com.br\/index.php\/2025\/05\/16\/reflexoes-e-devocoes-na-sexta-feira-santa-a-profunda-mensagem-de-amor-e-redencao\/\" \/>\n<meta property=\"og:locale\" content=\"pt_BR\" \/>\n<meta property=\"og:type\" content=\"article\" \/>\n<meta property=\"og:title\" content=\"Reflex\u00f5es e Devo\u00e7\u00f5es na Sexta-Feira Santa: A Profunda Mensagem de Amor e Reden\u00e7\u00e3o. - Salmos B\u00edblicos\" \/>\n<meta property=\"og:description\" content=\"Uma das datas mais significativas do calend\u00e1rio religioso Cat\u00f3lico \u00e9 a Sexta-Feira Santa. Neste dia, os fi\u00e9is relembram a crucifica\u00e7\u00e3o de Jesus Cristo, que deu sua vida para salvar a humanidade dos pecados. A Sexta-Feira Santa \u00e9 uma data de profunda reflex\u00e3o e devo\u00e7\u00e3o, marcada por momentos de ora\u00e7\u00e3o, penit\u00eancia e contempla\u00e7\u00e3o. A origem da [&hellip;]\" \/>\n<meta property=\"og:url\" content=\"https:\/\/salmosbiblicos.com.br\/index.php\/2025\/05\/16\/reflexoes-e-devocoes-na-sexta-feira-santa-a-profunda-mensagem-de-amor-e-redencao\/\" \/>\n<meta property=\"og:site_name\" content=\"Salmos B\u00edblicos\" \/>\n<meta property=\"article:published_time\" content=\"2025-05-16T08:54:58+00:00\" \/>\n<meta name=\"author\" content=\"Irmao\" \/>\n<meta name=\"twitter:card\" content=\"summary_large_image\" \/>\n<meta name=\"twitter:label1\" content=\"Escrito por\" \/>\n\t<meta name=\"twitter:data1\" content=\"Irmao\" \/>\n\t<meta name=\"twitter:label2\" content=\"Est. tempo de leitura\" \/>\n\t<meta name=\"twitter:data2\" content=\"2 minutos\" \/>\n<script type=\"application\/ld+json\" class=\"yoast-schema-graph\">{\"@context\":\"https:\/\/schema.org\",\"@graph\":[{\"@type\":\"Article\",\"@id\":\"https:\/\/salmosbiblicos.com.br\/index.php\/2025\/05\/16\/reflexoes-e-devocoes-na-sexta-feira-santa-a-profunda-mensagem-de-amor-e-redencao\/#article\",\"isPartOf\":{\"@id\":\"https:\/\/salmosbiblicos.com.br\/index.php\/2025\/05\/16\/reflexoes-e-devocoes-na-sexta-feira-santa-a-profunda-mensagem-de-amor-e-redencao\/\"},\"author\":{\"name\":\"Irmao\",\"@id\":\"https:\/\/salmosbiblicos.com.br\/#\/schema\/person\/760735259ba35f1e44e89c71c72d79da\"},\"headline\":\"Reflex\u00f5es e Devo\u00e7\u00f5es na Sexta-Feira Santa: A Profunda Mensagem de Amor e Reden\u00e7\u00e3o.\",\"datePublished\":\"2025-05-16T08:54:58+00:00\",\"mainEntityOfPage\":{\"@id\":\"https:\/\/salmosbiblicos.com.br\/index.php\/2025\/05\/16\/reflexoes-e-devocoes-na-sexta-feira-santa-a-profunda-mensagem-de-amor-e-redencao\/\"},\"wordCount\":445,\"articleSection\":[\"Data Religiosa\"],\"inLanguage\":\"pt-BR\"},{\"@type\":\"WebPage\",\"@id\":\"https:\/\/salmosbiblicos.com.br\/index.php\/2025\/05\/16\/reflexoes-e-devocoes-na-sexta-feira-santa-a-profunda-mensagem-de-amor-e-redencao\/\",\"url\":\"https:\/\/salmosbiblicos.com.br\/index.php\/2025\/05\/16\/reflexoes-e-devocoes-na-sexta-feira-santa-a-profunda-mensagem-de-amor-e-redencao\/\",\"name\":\"Reflex\u00f5es e Devo\u00e7\u00f5es na Sexta-Feira Santa: A Profunda Mensagem de Amor e Reden\u00e7\u00e3o. - Salmos B\u00edblicos\",\"isPartOf\":{\"@id\":\"https:\/\/salmosbiblicos.com.br\/#website\"},\"datePublished\":\"2025-05-16T08:54:58+00:00\",\"author\":{\"@id\":\"https:\/\/salmosbiblicos.com.br\/#\/schema\/person\/760735259ba35f1e44e89c71c72d79da\"},\"breadcrumb\":{\"@id\":\"https:\/\/salmosbiblicos.com.br\/index.php\/2025\/05\/16\/reflexoes-e-devocoes-na-sexta-feira-santa-a-profunda-mensagem-de-amor-e-redencao\/#breadcrumb\"},\"inLanguage\":\"pt-BR\",\"potentialAction\":[{\"@type\":\"ReadAction\",\"target\":[\"https:\/\/salmosbiblicos.com.br\/index.php\/2025\/05\/16\/reflexoes-e-devocoes-na-sexta-feira-santa-a-profunda-mensagem-de-amor-e-redencao\/\"]}]},{\"@type\":\"BreadcrumbList\",\"@id\":\"https:\/\/salmosbiblicos.com.br\/index.php\/2025\/05\/16\/reflexoes-e-devocoes-na-sexta-feira-santa-a-profunda-mensagem-de-amor-e-redencao\/#breadcrumb\",\"itemListElement\":[{\"@type\":\"ListItem\",\"position\":1,\"name\":\"Home\",\"item\":\"https:\/\/salmosbiblicos.com.br\/\"},{\"@type\":\"ListItem\",\"position\":2,\"name\":\"Reflex\u00f5es e Devo\u00e7\u00f5es na Sexta-Feira Santa: A Profunda Mensagem de Amor e Reden\u00e7\u00e3o.\"}]},{\"@type\":\"WebSite\",\"@id\":\"https:\/\/salmosbiblicos.com.br\/#website\",\"url\":\"https:\/\/salmosbiblicos.com.br\/\",\"name\":\"Salmos B\u00edblicos\",\"description\":\"Uma e-Livraria com e-Books novos para voc\u00ea refletir.\",\"potentialAction\":[{\"@type\":\"SearchAction\",\"target\":{\"@type\":\"EntryPoint\",\"urlTemplate\":\"https:\/\/salmosbiblicos.com.br\/?s={search_term_string}\"},\"query-input\":{\"@type\":\"PropertyValueSpecification\",\"valueRequired\":true,\"valueName\":\"search_term_string\"}}],\"inLanguage\":\"pt-BR\"},{\"@type\":\"Person\",\"@id\":\"https:\/\/salmosbiblicos.com.br\/#\/schema\/person\/760735259ba35f1e44e89c71c72d79da\",\"name\":\"Irmao\",\"image\":{\"@type\":\"ImageObject\",\"inLanguage\":\"pt-BR\",\"@id\":\"https:\/\/secure.gravatar.com\/avatar\/?s=96&d=mm&r=g\",\"url\":\"https:\/\/secure.gravatar.com\/avatar\/?s=96&d=mm&r=g\",\"contentUrl\":\"https:\/\/secure.gravatar.com\/avatar\/?s=96&d=mm&r=g\",\"caption\":\"Irmao\"},\"url\":\"https:\/\/salmosbiblicos.com.br\/index.php\/author\/irmao\/\"}]}<\/script>\n<!-- \/ Yoast SEO plugin. -->","yoast_head_json":{"title":"Reflex\u00f5es e Devo\u00e7\u00f5es na Sexta-Feira Santa: A Profunda Mensagem de Amor e Reden\u00e7\u00e3o. - Salmos B\u00edblicos","robots":{"index":"index","follow":"follow","max-snippet":"max-snippet:-1","max-image-preview":"max-image-preview:large","max-video-preview":"max-video-preview:-1"},"canonical":"https:\/\/salmosbiblicos.com.br\/index.php\/2025\/05\/16\/reflexoes-e-devocoes-na-sexta-feira-santa-a-profunda-mensagem-de-amor-e-redencao\/","og_locale":"pt_BR","og_type":"article","og_title":"Reflex\u00f5es e Devo\u00e7\u00f5es na Sexta-Feira Santa: A Profunda Mensagem de Amor e Reden\u00e7\u00e3o. - Salmos B\u00edblicos","og_description":"Uma das datas mais significativas do calend\u00e1rio religioso Cat\u00f3lico \u00e9 a Sexta-Feira Santa. Neste dia, os fi\u00e9is relembram a crucifica\u00e7\u00e3o de Jesus Cristo, que deu sua vida para salvar a humanidade dos pecados. A Sexta-Feira Santa \u00e9 uma data de profunda reflex\u00e3o e devo\u00e7\u00e3o, marcada por momentos de ora\u00e7\u00e3o, penit\u00eancia e contempla\u00e7\u00e3o. A origem da [&hellip;]","og_url":"https:\/\/salmosbiblicos.com.br\/index.php\/2025\/05\/16\/reflexoes-e-devocoes-na-sexta-feira-santa-a-profunda-mensagem-de-amor-e-redencao\/","og_site_name":"Salmos B\u00edblicos","article_published_time":"2025-05-16T08:54:58+00:00","author":"Irmao","twitter_card":"summary_large_image","twitter_misc":{"Escrito por":"Irmao","Est. tempo de leitura":"2 minutos"},"schema":{"@context":"https:\/\/schema.org","@graph":[{"@type":"Article","@id":"https:\/\/salmosbiblicos.com.br\/index.php\/2025\/05\/16\/reflexoes-e-devocoes-na-sexta-feira-santa-a-profunda-mensagem-de-amor-e-redencao\/#article","isPartOf":{"@id":"https:\/\/salmosbiblicos.com.br\/index.php\/2025\/05\/16\/reflexoes-e-devocoes-na-sexta-feira-santa-a-profunda-mensagem-de-amor-e-redencao\/"},"author":{"name":"Irmao","@id":"https:\/\/salmosbiblicos.com.br\/#\/schema\/person\/760735259ba35f1e44e89c71c72d79da"},"headline":"Reflex\u00f5es e Devo\u00e7\u00f5es na Sexta-Feira Santa: A Profunda Mensagem de Amor e Reden\u00e7\u00e3o.","datePublished":"2025-05-16T08:54:58+00:00","mainEntityOfPage":{"@id":"https:\/\/salmosbiblicos.com.br\/index.php\/2025\/05\/16\/reflexoes-e-devocoes-na-sexta-feira-santa-a-profunda-mensagem-de-amor-e-redencao\/"},"wordCount":445,"articleSection":["Data Religiosa"],"inLanguage":"pt-BR"},{"@type":"WebPage","@id":"https:\/\/salmosbiblicos.com.br\/index.php\/2025\/05\/16\/reflexoes-e-devocoes-na-sexta-feira-santa-a-profunda-mensagem-de-amor-e-redencao\/","url":"https:\/\/salmosbiblicos.com.br\/index.php\/2025\/05\/16\/reflexoes-e-devocoes-na-sexta-feira-santa-a-profunda-mensagem-de-amor-e-redencao\/","name":"Reflex\u00f5es e Devo\u00e7\u00f5es na Sexta-Feira Santa: A Profunda Mensagem de Amor e Reden\u00e7\u00e3o. - Salmos B\u00edblicos","isPartOf":{"@id":"https:\/\/salmosbiblicos.com.br\/#website"},"datePublished":"2025-05-16T08:54:58+00:00","author":{"@id":"https:\/\/salmosbiblicos.com.br\/#\/schema\/person\/760735259ba35f1e44e89c71c72d79da"},"breadcrumb":{"@id":"https:\/\/salmosbiblicos.com.br\/index.php\/2025\/05\/16\/reflexoes-e-devocoes-na-sexta-feira-santa-a-profunda-mensagem-de-amor-e-redencao\/#breadcrumb"},"inLanguage":"pt-BR","potentialAction":[{"@type":"ReadAction","target":["https:\/\/salmosbiblicos.com.br\/index.php\/2025\/05\/16\/reflexoes-e-devocoes-na-sexta-feira-santa-a-profunda-mensagem-de-amor-e-redencao\/"]}]},{"@type":"BreadcrumbList","@id":"https:\/\/salmosbiblicos.com.br\/index.php\/2025\/05\/16\/reflexoes-e-devocoes-na-sexta-feira-santa-a-profunda-mensagem-de-amor-e-redencao\/#breadcrumb","itemListElement":[{"@type":"ListItem","position":1,"name":"Home","item":"https:\/\/salmosbiblicos.com.br\/"},{"@type":"ListItem","position":2,"name":"Reflex\u00f5es e Devo\u00e7\u00f5es na Sexta-Feira Santa: A Profunda Mensagem de Amor e Reden\u00e7\u00e3o."}]},{"@type":"WebSite","@id":"https:\/\/salmosbiblicos.com.br\/#website","url":"https:\/\/salmosbiblicos.com.br\/","name":"Salmos B\u00edblicos","description":"Uma e-Livraria com e-Books novos para voc\u00ea refletir.","potentialAction":[{"@type":"SearchAction","target":{"@type":"EntryPoint","urlTemplate":"https:\/\/salmosbiblicos.com.br\/?s={search_term_string}"},"query-input":{"@type":"PropertyValueSpecification","valueRequired":true,"valueName":"search_term_string"}}],"inLanguage":"pt-BR"},{"@type":"Person","@id":"https:\/\/salmosbiblicos.com.br\/#\/schema\/person\/760735259ba35f1e44e89c71c72d79da","name":"Irmao","image":{"@type":"ImageObject","inLanguage":"pt-BR","@id":"https:\/\/secure.gravatar.com\/avatar\/?s=96&d=mm&r=g","url":"https:\/\/secure.gravatar.com\/avatar\/?s=96&d=mm&r=g","contentUrl":"https:\/\/secure.gravatar.com\/avatar\/?s=96&d=mm&r=g","caption":"Irmao"},"url":"https:\/\/salmosbiblicos.com.br\/index.php\/author\/irmao\/"}]}},"_links":{"self":[{"href":"https:\/\/salmosbiblicos.com.br\/index.php\/wp-json\/wp\/v2\/posts\/5209","targetHints":{"allow":["GET"]}}],"collection":[{"href":"https:\/\/salmosbiblicos.com.br\/index.php\/wp-json\/wp\/v2\/posts"}],"about":[{"href":"https:\/\/salmosbiblicos.com.br\/index.php\/wp-json\/wp\/v2\/types\/post"}],"author":[{"embeddable":true,"href":"https:\/\/salmosbiblicos.com.br\/index.php\/wp-json\/wp\/v2\/users\/2"}],"replies":[{"embeddable":true,"href":"https:\/\/salmosbiblicos.com.br\/index.php\/wp-json\/wp\/v2\/comments?post=5209"}],"version-history":[{"count":0,"href":"https:\/\/salmosbiblicos.com.br\/index.php\/wp-json\/wp\/v2\/posts\/5209\/revisions"}],"wp:attachment":[{"href":"https:\/\/salmosbiblicos.com.br\/index.php\/wp-json\/wp\/v2\/media?parent=5209"}],"wp:term":[{"taxonomy":"category","embeddable":true,"href":"https:\/\/salmosbiblicos.com.br\/index.php\/wp-json\/wp\/v2\/categories?post=5209"},{"taxonomy":"post_tag","embeddable":true,"href":"https:\/\/salmosbiblicos.com.br\/index.php\/wp-json\/wp\/v2\/tags?post=5209"}],"curies":[{"name":"wp","href":"https:\/\/api.w.org\/{rel}","templated":true}]}}