{"id":5211,"date":"2025-05-16T05:55:05","date_gmt":"2025-05-16T08:55:05","guid":{"rendered":"https:\/\/salmosbiblicos.com.br\/?p=5211"},"modified":"2025-05-16T05:55:05","modified_gmt":"2025-05-16T08:55:05","slug":"reflexoes-de-pascoa-a-vitoria-da-ressurreicao-de-jesus-em-nossas-vidas","status":"publish","type":"post","link":"https:\/\/salmosbiblicos.com.br\/index.php\/2025\/05\/16\/reflexoes-de-pascoa-a-vitoria-da-ressurreicao-de-jesus-em-nossas-vidas\/","title":{"rendered":"Reflex\u00f5es de P\u00e1scoa: A vit\u00f3ria da ressurrei\u00e7\u00e3o de Jesus em nossas vidas."},"content":{"rendered":"<p>Uma das datas mais significativas e celebradas no calend\u00e1rio religioso Cat\u00f3lico \u00e9 a P\u00e1scoa. A P\u00e1scoa \u00e9 a festa mais importante para os crist\u00e3os, pois representa a ressurrei\u00e7\u00e3o de Jesus Cristo, que \u00e9 o centro da f\u00e9 crist\u00e3. <\/p>\n<p>A origem da P\u00e1scoa remonta \u00e0 tradi\u00e7\u00e3o judaica, onde era celebrada a liberta\u00e7\u00e3o do povo hebreu da escravid\u00e3o no Egito. Para os crist\u00e3os, a P\u00e1scoa marca a vit\u00f3ria de Cristo sobre a morte, simbolizando a esperan\u00e7a e a vida eterna. A ressurrei\u00e7\u00e3o de Jesus \u00e9 o cerne da f\u00e9 crist\u00e3, pois \u00e9 atrav\u00e9s dela que se acredita na reden\u00e7\u00e3o e na salva\u00e7\u00e3o da humanidade.<\/p>\n<p>A P\u00e1scoa \u00e9 celebrada no domingo seguinte \u00e0 primeira lua cheia da primavera, conforme determinado no Conc\u00edlio de Niceia no ano 325 d.C. Ela \u00e9 precedida pela Quaresma, um per\u00edodo de 40 dias de reflex\u00e3o, penit\u00eancia e prepara\u00e7\u00e3o espiritual. A Semana Santa, que come\u00e7a no Domingo de Ramos e culmina no Domingo de P\u00e1scoa, \u00e9 um momento intenso de medita\u00e7\u00e3o sobre a paix\u00e3o, morte e ressurrei\u00e7\u00e3o de Jesus.<\/p>\n<p>Para os cat\u00f3licos, a P\u00e1scoa \u00e9 um tempo de renova\u00e7\u00e3o da f\u00e9, de perd\u00e3o e de amor ao pr\u00f3ximo. \u00c9 um momento para refletir sobre o sacrif\u00edcio de Cristo e sobre o significado da ressurrei\u00e7\u00e3o em nossas vidas. A P\u00e1scoa nos convida a deixar para tr\u00e1s o que nos aprisiona e a abra\u00e7ar a esperan\u00e7a e a vida em plenitude que Cristo nos oferece.<\/p>\n<p>Neste tempo de P\u00e1scoa, convido voc\u00ea a refletir sobre o significado da ressurrei\u00e7\u00e3o de Jesus em sua vida. Assim como Cristo ressuscitou dos mortos, tamb\u00e9m podemos renascer espiritualmente, deixando para tr\u00e1s o pecado e a morte para abra\u00e7ar a vida em abund\u00e2ncia que ele nos oferece. Que possamos viver na luz da ressurrei\u00e7\u00e3o, espalhando amor, perd\u00e3o e esperan\u00e7a por onde passarmos.<\/p>\n<p>Que a P\u00e1scoa seja para n\u00f3s um tempo de renova\u00e7\u00e3o, de alegria e de f\u00e9 no poder transformador do amor de Deus. Que possamos celebrar a vit\u00f3ria de Cristo sobre a morte com a certeza de que ele est\u00e1 vivo em nossos cora\u00e7\u00f5es e em nossas vidas. Que a P\u00e1scoa nos inspire a sermos testemunhas da ressurrei\u00e7\u00e3o, levando a mensagem de esperan\u00e7a e de vida eterna a todos que cruzarem nosso caminho. Am\u00e9m.<\/p>\n","protected":false},"excerpt":{"rendered":"<p>Uma das datas mais significativas e celebradas no calend\u00e1rio religioso Cat\u00f3lico \u00e9 a P\u00e1scoa. A P\u00e1scoa \u00e9 a festa mais importante para os crist\u00e3os, pois representa a ressurrei\u00e7\u00e3o de Jesus Cristo, que \u00e9 o centro da f\u00e9 crist\u00e3. A origem da P\u00e1scoa remonta \u00e0 tradi\u00e7\u00e3o judaica, onde era celebrada a liberta\u00e7\u00e3o do povo hebreu da [&hellip;]<\/p>\n","protected":false},"author":2,"featured_media":0,"comment_status":"closed","ping_status":"open","sticky":false,"template":"","format":"standard","meta":{"footnotes":""},"categories":[9],"tags":[],"class_list":["post-5211","post","type-post","status-publish","format-standard","hentry","category-data-religiosa"],"yoast_head":"<!-- This site is optimized with the Yoast SEO plugin v27.2 - https:\/\/yoast.com\/product\/yoast-seo-wordpress\/ -->\n<title>Reflex\u00f5es de P\u00e1scoa: A vit\u00f3ria da ressurrei\u00e7\u00e3o de Jesus em nossas vidas. - Salmos B\u00edblicos<\/title>\n<meta name=\"robots\" content=\"index, follow, max-snippet:-1, max-image-preview:large, max-video-preview:-1\" \/>\n<link rel=\"canonical\" href=\"https:\/\/salmosbiblicos.com.br\/index.php\/2025\/05\/16\/reflexoes-de-pascoa-a-vitoria-da-ressurreicao-de-jesus-em-nossas-vidas\/\" \/>\n<meta property=\"og:locale\" content=\"pt_BR\" \/>\n<meta property=\"og:type\" content=\"article\" \/>\n<meta property=\"og:title\" content=\"Reflex\u00f5es de P\u00e1scoa: A vit\u00f3ria da ressurrei\u00e7\u00e3o de Jesus em nossas vidas. - Salmos B\u00edblicos\" \/>\n<meta property=\"og:description\" content=\"Uma das datas mais significativas e celebradas no calend\u00e1rio religioso Cat\u00f3lico \u00e9 a P\u00e1scoa. A P\u00e1scoa \u00e9 a festa mais importante para os crist\u00e3os, pois representa a ressurrei\u00e7\u00e3o de Jesus Cristo, que \u00e9 o centro da f\u00e9 crist\u00e3. A origem da P\u00e1scoa remonta \u00e0 tradi\u00e7\u00e3o judaica, onde era celebrada a liberta\u00e7\u00e3o do povo hebreu da [&hellip;]\" \/>\n<meta property=\"og:url\" content=\"https:\/\/salmosbiblicos.com.br\/index.php\/2025\/05\/16\/reflexoes-de-pascoa-a-vitoria-da-ressurreicao-de-jesus-em-nossas-vidas\/\" \/>\n<meta property=\"og:site_name\" content=\"Salmos B\u00edblicos\" \/>\n<meta property=\"article:published_time\" content=\"2025-05-16T08:55:05+00:00\" \/>\n<meta name=\"author\" content=\"Irmao\" \/>\n<meta name=\"twitter:card\" content=\"summary_large_image\" \/>\n<meta name=\"twitter:label1\" content=\"Escrito por\" \/>\n\t<meta name=\"twitter:data1\" content=\"Irmao\" \/>\n\t<meta name=\"twitter:label2\" content=\"Est. tempo de leitura\" \/>\n\t<meta name=\"twitter:data2\" content=\"2 minutos\" \/>\n<script type=\"application\/ld+json\" class=\"yoast-schema-graph\">{\"@context\":\"https:\/\/schema.org\",\"@graph\":[{\"@type\":\"Article\",\"@id\":\"https:\/\/salmosbiblicos.com.br\/index.php\/2025\/05\/16\/reflexoes-de-pascoa-a-vitoria-da-ressurreicao-de-jesus-em-nossas-vidas\/#article\",\"isPartOf\":{\"@id\":\"https:\/\/salmosbiblicos.com.br\/index.php\/2025\/05\/16\/reflexoes-de-pascoa-a-vitoria-da-ressurreicao-de-jesus-em-nossas-vidas\/\"},\"author\":{\"name\":\"Irmao\",\"@id\":\"https:\/\/salmosbiblicos.com.br\/#\/schema\/person\/760735259ba35f1e44e89c71c72d79da\"},\"headline\":\"Reflex\u00f5es de P\u00e1scoa: A vit\u00f3ria da ressurrei\u00e7\u00e3o de Jesus em nossas vidas.\",\"datePublished\":\"2025-05-16T08:55:05+00:00\",\"mainEntityOfPage\":{\"@id\":\"https:\/\/salmosbiblicos.com.br\/index.php\/2025\/05\/16\/reflexoes-de-pascoa-a-vitoria-da-ressurreicao-de-jesus-em-nossas-vidas\/\"},\"wordCount\":429,\"articleSection\":[\"Data Religiosa\"],\"inLanguage\":\"pt-BR\"},{\"@type\":\"WebPage\",\"@id\":\"https:\/\/salmosbiblicos.com.br\/index.php\/2025\/05\/16\/reflexoes-de-pascoa-a-vitoria-da-ressurreicao-de-jesus-em-nossas-vidas\/\",\"url\":\"https:\/\/salmosbiblicos.com.br\/index.php\/2025\/05\/16\/reflexoes-de-pascoa-a-vitoria-da-ressurreicao-de-jesus-em-nossas-vidas\/\",\"name\":\"Reflex\u00f5es de P\u00e1scoa: A vit\u00f3ria da ressurrei\u00e7\u00e3o de Jesus em nossas vidas. - Salmos B\u00edblicos\",\"isPartOf\":{\"@id\":\"https:\/\/salmosbiblicos.com.br\/#website\"},\"datePublished\":\"2025-05-16T08:55:05+00:00\",\"author\":{\"@id\":\"https:\/\/salmosbiblicos.com.br\/#\/schema\/person\/760735259ba35f1e44e89c71c72d79da\"},\"breadcrumb\":{\"@id\":\"https:\/\/salmosbiblicos.com.br\/index.php\/2025\/05\/16\/reflexoes-de-pascoa-a-vitoria-da-ressurreicao-de-jesus-em-nossas-vidas\/#breadcrumb\"},\"inLanguage\":\"pt-BR\",\"potentialAction\":[{\"@type\":\"ReadAction\",\"target\":[\"https:\/\/salmosbiblicos.com.br\/index.php\/2025\/05\/16\/reflexoes-de-pascoa-a-vitoria-da-ressurreicao-de-jesus-em-nossas-vidas\/\"]}]},{\"@type\":\"BreadcrumbList\",\"@id\":\"https:\/\/salmosbiblicos.com.br\/index.php\/2025\/05\/16\/reflexoes-de-pascoa-a-vitoria-da-ressurreicao-de-jesus-em-nossas-vidas\/#breadcrumb\",\"itemListElement\":[{\"@type\":\"ListItem\",\"position\":1,\"name\":\"Home\",\"item\":\"https:\/\/salmosbiblicos.com.br\/\"},{\"@type\":\"ListItem\",\"position\":2,\"name\":\"Reflex\u00f5es de P\u00e1scoa: A vit\u00f3ria da ressurrei\u00e7\u00e3o de Jesus em nossas vidas.\"}]},{\"@type\":\"WebSite\",\"@id\":\"https:\/\/salmosbiblicos.com.br\/#website\",\"url\":\"https:\/\/salmosbiblicos.com.br\/\",\"name\":\"Salmos B\u00edblicos\",\"description\":\"Uma e-Livraria com e-Books novos para voc\u00ea refletir.\",\"potentialAction\":[{\"@type\":\"SearchAction\",\"target\":{\"@type\":\"EntryPoint\",\"urlTemplate\":\"https:\/\/salmosbiblicos.com.br\/?s={search_term_string}\"},\"query-input\":{\"@type\":\"PropertyValueSpecification\",\"valueRequired\":true,\"valueName\":\"search_term_string\"}}],\"inLanguage\":\"pt-BR\"},{\"@type\":\"Person\",\"@id\":\"https:\/\/salmosbiblicos.com.br\/#\/schema\/person\/760735259ba35f1e44e89c71c72d79da\",\"name\":\"Irmao\",\"image\":{\"@type\":\"ImageObject\",\"inLanguage\":\"pt-BR\",\"@id\":\"https:\/\/secure.gravatar.com\/avatar\/?s=96&d=mm&r=g\",\"url\":\"https:\/\/secure.gravatar.com\/avatar\/?s=96&d=mm&r=g\",\"contentUrl\":\"https:\/\/secure.gravatar.com\/avatar\/?s=96&d=mm&r=g\",\"caption\":\"Irmao\"},\"url\":\"https:\/\/salmosbiblicos.com.br\/index.php\/author\/irmao\/\"}]}<\/script>\n<!-- \/ Yoast SEO plugin. -->","yoast_head_json":{"title":"Reflex\u00f5es de P\u00e1scoa: A vit\u00f3ria da ressurrei\u00e7\u00e3o de Jesus em nossas vidas. - Salmos B\u00edblicos","robots":{"index":"index","follow":"follow","max-snippet":"max-snippet:-1","max-image-preview":"max-image-preview:large","max-video-preview":"max-video-preview:-1"},"canonical":"https:\/\/salmosbiblicos.com.br\/index.php\/2025\/05\/16\/reflexoes-de-pascoa-a-vitoria-da-ressurreicao-de-jesus-em-nossas-vidas\/","og_locale":"pt_BR","og_type":"article","og_title":"Reflex\u00f5es de P\u00e1scoa: A vit\u00f3ria da ressurrei\u00e7\u00e3o de Jesus em nossas vidas. - Salmos B\u00edblicos","og_description":"Uma das datas mais significativas e celebradas no calend\u00e1rio religioso Cat\u00f3lico \u00e9 a P\u00e1scoa. A P\u00e1scoa \u00e9 a festa mais importante para os crist\u00e3os, pois representa a ressurrei\u00e7\u00e3o de Jesus Cristo, que \u00e9 o centro da f\u00e9 crist\u00e3. A origem da P\u00e1scoa remonta \u00e0 tradi\u00e7\u00e3o judaica, onde era celebrada a liberta\u00e7\u00e3o do povo hebreu da [&hellip;]","og_url":"https:\/\/salmosbiblicos.com.br\/index.php\/2025\/05\/16\/reflexoes-de-pascoa-a-vitoria-da-ressurreicao-de-jesus-em-nossas-vidas\/","og_site_name":"Salmos B\u00edblicos","article_published_time":"2025-05-16T08:55:05+00:00","author":"Irmao","twitter_card":"summary_large_image","twitter_misc":{"Escrito por":"Irmao","Est. tempo de leitura":"2 minutos"},"schema":{"@context":"https:\/\/schema.org","@graph":[{"@type":"Article","@id":"https:\/\/salmosbiblicos.com.br\/index.php\/2025\/05\/16\/reflexoes-de-pascoa-a-vitoria-da-ressurreicao-de-jesus-em-nossas-vidas\/#article","isPartOf":{"@id":"https:\/\/salmosbiblicos.com.br\/index.php\/2025\/05\/16\/reflexoes-de-pascoa-a-vitoria-da-ressurreicao-de-jesus-em-nossas-vidas\/"},"author":{"name":"Irmao","@id":"https:\/\/salmosbiblicos.com.br\/#\/schema\/person\/760735259ba35f1e44e89c71c72d79da"},"headline":"Reflex\u00f5es de P\u00e1scoa: A vit\u00f3ria da ressurrei\u00e7\u00e3o de Jesus em nossas vidas.","datePublished":"2025-05-16T08:55:05+00:00","mainEntityOfPage":{"@id":"https:\/\/salmosbiblicos.com.br\/index.php\/2025\/05\/16\/reflexoes-de-pascoa-a-vitoria-da-ressurreicao-de-jesus-em-nossas-vidas\/"},"wordCount":429,"articleSection":["Data Religiosa"],"inLanguage":"pt-BR"},{"@type":"WebPage","@id":"https:\/\/salmosbiblicos.com.br\/index.php\/2025\/05\/16\/reflexoes-de-pascoa-a-vitoria-da-ressurreicao-de-jesus-em-nossas-vidas\/","url":"https:\/\/salmosbiblicos.com.br\/index.php\/2025\/05\/16\/reflexoes-de-pascoa-a-vitoria-da-ressurreicao-de-jesus-em-nossas-vidas\/","name":"Reflex\u00f5es de P\u00e1scoa: A vit\u00f3ria da ressurrei\u00e7\u00e3o de Jesus em nossas vidas. - Salmos B\u00edblicos","isPartOf":{"@id":"https:\/\/salmosbiblicos.com.br\/#website"},"datePublished":"2025-05-16T08:55:05+00:00","author":{"@id":"https:\/\/salmosbiblicos.com.br\/#\/schema\/person\/760735259ba35f1e44e89c71c72d79da"},"breadcrumb":{"@id":"https:\/\/salmosbiblicos.com.br\/index.php\/2025\/05\/16\/reflexoes-de-pascoa-a-vitoria-da-ressurreicao-de-jesus-em-nossas-vidas\/#breadcrumb"},"inLanguage":"pt-BR","potentialAction":[{"@type":"ReadAction","target":["https:\/\/salmosbiblicos.com.br\/index.php\/2025\/05\/16\/reflexoes-de-pascoa-a-vitoria-da-ressurreicao-de-jesus-em-nossas-vidas\/"]}]},{"@type":"BreadcrumbList","@id":"https:\/\/salmosbiblicos.com.br\/index.php\/2025\/05\/16\/reflexoes-de-pascoa-a-vitoria-da-ressurreicao-de-jesus-em-nossas-vidas\/#breadcrumb","itemListElement":[{"@type":"ListItem","position":1,"name":"Home","item":"https:\/\/salmosbiblicos.com.br\/"},{"@type":"ListItem","position":2,"name":"Reflex\u00f5es de P\u00e1scoa: A vit\u00f3ria da ressurrei\u00e7\u00e3o de Jesus em nossas vidas."}]},{"@type":"WebSite","@id":"https:\/\/salmosbiblicos.com.br\/#website","url":"https:\/\/salmosbiblicos.com.br\/","name":"Salmos B\u00edblicos","description":"Uma e-Livraria com e-Books novos para voc\u00ea refletir.","potentialAction":[{"@type":"SearchAction","target":{"@type":"EntryPoint","urlTemplate":"https:\/\/salmosbiblicos.com.br\/?s={search_term_string}"},"query-input":{"@type":"PropertyValueSpecification","valueRequired":true,"valueName":"search_term_string"}}],"inLanguage":"pt-BR"},{"@type":"Person","@id":"https:\/\/salmosbiblicos.com.br\/#\/schema\/person\/760735259ba35f1e44e89c71c72d79da","name":"Irmao","image":{"@type":"ImageObject","inLanguage":"pt-BR","@id":"https:\/\/secure.gravatar.com\/avatar\/?s=96&d=mm&r=g","url":"https:\/\/secure.gravatar.com\/avatar\/?s=96&d=mm&r=g","contentUrl":"https:\/\/secure.gravatar.com\/avatar\/?s=96&d=mm&r=g","caption":"Irmao"},"url":"https:\/\/salmosbiblicos.com.br\/index.php\/author\/irmao\/"}]}},"_links":{"self":[{"href":"https:\/\/salmosbiblicos.com.br\/index.php\/wp-json\/wp\/v2\/posts\/5211","targetHints":{"allow":["GET"]}}],"collection":[{"href":"https:\/\/salmosbiblicos.com.br\/index.php\/wp-json\/wp\/v2\/posts"}],"about":[{"href":"https:\/\/salmosbiblicos.com.br\/index.php\/wp-json\/wp\/v2\/types\/post"}],"author":[{"embeddable":true,"href":"https:\/\/salmosbiblicos.com.br\/index.php\/wp-json\/wp\/v2\/users\/2"}],"replies":[{"embeddable":true,"href":"https:\/\/salmosbiblicos.com.br\/index.php\/wp-json\/wp\/v2\/comments?post=5211"}],"version-history":[{"count":0,"href":"https:\/\/salmosbiblicos.com.br\/index.php\/wp-json\/wp\/v2\/posts\/5211\/revisions"}],"wp:attachment":[{"href":"https:\/\/salmosbiblicos.com.br\/index.php\/wp-json\/wp\/v2\/media?parent=5211"}],"wp:term":[{"taxonomy":"category","embeddable":true,"href":"https:\/\/salmosbiblicos.com.br\/index.php\/wp-json\/wp\/v2\/categories?post=5211"},{"taxonomy":"post_tag","embeddable":true,"href":"https:\/\/salmosbiblicos.com.br\/index.php\/wp-json\/wp\/v2\/tags?post=5211"}],"curies":[{"name":"wp","href":"https:\/\/api.w.org\/{rel}","templated":true}]}}