{"id":5229,"date":"2025-05-16T05:56:24","date_gmt":"2025-05-16T08:56:24","guid":{"rendered":"https:\/\/salmosbiblicos.com.br\/?p=5229"},"modified":"2025-05-16T05:56:24","modified_gmt":"2025-05-16T08:56:24","slug":"a-importancia-dos-grupos-de-oracao-na-comunhao-e-fortalecimento-da-fe","status":"publish","type":"post","link":"https:\/\/salmosbiblicos.com.br\/index.php\/2025\/05\/16\/a-importancia-dos-grupos-de-oracao-na-comunhao-e-fortalecimento-da-fe\/","title":{"rendered":"A Import\u00e2ncia dos Grupos de Ora\u00e7\u00e3o na Comunh\u00e3o e Fortalecimento da F\u00e9"},"content":{"rendered":"<p>Os grupos de ora\u00e7\u00e3o s\u00e3o espa\u00e7os sagrados onde os fi\u00e9is se re\u00fanem para louvar, agradecer e interceder diante de Deus. S\u00e3o momentos de comunh\u00e3o e fortalecimento da f\u00e9, onde as pessoas compartilham suas experi\u00eancias, suas alegrias e suas dores, confiantes de que a ora\u00e7\u00e3o \u00e9 uma poderosa ferramenta de conex\u00e3o com o divino.<\/p>\n<p>No Salmo 23, podemos encontrar a mensagem de que, mesmo diante das adversidades, Deus est\u00e1 sempre presente, nos guiando e nos confortando. Assim, nos grupos de ora\u00e7\u00e3o, encontramos o apoio e a solidariedade necess\u00e1rios para enfrentar os desafios da vida, confiando na provid\u00eancia divina e na for\u00e7a da comunidade de f\u00e9.<\/p>\n<p>A import\u00e2ncia dos grupos de ora\u00e7\u00e3o vai al\u00e9m das palavras proferidas e das inten\u00e7\u00f5es compartilhadas. Neles, encontramos o amor de Deus se manifestando atrav\u00e9s do acolhimento, da escuta e do apoio m\u00fatuo. \u00c9 a\u00ed que percebemos que n\u00e3o estamos sozinhos em nossa jornada espiritual, que somos parte de um corpo, a Igreja, onde cada membro tem um papel fundamental a desempenhar.<\/p>\n<p>Refletindo sobre a import\u00e2ncia dos grupos de ora\u00e7\u00e3o, somos convidados a cultivar a humildade, a gratid\u00e3o e a confian\u00e7a em Deus. \u00c9 atrav\u00e9s da ora\u00e7\u00e3o e da comunh\u00e3o que fortalecemos nossa f\u00e9 e nos tornamos instrumentos de paz e amor no mundo.<\/p>\n<p>Que possamos nos unir em ora\u00e7\u00e3o, lembrando que, onde dois ou mais estiverem reunidos em nome de Jesus, Ele estar\u00e1 no meio deles. Que possamos ser luz e esperan\u00e7a uns para os outros, confiantes na promessa do Senhor de que nunca nos abandonar\u00e1.<\/p>\n<p>Que a nossa f\u00e9 nos guie e nos inspire a viver em comunh\u00e3o, fortalecendo-nos mutuamente na caminhada rumo ao Reino de Deus. Am\u00e9m.<\/p>\n","protected":false},"excerpt":{"rendered":"<p>Os grupos de ora\u00e7\u00e3o s\u00e3o espa\u00e7os sagrados onde os fi\u00e9is se re\u00fanem para louvar, agradecer e interceder diante de Deus. S\u00e3o momentos de comunh\u00e3o e fortalecimento da f\u00e9, onde as pessoas compartilham suas experi\u00eancias, suas alegrias e suas dores, confiantes de que a ora\u00e7\u00e3o \u00e9 uma poderosa ferramenta de conex\u00e3o com o divino. No Salmo [&hellip;]<\/p>\n","protected":false},"author":2,"featured_media":0,"comment_status":"closed","ping_status":"open","sticky":false,"template":"","format":"standard","meta":{"footnotes":""},"categories":[11],"tags":[],"class_list":["post-5229","post","type-post","status-publish","format-standard","hentry","category-salmos"],"yoast_head":"<!-- This site is optimized with the Yoast SEO plugin v27.2 - https:\/\/yoast.com\/product\/yoast-seo-wordpress\/ -->\n<title>A Import\u00e2ncia dos Grupos de Ora\u00e7\u00e3o na Comunh\u00e3o e Fortalecimento da F\u00e9 - Salmos B\u00edblicos<\/title>\n<meta name=\"robots\" content=\"index, follow, max-snippet:-1, max-image-preview:large, max-video-preview:-1\" \/>\n<link rel=\"canonical\" href=\"http:\/\/salmosbiblicos.com.br\/index.php\/2025\/05\/16\/a-importancia-dos-grupos-de-oracao-na-comunhao-e-fortalecimento-da-fe\/\" \/>\n<meta property=\"og:locale\" content=\"pt_BR\" \/>\n<meta property=\"og:type\" content=\"article\" \/>\n<meta property=\"og:title\" content=\"A Import\u00e2ncia dos Grupos de Ora\u00e7\u00e3o na Comunh\u00e3o e Fortalecimento da F\u00e9 - Salmos B\u00edblicos\" \/>\n<meta property=\"og:description\" content=\"Os grupos de ora\u00e7\u00e3o s\u00e3o espa\u00e7os sagrados onde os fi\u00e9is se re\u00fanem para louvar, agradecer e interceder diante de Deus. S\u00e3o momentos de comunh\u00e3o e fortalecimento da f\u00e9, onde as pessoas compartilham suas experi\u00eancias, suas alegrias e suas dores, confiantes de que a ora\u00e7\u00e3o \u00e9 uma poderosa ferramenta de conex\u00e3o com o divino. No Salmo [&hellip;]\" \/>\n<meta property=\"og:url\" content=\"http:\/\/salmosbiblicos.com.br\/index.php\/2025\/05\/16\/a-importancia-dos-grupos-de-oracao-na-comunhao-e-fortalecimento-da-fe\/\" \/>\n<meta property=\"og:site_name\" content=\"Salmos B\u00edblicos\" \/>\n<meta property=\"article:published_time\" content=\"2025-05-16T08:56:24+00:00\" \/>\n<meta name=\"author\" content=\"Irmao\" \/>\n<meta name=\"twitter:card\" content=\"summary_large_image\" \/>\n<meta name=\"twitter:label1\" content=\"Escrito por\" \/>\n\t<meta name=\"twitter:data1\" content=\"Irmao\" \/>\n\t<meta name=\"twitter:label2\" content=\"Est. tempo de leitura\" \/>\n\t<meta name=\"twitter:data2\" content=\"2 minutos\" \/>\n<script type=\"application\/ld+json\" class=\"yoast-schema-graph\">{\"@context\":\"https:\/\/schema.org\",\"@graph\":[{\"@type\":\"Article\",\"@id\":\"http:\/\/salmosbiblicos.com.br\/index.php\/2025\/05\/16\/a-importancia-dos-grupos-de-oracao-na-comunhao-e-fortalecimento-da-fe\/#article\",\"isPartOf\":{\"@id\":\"http:\/\/salmosbiblicos.com.br\/index.php\/2025\/05\/16\/a-importancia-dos-grupos-de-oracao-na-comunhao-e-fortalecimento-da-fe\/\"},\"author\":{\"name\":\"Irmao\",\"@id\":\"https:\/\/salmosbiblicos.com.br\/#\/schema\/person\/760735259ba35f1e44e89c71c72d79da\"},\"headline\":\"A Import\u00e2ncia dos Grupos de Ora\u00e7\u00e3o na Comunh\u00e3o e Fortalecimento da F\u00e9\",\"datePublished\":\"2025-05-16T08:56:24+00:00\",\"mainEntityOfPage\":{\"@id\":\"http:\/\/salmosbiblicos.com.br\/index.php\/2025\/05\/16\/a-importancia-dos-grupos-de-oracao-na-comunhao-e-fortalecimento-da-fe\/\"},\"wordCount\":316,\"articleSection\":[\"Salmos\"],\"inLanguage\":\"pt-BR\"},{\"@type\":\"WebPage\",\"@id\":\"http:\/\/salmosbiblicos.com.br\/index.php\/2025\/05\/16\/a-importancia-dos-grupos-de-oracao-na-comunhao-e-fortalecimento-da-fe\/\",\"url\":\"http:\/\/salmosbiblicos.com.br\/index.php\/2025\/05\/16\/a-importancia-dos-grupos-de-oracao-na-comunhao-e-fortalecimento-da-fe\/\",\"name\":\"A Import\u00e2ncia dos Grupos de Ora\u00e7\u00e3o na Comunh\u00e3o e Fortalecimento da F\u00e9 - Salmos B\u00edblicos\",\"isPartOf\":{\"@id\":\"https:\/\/salmosbiblicos.com.br\/#website\"},\"datePublished\":\"2025-05-16T08:56:24+00:00\",\"author\":{\"@id\":\"https:\/\/salmosbiblicos.com.br\/#\/schema\/person\/760735259ba35f1e44e89c71c72d79da\"},\"breadcrumb\":{\"@id\":\"http:\/\/salmosbiblicos.com.br\/index.php\/2025\/05\/16\/a-importancia-dos-grupos-de-oracao-na-comunhao-e-fortalecimento-da-fe\/#breadcrumb\"},\"inLanguage\":\"pt-BR\",\"potentialAction\":[{\"@type\":\"ReadAction\",\"target\":[\"http:\/\/salmosbiblicos.com.br\/index.php\/2025\/05\/16\/a-importancia-dos-grupos-de-oracao-na-comunhao-e-fortalecimento-da-fe\/\"]}]},{\"@type\":\"BreadcrumbList\",\"@id\":\"http:\/\/salmosbiblicos.com.br\/index.php\/2025\/05\/16\/a-importancia-dos-grupos-de-oracao-na-comunhao-e-fortalecimento-da-fe\/#breadcrumb\",\"itemListElement\":[{\"@type\":\"ListItem\",\"position\":1,\"name\":\"Home\",\"item\":\"https:\/\/salmosbiblicos.com.br\/\"},{\"@type\":\"ListItem\",\"position\":2,\"name\":\"A Import\u00e2ncia dos Grupos de Ora\u00e7\u00e3o na Comunh\u00e3o e Fortalecimento da F\u00e9\"}]},{\"@type\":\"WebSite\",\"@id\":\"https:\/\/salmosbiblicos.com.br\/#website\",\"url\":\"https:\/\/salmosbiblicos.com.br\/\",\"name\":\"Salmos B\u00edblicos\",\"description\":\"Uma e-Livraria com e-Books novos para voc\u00ea refletir.\",\"potentialAction\":[{\"@type\":\"SearchAction\",\"target\":{\"@type\":\"EntryPoint\",\"urlTemplate\":\"https:\/\/salmosbiblicos.com.br\/?s={search_term_string}\"},\"query-input\":{\"@type\":\"PropertyValueSpecification\",\"valueRequired\":true,\"valueName\":\"search_term_string\"}}],\"inLanguage\":\"pt-BR\"},{\"@type\":\"Person\",\"@id\":\"https:\/\/salmosbiblicos.com.br\/#\/schema\/person\/760735259ba35f1e44e89c71c72d79da\",\"name\":\"Irmao\",\"image\":{\"@type\":\"ImageObject\",\"inLanguage\":\"pt-BR\",\"@id\":\"https:\/\/secure.gravatar.com\/avatar\/?s=96&d=mm&r=g\",\"url\":\"https:\/\/secure.gravatar.com\/avatar\/?s=96&d=mm&r=g\",\"contentUrl\":\"https:\/\/secure.gravatar.com\/avatar\/?s=96&d=mm&r=g\",\"caption\":\"Irmao\"},\"url\":\"https:\/\/salmosbiblicos.com.br\/index.php\/author\/irmao\/\"}]}<\/script>\n<!-- \/ Yoast SEO plugin. -->","yoast_head_json":{"title":"A Import\u00e2ncia dos Grupos de Ora\u00e7\u00e3o na Comunh\u00e3o e Fortalecimento da F\u00e9 - Salmos B\u00edblicos","robots":{"index":"index","follow":"follow","max-snippet":"max-snippet:-1","max-image-preview":"max-image-preview:large","max-video-preview":"max-video-preview:-1"},"canonical":"http:\/\/salmosbiblicos.com.br\/index.php\/2025\/05\/16\/a-importancia-dos-grupos-de-oracao-na-comunhao-e-fortalecimento-da-fe\/","og_locale":"pt_BR","og_type":"article","og_title":"A Import\u00e2ncia dos Grupos de Ora\u00e7\u00e3o na Comunh\u00e3o e Fortalecimento da F\u00e9 - Salmos B\u00edblicos","og_description":"Os grupos de ora\u00e7\u00e3o s\u00e3o espa\u00e7os sagrados onde os fi\u00e9is se re\u00fanem para louvar, agradecer e interceder diante de Deus. S\u00e3o momentos de comunh\u00e3o e fortalecimento da f\u00e9, onde as pessoas compartilham suas experi\u00eancias, suas alegrias e suas dores, confiantes de que a ora\u00e7\u00e3o \u00e9 uma poderosa ferramenta de conex\u00e3o com o divino. No Salmo [&hellip;]","og_url":"http:\/\/salmosbiblicos.com.br\/index.php\/2025\/05\/16\/a-importancia-dos-grupos-de-oracao-na-comunhao-e-fortalecimento-da-fe\/","og_site_name":"Salmos B\u00edblicos","article_published_time":"2025-05-16T08:56:24+00:00","author":"Irmao","twitter_card":"summary_large_image","twitter_misc":{"Escrito por":"Irmao","Est. tempo de leitura":"2 minutos"},"schema":{"@context":"https:\/\/schema.org","@graph":[{"@type":"Article","@id":"http:\/\/salmosbiblicos.com.br\/index.php\/2025\/05\/16\/a-importancia-dos-grupos-de-oracao-na-comunhao-e-fortalecimento-da-fe\/#article","isPartOf":{"@id":"http:\/\/salmosbiblicos.com.br\/index.php\/2025\/05\/16\/a-importancia-dos-grupos-de-oracao-na-comunhao-e-fortalecimento-da-fe\/"},"author":{"name":"Irmao","@id":"https:\/\/salmosbiblicos.com.br\/#\/schema\/person\/760735259ba35f1e44e89c71c72d79da"},"headline":"A Import\u00e2ncia dos Grupos de Ora\u00e7\u00e3o na Comunh\u00e3o e Fortalecimento da F\u00e9","datePublished":"2025-05-16T08:56:24+00:00","mainEntityOfPage":{"@id":"http:\/\/salmosbiblicos.com.br\/index.php\/2025\/05\/16\/a-importancia-dos-grupos-de-oracao-na-comunhao-e-fortalecimento-da-fe\/"},"wordCount":316,"articleSection":["Salmos"],"inLanguage":"pt-BR"},{"@type":"WebPage","@id":"http:\/\/salmosbiblicos.com.br\/index.php\/2025\/05\/16\/a-importancia-dos-grupos-de-oracao-na-comunhao-e-fortalecimento-da-fe\/","url":"http:\/\/salmosbiblicos.com.br\/index.php\/2025\/05\/16\/a-importancia-dos-grupos-de-oracao-na-comunhao-e-fortalecimento-da-fe\/","name":"A Import\u00e2ncia dos Grupos de Ora\u00e7\u00e3o na Comunh\u00e3o e Fortalecimento da F\u00e9 - Salmos B\u00edblicos","isPartOf":{"@id":"https:\/\/salmosbiblicos.com.br\/#website"},"datePublished":"2025-05-16T08:56:24+00:00","author":{"@id":"https:\/\/salmosbiblicos.com.br\/#\/schema\/person\/760735259ba35f1e44e89c71c72d79da"},"breadcrumb":{"@id":"http:\/\/salmosbiblicos.com.br\/index.php\/2025\/05\/16\/a-importancia-dos-grupos-de-oracao-na-comunhao-e-fortalecimento-da-fe\/#breadcrumb"},"inLanguage":"pt-BR","potentialAction":[{"@type":"ReadAction","target":["http:\/\/salmosbiblicos.com.br\/index.php\/2025\/05\/16\/a-importancia-dos-grupos-de-oracao-na-comunhao-e-fortalecimento-da-fe\/"]}]},{"@type":"BreadcrumbList","@id":"http:\/\/salmosbiblicos.com.br\/index.php\/2025\/05\/16\/a-importancia-dos-grupos-de-oracao-na-comunhao-e-fortalecimento-da-fe\/#breadcrumb","itemListElement":[{"@type":"ListItem","position":1,"name":"Home","item":"https:\/\/salmosbiblicos.com.br\/"},{"@type":"ListItem","position":2,"name":"A Import\u00e2ncia dos Grupos de Ora\u00e7\u00e3o na Comunh\u00e3o e Fortalecimento da F\u00e9"}]},{"@type":"WebSite","@id":"https:\/\/salmosbiblicos.com.br\/#website","url":"https:\/\/salmosbiblicos.com.br\/","name":"Salmos B\u00edblicos","description":"Uma e-Livraria com e-Books novos para voc\u00ea refletir.","potentialAction":[{"@type":"SearchAction","target":{"@type":"EntryPoint","urlTemplate":"https:\/\/salmosbiblicos.com.br\/?s={search_term_string}"},"query-input":{"@type":"PropertyValueSpecification","valueRequired":true,"valueName":"search_term_string"}}],"inLanguage":"pt-BR"},{"@type":"Person","@id":"https:\/\/salmosbiblicos.com.br\/#\/schema\/person\/760735259ba35f1e44e89c71c72d79da","name":"Irmao","image":{"@type":"ImageObject","inLanguage":"pt-BR","@id":"https:\/\/secure.gravatar.com\/avatar\/?s=96&d=mm&r=g","url":"https:\/\/secure.gravatar.com\/avatar\/?s=96&d=mm&r=g","contentUrl":"https:\/\/secure.gravatar.com\/avatar\/?s=96&d=mm&r=g","caption":"Irmao"},"url":"https:\/\/salmosbiblicos.com.br\/index.php\/author\/irmao\/"}]}},"_links":{"self":[{"href":"https:\/\/salmosbiblicos.com.br\/index.php\/wp-json\/wp\/v2\/posts\/5229","targetHints":{"allow":["GET"]}}],"collection":[{"href":"https:\/\/salmosbiblicos.com.br\/index.php\/wp-json\/wp\/v2\/posts"}],"about":[{"href":"https:\/\/salmosbiblicos.com.br\/index.php\/wp-json\/wp\/v2\/types\/post"}],"author":[{"embeddable":true,"href":"https:\/\/salmosbiblicos.com.br\/index.php\/wp-json\/wp\/v2\/users\/2"}],"replies":[{"embeddable":true,"href":"https:\/\/salmosbiblicos.com.br\/index.php\/wp-json\/wp\/v2\/comments?post=5229"}],"version-history":[{"count":0,"href":"https:\/\/salmosbiblicos.com.br\/index.php\/wp-json\/wp\/v2\/posts\/5229\/revisions"}],"wp:attachment":[{"href":"https:\/\/salmosbiblicos.com.br\/index.php\/wp-json\/wp\/v2\/media?parent=5229"}],"wp:term":[{"taxonomy":"category","embeddable":true,"href":"https:\/\/salmosbiblicos.com.br\/index.php\/wp-json\/wp\/v2\/categories?post=5229"},{"taxonomy":"post_tag","embeddable":true,"href":"https:\/\/salmosbiblicos.com.br\/index.php\/wp-json\/wp\/v2\/tags?post=5229"}],"curies":[{"name":"wp","href":"https:\/\/api.w.org\/{rel}","templated":true}]}}