{"id":5233,"date":"2025-05-16T05:56:40","date_gmt":"2025-05-16T08:56:40","guid":{"rendered":"https:\/\/salmosbiblicos.com.br\/?p=5233"},"modified":"2025-05-16T05:56:40","modified_gmt":"2025-05-16T08:56:40","slug":"o-poder-da-oracao-em-grupo-fortalecendo-a-fe-e-unindo-coracoes-em-comunhao","status":"publish","type":"post","link":"https:\/\/salmosbiblicos.com.br\/index.php\/2025\/05\/16\/o-poder-da-oracao-em-grupo-fortalecendo-a-fe-e-unindo-coracoes-em-comunhao\/","title":{"rendered":"O poder da ora\u00e7\u00e3o em grupo: fortalecendo a f\u00e9 e unindo cora\u00e7\u00f5es em comunh\u00e3o"},"content":{"rendered":"<p>Os grupos de ora\u00e7\u00e3o s\u00e3o espa\u00e7os preciosos dentro da comunidade cat\u00f3lica, onde os fi\u00e9is se re\u00fanem para fortalecer sua f\u00e9, compartilhar suas inten\u00e7\u00f5es e elevar suas preces a Deus. Esses encontros s\u00e3o momentos de comunh\u00e3o, onde podemos sentir a presen\u00e7a do Esp\u00edrito Santo agindo em meio a n\u00f3s, fortalecendo-nos e renovando nossa esperan\u00e7a.<\/p>\n<p>Em Salmos, \u00e9 dito que &#8220;onde dois ou mais estiverem reunidos em meu nome, ali estarei no meio deles&#8221;. Isso nos lembra da import\u00e2ncia da uni\u00e3o e da ora\u00e7\u00e3o em grupo. Quando nos unimos em ora\u00e7\u00e3o, somos fortalecidos pela f\u00e9 uns dos outros, e nossas preces ganham ainda mais for\u00e7a diante de Deus.<\/p>\n<p>Nesses encontros de ora\u00e7\u00e3o, podemos encontrar consolo para nossas dores, for\u00e7a para enfrentar nossos desafios e alegria para celebrar nossas vit\u00f3rias. \u00c9 um momento de partilha e de intercess\u00e3o m\u00fatua, onde podemos nos colocar diante do Senhor em humildade e confian\u00e7a, sabendo que Ele nos ouve e atende as nossas s\u00faplicas.<\/p>\n<p>Que possamos valorizar e participar ativamente dos grupos de ora\u00e7\u00e3o em nossas comunidades, pois s\u00e3o verdadeiros o\u00e1sis espirituais em meio ao mundo agitado em que vivemos. Que possamos nos unir em ora\u00e7\u00e3o, fortalecendo uns aos outros em nossa caminhada de f\u00e9, e confiando que Deus est\u00e1 sempre ao nosso lado, guiando-nos e sustentando-nos em todos os momentos.<\/p>\n<p>Que a nossa f\u00e9 seja fortalecida a cada encontro de ora\u00e7\u00e3o, e que possamos sentir a presen\u00e7a do Esp\u00edrito Santo agindo em nosso meio, renovando-nos e capacitando-nos para viver de acordo com a vontade de Deus. A ora\u00e7\u00e3o em grupo \u00e9 uma poderosa ferramenta espiritual que nos conecta com o divino e nos fortalece para enfrentar os desafios da vida com esperan\u00e7a e confian\u00e7a.<\/p>\n","protected":false},"excerpt":{"rendered":"<p>Os grupos de ora\u00e7\u00e3o s\u00e3o espa\u00e7os preciosos dentro da comunidade cat\u00f3lica, onde os fi\u00e9is se re\u00fanem para fortalecer sua f\u00e9, compartilhar suas inten\u00e7\u00f5es e elevar suas preces a Deus. Esses encontros s\u00e3o momentos de comunh\u00e3o, onde podemos sentir a presen\u00e7a do Esp\u00edrito Santo agindo em meio a n\u00f3s, fortalecendo-nos e renovando nossa esperan\u00e7a. Em Salmos, [&hellip;]<\/p>\n","protected":false},"author":2,"featured_media":0,"comment_status":"closed","ping_status":"open","sticky":false,"template":"","format":"standard","meta":{"footnotes":""},"categories":[11],"tags":[],"class_list":["post-5233","post","type-post","status-publish","format-standard","hentry","category-salmos"],"yoast_head":"<!-- This site is optimized with the Yoast SEO plugin v27.2 - https:\/\/yoast.com\/product\/yoast-seo-wordpress\/ -->\n<title>O poder da ora\u00e7\u00e3o em grupo: fortalecendo a f\u00e9 e unindo cora\u00e7\u00f5es em comunh\u00e3o - Salmos B\u00edblicos<\/title>\n<meta name=\"robots\" content=\"index, follow, max-snippet:-1, max-image-preview:large, max-video-preview:-1\" \/>\n<link rel=\"canonical\" href=\"https:\/\/salmosbiblicos.com.br\/index.php\/2025\/05\/16\/o-poder-da-oracao-em-grupo-fortalecendo-a-fe-e-unindo-coracoes-em-comunhao\/\" \/>\n<meta property=\"og:locale\" content=\"pt_BR\" \/>\n<meta property=\"og:type\" content=\"article\" \/>\n<meta property=\"og:title\" content=\"O poder da ora\u00e7\u00e3o em grupo: fortalecendo a f\u00e9 e unindo cora\u00e7\u00f5es em comunh\u00e3o - Salmos B\u00edblicos\" \/>\n<meta property=\"og:description\" content=\"Os grupos de ora\u00e7\u00e3o s\u00e3o espa\u00e7os preciosos dentro da comunidade cat\u00f3lica, onde os fi\u00e9is se re\u00fanem para fortalecer sua f\u00e9, compartilhar suas inten\u00e7\u00f5es e elevar suas preces a Deus. Esses encontros s\u00e3o momentos de comunh\u00e3o, onde podemos sentir a presen\u00e7a do Esp\u00edrito Santo agindo em meio a n\u00f3s, fortalecendo-nos e renovando nossa esperan\u00e7a. Em Salmos, [&hellip;]\" \/>\n<meta property=\"og:url\" content=\"https:\/\/salmosbiblicos.com.br\/index.php\/2025\/05\/16\/o-poder-da-oracao-em-grupo-fortalecendo-a-fe-e-unindo-coracoes-em-comunhao\/\" \/>\n<meta property=\"og:site_name\" content=\"Salmos B\u00edblicos\" \/>\n<meta property=\"article:published_time\" content=\"2025-05-16T08:56:40+00:00\" \/>\n<meta name=\"author\" content=\"Irmao\" \/>\n<meta name=\"twitter:card\" content=\"summary_large_image\" \/>\n<meta name=\"twitter:label1\" content=\"Escrito por\" \/>\n\t<meta name=\"twitter:data1\" content=\"Irmao\" \/>\n\t<meta name=\"twitter:label2\" content=\"Est. tempo de leitura\" \/>\n\t<meta name=\"twitter:data2\" content=\"2 minutos\" \/>\n<script type=\"application\/ld+json\" class=\"yoast-schema-graph\">{\"@context\":\"https:\/\/schema.org\",\"@graph\":[{\"@type\":\"Article\",\"@id\":\"https:\/\/salmosbiblicos.com.br\/index.php\/2025\/05\/16\/o-poder-da-oracao-em-grupo-fortalecendo-a-fe-e-unindo-coracoes-em-comunhao\/#article\",\"isPartOf\":{\"@id\":\"https:\/\/salmosbiblicos.com.br\/index.php\/2025\/05\/16\/o-poder-da-oracao-em-grupo-fortalecendo-a-fe-e-unindo-coracoes-em-comunhao\/\"},\"author\":{\"name\":\"Irmao\",\"@id\":\"https:\/\/salmosbiblicos.com.br\/#\/schema\/person\/760735259ba35f1e44e89c71c72d79da\"},\"headline\":\"O poder da ora\u00e7\u00e3o em grupo: fortalecendo a f\u00e9 e unindo cora\u00e7\u00f5es em comunh\u00e3o\",\"datePublished\":\"2025-05-16T08:56:40+00:00\",\"mainEntityOfPage\":{\"@id\":\"https:\/\/salmosbiblicos.com.br\/index.php\/2025\/05\/16\/o-poder-da-oracao-em-grupo-fortalecendo-a-fe-e-unindo-coracoes-em-comunhao\/\"},\"wordCount\":327,\"articleSection\":[\"Salmos\"],\"inLanguage\":\"pt-BR\"},{\"@type\":\"WebPage\",\"@id\":\"https:\/\/salmosbiblicos.com.br\/index.php\/2025\/05\/16\/o-poder-da-oracao-em-grupo-fortalecendo-a-fe-e-unindo-coracoes-em-comunhao\/\",\"url\":\"https:\/\/salmosbiblicos.com.br\/index.php\/2025\/05\/16\/o-poder-da-oracao-em-grupo-fortalecendo-a-fe-e-unindo-coracoes-em-comunhao\/\",\"name\":\"O poder da ora\u00e7\u00e3o em grupo: fortalecendo a f\u00e9 e unindo cora\u00e7\u00f5es em comunh\u00e3o - Salmos B\u00edblicos\",\"isPartOf\":{\"@id\":\"https:\/\/salmosbiblicos.com.br\/#website\"},\"datePublished\":\"2025-05-16T08:56:40+00:00\",\"author\":{\"@id\":\"https:\/\/salmosbiblicos.com.br\/#\/schema\/person\/760735259ba35f1e44e89c71c72d79da\"},\"breadcrumb\":{\"@id\":\"https:\/\/salmosbiblicos.com.br\/index.php\/2025\/05\/16\/o-poder-da-oracao-em-grupo-fortalecendo-a-fe-e-unindo-coracoes-em-comunhao\/#breadcrumb\"},\"inLanguage\":\"pt-BR\",\"potentialAction\":[{\"@type\":\"ReadAction\",\"target\":[\"https:\/\/salmosbiblicos.com.br\/index.php\/2025\/05\/16\/o-poder-da-oracao-em-grupo-fortalecendo-a-fe-e-unindo-coracoes-em-comunhao\/\"]}]},{\"@type\":\"BreadcrumbList\",\"@id\":\"https:\/\/salmosbiblicos.com.br\/index.php\/2025\/05\/16\/o-poder-da-oracao-em-grupo-fortalecendo-a-fe-e-unindo-coracoes-em-comunhao\/#breadcrumb\",\"itemListElement\":[{\"@type\":\"ListItem\",\"position\":1,\"name\":\"Home\",\"item\":\"https:\/\/salmosbiblicos.com.br\/\"},{\"@type\":\"ListItem\",\"position\":2,\"name\":\"O poder da ora\u00e7\u00e3o em grupo: fortalecendo a f\u00e9 e unindo cora\u00e7\u00f5es em comunh\u00e3o\"}]},{\"@type\":\"WebSite\",\"@id\":\"https:\/\/salmosbiblicos.com.br\/#website\",\"url\":\"https:\/\/salmosbiblicos.com.br\/\",\"name\":\"Salmos B\u00edblicos\",\"description\":\"Uma e-Livraria com e-Books novos para voc\u00ea refletir.\",\"potentialAction\":[{\"@type\":\"SearchAction\",\"target\":{\"@type\":\"EntryPoint\",\"urlTemplate\":\"https:\/\/salmosbiblicos.com.br\/?s={search_term_string}\"},\"query-input\":{\"@type\":\"PropertyValueSpecification\",\"valueRequired\":true,\"valueName\":\"search_term_string\"}}],\"inLanguage\":\"pt-BR\"},{\"@type\":\"Person\",\"@id\":\"https:\/\/salmosbiblicos.com.br\/#\/schema\/person\/760735259ba35f1e44e89c71c72d79da\",\"name\":\"Irmao\",\"image\":{\"@type\":\"ImageObject\",\"inLanguage\":\"pt-BR\",\"@id\":\"https:\/\/secure.gravatar.com\/avatar\/?s=96&d=mm&r=g\",\"url\":\"https:\/\/secure.gravatar.com\/avatar\/?s=96&d=mm&r=g\",\"contentUrl\":\"https:\/\/secure.gravatar.com\/avatar\/?s=96&d=mm&r=g\",\"caption\":\"Irmao\"},\"url\":\"https:\/\/salmosbiblicos.com.br\/index.php\/author\/irmao\/\"}]}<\/script>\n<!-- \/ Yoast SEO plugin. -->","yoast_head_json":{"title":"O poder da ora\u00e7\u00e3o em grupo: fortalecendo a f\u00e9 e unindo cora\u00e7\u00f5es em comunh\u00e3o - Salmos B\u00edblicos","robots":{"index":"index","follow":"follow","max-snippet":"max-snippet:-1","max-image-preview":"max-image-preview:large","max-video-preview":"max-video-preview:-1"},"canonical":"https:\/\/salmosbiblicos.com.br\/index.php\/2025\/05\/16\/o-poder-da-oracao-em-grupo-fortalecendo-a-fe-e-unindo-coracoes-em-comunhao\/","og_locale":"pt_BR","og_type":"article","og_title":"O poder da ora\u00e7\u00e3o em grupo: fortalecendo a f\u00e9 e unindo cora\u00e7\u00f5es em comunh\u00e3o - Salmos B\u00edblicos","og_description":"Os grupos de ora\u00e7\u00e3o s\u00e3o espa\u00e7os preciosos dentro da comunidade cat\u00f3lica, onde os fi\u00e9is se re\u00fanem para fortalecer sua f\u00e9, compartilhar suas inten\u00e7\u00f5es e elevar suas preces a Deus. Esses encontros s\u00e3o momentos de comunh\u00e3o, onde podemos sentir a presen\u00e7a do Esp\u00edrito Santo agindo em meio a n\u00f3s, fortalecendo-nos e renovando nossa esperan\u00e7a. Em Salmos, [&hellip;]","og_url":"https:\/\/salmosbiblicos.com.br\/index.php\/2025\/05\/16\/o-poder-da-oracao-em-grupo-fortalecendo-a-fe-e-unindo-coracoes-em-comunhao\/","og_site_name":"Salmos B\u00edblicos","article_published_time":"2025-05-16T08:56:40+00:00","author":"Irmao","twitter_card":"summary_large_image","twitter_misc":{"Escrito por":"Irmao","Est. tempo de leitura":"2 minutos"},"schema":{"@context":"https:\/\/schema.org","@graph":[{"@type":"Article","@id":"https:\/\/salmosbiblicos.com.br\/index.php\/2025\/05\/16\/o-poder-da-oracao-em-grupo-fortalecendo-a-fe-e-unindo-coracoes-em-comunhao\/#article","isPartOf":{"@id":"https:\/\/salmosbiblicos.com.br\/index.php\/2025\/05\/16\/o-poder-da-oracao-em-grupo-fortalecendo-a-fe-e-unindo-coracoes-em-comunhao\/"},"author":{"name":"Irmao","@id":"https:\/\/salmosbiblicos.com.br\/#\/schema\/person\/760735259ba35f1e44e89c71c72d79da"},"headline":"O poder da ora\u00e7\u00e3o em grupo: fortalecendo a f\u00e9 e unindo cora\u00e7\u00f5es em comunh\u00e3o","datePublished":"2025-05-16T08:56:40+00:00","mainEntityOfPage":{"@id":"https:\/\/salmosbiblicos.com.br\/index.php\/2025\/05\/16\/o-poder-da-oracao-em-grupo-fortalecendo-a-fe-e-unindo-coracoes-em-comunhao\/"},"wordCount":327,"articleSection":["Salmos"],"inLanguage":"pt-BR"},{"@type":"WebPage","@id":"https:\/\/salmosbiblicos.com.br\/index.php\/2025\/05\/16\/o-poder-da-oracao-em-grupo-fortalecendo-a-fe-e-unindo-coracoes-em-comunhao\/","url":"https:\/\/salmosbiblicos.com.br\/index.php\/2025\/05\/16\/o-poder-da-oracao-em-grupo-fortalecendo-a-fe-e-unindo-coracoes-em-comunhao\/","name":"O poder da ora\u00e7\u00e3o em grupo: fortalecendo a f\u00e9 e unindo cora\u00e7\u00f5es em comunh\u00e3o - Salmos B\u00edblicos","isPartOf":{"@id":"https:\/\/salmosbiblicos.com.br\/#website"},"datePublished":"2025-05-16T08:56:40+00:00","author":{"@id":"https:\/\/salmosbiblicos.com.br\/#\/schema\/person\/760735259ba35f1e44e89c71c72d79da"},"breadcrumb":{"@id":"https:\/\/salmosbiblicos.com.br\/index.php\/2025\/05\/16\/o-poder-da-oracao-em-grupo-fortalecendo-a-fe-e-unindo-coracoes-em-comunhao\/#breadcrumb"},"inLanguage":"pt-BR","potentialAction":[{"@type":"ReadAction","target":["https:\/\/salmosbiblicos.com.br\/index.php\/2025\/05\/16\/o-poder-da-oracao-em-grupo-fortalecendo-a-fe-e-unindo-coracoes-em-comunhao\/"]}]},{"@type":"BreadcrumbList","@id":"https:\/\/salmosbiblicos.com.br\/index.php\/2025\/05\/16\/o-poder-da-oracao-em-grupo-fortalecendo-a-fe-e-unindo-coracoes-em-comunhao\/#breadcrumb","itemListElement":[{"@type":"ListItem","position":1,"name":"Home","item":"https:\/\/salmosbiblicos.com.br\/"},{"@type":"ListItem","position":2,"name":"O poder da ora\u00e7\u00e3o em grupo: fortalecendo a f\u00e9 e unindo cora\u00e7\u00f5es em comunh\u00e3o"}]},{"@type":"WebSite","@id":"https:\/\/salmosbiblicos.com.br\/#website","url":"https:\/\/salmosbiblicos.com.br\/","name":"Salmos B\u00edblicos","description":"Uma e-Livraria com e-Books novos para voc\u00ea refletir.","potentialAction":[{"@type":"SearchAction","target":{"@type":"EntryPoint","urlTemplate":"https:\/\/salmosbiblicos.com.br\/?s={search_term_string}"},"query-input":{"@type":"PropertyValueSpecification","valueRequired":true,"valueName":"search_term_string"}}],"inLanguage":"pt-BR"},{"@type":"Person","@id":"https:\/\/salmosbiblicos.com.br\/#\/schema\/person\/760735259ba35f1e44e89c71c72d79da","name":"Irmao","image":{"@type":"ImageObject","inLanguage":"pt-BR","@id":"https:\/\/secure.gravatar.com\/avatar\/?s=96&d=mm&r=g","url":"https:\/\/secure.gravatar.com\/avatar\/?s=96&d=mm&r=g","contentUrl":"https:\/\/secure.gravatar.com\/avatar\/?s=96&d=mm&r=g","caption":"Irmao"},"url":"https:\/\/salmosbiblicos.com.br\/index.php\/author\/irmao\/"}]}},"_links":{"self":[{"href":"https:\/\/salmosbiblicos.com.br\/index.php\/wp-json\/wp\/v2\/posts\/5233","targetHints":{"allow":["GET"]}}],"collection":[{"href":"https:\/\/salmosbiblicos.com.br\/index.php\/wp-json\/wp\/v2\/posts"}],"about":[{"href":"https:\/\/salmosbiblicos.com.br\/index.php\/wp-json\/wp\/v2\/types\/post"}],"author":[{"embeddable":true,"href":"https:\/\/salmosbiblicos.com.br\/index.php\/wp-json\/wp\/v2\/users\/2"}],"replies":[{"embeddable":true,"href":"https:\/\/salmosbiblicos.com.br\/index.php\/wp-json\/wp\/v2\/comments?post=5233"}],"version-history":[{"count":0,"href":"https:\/\/salmosbiblicos.com.br\/index.php\/wp-json\/wp\/v2\/posts\/5233\/revisions"}],"wp:attachment":[{"href":"https:\/\/salmosbiblicos.com.br\/index.php\/wp-json\/wp\/v2\/media?parent=5233"}],"wp:term":[{"taxonomy":"category","embeddable":true,"href":"https:\/\/salmosbiblicos.com.br\/index.php\/wp-json\/wp\/v2\/categories?post=5233"},{"taxonomy":"post_tag","embeddable":true,"href":"https:\/\/salmosbiblicos.com.br\/index.php\/wp-json\/wp\/v2\/tags?post=5233"}],"curies":[{"name":"wp","href":"https:\/\/api.w.org\/{rel}","templated":true}]}}