{"id":5237,"date":"2025-05-16T05:56:56","date_gmt":"2025-05-16T08:56:56","guid":{"rendered":"https:\/\/salmosbiblicos.com.br\/?p=5237"},"modified":"2025-05-16T05:56:56","modified_gmt":"2025-05-16T08:56:56","slug":"a-forca-da-oracao-em-comunidade-fortalecendo-a-fe-e-a-uniao-na-igreja","status":"publish","type":"post","link":"https:\/\/salmosbiblicos.com.br\/index.php\/2025\/05\/16\/a-forca-da-oracao-em-comunidade-fortalecendo-a-fe-e-a-uniao-na-igreja\/","title":{"rendered":"A for\u00e7a da ora\u00e7\u00e3o em comunidade: fortalecendo a f\u00e9 e a uni\u00e3o na Igreja"},"content":{"rendered":"<p>Os grupos de ora\u00e7\u00e3o s\u00e3o um verdadeiro tesouro na vida da Igreja Cat\u00f3lica. S\u00e3o espa\u00e7os onde os fi\u00e9is se re\u00fanem para fortalecer a f\u00e9, compartilhar suas inten\u00e7\u00f5es e louvar a Deus em comunh\u00e3o. Esses encontros s\u00e3o momentos preciosos de conex\u00e3o espiritual e crescimento na vida de ora\u00e7\u00e3o.<\/p>\n<p>Quando nos unimos em grupo para orar, experimentamos o poder da intercess\u00e3o e da comunh\u00e3o fraterna. A B\u00edblia nos ensina que onde dois ou mais estiverem reunidos em nome de Deus, Ele estar\u00e1 presente no meio deles. Assim, os grupos de ora\u00e7\u00e3o se tornam lugares onde podemos sentir a presen\u00e7a viva do Esp\u00edrito Santo agindo em nossas vidas.<\/p>\n<p>Ao nos unirmos em ora\u00e7\u00e3o, somos fortalecidos em nossa f\u00e9 e encorajados a perseverar diante das dificuldades. Os salmos nos lembram da import\u00e2ncia de buscar a Deus em todos os momentos de nossa vida, confiando em Sua miseric\u00f3rdia e amor incondicional.<\/p>\n<p>Nesses grupos, tamb\u00e9m encontramos apoio e amizade, pois compartilhamos nossas alegrias e ang\u00fastias uns com os outros, formando la\u00e7os de solidariedade e compaix\u00e3o. Assim como nos ensina o Salmo, \u00e9 bom e agrad\u00e1vel viver em uni\u00e3o e harmonia com nossos irm\u00e3os e irm\u00e3s na f\u00e9.<\/p>\n<p>Que possamos valorizar e participar ativamente dos grupos de ora\u00e7\u00e3o em nossas comunidades, pois s\u00e3o verdadeiras fontes de b\u00ean\u00e7\u00e3os e gra\u00e7as divinas. Que possamos nos unir em ora\u00e7\u00e3o, louvor e adora\u00e7\u00e3o, fortalecendo uns aos outros em nossa caminhada de f\u00e9.<\/p>\n<p>Que a esperan\u00e7a e a confian\u00e7a em Deus nos guiem sempre, sabendo que Ele est\u00e1 sempre ao nosso lado, ouvindo nossas preces e cuidando de n\u00f3s em todos os momentos de nossa vida. Que nossa f\u00e9 seja fortalecida e nossa comunh\u00e3o com os irm\u00e3os e irm\u00e3s na f\u00e9 seja cada vez mais profunda. Am\u00e9m.<\/p>\n","protected":false},"excerpt":{"rendered":"<p>Os grupos de ora\u00e7\u00e3o s\u00e3o um verdadeiro tesouro na vida da Igreja Cat\u00f3lica. S\u00e3o espa\u00e7os onde os fi\u00e9is se re\u00fanem para fortalecer a f\u00e9, compartilhar suas inten\u00e7\u00f5es e louvar a Deus em comunh\u00e3o. Esses encontros s\u00e3o momentos preciosos de conex\u00e3o espiritual e crescimento na vida de ora\u00e7\u00e3o. Quando nos unimos em grupo para orar, experimentamos [&hellip;]<\/p>\n","protected":false},"author":2,"featured_media":0,"comment_status":"closed","ping_status":"open","sticky":false,"template":"","format":"standard","meta":{"footnotes":""},"categories":[11],"tags":[],"class_list":["post-5237","post","type-post","status-publish","format-standard","hentry","category-salmos"],"yoast_head":"<!-- This site is optimized with the Yoast SEO plugin v27.2 - https:\/\/yoast.com\/product\/yoast-seo-wordpress\/ -->\n<title>A for\u00e7a da ora\u00e7\u00e3o em comunidade: fortalecendo a f\u00e9 e a uni\u00e3o na Igreja - Salmos B\u00edblicos<\/title>\n<meta name=\"robots\" content=\"index, follow, max-snippet:-1, max-image-preview:large, max-video-preview:-1\" \/>\n<link rel=\"canonical\" href=\"https:\/\/salmosbiblicos.com.br\/index.php\/2025\/05\/16\/a-forca-da-oracao-em-comunidade-fortalecendo-a-fe-e-a-uniao-na-igreja\/\" \/>\n<meta property=\"og:locale\" content=\"pt_BR\" \/>\n<meta property=\"og:type\" content=\"article\" \/>\n<meta property=\"og:title\" content=\"A for\u00e7a da ora\u00e7\u00e3o em comunidade: fortalecendo a f\u00e9 e a uni\u00e3o na Igreja - Salmos B\u00edblicos\" \/>\n<meta property=\"og:description\" content=\"Os grupos de ora\u00e7\u00e3o s\u00e3o um verdadeiro tesouro na vida da Igreja Cat\u00f3lica. S\u00e3o espa\u00e7os onde os fi\u00e9is se re\u00fanem para fortalecer a f\u00e9, compartilhar suas inten\u00e7\u00f5es e louvar a Deus em comunh\u00e3o. Esses encontros s\u00e3o momentos preciosos de conex\u00e3o espiritual e crescimento na vida de ora\u00e7\u00e3o. Quando nos unimos em grupo para orar, experimentamos [&hellip;]\" \/>\n<meta property=\"og:url\" content=\"https:\/\/salmosbiblicos.com.br\/index.php\/2025\/05\/16\/a-forca-da-oracao-em-comunidade-fortalecendo-a-fe-e-a-uniao-na-igreja\/\" \/>\n<meta property=\"og:site_name\" content=\"Salmos B\u00edblicos\" \/>\n<meta property=\"article:published_time\" content=\"2025-05-16T08:56:56+00:00\" \/>\n<meta name=\"author\" content=\"Irmao\" \/>\n<meta name=\"twitter:card\" content=\"summary_large_image\" \/>\n<meta name=\"twitter:label1\" content=\"Escrito por\" \/>\n\t<meta name=\"twitter:data1\" content=\"Irmao\" \/>\n\t<meta name=\"twitter:label2\" content=\"Est. tempo de leitura\" \/>\n\t<meta name=\"twitter:data2\" content=\"2 minutos\" \/>\n<script type=\"application\/ld+json\" class=\"yoast-schema-graph\">{\"@context\":\"https:\/\/schema.org\",\"@graph\":[{\"@type\":\"Article\",\"@id\":\"https:\/\/salmosbiblicos.com.br\/index.php\/2025\/05\/16\/a-forca-da-oracao-em-comunidade-fortalecendo-a-fe-e-a-uniao-na-igreja\/#article\",\"isPartOf\":{\"@id\":\"https:\/\/salmosbiblicos.com.br\/index.php\/2025\/05\/16\/a-forca-da-oracao-em-comunidade-fortalecendo-a-fe-e-a-uniao-na-igreja\/\"},\"author\":{\"name\":\"Irmao\",\"@id\":\"https:\/\/salmosbiblicos.com.br\/#\/schema\/person\/760735259ba35f1e44e89c71c72d79da\"},\"headline\":\"A for\u00e7a da ora\u00e7\u00e3o em comunidade: fortalecendo a f\u00e9 e a uni\u00e3o na Igreja\",\"datePublished\":\"2025-05-16T08:56:56+00:00\",\"mainEntityOfPage\":{\"@id\":\"https:\/\/salmosbiblicos.com.br\/index.php\/2025\/05\/16\/a-forca-da-oracao-em-comunidade-fortalecendo-a-fe-e-a-uniao-na-igreja\/\"},\"wordCount\":344,\"articleSection\":[\"Salmos\"],\"inLanguage\":\"pt-BR\"},{\"@type\":\"WebPage\",\"@id\":\"https:\/\/salmosbiblicos.com.br\/index.php\/2025\/05\/16\/a-forca-da-oracao-em-comunidade-fortalecendo-a-fe-e-a-uniao-na-igreja\/\",\"url\":\"https:\/\/salmosbiblicos.com.br\/index.php\/2025\/05\/16\/a-forca-da-oracao-em-comunidade-fortalecendo-a-fe-e-a-uniao-na-igreja\/\",\"name\":\"A for\u00e7a da ora\u00e7\u00e3o em comunidade: fortalecendo a f\u00e9 e a uni\u00e3o na Igreja - Salmos B\u00edblicos\",\"isPartOf\":{\"@id\":\"https:\/\/salmosbiblicos.com.br\/#website\"},\"datePublished\":\"2025-05-16T08:56:56+00:00\",\"author\":{\"@id\":\"https:\/\/salmosbiblicos.com.br\/#\/schema\/person\/760735259ba35f1e44e89c71c72d79da\"},\"breadcrumb\":{\"@id\":\"https:\/\/salmosbiblicos.com.br\/index.php\/2025\/05\/16\/a-forca-da-oracao-em-comunidade-fortalecendo-a-fe-e-a-uniao-na-igreja\/#breadcrumb\"},\"inLanguage\":\"pt-BR\",\"potentialAction\":[{\"@type\":\"ReadAction\",\"target\":[\"https:\/\/salmosbiblicos.com.br\/index.php\/2025\/05\/16\/a-forca-da-oracao-em-comunidade-fortalecendo-a-fe-e-a-uniao-na-igreja\/\"]}]},{\"@type\":\"BreadcrumbList\",\"@id\":\"https:\/\/salmosbiblicos.com.br\/index.php\/2025\/05\/16\/a-forca-da-oracao-em-comunidade-fortalecendo-a-fe-e-a-uniao-na-igreja\/#breadcrumb\",\"itemListElement\":[{\"@type\":\"ListItem\",\"position\":1,\"name\":\"Home\",\"item\":\"https:\/\/salmosbiblicos.com.br\/\"},{\"@type\":\"ListItem\",\"position\":2,\"name\":\"A for\u00e7a da ora\u00e7\u00e3o em comunidade: fortalecendo a f\u00e9 e a uni\u00e3o na Igreja\"}]},{\"@type\":\"WebSite\",\"@id\":\"https:\/\/salmosbiblicos.com.br\/#website\",\"url\":\"https:\/\/salmosbiblicos.com.br\/\",\"name\":\"Salmos B\u00edblicos\",\"description\":\"Uma e-Livraria com e-Books novos para voc\u00ea refletir.\",\"potentialAction\":[{\"@type\":\"SearchAction\",\"target\":{\"@type\":\"EntryPoint\",\"urlTemplate\":\"https:\/\/salmosbiblicos.com.br\/?s={search_term_string}\"},\"query-input\":{\"@type\":\"PropertyValueSpecification\",\"valueRequired\":true,\"valueName\":\"search_term_string\"}}],\"inLanguage\":\"pt-BR\"},{\"@type\":\"Person\",\"@id\":\"https:\/\/salmosbiblicos.com.br\/#\/schema\/person\/760735259ba35f1e44e89c71c72d79da\",\"name\":\"Irmao\",\"image\":{\"@type\":\"ImageObject\",\"inLanguage\":\"pt-BR\",\"@id\":\"https:\/\/secure.gravatar.com\/avatar\/?s=96&d=mm&r=g\",\"url\":\"https:\/\/secure.gravatar.com\/avatar\/?s=96&d=mm&r=g\",\"contentUrl\":\"https:\/\/secure.gravatar.com\/avatar\/?s=96&d=mm&r=g\",\"caption\":\"Irmao\"},\"url\":\"https:\/\/salmosbiblicos.com.br\/index.php\/author\/irmao\/\"}]}<\/script>\n<!-- \/ Yoast SEO plugin. -->","yoast_head_json":{"title":"A for\u00e7a da ora\u00e7\u00e3o em comunidade: fortalecendo a f\u00e9 e a uni\u00e3o na Igreja - Salmos B\u00edblicos","robots":{"index":"index","follow":"follow","max-snippet":"max-snippet:-1","max-image-preview":"max-image-preview:large","max-video-preview":"max-video-preview:-1"},"canonical":"https:\/\/salmosbiblicos.com.br\/index.php\/2025\/05\/16\/a-forca-da-oracao-em-comunidade-fortalecendo-a-fe-e-a-uniao-na-igreja\/","og_locale":"pt_BR","og_type":"article","og_title":"A for\u00e7a da ora\u00e7\u00e3o em comunidade: fortalecendo a f\u00e9 e a uni\u00e3o na Igreja - Salmos B\u00edblicos","og_description":"Os grupos de ora\u00e7\u00e3o s\u00e3o um verdadeiro tesouro na vida da Igreja Cat\u00f3lica. S\u00e3o espa\u00e7os onde os fi\u00e9is se re\u00fanem para fortalecer a f\u00e9, compartilhar suas inten\u00e7\u00f5es e louvar a Deus em comunh\u00e3o. Esses encontros s\u00e3o momentos preciosos de conex\u00e3o espiritual e crescimento na vida de ora\u00e7\u00e3o. Quando nos unimos em grupo para orar, experimentamos [&hellip;]","og_url":"https:\/\/salmosbiblicos.com.br\/index.php\/2025\/05\/16\/a-forca-da-oracao-em-comunidade-fortalecendo-a-fe-e-a-uniao-na-igreja\/","og_site_name":"Salmos B\u00edblicos","article_published_time":"2025-05-16T08:56:56+00:00","author":"Irmao","twitter_card":"summary_large_image","twitter_misc":{"Escrito por":"Irmao","Est. tempo de leitura":"2 minutos"},"schema":{"@context":"https:\/\/schema.org","@graph":[{"@type":"Article","@id":"https:\/\/salmosbiblicos.com.br\/index.php\/2025\/05\/16\/a-forca-da-oracao-em-comunidade-fortalecendo-a-fe-e-a-uniao-na-igreja\/#article","isPartOf":{"@id":"https:\/\/salmosbiblicos.com.br\/index.php\/2025\/05\/16\/a-forca-da-oracao-em-comunidade-fortalecendo-a-fe-e-a-uniao-na-igreja\/"},"author":{"name":"Irmao","@id":"https:\/\/salmosbiblicos.com.br\/#\/schema\/person\/760735259ba35f1e44e89c71c72d79da"},"headline":"A for\u00e7a da ora\u00e7\u00e3o em comunidade: fortalecendo a f\u00e9 e a uni\u00e3o na Igreja","datePublished":"2025-05-16T08:56:56+00:00","mainEntityOfPage":{"@id":"https:\/\/salmosbiblicos.com.br\/index.php\/2025\/05\/16\/a-forca-da-oracao-em-comunidade-fortalecendo-a-fe-e-a-uniao-na-igreja\/"},"wordCount":344,"articleSection":["Salmos"],"inLanguage":"pt-BR"},{"@type":"WebPage","@id":"https:\/\/salmosbiblicos.com.br\/index.php\/2025\/05\/16\/a-forca-da-oracao-em-comunidade-fortalecendo-a-fe-e-a-uniao-na-igreja\/","url":"https:\/\/salmosbiblicos.com.br\/index.php\/2025\/05\/16\/a-forca-da-oracao-em-comunidade-fortalecendo-a-fe-e-a-uniao-na-igreja\/","name":"A for\u00e7a da ora\u00e7\u00e3o em comunidade: fortalecendo a f\u00e9 e a uni\u00e3o na Igreja - Salmos B\u00edblicos","isPartOf":{"@id":"https:\/\/salmosbiblicos.com.br\/#website"},"datePublished":"2025-05-16T08:56:56+00:00","author":{"@id":"https:\/\/salmosbiblicos.com.br\/#\/schema\/person\/760735259ba35f1e44e89c71c72d79da"},"breadcrumb":{"@id":"https:\/\/salmosbiblicos.com.br\/index.php\/2025\/05\/16\/a-forca-da-oracao-em-comunidade-fortalecendo-a-fe-e-a-uniao-na-igreja\/#breadcrumb"},"inLanguage":"pt-BR","potentialAction":[{"@type":"ReadAction","target":["https:\/\/salmosbiblicos.com.br\/index.php\/2025\/05\/16\/a-forca-da-oracao-em-comunidade-fortalecendo-a-fe-e-a-uniao-na-igreja\/"]}]},{"@type":"BreadcrumbList","@id":"https:\/\/salmosbiblicos.com.br\/index.php\/2025\/05\/16\/a-forca-da-oracao-em-comunidade-fortalecendo-a-fe-e-a-uniao-na-igreja\/#breadcrumb","itemListElement":[{"@type":"ListItem","position":1,"name":"Home","item":"https:\/\/salmosbiblicos.com.br\/"},{"@type":"ListItem","position":2,"name":"A for\u00e7a da ora\u00e7\u00e3o em comunidade: fortalecendo a f\u00e9 e a uni\u00e3o na Igreja"}]},{"@type":"WebSite","@id":"https:\/\/salmosbiblicos.com.br\/#website","url":"https:\/\/salmosbiblicos.com.br\/","name":"Salmos B\u00edblicos","description":"Uma e-Livraria com e-Books novos para voc\u00ea refletir.","potentialAction":[{"@type":"SearchAction","target":{"@type":"EntryPoint","urlTemplate":"https:\/\/salmosbiblicos.com.br\/?s={search_term_string}"},"query-input":{"@type":"PropertyValueSpecification","valueRequired":true,"valueName":"search_term_string"}}],"inLanguage":"pt-BR"},{"@type":"Person","@id":"https:\/\/salmosbiblicos.com.br\/#\/schema\/person\/760735259ba35f1e44e89c71c72d79da","name":"Irmao","image":{"@type":"ImageObject","inLanguage":"pt-BR","@id":"https:\/\/secure.gravatar.com\/avatar\/?s=96&d=mm&r=g","url":"https:\/\/secure.gravatar.com\/avatar\/?s=96&d=mm&r=g","contentUrl":"https:\/\/secure.gravatar.com\/avatar\/?s=96&d=mm&r=g","caption":"Irmao"},"url":"https:\/\/salmosbiblicos.com.br\/index.php\/author\/irmao\/"}]}},"_links":{"self":[{"href":"https:\/\/salmosbiblicos.com.br\/index.php\/wp-json\/wp\/v2\/posts\/5237","targetHints":{"allow":["GET"]}}],"collection":[{"href":"https:\/\/salmosbiblicos.com.br\/index.php\/wp-json\/wp\/v2\/posts"}],"about":[{"href":"https:\/\/salmosbiblicos.com.br\/index.php\/wp-json\/wp\/v2\/types\/post"}],"author":[{"embeddable":true,"href":"https:\/\/salmosbiblicos.com.br\/index.php\/wp-json\/wp\/v2\/users\/2"}],"replies":[{"embeddable":true,"href":"https:\/\/salmosbiblicos.com.br\/index.php\/wp-json\/wp\/v2\/comments?post=5237"}],"version-history":[{"count":0,"href":"https:\/\/salmosbiblicos.com.br\/index.php\/wp-json\/wp\/v2\/posts\/5237\/revisions"}],"wp:attachment":[{"href":"https:\/\/salmosbiblicos.com.br\/index.php\/wp-json\/wp\/v2\/media?parent=5237"}],"wp:term":[{"taxonomy":"category","embeddable":true,"href":"https:\/\/salmosbiblicos.com.br\/index.php\/wp-json\/wp\/v2\/categories?post=5237"},{"taxonomy":"post_tag","embeddable":true,"href":"https:\/\/salmosbiblicos.com.br\/index.php\/wp-json\/wp\/v2\/tags?post=5237"}],"curies":[{"name":"wp","href":"https:\/\/api.w.org\/{rel}","templated":true}]}}