{"id":5271,"date":"2025-05-23T15:14:36","date_gmt":"2025-05-23T18:14:36","guid":{"rendered":"https:\/\/salmosbiblicos.com.br\/?p=5271"},"modified":"2025-05-23T15:14:36","modified_gmt":"2025-05-23T18:14:36","slug":"oracao-de-gratidao-agradecendo-a-deus-por-mais-um-dia-de-vida","status":"publish","type":"post","link":"https:\/\/salmosbiblicos.com.br\/index.php\/2025\/05\/23\/oracao-de-gratidao-agradecendo-a-deus-por-mais-um-dia-de-vida\/","title":{"rendered":"Ora\u00e7\u00e3o de Gratid\u00e3o: Agradecendo a Deus por mais um dia de vida"},"content":{"rendered":"<p>Querido Deus,<\/p>\n<p>Neste dia, venho at\u00e9 Ti com um cora\u00e7\u00e3o cheio de gratid\u00e3o. Agrade\u00e7o por mais um amanhecer, por mais uma oportunidade de viver, amar e crescer. Agrade\u00e7o por todas as b\u00ean\u00e7\u00e3os que tens derramado sobre mim e sobre aqueles que amo. <\/p>\n<p>Pe\u00e7o, Senhor, que continues a guiar os meus passos, a iluminar o meu caminho e a fortalecer a minha f\u00e9. Em momentos de d\u00favida e incerteza, ajuda-me a lembrar que est\u00e1s sempre ao meu lado, pronto para me amparar e me sustentar.<\/p>\n<p>Que a Tua paz, que excede todo entendimento, invada o meu cora\u00e7\u00e3o e acalme as tempestades que porventura estejam a me afligir. Que a Tua luz brilhe em meio \u00e0 escurid\u00e3o, mostrando-me o caminho da esperan\u00e7a e da confian\u00e7a em Ti.<\/p>\n<p>Senhor, que a minha vida seja um reflexo do Teu amor e da Tua miseric\u00f3rdia. Que eu seja instrumento de paz, de bondade e de compaix\u00e3o neste mundo que tanto precisa de Ti.<\/p>\n<p>Que a minha f\u00e9 seja inabal\u00e1vel, mesmo diante das adversidades. Que eu saiba esperar com paci\u00eancia e confiar plenamente na Tua vontade, sabendo que tudo concorre para o bem daqueles que Te amam.<\/p>\n<p>No final deste dia, entrego-me em Tuas m\u00e3os, confiante de que est\u00e1s cuidando de mim em todos os momentos. Que a Tua gra\u00e7a me acompanhe, dando-me for\u00e7as para superar os desafios e viver com alegria a Tua vontade.<\/p>\n<p>Am\u00e9m. <\/p>\n<p>Que a esperan\u00e7a brilhe em meu cora\u00e7\u00e3o, pois sei que est\u00e1s comigo em todos os momentos.<\/p>\n","protected":false},"excerpt":{"rendered":"<p>Querido Deus, Neste dia, venho at\u00e9 Ti com um cora\u00e7\u00e3o cheio de gratid\u00e3o. Agrade\u00e7o por mais um amanhecer, por mais uma oportunidade de viver, amar e crescer. Agrade\u00e7o por todas as b\u00ean\u00e7\u00e3os que tens derramado sobre mim e sobre aqueles que amo. Pe\u00e7o, Senhor, que continues a guiar os meus passos, a iluminar o meu [&hellip;]<\/p>\n","protected":false},"author":2,"featured_media":0,"comment_status":"closed","ping_status":"open","sticky":false,"template":"","format":"standard","meta":{"footnotes":""},"categories":[8],"tags":[],"class_list":["post-5271","post","type-post","status-publish","format-standard","hentry","category-oracao-do-dia"],"yoast_head":"<!-- This site is optimized with the Yoast SEO plugin v27.2 - https:\/\/yoast.com\/product\/yoast-seo-wordpress\/ -->\n<title>Ora\u00e7\u00e3o de Gratid\u00e3o: Agradecendo a Deus por mais um dia de vida - Salmos B\u00edblicos<\/title>\n<meta name=\"robots\" content=\"index, follow, max-snippet:-1, max-image-preview:large, max-video-preview:-1\" \/>\n<link rel=\"canonical\" href=\"https:\/\/salmosbiblicos.com.br\/index.php\/2025\/05\/23\/oracao-de-gratidao-agradecendo-a-deus-por-mais-um-dia-de-vida\/\" \/>\n<meta property=\"og:locale\" content=\"pt_BR\" \/>\n<meta property=\"og:type\" content=\"article\" \/>\n<meta property=\"og:title\" content=\"Ora\u00e7\u00e3o de Gratid\u00e3o: Agradecendo a Deus por mais um dia de vida - Salmos B\u00edblicos\" \/>\n<meta property=\"og:description\" content=\"Querido Deus, Neste dia, venho at\u00e9 Ti com um cora\u00e7\u00e3o cheio de gratid\u00e3o. Agrade\u00e7o por mais um amanhecer, por mais uma oportunidade de viver, amar e crescer. Agrade\u00e7o por todas as b\u00ean\u00e7\u00e3os que tens derramado sobre mim e sobre aqueles que amo. Pe\u00e7o, Senhor, que continues a guiar os meus passos, a iluminar o meu [&hellip;]\" \/>\n<meta property=\"og:url\" content=\"https:\/\/salmosbiblicos.com.br\/index.php\/2025\/05\/23\/oracao-de-gratidao-agradecendo-a-deus-por-mais-um-dia-de-vida\/\" \/>\n<meta property=\"og:site_name\" content=\"Salmos B\u00edblicos\" \/>\n<meta property=\"article:published_time\" content=\"2025-05-23T18:14:36+00:00\" \/>\n<meta name=\"author\" content=\"Irmao\" \/>\n<meta name=\"twitter:card\" content=\"summary_large_image\" \/>\n<meta name=\"twitter:label1\" content=\"Escrito por\" \/>\n\t<meta name=\"twitter:data1\" content=\"Irmao\" \/>\n\t<meta name=\"twitter:label2\" content=\"Est. tempo de leitura\" \/>\n\t<meta name=\"twitter:data2\" content=\"1 minuto\" \/>\n<script type=\"application\/ld+json\" class=\"yoast-schema-graph\">{\"@context\":\"https:\/\/schema.org\",\"@graph\":[{\"@type\":\"Article\",\"@id\":\"https:\/\/salmosbiblicos.com.br\/index.php\/2025\/05\/23\/oracao-de-gratidao-agradecendo-a-deus-por-mais-um-dia-de-vida\/#article\",\"isPartOf\":{\"@id\":\"https:\/\/salmosbiblicos.com.br\/index.php\/2025\/05\/23\/oracao-de-gratidao-agradecendo-a-deus-por-mais-um-dia-de-vida\/\"},\"author\":{\"name\":\"Irmao\",\"@id\":\"https:\/\/salmosbiblicos.com.br\/#\/schema\/person\/760735259ba35f1e44e89c71c72d79da\"},\"headline\":\"Ora\u00e7\u00e3o de Gratid\u00e3o: Agradecendo a Deus por mais um dia de vida\",\"datePublished\":\"2025-05-23T18:14:36+00:00\",\"mainEntityOfPage\":{\"@id\":\"https:\/\/salmosbiblicos.com.br\/index.php\/2025\/05\/23\/oracao-de-gratidao-agradecendo-a-deus-por-mais-um-dia-de-vida\/\"},\"wordCount\":284,\"articleSection\":[\"Ora\u00e7\u00e3o do Dia\"],\"inLanguage\":\"pt-BR\"},{\"@type\":\"WebPage\",\"@id\":\"https:\/\/salmosbiblicos.com.br\/index.php\/2025\/05\/23\/oracao-de-gratidao-agradecendo-a-deus-por-mais-um-dia-de-vida\/\",\"url\":\"https:\/\/salmosbiblicos.com.br\/index.php\/2025\/05\/23\/oracao-de-gratidao-agradecendo-a-deus-por-mais-um-dia-de-vida\/\",\"name\":\"Ora\u00e7\u00e3o de Gratid\u00e3o: Agradecendo a Deus por mais um dia de vida - Salmos B\u00edblicos\",\"isPartOf\":{\"@id\":\"https:\/\/salmosbiblicos.com.br\/#website\"},\"datePublished\":\"2025-05-23T18:14:36+00:00\",\"author\":{\"@id\":\"https:\/\/salmosbiblicos.com.br\/#\/schema\/person\/760735259ba35f1e44e89c71c72d79da\"},\"breadcrumb\":{\"@id\":\"https:\/\/salmosbiblicos.com.br\/index.php\/2025\/05\/23\/oracao-de-gratidao-agradecendo-a-deus-por-mais-um-dia-de-vida\/#breadcrumb\"},\"inLanguage\":\"pt-BR\",\"potentialAction\":[{\"@type\":\"ReadAction\",\"target\":[\"https:\/\/salmosbiblicos.com.br\/index.php\/2025\/05\/23\/oracao-de-gratidao-agradecendo-a-deus-por-mais-um-dia-de-vida\/\"]}]},{\"@type\":\"BreadcrumbList\",\"@id\":\"https:\/\/salmosbiblicos.com.br\/index.php\/2025\/05\/23\/oracao-de-gratidao-agradecendo-a-deus-por-mais-um-dia-de-vida\/#breadcrumb\",\"itemListElement\":[{\"@type\":\"ListItem\",\"position\":1,\"name\":\"Home\",\"item\":\"https:\/\/salmosbiblicos.com.br\/\"},{\"@type\":\"ListItem\",\"position\":2,\"name\":\"Ora\u00e7\u00e3o de Gratid\u00e3o: Agradecendo a Deus por mais um dia de vida\"}]},{\"@type\":\"WebSite\",\"@id\":\"https:\/\/salmosbiblicos.com.br\/#website\",\"url\":\"https:\/\/salmosbiblicos.com.br\/\",\"name\":\"Salmos B\u00edblicos\",\"description\":\"Uma e-Livraria com e-Books novos para voc\u00ea refletir.\",\"potentialAction\":[{\"@type\":\"SearchAction\",\"target\":{\"@type\":\"EntryPoint\",\"urlTemplate\":\"https:\/\/salmosbiblicos.com.br\/?s={search_term_string}\"},\"query-input\":{\"@type\":\"PropertyValueSpecification\",\"valueRequired\":true,\"valueName\":\"search_term_string\"}}],\"inLanguage\":\"pt-BR\"},{\"@type\":\"Person\",\"@id\":\"https:\/\/salmosbiblicos.com.br\/#\/schema\/person\/760735259ba35f1e44e89c71c72d79da\",\"name\":\"Irmao\",\"image\":{\"@type\":\"ImageObject\",\"inLanguage\":\"pt-BR\",\"@id\":\"https:\/\/secure.gravatar.com\/avatar\/?s=96&d=mm&r=g\",\"url\":\"https:\/\/secure.gravatar.com\/avatar\/?s=96&d=mm&r=g\",\"contentUrl\":\"https:\/\/secure.gravatar.com\/avatar\/?s=96&d=mm&r=g\",\"caption\":\"Irmao\"},\"url\":\"https:\/\/salmosbiblicos.com.br\/index.php\/author\/irmao\/\"}]}<\/script>\n<!-- \/ Yoast SEO plugin. -->","yoast_head_json":{"title":"Ora\u00e7\u00e3o de Gratid\u00e3o: Agradecendo a Deus por mais um dia de vida - Salmos B\u00edblicos","robots":{"index":"index","follow":"follow","max-snippet":"max-snippet:-1","max-image-preview":"max-image-preview:large","max-video-preview":"max-video-preview:-1"},"canonical":"https:\/\/salmosbiblicos.com.br\/index.php\/2025\/05\/23\/oracao-de-gratidao-agradecendo-a-deus-por-mais-um-dia-de-vida\/","og_locale":"pt_BR","og_type":"article","og_title":"Ora\u00e7\u00e3o de Gratid\u00e3o: Agradecendo a Deus por mais um dia de vida - Salmos B\u00edblicos","og_description":"Querido Deus, Neste dia, venho at\u00e9 Ti com um cora\u00e7\u00e3o cheio de gratid\u00e3o. Agrade\u00e7o por mais um amanhecer, por mais uma oportunidade de viver, amar e crescer. Agrade\u00e7o por todas as b\u00ean\u00e7\u00e3os que tens derramado sobre mim e sobre aqueles que amo. Pe\u00e7o, Senhor, que continues a guiar os meus passos, a iluminar o meu [&hellip;]","og_url":"https:\/\/salmosbiblicos.com.br\/index.php\/2025\/05\/23\/oracao-de-gratidao-agradecendo-a-deus-por-mais-um-dia-de-vida\/","og_site_name":"Salmos B\u00edblicos","article_published_time":"2025-05-23T18:14:36+00:00","author":"Irmao","twitter_card":"summary_large_image","twitter_misc":{"Escrito por":"Irmao","Est. tempo de leitura":"1 minuto"},"schema":{"@context":"https:\/\/schema.org","@graph":[{"@type":"Article","@id":"https:\/\/salmosbiblicos.com.br\/index.php\/2025\/05\/23\/oracao-de-gratidao-agradecendo-a-deus-por-mais-um-dia-de-vida\/#article","isPartOf":{"@id":"https:\/\/salmosbiblicos.com.br\/index.php\/2025\/05\/23\/oracao-de-gratidao-agradecendo-a-deus-por-mais-um-dia-de-vida\/"},"author":{"name":"Irmao","@id":"https:\/\/salmosbiblicos.com.br\/#\/schema\/person\/760735259ba35f1e44e89c71c72d79da"},"headline":"Ora\u00e7\u00e3o de Gratid\u00e3o: Agradecendo a Deus por mais um dia de vida","datePublished":"2025-05-23T18:14:36+00:00","mainEntityOfPage":{"@id":"https:\/\/salmosbiblicos.com.br\/index.php\/2025\/05\/23\/oracao-de-gratidao-agradecendo-a-deus-por-mais-um-dia-de-vida\/"},"wordCount":284,"articleSection":["Ora\u00e7\u00e3o do Dia"],"inLanguage":"pt-BR"},{"@type":"WebPage","@id":"https:\/\/salmosbiblicos.com.br\/index.php\/2025\/05\/23\/oracao-de-gratidao-agradecendo-a-deus-por-mais-um-dia-de-vida\/","url":"https:\/\/salmosbiblicos.com.br\/index.php\/2025\/05\/23\/oracao-de-gratidao-agradecendo-a-deus-por-mais-um-dia-de-vida\/","name":"Ora\u00e7\u00e3o de Gratid\u00e3o: Agradecendo a Deus por mais um dia de vida - Salmos B\u00edblicos","isPartOf":{"@id":"https:\/\/salmosbiblicos.com.br\/#website"},"datePublished":"2025-05-23T18:14:36+00:00","author":{"@id":"https:\/\/salmosbiblicos.com.br\/#\/schema\/person\/760735259ba35f1e44e89c71c72d79da"},"breadcrumb":{"@id":"https:\/\/salmosbiblicos.com.br\/index.php\/2025\/05\/23\/oracao-de-gratidao-agradecendo-a-deus-por-mais-um-dia-de-vida\/#breadcrumb"},"inLanguage":"pt-BR","potentialAction":[{"@type":"ReadAction","target":["https:\/\/salmosbiblicos.com.br\/index.php\/2025\/05\/23\/oracao-de-gratidao-agradecendo-a-deus-por-mais-um-dia-de-vida\/"]}]},{"@type":"BreadcrumbList","@id":"https:\/\/salmosbiblicos.com.br\/index.php\/2025\/05\/23\/oracao-de-gratidao-agradecendo-a-deus-por-mais-um-dia-de-vida\/#breadcrumb","itemListElement":[{"@type":"ListItem","position":1,"name":"Home","item":"https:\/\/salmosbiblicos.com.br\/"},{"@type":"ListItem","position":2,"name":"Ora\u00e7\u00e3o de Gratid\u00e3o: Agradecendo a Deus por mais um dia de vida"}]},{"@type":"WebSite","@id":"https:\/\/salmosbiblicos.com.br\/#website","url":"https:\/\/salmosbiblicos.com.br\/","name":"Salmos B\u00edblicos","description":"Uma e-Livraria com e-Books novos para voc\u00ea refletir.","potentialAction":[{"@type":"SearchAction","target":{"@type":"EntryPoint","urlTemplate":"https:\/\/salmosbiblicos.com.br\/?s={search_term_string}"},"query-input":{"@type":"PropertyValueSpecification","valueRequired":true,"valueName":"search_term_string"}}],"inLanguage":"pt-BR"},{"@type":"Person","@id":"https:\/\/salmosbiblicos.com.br\/#\/schema\/person\/760735259ba35f1e44e89c71c72d79da","name":"Irmao","image":{"@type":"ImageObject","inLanguage":"pt-BR","@id":"https:\/\/secure.gravatar.com\/avatar\/?s=96&d=mm&r=g","url":"https:\/\/secure.gravatar.com\/avatar\/?s=96&d=mm&r=g","contentUrl":"https:\/\/secure.gravatar.com\/avatar\/?s=96&d=mm&r=g","caption":"Irmao"},"url":"https:\/\/salmosbiblicos.com.br\/index.php\/author\/irmao\/"}]}},"_links":{"self":[{"href":"https:\/\/salmosbiblicos.com.br\/index.php\/wp-json\/wp\/v2\/posts\/5271","targetHints":{"allow":["GET"]}}],"collection":[{"href":"https:\/\/salmosbiblicos.com.br\/index.php\/wp-json\/wp\/v2\/posts"}],"about":[{"href":"https:\/\/salmosbiblicos.com.br\/index.php\/wp-json\/wp\/v2\/types\/post"}],"author":[{"embeddable":true,"href":"https:\/\/salmosbiblicos.com.br\/index.php\/wp-json\/wp\/v2\/users\/2"}],"replies":[{"embeddable":true,"href":"https:\/\/salmosbiblicos.com.br\/index.php\/wp-json\/wp\/v2\/comments?post=5271"}],"version-history":[{"count":0,"href":"https:\/\/salmosbiblicos.com.br\/index.php\/wp-json\/wp\/v2\/posts\/5271\/revisions"}],"wp:attachment":[{"href":"https:\/\/salmosbiblicos.com.br\/index.php\/wp-json\/wp\/v2\/media?parent=5271"}],"wp:term":[{"taxonomy":"category","embeddable":true,"href":"https:\/\/salmosbiblicos.com.br\/index.php\/wp-json\/wp\/v2\/categories?post=5271"},{"taxonomy":"post_tag","embeddable":true,"href":"https:\/\/salmosbiblicos.com.br\/index.php\/wp-json\/wp\/v2\/tags?post=5271"}],"curies":[{"name":"wp","href":"https:\/\/api.w.org\/{rel}","templated":true}]}}