{"id":5275,"date":"2025-05-23T15:14:56","date_gmt":"2025-05-23T18:14:56","guid":{"rendered":"https:\/\/salmosbiblicos.com.br\/?p=5275"},"modified":"2025-05-23T15:14:56","modified_gmt":"2025-05-23T18:14:56","slug":"renove-sua-devocao-celebrando-a-solenidade-do-sagrado-coracao-de-jesus","status":"publish","type":"post","link":"https:\/\/salmosbiblicos.com.br\/index.php\/2025\/05\/23\/renove-sua-devocao-celebrando-a-solenidade-do-sagrado-coracao-de-jesus\/","title":{"rendered":"Renove sua devo\u00e7\u00e3o: Celebrando a Solenidade do Sagrado Cora\u00e7\u00e3o de Jesus"},"content":{"rendered":"<p>Neste m\u00eas de junho, a Igreja Cat\u00f3lica celebra a Solenidade do Sagrado Cora\u00e7\u00e3o de Jesus, uma data de grande significado e simbolismo para os fi\u00e9is. Esta festa \u00e9 celebrada na sexta-feira seguinte \u00e0 oitava de Corpus Christi, representando o amor incondicional de Jesus por toda a humanidade.<\/p>\n<p>A devo\u00e7\u00e3o ao Sagrado Cora\u00e7\u00e3o de Jesus remonta ao s\u00e9culo XVII, quando Jesus apareceu a Santa Margarida Maria Alacoque e revelou o seu cora\u00e7\u00e3o como s\u00edmbolo do seu amor misericordioso e da sua compaix\u00e3o pelos pecadores. O cora\u00e7\u00e3o de Jesus \u00e9 representado com uma chama de fogo e uma coroa de espinhos, simbolizando o amor ardente e sacrificado que Ele tem por n\u00f3s.<\/p>\n<p>Neste dia, os fi\u00e9is s\u00e3o convidados a contemplar e meditar sobre o amor de Jesus, que deu a sua vida por n\u00f3s na cruz. \u00c9 um momento de aprofundar a nossa rela\u00e7\u00e3o com Ele, renovando a nossa entrega e confian\u00e7a no seu amor infinito. O Sagrado Cora\u00e7\u00e3o de Jesus nos convida a nos aproximarmos Dele com humildade e confian\u00e7a, abrindo os nossos cora\u00e7\u00f5es para receber o seu amor e a sua miseric\u00f3rdia.<\/p>\n<p>Para os cat\u00f3licos, esta festa \u00e9 uma oportunidade de renovar a sua devo\u00e7\u00e3o ao Sagrado Cora\u00e7\u00e3o de Jesus atrav\u00e9s da ora\u00e7\u00e3o, da adora\u00e7\u00e3o e da participa\u00e7\u00e3o na Eucaristia. \u00c9 um momento de se colocar diante do cora\u00e7\u00e3o amoroso de Jesus, se deixando envolver pela sua presen\u00e7a e pela sua gra\u00e7a transformadora.<\/p>\n<p>Como reflex\u00e3o para este dia, convido todos os fi\u00e9is a se perguntarem: Como est\u00e1 o meu cora\u00e7\u00e3o diante do Sagrado Cora\u00e7\u00e3o de Jesus? Estou aberto ao seu amor e \u00e0 sua vontade em minha vida? Que a festa do Sagrado Cora\u00e7\u00e3o de Jesus seja um convite para cada um de n\u00f3s a nos entregarmos completamente a Ele, confiando na sua miseric\u00f3rdia e no seu amor incondicional por n\u00f3s.<\/p>\n<p>Que neste dia possamos nos unir em ora\u00e7\u00e3o e contempla\u00e7\u00e3o diante do Sagrado Cora\u00e7\u00e3o de Jesus, reconhecendo a grandeza do seu amor por n\u00f3s e a nossa necessidade de nos rendermos a Ele. Que possamos nos deixar transformar e renovar pelo seu amor, para que possamos ser verdadeiras testemunhas do seu amor misericordioso para o mundo.<\/p>\n<p>Que o Sagrado Cora\u00e7\u00e3o de Jesus nos guie e nos proteja em todos os momentos de nossa vida, nos conduzindo pelo caminho da santidade e da verdadeira felicidade. Am\u00e9m.<\/p>\n","protected":false},"excerpt":{"rendered":"<p>Neste m\u00eas de junho, a Igreja Cat\u00f3lica celebra a Solenidade do Sagrado Cora\u00e7\u00e3o de Jesus, uma data de grande significado e simbolismo para os fi\u00e9is. Esta festa \u00e9 celebrada na sexta-feira seguinte \u00e0 oitava de Corpus Christi, representando o amor incondicional de Jesus por toda a humanidade. A devo\u00e7\u00e3o ao Sagrado Cora\u00e7\u00e3o de Jesus remonta [&hellip;]<\/p>\n","protected":false},"author":2,"featured_media":0,"comment_status":"closed","ping_status":"open","sticky":false,"template":"","format":"standard","meta":{"footnotes":""},"categories":[9],"tags":[],"class_list":["post-5275","post","type-post","status-publish","format-standard","hentry","category-data-religiosa"],"yoast_head":"<!-- This site is optimized with the Yoast SEO plugin v27.2 - https:\/\/yoast.com\/product\/yoast-seo-wordpress\/ -->\n<title>Renove sua devo\u00e7\u00e3o: Celebrando a Solenidade do Sagrado Cora\u00e7\u00e3o de Jesus - Salmos B\u00edblicos<\/title>\n<meta name=\"robots\" content=\"index, follow, max-snippet:-1, max-image-preview:large, max-video-preview:-1\" \/>\n<link rel=\"canonical\" href=\"https:\/\/salmosbiblicos.com.br\/index.php\/2025\/05\/23\/renove-sua-devocao-celebrando-a-solenidade-do-sagrado-coracao-de-jesus\/\" \/>\n<meta property=\"og:locale\" content=\"pt_BR\" \/>\n<meta property=\"og:type\" content=\"article\" \/>\n<meta property=\"og:title\" content=\"Renove sua devo\u00e7\u00e3o: Celebrando a Solenidade do Sagrado Cora\u00e7\u00e3o de Jesus - Salmos B\u00edblicos\" \/>\n<meta property=\"og:description\" content=\"Neste m\u00eas de junho, a Igreja Cat\u00f3lica celebra a Solenidade do Sagrado Cora\u00e7\u00e3o de Jesus, uma data de grande significado e simbolismo para os fi\u00e9is. Esta festa \u00e9 celebrada na sexta-feira seguinte \u00e0 oitava de Corpus Christi, representando o amor incondicional de Jesus por toda a humanidade. A devo\u00e7\u00e3o ao Sagrado Cora\u00e7\u00e3o de Jesus remonta [&hellip;]\" \/>\n<meta property=\"og:url\" content=\"https:\/\/salmosbiblicos.com.br\/index.php\/2025\/05\/23\/renove-sua-devocao-celebrando-a-solenidade-do-sagrado-coracao-de-jesus\/\" \/>\n<meta property=\"og:site_name\" content=\"Salmos B\u00edblicos\" \/>\n<meta property=\"article:published_time\" content=\"2025-05-23T18:14:56+00:00\" \/>\n<meta name=\"author\" content=\"Irmao\" \/>\n<meta name=\"twitter:card\" content=\"summary_large_image\" \/>\n<meta name=\"twitter:label1\" content=\"Escrito por\" \/>\n\t<meta name=\"twitter:data1\" content=\"Irmao\" \/>\n\t<meta name=\"twitter:label2\" content=\"Est. tempo de leitura\" \/>\n\t<meta name=\"twitter:data2\" content=\"2 minutos\" \/>\n<script type=\"application\/ld+json\" class=\"yoast-schema-graph\">{\"@context\":\"https:\/\/schema.org\",\"@graph\":[{\"@type\":\"Article\",\"@id\":\"https:\/\/salmosbiblicos.com.br\/index.php\/2025\/05\/23\/renove-sua-devocao-celebrando-a-solenidade-do-sagrado-coracao-de-jesus\/#article\",\"isPartOf\":{\"@id\":\"https:\/\/salmosbiblicos.com.br\/index.php\/2025\/05\/23\/renove-sua-devocao-celebrando-a-solenidade-do-sagrado-coracao-de-jesus\/\"},\"author\":{\"name\":\"Irmao\",\"@id\":\"https:\/\/salmosbiblicos.com.br\/#\/schema\/person\/760735259ba35f1e44e89c71c72d79da\"},\"headline\":\"Renove sua devo\u00e7\u00e3o: Celebrando a Solenidade do Sagrado Cora\u00e7\u00e3o de Jesus\",\"datePublished\":\"2025-05-23T18:14:56+00:00\",\"mainEntityOfPage\":{\"@id\":\"https:\/\/salmosbiblicos.com.br\/index.php\/2025\/05\/23\/renove-sua-devocao-celebrando-a-solenidade-do-sagrado-coracao-de-jesus\/\"},\"wordCount\":437,\"articleSection\":[\"Data Religiosa\"],\"inLanguage\":\"pt-BR\"},{\"@type\":\"WebPage\",\"@id\":\"https:\/\/salmosbiblicos.com.br\/index.php\/2025\/05\/23\/renove-sua-devocao-celebrando-a-solenidade-do-sagrado-coracao-de-jesus\/\",\"url\":\"https:\/\/salmosbiblicos.com.br\/index.php\/2025\/05\/23\/renove-sua-devocao-celebrando-a-solenidade-do-sagrado-coracao-de-jesus\/\",\"name\":\"Renove sua devo\u00e7\u00e3o: Celebrando a Solenidade do Sagrado Cora\u00e7\u00e3o de Jesus - Salmos B\u00edblicos\",\"isPartOf\":{\"@id\":\"https:\/\/salmosbiblicos.com.br\/#website\"},\"datePublished\":\"2025-05-23T18:14:56+00:00\",\"author\":{\"@id\":\"https:\/\/salmosbiblicos.com.br\/#\/schema\/person\/760735259ba35f1e44e89c71c72d79da\"},\"breadcrumb\":{\"@id\":\"https:\/\/salmosbiblicos.com.br\/index.php\/2025\/05\/23\/renove-sua-devocao-celebrando-a-solenidade-do-sagrado-coracao-de-jesus\/#breadcrumb\"},\"inLanguage\":\"pt-BR\",\"potentialAction\":[{\"@type\":\"ReadAction\",\"target\":[\"https:\/\/salmosbiblicos.com.br\/index.php\/2025\/05\/23\/renove-sua-devocao-celebrando-a-solenidade-do-sagrado-coracao-de-jesus\/\"]}]},{\"@type\":\"BreadcrumbList\",\"@id\":\"https:\/\/salmosbiblicos.com.br\/index.php\/2025\/05\/23\/renove-sua-devocao-celebrando-a-solenidade-do-sagrado-coracao-de-jesus\/#breadcrumb\",\"itemListElement\":[{\"@type\":\"ListItem\",\"position\":1,\"name\":\"Home\",\"item\":\"https:\/\/salmosbiblicos.com.br\/\"},{\"@type\":\"ListItem\",\"position\":2,\"name\":\"Renove sua devo\u00e7\u00e3o: Celebrando a Solenidade do Sagrado Cora\u00e7\u00e3o de Jesus\"}]},{\"@type\":\"WebSite\",\"@id\":\"https:\/\/salmosbiblicos.com.br\/#website\",\"url\":\"https:\/\/salmosbiblicos.com.br\/\",\"name\":\"Salmos B\u00edblicos\",\"description\":\"Uma e-Livraria com e-Books novos para voc\u00ea refletir.\",\"potentialAction\":[{\"@type\":\"SearchAction\",\"target\":{\"@type\":\"EntryPoint\",\"urlTemplate\":\"https:\/\/salmosbiblicos.com.br\/?s={search_term_string}\"},\"query-input\":{\"@type\":\"PropertyValueSpecification\",\"valueRequired\":true,\"valueName\":\"search_term_string\"}}],\"inLanguage\":\"pt-BR\"},{\"@type\":\"Person\",\"@id\":\"https:\/\/salmosbiblicos.com.br\/#\/schema\/person\/760735259ba35f1e44e89c71c72d79da\",\"name\":\"Irmao\",\"image\":{\"@type\":\"ImageObject\",\"inLanguage\":\"pt-BR\",\"@id\":\"https:\/\/secure.gravatar.com\/avatar\/?s=96&d=mm&r=g\",\"url\":\"https:\/\/secure.gravatar.com\/avatar\/?s=96&d=mm&r=g\",\"contentUrl\":\"https:\/\/secure.gravatar.com\/avatar\/?s=96&d=mm&r=g\",\"caption\":\"Irmao\"},\"url\":\"https:\/\/salmosbiblicos.com.br\/index.php\/author\/irmao\/\"}]}<\/script>\n<!-- \/ Yoast SEO plugin. -->","yoast_head_json":{"title":"Renove sua devo\u00e7\u00e3o: Celebrando a Solenidade do Sagrado Cora\u00e7\u00e3o de Jesus - Salmos B\u00edblicos","robots":{"index":"index","follow":"follow","max-snippet":"max-snippet:-1","max-image-preview":"max-image-preview:large","max-video-preview":"max-video-preview:-1"},"canonical":"https:\/\/salmosbiblicos.com.br\/index.php\/2025\/05\/23\/renove-sua-devocao-celebrando-a-solenidade-do-sagrado-coracao-de-jesus\/","og_locale":"pt_BR","og_type":"article","og_title":"Renove sua devo\u00e7\u00e3o: Celebrando a Solenidade do Sagrado Cora\u00e7\u00e3o de Jesus - Salmos B\u00edblicos","og_description":"Neste m\u00eas de junho, a Igreja Cat\u00f3lica celebra a Solenidade do Sagrado Cora\u00e7\u00e3o de Jesus, uma data de grande significado e simbolismo para os fi\u00e9is. Esta festa \u00e9 celebrada na sexta-feira seguinte \u00e0 oitava de Corpus Christi, representando o amor incondicional de Jesus por toda a humanidade. A devo\u00e7\u00e3o ao Sagrado Cora\u00e7\u00e3o de Jesus remonta [&hellip;]","og_url":"https:\/\/salmosbiblicos.com.br\/index.php\/2025\/05\/23\/renove-sua-devocao-celebrando-a-solenidade-do-sagrado-coracao-de-jesus\/","og_site_name":"Salmos B\u00edblicos","article_published_time":"2025-05-23T18:14:56+00:00","author":"Irmao","twitter_card":"summary_large_image","twitter_misc":{"Escrito por":"Irmao","Est. tempo de leitura":"2 minutos"},"schema":{"@context":"https:\/\/schema.org","@graph":[{"@type":"Article","@id":"https:\/\/salmosbiblicos.com.br\/index.php\/2025\/05\/23\/renove-sua-devocao-celebrando-a-solenidade-do-sagrado-coracao-de-jesus\/#article","isPartOf":{"@id":"https:\/\/salmosbiblicos.com.br\/index.php\/2025\/05\/23\/renove-sua-devocao-celebrando-a-solenidade-do-sagrado-coracao-de-jesus\/"},"author":{"name":"Irmao","@id":"https:\/\/salmosbiblicos.com.br\/#\/schema\/person\/760735259ba35f1e44e89c71c72d79da"},"headline":"Renove sua devo\u00e7\u00e3o: Celebrando a Solenidade do Sagrado Cora\u00e7\u00e3o de Jesus","datePublished":"2025-05-23T18:14:56+00:00","mainEntityOfPage":{"@id":"https:\/\/salmosbiblicos.com.br\/index.php\/2025\/05\/23\/renove-sua-devocao-celebrando-a-solenidade-do-sagrado-coracao-de-jesus\/"},"wordCount":437,"articleSection":["Data Religiosa"],"inLanguage":"pt-BR"},{"@type":"WebPage","@id":"https:\/\/salmosbiblicos.com.br\/index.php\/2025\/05\/23\/renove-sua-devocao-celebrando-a-solenidade-do-sagrado-coracao-de-jesus\/","url":"https:\/\/salmosbiblicos.com.br\/index.php\/2025\/05\/23\/renove-sua-devocao-celebrando-a-solenidade-do-sagrado-coracao-de-jesus\/","name":"Renove sua devo\u00e7\u00e3o: Celebrando a Solenidade do Sagrado Cora\u00e7\u00e3o de Jesus - Salmos B\u00edblicos","isPartOf":{"@id":"https:\/\/salmosbiblicos.com.br\/#website"},"datePublished":"2025-05-23T18:14:56+00:00","author":{"@id":"https:\/\/salmosbiblicos.com.br\/#\/schema\/person\/760735259ba35f1e44e89c71c72d79da"},"breadcrumb":{"@id":"https:\/\/salmosbiblicos.com.br\/index.php\/2025\/05\/23\/renove-sua-devocao-celebrando-a-solenidade-do-sagrado-coracao-de-jesus\/#breadcrumb"},"inLanguage":"pt-BR","potentialAction":[{"@type":"ReadAction","target":["https:\/\/salmosbiblicos.com.br\/index.php\/2025\/05\/23\/renove-sua-devocao-celebrando-a-solenidade-do-sagrado-coracao-de-jesus\/"]}]},{"@type":"BreadcrumbList","@id":"https:\/\/salmosbiblicos.com.br\/index.php\/2025\/05\/23\/renove-sua-devocao-celebrando-a-solenidade-do-sagrado-coracao-de-jesus\/#breadcrumb","itemListElement":[{"@type":"ListItem","position":1,"name":"Home","item":"https:\/\/salmosbiblicos.com.br\/"},{"@type":"ListItem","position":2,"name":"Renove sua devo\u00e7\u00e3o: Celebrando a Solenidade do Sagrado Cora\u00e7\u00e3o de Jesus"}]},{"@type":"WebSite","@id":"https:\/\/salmosbiblicos.com.br\/#website","url":"https:\/\/salmosbiblicos.com.br\/","name":"Salmos B\u00edblicos","description":"Uma e-Livraria com e-Books novos para voc\u00ea refletir.","potentialAction":[{"@type":"SearchAction","target":{"@type":"EntryPoint","urlTemplate":"https:\/\/salmosbiblicos.com.br\/?s={search_term_string}"},"query-input":{"@type":"PropertyValueSpecification","valueRequired":true,"valueName":"search_term_string"}}],"inLanguage":"pt-BR"},{"@type":"Person","@id":"https:\/\/salmosbiblicos.com.br\/#\/schema\/person\/760735259ba35f1e44e89c71c72d79da","name":"Irmao","image":{"@type":"ImageObject","inLanguage":"pt-BR","@id":"https:\/\/secure.gravatar.com\/avatar\/?s=96&d=mm&r=g","url":"https:\/\/secure.gravatar.com\/avatar\/?s=96&d=mm&r=g","contentUrl":"https:\/\/secure.gravatar.com\/avatar\/?s=96&d=mm&r=g","caption":"Irmao"},"url":"https:\/\/salmosbiblicos.com.br\/index.php\/author\/irmao\/"}]}},"_links":{"self":[{"href":"https:\/\/salmosbiblicos.com.br\/index.php\/wp-json\/wp\/v2\/posts\/5275","targetHints":{"allow":["GET"]}}],"collection":[{"href":"https:\/\/salmosbiblicos.com.br\/index.php\/wp-json\/wp\/v2\/posts"}],"about":[{"href":"https:\/\/salmosbiblicos.com.br\/index.php\/wp-json\/wp\/v2\/types\/post"}],"author":[{"embeddable":true,"href":"https:\/\/salmosbiblicos.com.br\/index.php\/wp-json\/wp\/v2\/users\/2"}],"replies":[{"embeddable":true,"href":"https:\/\/salmosbiblicos.com.br\/index.php\/wp-json\/wp\/v2\/comments?post=5275"}],"version-history":[{"count":0,"href":"https:\/\/salmosbiblicos.com.br\/index.php\/wp-json\/wp\/v2\/posts\/5275\/revisions"}],"wp:attachment":[{"href":"https:\/\/salmosbiblicos.com.br\/index.php\/wp-json\/wp\/v2\/media?parent=5275"}],"wp:term":[{"taxonomy":"category","embeddable":true,"href":"https:\/\/salmosbiblicos.com.br\/index.php\/wp-json\/wp\/v2\/categories?post=5275"},{"taxonomy":"post_tag","embeddable":true,"href":"https:\/\/salmosbiblicos.com.br\/index.php\/wp-json\/wp\/v2\/tags?post=5275"}],"curies":[{"name":"wp","href":"https:\/\/api.w.org\/{rel}","templated":true}]}}