{"id":5281,"date":"2025-05-23T15:15:27","date_gmt":"2025-05-23T18:15:27","guid":{"rendered":"https:\/\/salmosbiblicos.com.br\/?p=5281"},"modified":"2025-05-23T15:15:27","modified_gmt":"2025-05-23T18:15:27","slug":"reflexoes-sobre-a-ressurreicao-de-jesus-renovacao-esperanca-e-fe","status":"publish","type":"post","link":"https:\/\/salmosbiblicos.com.br\/index.php\/2025\/05\/23\/reflexoes-sobre-a-ressurreicao-de-jesus-renovacao-esperanca-e-fe\/","title":{"rendered":"Reflex\u00f5es sobre a Ressurrei\u00e7\u00e3o de Jesus: Renova\u00e7\u00e3o, Esperan\u00e7a e F\u00e9"},"content":{"rendered":"<p>A data religiosa que escolhi para refletirmos juntos \u00e9 a P\u00e1scoa, uma das festas mais importantes do calend\u00e1rio crist\u00e3o. A P\u00e1scoa celebra a ressurrei\u00e7\u00e3o de Jesus Cristo, tr\u00eas dias ap\u00f3s sua crucifica\u00e7\u00e3o, de acordo com a tradi\u00e7\u00e3o crist\u00e3.<\/p>\n<p>A origem da P\u00e1scoa remonta \u00e0 tradi\u00e7\u00e3o judaica da P\u00e1scoa, que celebra a liberta\u00e7\u00e3o do povo hebreu da escravid\u00e3o no Egito. Para os crist\u00e3os, a P\u00e1scoa representa a liberta\u00e7\u00e3o da humanidade do pecado e da morte, atrav\u00e9s do sacrif\u00edcio e ressurrei\u00e7\u00e3o de Jesus Cristo. \u00c9 um momento de renova\u00e7\u00e3o, esperan\u00e7a e f\u00e9 na vida eterna.<\/p>\n<p>O simbolismo da P\u00e1scoa \u00e9 rico e cheio de significados. O ovo, por exemplo, representa o nascimento e a renova\u00e7\u00e3o da vida. O coelho simboliza a fertilidade e a abund\u00e2ncia. O cordeiro \u00e9 associado ao sacrif\u00edcio de Jesus Cristo, que \u00e9 chamado de &#8220;Cordeiro de Deus&#8221; na B\u00edblia. Todos esses s\u00edmbolos nos convidam a refletir sobre a import\u00e2ncia da vida, da renova\u00e7\u00e3o e do amor divino.<\/p>\n<p>Neste tempo de P\u00e1scoa, convido voc\u00ea a refletir sobre a import\u00e2ncia da ressurrei\u00e7\u00e3o de Jesus Cristo em sua vida. Assim como Jesus ressuscitou dos mortos, podemos experimentar a ressurrei\u00e7\u00e3o espiritual em nossas pr\u00f3prias vidas, deixando para tr\u00e1s o pecado e a morte, e abra\u00e7ando a vida em plenitude que Ele nos oferece.<\/p>\n<p>Que esta P\u00e1scoa seja um tempo de renova\u00e7\u00e3o espiritual para voc\u00ea, um momento de reflex\u00e3o e a\u00e7\u00e3o em dire\u00e7\u00e3o \u00e0 luz e ao amor de Cristo. Que possamos nos libertar de tudo o que nos aprisiona, nos afasta de Deus e dos nossos irm\u00e3os, e nos abrirmos para a gra\u00e7a e a miseric\u00f3rdia divina.<\/p>\n<p>Que possamos ser testemunhas vivas da ressurrei\u00e7\u00e3o de Jesus Cristo, atrav\u00e9s de nossas palavras, a\u00e7\u00f5es e atitudes, espalhando a mensagem de esperan\u00e7a, amor e paz a todos que cruzarem o nosso caminho.<\/p>\n<p>Que a P\u00e1scoa seja para voc\u00ea um tempo de renova\u00e7\u00e3o espiritual, de perd\u00e3o e reconcilia\u00e7\u00e3o, de amor e compaix\u00e3o, de f\u00e9 e esperan\u00e7a. Que a luz do Cristo ressuscitado brilhe em seu cora\u00e7\u00e3o e ilumine o seu caminho, hoje e sempre.<\/p>\n<p>Feliz P\u00e1scoa! Que a ressurrei\u00e7\u00e3o de Jesus Cristo renove a sua vida e a sua f\u00e9. Am\u00e9m.<\/p>\n","protected":false},"excerpt":{"rendered":"<p>A data religiosa que escolhi para refletirmos juntos \u00e9 a P\u00e1scoa, uma das festas mais importantes do calend\u00e1rio crist\u00e3o. A P\u00e1scoa celebra a ressurrei\u00e7\u00e3o de Jesus Cristo, tr\u00eas dias ap\u00f3s sua crucifica\u00e7\u00e3o, de acordo com a tradi\u00e7\u00e3o crist\u00e3. A origem da P\u00e1scoa remonta \u00e0 tradi\u00e7\u00e3o judaica da P\u00e1scoa, que celebra a liberta\u00e7\u00e3o do povo hebreu [&hellip;]<\/p>\n","protected":false},"author":2,"featured_media":0,"comment_status":"closed","ping_status":"open","sticky":false,"template":"","format":"standard","meta":{"footnotes":""},"categories":[9],"tags":[],"class_list":["post-5281","post","type-post","status-publish","format-standard","hentry","category-data-religiosa"],"yoast_head":"<!-- This site is optimized with the Yoast SEO plugin v27.2 - https:\/\/yoast.com\/product\/yoast-seo-wordpress\/ -->\n<title>Reflex\u00f5es sobre a Ressurrei\u00e7\u00e3o de Jesus: Renova\u00e7\u00e3o, Esperan\u00e7a e F\u00e9 - Salmos B\u00edblicos<\/title>\n<meta name=\"robots\" content=\"index, follow, max-snippet:-1, max-image-preview:large, max-video-preview:-1\" \/>\n<link rel=\"canonical\" href=\"https:\/\/salmosbiblicos.com.br\/index.php\/2025\/05\/23\/reflexoes-sobre-a-ressurreicao-de-jesus-renovacao-esperanca-e-fe\/\" \/>\n<meta property=\"og:locale\" content=\"pt_BR\" \/>\n<meta property=\"og:type\" content=\"article\" \/>\n<meta property=\"og:title\" content=\"Reflex\u00f5es sobre a Ressurrei\u00e7\u00e3o de Jesus: Renova\u00e7\u00e3o, Esperan\u00e7a e F\u00e9 - Salmos B\u00edblicos\" \/>\n<meta property=\"og:description\" content=\"A data religiosa que escolhi para refletirmos juntos \u00e9 a P\u00e1scoa, uma das festas mais importantes do calend\u00e1rio crist\u00e3o. A P\u00e1scoa celebra a ressurrei\u00e7\u00e3o de Jesus Cristo, tr\u00eas dias ap\u00f3s sua crucifica\u00e7\u00e3o, de acordo com a tradi\u00e7\u00e3o crist\u00e3. A origem da P\u00e1scoa remonta \u00e0 tradi\u00e7\u00e3o judaica da P\u00e1scoa, que celebra a liberta\u00e7\u00e3o do povo hebreu [&hellip;]\" \/>\n<meta property=\"og:url\" content=\"https:\/\/salmosbiblicos.com.br\/index.php\/2025\/05\/23\/reflexoes-sobre-a-ressurreicao-de-jesus-renovacao-esperanca-e-fe\/\" \/>\n<meta property=\"og:site_name\" content=\"Salmos B\u00edblicos\" \/>\n<meta property=\"article:published_time\" content=\"2025-05-23T18:15:27+00:00\" \/>\n<meta name=\"author\" content=\"Irmao\" \/>\n<meta name=\"twitter:card\" content=\"summary_large_image\" \/>\n<meta name=\"twitter:label1\" content=\"Escrito por\" \/>\n\t<meta name=\"twitter:data1\" content=\"Irmao\" \/>\n\t<meta name=\"twitter:label2\" content=\"Est. tempo de leitura\" \/>\n\t<meta name=\"twitter:data2\" content=\"2 minutos\" \/>\n<script type=\"application\/ld+json\" class=\"yoast-schema-graph\">{\"@context\":\"https:\/\/schema.org\",\"@graph\":[{\"@type\":\"Article\",\"@id\":\"https:\/\/salmosbiblicos.com.br\/index.php\/2025\/05\/23\/reflexoes-sobre-a-ressurreicao-de-jesus-renovacao-esperanca-e-fe\/#article\",\"isPartOf\":{\"@id\":\"https:\/\/salmosbiblicos.com.br\/index.php\/2025\/05\/23\/reflexoes-sobre-a-ressurreicao-de-jesus-renovacao-esperanca-e-fe\/\"},\"author\":{\"name\":\"Irmao\",\"@id\":\"https:\/\/salmosbiblicos.com.br\/#\/schema\/person\/760735259ba35f1e44e89c71c72d79da\"},\"headline\":\"Reflex\u00f5es sobre a Ressurrei\u00e7\u00e3o de Jesus: Renova\u00e7\u00e3o, Esperan\u00e7a e F\u00e9\",\"datePublished\":\"2025-05-23T18:15:27+00:00\",\"mainEntityOfPage\":{\"@id\":\"https:\/\/salmosbiblicos.com.br\/index.php\/2025\/05\/23\/reflexoes-sobre-a-ressurreicao-de-jesus-renovacao-esperanca-e-fe\/\"},\"wordCount\":421,\"articleSection\":[\"Data Religiosa\"],\"inLanguage\":\"pt-BR\"},{\"@type\":\"WebPage\",\"@id\":\"https:\/\/salmosbiblicos.com.br\/index.php\/2025\/05\/23\/reflexoes-sobre-a-ressurreicao-de-jesus-renovacao-esperanca-e-fe\/\",\"url\":\"https:\/\/salmosbiblicos.com.br\/index.php\/2025\/05\/23\/reflexoes-sobre-a-ressurreicao-de-jesus-renovacao-esperanca-e-fe\/\",\"name\":\"Reflex\u00f5es sobre a Ressurrei\u00e7\u00e3o de Jesus: Renova\u00e7\u00e3o, Esperan\u00e7a e F\u00e9 - Salmos B\u00edblicos\",\"isPartOf\":{\"@id\":\"https:\/\/salmosbiblicos.com.br\/#website\"},\"datePublished\":\"2025-05-23T18:15:27+00:00\",\"author\":{\"@id\":\"https:\/\/salmosbiblicos.com.br\/#\/schema\/person\/760735259ba35f1e44e89c71c72d79da\"},\"breadcrumb\":{\"@id\":\"https:\/\/salmosbiblicos.com.br\/index.php\/2025\/05\/23\/reflexoes-sobre-a-ressurreicao-de-jesus-renovacao-esperanca-e-fe\/#breadcrumb\"},\"inLanguage\":\"pt-BR\",\"potentialAction\":[{\"@type\":\"ReadAction\",\"target\":[\"https:\/\/salmosbiblicos.com.br\/index.php\/2025\/05\/23\/reflexoes-sobre-a-ressurreicao-de-jesus-renovacao-esperanca-e-fe\/\"]}]},{\"@type\":\"BreadcrumbList\",\"@id\":\"https:\/\/salmosbiblicos.com.br\/index.php\/2025\/05\/23\/reflexoes-sobre-a-ressurreicao-de-jesus-renovacao-esperanca-e-fe\/#breadcrumb\",\"itemListElement\":[{\"@type\":\"ListItem\",\"position\":1,\"name\":\"Home\",\"item\":\"https:\/\/salmosbiblicos.com.br\/\"},{\"@type\":\"ListItem\",\"position\":2,\"name\":\"Reflex\u00f5es sobre a Ressurrei\u00e7\u00e3o de Jesus: Renova\u00e7\u00e3o, Esperan\u00e7a e F\u00e9\"}]},{\"@type\":\"WebSite\",\"@id\":\"https:\/\/salmosbiblicos.com.br\/#website\",\"url\":\"https:\/\/salmosbiblicos.com.br\/\",\"name\":\"Salmos B\u00edblicos\",\"description\":\"Uma e-Livraria com e-Books novos para voc\u00ea refletir.\",\"potentialAction\":[{\"@type\":\"SearchAction\",\"target\":{\"@type\":\"EntryPoint\",\"urlTemplate\":\"https:\/\/salmosbiblicos.com.br\/?s={search_term_string}\"},\"query-input\":{\"@type\":\"PropertyValueSpecification\",\"valueRequired\":true,\"valueName\":\"search_term_string\"}}],\"inLanguage\":\"pt-BR\"},{\"@type\":\"Person\",\"@id\":\"https:\/\/salmosbiblicos.com.br\/#\/schema\/person\/760735259ba35f1e44e89c71c72d79da\",\"name\":\"Irmao\",\"image\":{\"@type\":\"ImageObject\",\"inLanguage\":\"pt-BR\",\"@id\":\"https:\/\/secure.gravatar.com\/avatar\/?s=96&d=mm&r=g\",\"url\":\"https:\/\/secure.gravatar.com\/avatar\/?s=96&d=mm&r=g\",\"contentUrl\":\"https:\/\/secure.gravatar.com\/avatar\/?s=96&d=mm&r=g\",\"caption\":\"Irmao\"},\"url\":\"https:\/\/salmosbiblicos.com.br\/index.php\/author\/irmao\/\"}]}<\/script>\n<!-- \/ Yoast SEO plugin. -->","yoast_head_json":{"title":"Reflex\u00f5es sobre a Ressurrei\u00e7\u00e3o de Jesus: Renova\u00e7\u00e3o, Esperan\u00e7a e F\u00e9 - Salmos B\u00edblicos","robots":{"index":"index","follow":"follow","max-snippet":"max-snippet:-1","max-image-preview":"max-image-preview:large","max-video-preview":"max-video-preview:-1"},"canonical":"https:\/\/salmosbiblicos.com.br\/index.php\/2025\/05\/23\/reflexoes-sobre-a-ressurreicao-de-jesus-renovacao-esperanca-e-fe\/","og_locale":"pt_BR","og_type":"article","og_title":"Reflex\u00f5es sobre a Ressurrei\u00e7\u00e3o de Jesus: Renova\u00e7\u00e3o, Esperan\u00e7a e F\u00e9 - Salmos B\u00edblicos","og_description":"A data religiosa que escolhi para refletirmos juntos \u00e9 a P\u00e1scoa, uma das festas mais importantes do calend\u00e1rio crist\u00e3o. A P\u00e1scoa celebra a ressurrei\u00e7\u00e3o de Jesus Cristo, tr\u00eas dias ap\u00f3s sua crucifica\u00e7\u00e3o, de acordo com a tradi\u00e7\u00e3o crist\u00e3. A origem da P\u00e1scoa remonta \u00e0 tradi\u00e7\u00e3o judaica da P\u00e1scoa, que celebra a liberta\u00e7\u00e3o do povo hebreu [&hellip;]","og_url":"https:\/\/salmosbiblicos.com.br\/index.php\/2025\/05\/23\/reflexoes-sobre-a-ressurreicao-de-jesus-renovacao-esperanca-e-fe\/","og_site_name":"Salmos B\u00edblicos","article_published_time":"2025-05-23T18:15:27+00:00","author":"Irmao","twitter_card":"summary_large_image","twitter_misc":{"Escrito por":"Irmao","Est. tempo de leitura":"2 minutos"},"schema":{"@context":"https:\/\/schema.org","@graph":[{"@type":"Article","@id":"https:\/\/salmosbiblicos.com.br\/index.php\/2025\/05\/23\/reflexoes-sobre-a-ressurreicao-de-jesus-renovacao-esperanca-e-fe\/#article","isPartOf":{"@id":"https:\/\/salmosbiblicos.com.br\/index.php\/2025\/05\/23\/reflexoes-sobre-a-ressurreicao-de-jesus-renovacao-esperanca-e-fe\/"},"author":{"name":"Irmao","@id":"https:\/\/salmosbiblicos.com.br\/#\/schema\/person\/760735259ba35f1e44e89c71c72d79da"},"headline":"Reflex\u00f5es sobre a Ressurrei\u00e7\u00e3o de Jesus: Renova\u00e7\u00e3o, Esperan\u00e7a e F\u00e9","datePublished":"2025-05-23T18:15:27+00:00","mainEntityOfPage":{"@id":"https:\/\/salmosbiblicos.com.br\/index.php\/2025\/05\/23\/reflexoes-sobre-a-ressurreicao-de-jesus-renovacao-esperanca-e-fe\/"},"wordCount":421,"articleSection":["Data Religiosa"],"inLanguage":"pt-BR"},{"@type":"WebPage","@id":"https:\/\/salmosbiblicos.com.br\/index.php\/2025\/05\/23\/reflexoes-sobre-a-ressurreicao-de-jesus-renovacao-esperanca-e-fe\/","url":"https:\/\/salmosbiblicos.com.br\/index.php\/2025\/05\/23\/reflexoes-sobre-a-ressurreicao-de-jesus-renovacao-esperanca-e-fe\/","name":"Reflex\u00f5es sobre a Ressurrei\u00e7\u00e3o de Jesus: Renova\u00e7\u00e3o, Esperan\u00e7a e F\u00e9 - Salmos B\u00edblicos","isPartOf":{"@id":"https:\/\/salmosbiblicos.com.br\/#website"},"datePublished":"2025-05-23T18:15:27+00:00","author":{"@id":"https:\/\/salmosbiblicos.com.br\/#\/schema\/person\/760735259ba35f1e44e89c71c72d79da"},"breadcrumb":{"@id":"https:\/\/salmosbiblicos.com.br\/index.php\/2025\/05\/23\/reflexoes-sobre-a-ressurreicao-de-jesus-renovacao-esperanca-e-fe\/#breadcrumb"},"inLanguage":"pt-BR","potentialAction":[{"@type":"ReadAction","target":["https:\/\/salmosbiblicos.com.br\/index.php\/2025\/05\/23\/reflexoes-sobre-a-ressurreicao-de-jesus-renovacao-esperanca-e-fe\/"]}]},{"@type":"BreadcrumbList","@id":"https:\/\/salmosbiblicos.com.br\/index.php\/2025\/05\/23\/reflexoes-sobre-a-ressurreicao-de-jesus-renovacao-esperanca-e-fe\/#breadcrumb","itemListElement":[{"@type":"ListItem","position":1,"name":"Home","item":"https:\/\/salmosbiblicos.com.br\/"},{"@type":"ListItem","position":2,"name":"Reflex\u00f5es sobre a Ressurrei\u00e7\u00e3o de Jesus: Renova\u00e7\u00e3o, Esperan\u00e7a e F\u00e9"}]},{"@type":"WebSite","@id":"https:\/\/salmosbiblicos.com.br\/#website","url":"https:\/\/salmosbiblicos.com.br\/","name":"Salmos B\u00edblicos","description":"Uma e-Livraria com e-Books novos para voc\u00ea refletir.","potentialAction":[{"@type":"SearchAction","target":{"@type":"EntryPoint","urlTemplate":"https:\/\/salmosbiblicos.com.br\/?s={search_term_string}"},"query-input":{"@type":"PropertyValueSpecification","valueRequired":true,"valueName":"search_term_string"}}],"inLanguage":"pt-BR"},{"@type":"Person","@id":"https:\/\/salmosbiblicos.com.br\/#\/schema\/person\/760735259ba35f1e44e89c71c72d79da","name":"Irmao","image":{"@type":"ImageObject","inLanguage":"pt-BR","@id":"https:\/\/secure.gravatar.com\/avatar\/?s=96&d=mm&r=g","url":"https:\/\/secure.gravatar.com\/avatar\/?s=96&d=mm&r=g","contentUrl":"https:\/\/secure.gravatar.com\/avatar\/?s=96&d=mm&r=g","caption":"Irmao"},"url":"https:\/\/salmosbiblicos.com.br\/index.php\/author\/irmao\/"}]}},"_links":{"self":[{"href":"https:\/\/salmosbiblicos.com.br\/index.php\/wp-json\/wp\/v2\/posts\/5281","targetHints":{"allow":["GET"]}}],"collection":[{"href":"https:\/\/salmosbiblicos.com.br\/index.php\/wp-json\/wp\/v2\/posts"}],"about":[{"href":"https:\/\/salmosbiblicos.com.br\/index.php\/wp-json\/wp\/v2\/types\/post"}],"author":[{"embeddable":true,"href":"https:\/\/salmosbiblicos.com.br\/index.php\/wp-json\/wp\/v2\/users\/2"}],"replies":[{"embeddable":true,"href":"https:\/\/salmosbiblicos.com.br\/index.php\/wp-json\/wp\/v2\/comments?post=5281"}],"version-history":[{"count":0,"href":"https:\/\/salmosbiblicos.com.br\/index.php\/wp-json\/wp\/v2\/posts\/5281\/revisions"}],"wp:attachment":[{"href":"https:\/\/salmosbiblicos.com.br\/index.php\/wp-json\/wp\/v2\/media?parent=5281"}],"wp:term":[{"taxonomy":"category","embeddable":true,"href":"https:\/\/salmosbiblicos.com.br\/index.php\/wp-json\/wp\/v2\/categories?post=5281"},{"taxonomy":"post_tag","embeddable":true,"href":"https:\/\/salmosbiblicos.com.br\/index.php\/wp-json\/wp\/v2\/tags?post=5281"}],"curies":[{"name":"wp","href":"https:\/\/api.w.org\/{rel}","templated":true}]}}