{"id":5283,"date":"2025-05-23T15:15:40","date_gmt":"2025-05-23T18:15:40","guid":{"rendered":"https:\/\/salmosbiblicos.com.br\/?p=5283"},"modified":"2025-05-23T15:15:40","modified_gmt":"2025-05-23T18:15:40","slug":"celebrando-a-solenidade-do-sagrado-coracao-de-jesus-amor-incondicional-e-misericordia-divina","status":"publish","type":"post","link":"https:\/\/salmosbiblicos.com.br\/index.php\/2025\/05\/23\/celebrando-a-solenidade-do-sagrado-coracao-de-jesus-amor-incondicional-e-misericordia-divina\/","title":{"rendered":"Celebrando a Solenidade do Sagrado Cora\u00e7\u00e3o de Jesus: Amor Incondicional e Miseric\u00f3rdia Divina"},"content":{"rendered":"<p>Neste m\u00eas de junho, celebramos uma data de grande import\u00e2ncia para a f\u00e9 cat\u00f3lica: a Solenidade do Sagrado Cora\u00e7\u00e3o de Jesus. Esta data \u00e9 celebrada na sexta-feira ap\u00f3s a oitava do Corpus Christi, este ano caindo no dia 11 de junho. <\/p>\n<p>A origem desta celebra\u00e7\u00e3o remonta ao s\u00e9culo XVII, quando Santa Margarida Maria Alacoque teve vis\u00f5es de Jesus Cristo revelando-lhe o seu Sagrado Cora\u00e7\u00e3o. Nestas apari\u00e7\u00f5es, Jesus pediu a Santa Margarida que difundisse a devo\u00e7\u00e3o ao Seu Cora\u00e7\u00e3o, como s\u00edmbolo do Seu amor incondicional pela humanidade. <\/p>\n<p>O Cora\u00e7\u00e3o de Jesus \u00e9 representado como um cora\u00e7\u00e3o inflamado de amor, coroado de espinhos e com a chaga da lan\u00e7a, simbolizando o sacrif\u00edcio e a entrega total de Jesus por n\u00f3s. Esta devo\u00e7\u00e3o nos convida a contemplar o imenso amor de Cristo por cada um de n\u00f3s, a nos entregarmos a Ele de forma plena e a vivermos em comunh\u00e3o com Seu cora\u00e7\u00e3o misericordioso.<\/p>\n<p>Neste dia, somos convidados a refletir sobre o amor incondicional de Jesus por cada um de n\u00f3s. Ele nos ama com um amor que vai al\u00e9m de nossas falhas e imperfei\u00e7\u00f5es, um amor que nos acolhe e nos transforma. \u00c9 um convite a entregarmos nossos cora\u00e7\u00f5es a Ele, a confiarmos em Sua miseric\u00f3rdia e a vivermos de acordo com Seus ensinamentos de amor e compaix\u00e3o.<\/p>\n<p>Que nesta Solenidade do Sagrado Cora\u00e7\u00e3o de Jesus possamos nos abrir para o amor de Cristo, permitindo que Ele transforme nossos cora\u00e7\u00f5es e nos guie em nossas escolhas e a\u00e7\u00f5es. Que possamos ser testemunhas vivas desse amor em um mundo que tanto precisa de compaix\u00e3o e solidariedade. <\/p>\n<p>Como forma de vivenciar essa devo\u00e7\u00e3o, sugiro que reserve um momento de ora\u00e7\u00e3o e contempla\u00e7\u00e3o diante de uma imagem do Sagrado Cora\u00e7\u00e3o de Jesus, meditando sobre o Seu amor por voc\u00ea e por toda a humanidade. Que esse encontro \u00edntimo com o Cora\u00e7\u00e3o de Jesus possa renovar sua f\u00e9 e sua esperan\u00e7a, fortalecendo-o para enfrentar os desafios do dia a dia com confian\u00e7a e amor.<\/p>\n<p>Que o Sagrado Cora\u00e7\u00e3o de Jesus nos guie e nos inspire a viver uma vida de amor e servi\u00e7o ao pr\u00f3ximo, seguindo o exemplo do Mestre que nos amou at\u00e9 o fim. Que o Seu Cora\u00e7\u00e3o misericordioso seja fonte de consolo e esperan\u00e7a em nossas vidas. Am\u00e9m.<\/p>\n","protected":false},"excerpt":{"rendered":"<p>Neste m\u00eas de junho, celebramos uma data de grande import\u00e2ncia para a f\u00e9 cat\u00f3lica: a Solenidade do Sagrado Cora\u00e7\u00e3o de Jesus. Esta data \u00e9 celebrada na sexta-feira ap\u00f3s a oitava do Corpus Christi, este ano caindo no dia 11 de junho. A origem desta celebra\u00e7\u00e3o remonta ao s\u00e9culo XVII, quando Santa Margarida Maria Alacoque teve [&hellip;]<\/p>\n","protected":false},"author":2,"featured_media":0,"comment_status":"closed","ping_status":"open","sticky":false,"template":"","format":"standard","meta":{"footnotes":""},"categories":[9],"tags":[],"class_list":["post-5283","post","type-post","status-publish","format-standard","hentry","category-data-religiosa"],"yoast_head":"<!-- This site is optimized with the Yoast SEO plugin v27.2 - https:\/\/yoast.com\/product\/yoast-seo-wordpress\/ -->\n<title>Celebrando a Solenidade do Sagrado Cora\u00e7\u00e3o de Jesus: Amor Incondicional e Miseric\u00f3rdia Divina - Salmos B\u00edblicos<\/title>\n<meta name=\"robots\" content=\"index, follow, max-snippet:-1, max-image-preview:large, max-video-preview:-1\" \/>\n<link rel=\"canonical\" href=\"https:\/\/salmosbiblicos.com.br\/index.php\/2025\/05\/23\/celebrando-a-solenidade-do-sagrado-coracao-de-jesus-amor-incondicional-e-misericordia-divina\/\" \/>\n<meta property=\"og:locale\" content=\"pt_BR\" \/>\n<meta property=\"og:type\" content=\"article\" \/>\n<meta property=\"og:title\" content=\"Celebrando a Solenidade do Sagrado Cora\u00e7\u00e3o de Jesus: Amor Incondicional e Miseric\u00f3rdia Divina - Salmos B\u00edblicos\" \/>\n<meta property=\"og:description\" content=\"Neste m\u00eas de junho, celebramos uma data de grande import\u00e2ncia para a f\u00e9 cat\u00f3lica: a Solenidade do Sagrado Cora\u00e7\u00e3o de Jesus. Esta data \u00e9 celebrada na sexta-feira ap\u00f3s a oitava do Corpus Christi, este ano caindo no dia 11 de junho. A origem desta celebra\u00e7\u00e3o remonta ao s\u00e9culo XVII, quando Santa Margarida Maria Alacoque teve [&hellip;]\" \/>\n<meta property=\"og:url\" content=\"https:\/\/salmosbiblicos.com.br\/index.php\/2025\/05\/23\/celebrando-a-solenidade-do-sagrado-coracao-de-jesus-amor-incondicional-e-misericordia-divina\/\" \/>\n<meta property=\"og:site_name\" content=\"Salmos B\u00edblicos\" \/>\n<meta property=\"article:published_time\" content=\"2025-05-23T18:15:40+00:00\" \/>\n<meta name=\"author\" content=\"Irmao\" \/>\n<meta name=\"twitter:card\" content=\"summary_large_image\" \/>\n<meta name=\"twitter:label1\" content=\"Escrito por\" \/>\n\t<meta name=\"twitter:data1\" content=\"Irmao\" \/>\n\t<meta name=\"twitter:label2\" content=\"Est. tempo de leitura\" \/>\n\t<meta name=\"twitter:data2\" content=\"2 minutos\" \/>\n<script type=\"application\/ld+json\" class=\"yoast-schema-graph\">{\"@context\":\"https:\/\/schema.org\",\"@graph\":[{\"@type\":\"Article\",\"@id\":\"https:\/\/salmosbiblicos.com.br\/index.php\/2025\/05\/23\/celebrando-a-solenidade-do-sagrado-coracao-de-jesus-amor-incondicional-e-misericordia-divina\/#article\",\"isPartOf\":{\"@id\":\"https:\/\/salmosbiblicos.com.br\/index.php\/2025\/05\/23\/celebrando-a-solenidade-do-sagrado-coracao-de-jesus-amor-incondicional-e-misericordia-divina\/\"},\"author\":{\"name\":\"Irmao\",\"@id\":\"https:\/\/salmosbiblicos.com.br\/#\/schema\/person\/760735259ba35f1e44e89c71c72d79da\"},\"headline\":\"Celebrando a Solenidade do Sagrado Cora\u00e7\u00e3o de Jesus: Amor Incondicional e Miseric\u00f3rdia Divina\",\"datePublished\":\"2025-05-23T18:15:40+00:00\",\"mainEntityOfPage\":{\"@id\":\"https:\/\/salmosbiblicos.com.br\/index.php\/2025\/05\/23\/celebrando-a-solenidade-do-sagrado-coracao-de-jesus-amor-incondicional-e-misericordia-divina\/\"},\"wordCount\":431,\"articleSection\":[\"Data Religiosa\"],\"inLanguage\":\"pt-BR\"},{\"@type\":\"WebPage\",\"@id\":\"https:\/\/salmosbiblicos.com.br\/index.php\/2025\/05\/23\/celebrando-a-solenidade-do-sagrado-coracao-de-jesus-amor-incondicional-e-misericordia-divina\/\",\"url\":\"https:\/\/salmosbiblicos.com.br\/index.php\/2025\/05\/23\/celebrando-a-solenidade-do-sagrado-coracao-de-jesus-amor-incondicional-e-misericordia-divina\/\",\"name\":\"Celebrando a Solenidade do Sagrado Cora\u00e7\u00e3o de Jesus: Amor Incondicional e Miseric\u00f3rdia Divina - Salmos B\u00edblicos\",\"isPartOf\":{\"@id\":\"https:\/\/salmosbiblicos.com.br\/#website\"},\"datePublished\":\"2025-05-23T18:15:40+00:00\",\"author\":{\"@id\":\"https:\/\/salmosbiblicos.com.br\/#\/schema\/person\/760735259ba35f1e44e89c71c72d79da\"},\"breadcrumb\":{\"@id\":\"https:\/\/salmosbiblicos.com.br\/index.php\/2025\/05\/23\/celebrando-a-solenidade-do-sagrado-coracao-de-jesus-amor-incondicional-e-misericordia-divina\/#breadcrumb\"},\"inLanguage\":\"pt-BR\",\"potentialAction\":[{\"@type\":\"ReadAction\",\"target\":[\"https:\/\/salmosbiblicos.com.br\/index.php\/2025\/05\/23\/celebrando-a-solenidade-do-sagrado-coracao-de-jesus-amor-incondicional-e-misericordia-divina\/\"]}]},{\"@type\":\"BreadcrumbList\",\"@id\":\"https:\/\/salmosbiblicos.com.br\/index.php\/2025\/05\/23\/celebrando-a-solenidade-do-sagrado-coracao-de-jesus-amor-incondicional-e-misericordia-divina\/#breadcrumb\",\"itemListElement\":[{\"@type\":\"ListItem\",\"position\":1,\"name\":\"Home\",\"item\":\"https:\/\/salmosbiblicos.com.br\/\"},{\"@type\":\"ListItem\",\"position\":2,\"name\":\"Celebrando a Solenidade do Sagrado Cora\u00e7\u00e3o de Jesus: Amor Incondicional e Miseric\u00f3rdia Divina\"}]},{\"@type\":\"WebSite\",\"@id\":\"https:\/\/salmosbiblicos.com.br\/#website\",\"url\":\"https:\/\/salmosbiblicos.com.br\/\",\"name\":\"Salmos B\u00edblicos\",\"description\":\"Uma e-Livraria com e-Books novos para voc\u00ea refletir.\",\"potentialAction\":[{\"@type\":\"SearchAction\",\"target\":{\"@type\":\"EntryPoint\",\"urlTemplate\":\"https:\/\/salmosbiblicos.com.br\/?s={search_term_string}\"},\"query-input\":{\"@type\":\"PropertyValueSpecification\",\"valueRequired\":true,\"valueName\":\"search_term_string\"}}],\"inLanguage\":\"pt-BR\"},{\"@type\":\"Person\",\"@id\":\"https:\/\/salmosbiblicos.com.br\/#\/schema\/person\/760735259ba35f1e44e89c71c72d79da\",\"name\":\"Irmao\",\"image\":{\"@type\":\"ImageObject\",\"inLanguage\":\"pt-BR\",\"@id\":\"https:\/\/secure.gravatar.com\/avatar\/?s=96&d=mm&r=g\",\"url\":\"https:\/\/secure.gravatar.com\/avatar\/?s=96&d=mm&r=g\",\"contentUrl\":\"https:\/\/secure.gravatar.com\/avatar\/?s=96&d=mm&r=g\",\"caption\":\"Irmao\"},\"url\":\"https:\/\/salmosbiblicos.com.br\/index.php\/author\/irmao\/\"}]}<\/script>\n<!-- \/ Yoast SEO plugin. -->","yoast_head_json":{"title":"Celebrando a Solenidade do Sagrado Cora\u00e7\u00e3o de Jesus: Amor Incondicional e Miseric\u00f3rdia Divina - Salmos B\u00edblicos","robots":{"index":"index","follow":"follow","max-snippet":"max-snippet:-1","max-image-preview":"max-image-preview:large","max-video-preview":"max-video-preview:-1"},"canonical":"https:\/\/salmosbiblicos.com.br\/index.php\/2025\/05\/23\/celebrando-a-solenidade-do-sagrado-coracao-de-jesus-amor-incondicional-e-misericordia-divina\/","og_locale":"pt_BR","og_type":"article","og_title":"Celebrando a Solenidade do Sagrado Cora\u00e7\u00e3o de Jesus: Amor Incondicional e Miseric\u00f3rdia Divina - Salmos B\u00edblicos","og_description":"Neste m\u00eas de junho, celebramos uma data de grande import\u00e2ncia para a f\u00e9 cat\u00f3lica: a Solenidade do Sagrado Cora\u00e7\u00e3o de Jesus. Esta data \u00e9 celebrada na sexta-feira ap\u00f3s a oitava do Corpus Christi, este ano caindo no dia 11 de junho. A origem desta celebra\u00e7\u00e3o remonta ao s\u00e9culo XVII, quando Santa Margarida Maria Alacoque teve [&hellip;]","og_url":"https:\/\/salmosbiblicos.com.br\/index.php\/2025\/05\/23\/celebrando-a-solenidade-do-sagrado-coracao-de-jesus-amor-incondicional-e-misericordia-divina\/","og_site_name":"Salmos B\u00edblicos","article_published_time":"2025-05-23T18:15:40+00:00","author":"Irmao","twitter_card":"summary_large_image","twitter_misc":{"Escrito por":"Irmao","Est. tempo de leitura":"2 minutos"},"schema":{"@context":"https:\/\/schema.org","@graph":[{"@type":"Article","@id":"https:\/\/salmosbiblicos.com.br\/index.php\/2025\/05\/23\/celebrando-a-solenidade-do-sagrado-coracao-de-jesus-amor-incondicional-e-misericordia-divina\/#article","isPartOf":{"@id":"https:\/\/salmosbiblicos.com.br\/index.php\/2025\/05\/23\/celebrando-a-solenidade-do-sagrado-coracao-de-jesus-amor-incondicional-e-misericordia-divina\/"},"author":{"name":"Irmao","@id":"https:\/\/salmosbiblicos.com.br\/#\/schema\/person\/760735259ba35f1e44e89c71c72d79da"},"headline":"Celebrando a Solenidade do Sagrado Cora\u00e7\u00e3o de Jesus: Amor Incondicional e Miseric\u00f3rdia Divina","datePublished":"2025-05-23T18:15:40+00:00","mainEntityOfPage":{"@id":"https:\/\/salmosbiblicos.com.br\/index.php\/2025\/05\/23\/celebrando-a-solenidade-do-sagrado-coracao-de-jesus-amor-incondicional-e-misericordia-divina\/"},"wordCount":431,"articleSection":["Data Religiosa"],"inLanguage":"pt-BR"},{"@type":"WebPage","@id":"https:\/\/salmosbiblicos.com.br\/index.php\/2025\/05\/23\/celebrando-a-solenidade-do-sagrado-coracao-de-jesus-amor-incondicional-e-misericordia-divina\/","url":"https:\/\/salmosbiblicos.com.br\/index.php\/2025\/05\/23\/celebrando-a-solenidade-do-sagrado-coracao-de-jesus-amor-incondicional-e-misericordia-divina\/","name":"Celebrando a Solenidade do Sagrado Cora\u00e7\u00e3o de Jesus: Amor Incondicional e Miseric\u00f3rdia Divina - Salmos B\u00edblicos","isPartOf":{"@id":"https:\/\/salmosbiblicos.com.br\/#website"},"datePublished":"2025-05-23T18:15:40+00:00","author":{"@id":"https:\/\/salmosbiblicos.com.br\/#\/schema\/person\/760735259ba35f1e44e89c71c72d79da"},"breadcrumb":{"@id":"https:\/\/salmosbiblicos.com.br\/index.php\/2025\/05\/23\/celebrando-a-solenidade-do-sagrado-coracao-de-jesus-amor-incondicional-e-misericordia-divina\/#breadcrumb"},"inLanguage":"pt-BR","potentialAction":[{"@type":"ReadAction","target":["https:\/\/salmosbiblicos.com.br\/index.php\/2025\/05\/23\/celebrando-a-solenidade-do-sagrado-coracao-de-jesus-amor-incondicional-e-misericordia-divina\/"]}]},{"@type":"BreadcrumbList","@id":"https:\/\/salmosbiblicos.com.br\/index.php\/2025\/05\/23\/celebrando-a-solenidade-do-sagrado-coracao-de-jesus-amor-incondicional-e-misericordia-divina\/#breadcrumb","itemListElement":[{"@type":"ListItem","position":1,"name":"Home","item":"https:\/\/salmosbiblicos.com.br\/"},{"@type":"ListItem","position":2,"name":"Celebrando a Solenidade do Sagrado Cora\u00e7\u00e3o de Jesus: Amor Incondicional e Miseric\u00f3rdia Divina"}]},{"@type":"WebSite","@id":"https:\/\/salmosbiblicos.com.br\/#website","url":"https:\/\/salmosbiblicos.com.br\/","name":"Salmos B\u00edblicos","description":"Uma e-Livraria com e-Books novos para voc\u00ea refletir.","potentialAction":[{"@type":"SearchAction","target":{"@type":"EntryPoint","urlTemplate":"https:\/\/salmosbiblicos.com.br\/?s={search_term_string}"},"query-input":{"@type":"PropertyValueSpecification","valueRequired":true,"valueName":"search_term_string"}}],"inLanguage":"pt-BR"},{"@type":"Person","@id":"https:\/\/salmosbiblicos.com.br\/#\/schema\/person\/760735259ba35f1e44e89c71c72d79da","name":"Irmao","image":{"@type":"ImageObject","inLanguage":"pt-BR","@id":"https:\/\/secure.gravatar.com\/avatar\/?s=96&d=mm&r=g","url":"https:\/\/secure.gravatar.com\/avatar\/?s=96&d=mm&r=g","contentUrl":"https:\/\/secure.gravatar.com\/avatar\/?s=96&d=mm&r=g","caption":"Irmao"},"url":"https:\/\/salmosbiblicos.com.br\/index.php\/author\/irmao\/"}]}},"_links":{"self":[{"href":"https:\/\/salmosbiblicos.com.br\/index.php\/wp-json\/wp\/v2\/posts\/5283","targetHints":{"allow":["GET"]}}],"collection":[{"href":"https:\/\/salmosbiblicos.com.br\/index.php\/wp-json\/wp\/v2\/posts"}],"about":[{"href":"https:\/\/salmosbiblicos.com.br\/index.php\/wp-json\/wp\/v2\/types\/post"}],"author":[{"embeddable":true,"href":"https:\/\/salmosbiblicos.com.br\/index.php\/wp-json\/wp\/v2\/users\/2"}],"replies":[{"embeddable":true,"href":"https:\/\/salmosbiblicos.com.br\/index.php\/wp-json\/wp\/v2\/comments?post=5283"}],"version-history":[{"count":0,"href":"https:\/\/salmosbiblicos.com.br\/index.php\/wp-json\/wp\/v2\/posts\/5283\/revisions"}],"wp:attachment":[{"href":"https:\/\/salmosbiblicos.com.br\/index.php\/wp-json\/wp\/v2\/media?parent=5283"}],"wp:term":[{"taxonomy":"category","embeddable":true,"href":"https:\/\/salmosbiblicos.com.br\/index.php\/wp-json\/wp\/v2\/categories?post=5283"},{"taxonomy":"post_tag","embeddable":true,"href":"https:\/\/salmosbiblicos.com.br\/index.php\/wp-json\/wp\/v2\/tags?post=5283"}],"curies":[{"name":"wp","href":"https:\/\/api.w.org\/{rel}","templated":true}]}}