{"id":5297,"date":"2025-05-23T15:16:46","date_gmt":"2025-05-23T18:16:46","guid":{"rendered":"https:\/\/salmosbiblicos.com.br\/?p=5297"},"modified":"2025-05-23T15:16:46","modified_gmt":"2025-05-23T18:16:46","slug":"grupo-de-oracao-fortalecendo-a-fe-e-a-comunhao-na-igreja-catolica","status":"publish","type":"post","link":"https:\/\/salmosbiblicos.com.br\/index.php\/2025\/05\/23\/grupo-de-oracao-fortalecendo-a-fe-e-a-comunhao-na-igreja-catolica\/","title":{"rendered":"Grupo de Ora\u00e7\u00e3o: Fortalecendo a F\u00e9 e a Comunh\u00e3o na Igreja Cat\u00f3lica"},"content":{"rendered":"<p>Em meio \u00e0s adversidades e desafios do mundo contempor\u00e2neo, os grupos de ora\u00e7\u00e3o se tornam um ref\u00fagio de f\u00e9 e fortalecimento espiritual para os que buscam a presen\u00e7a de Deus em suas vidas. Na igreja cat\u00f3lica, esses grupos desempenham um papel fundamental na vida comunit\u00e1ria, promovendo a uni\u00e3o entre os fi\u00e9is e aprofundando a viv\u00eancia da f\u00e9.<\/p>\n<p>Participar de um grupo de ora\u00e7\u00e3o vai muito al\u00e9m de simplesmente rezar juntos. \u00c9 um momento de comunh\u00e3o, de partilha de experi\u00eancias, de escuta atenta da Palavra de Deus e de intercess\u00e3o pelos desafios pessoais e coletivos. \u00c9 um espa\u00e7o de acolhimento, onde cada pessoa se sente amada e fortalecida pela presen\u00e7a de seus irm\u00e3os na f\u00e9.<\/p>\n<p>O Salmo 23 nos lembra que o Senhor \u00e9 nosso pastor, nada nos faltar\u00e1. Nos grupos de ora\u00e7\u00e3o, experimentamos essa verdade de forma concreta, pois ali encontramos o cuidado e a prote\u00e7\u00e3o de Deus manifestados atrav\u00e9s da comunidade que nos acolhe e nos sustenta em nossas caminhadas.<\/p>\n<p>Refletindo sobre a import\u00e2ncia dos grupos de ora\u00e7\u00e3o, somos convidados a cultivar a confian\u00e7a na provid\u00eancia divina e na for\u00e7a da ora\u00e7\u00e3o comunit\u00e1ria. \u00c9 no encontro fraterno com os irm\u00e3os que encontramos o conforto para enfrentar as tribula\u00e7\u00f5es da vida e a coragem para seguir adiante, confiantes de que Deus est\u00e1 sempre ao nosso lado.<\/p>\n<p>Que possamos, cada vez mais, valorizar e participar ativamente dos grupos de ora\u00e7\u00e3o em nossas comunidades, fortalecendo nossa f\u00e9 e nossa uni\u00e3o com Cristo e com nossos irm\u00e3os. Que possamos nos abrir para a a\u00e7\u00e3o do Esp\u00edrito Santo em nossas vidas, permitindo que Ele nos conduza e nos renove a cada encontro de ora\u00e7\u00e3o.<\/p>\n<p>Que a esperan\u00e7a e a confian\u00e7a no amor de Deus nos inspirem a caminhar com coragem e f\u00e9, sabendo que Ele est\u00e1 sempre conosco, sustentando-nos em todas as circunst\u00e2ncias da vida. Am\u00e9m.<\/p>\n","protected":false},"excerpt":{"rendered":"<p>Em meio \u00e0s adversidades e desafios do mundo contempor\u00e2neo, os grupos de ora\u00e7\u00e3o se tornam um ref\u00fagio de f\u00e9 e fortalecimento espiritual para os que buscam a presen\u00e7a de Deus em suas vidas. Na igreja cat\u00f3lica, esses grupos desempenham um papel fundamental na vida comunit\u00e1ria, promovendo a uni\u00e3o entre os fi\u00e9is e aprofundando a viv\u00eancia [&hellip;]<\/p>\n","protected":false},"author":2,"featured_media":0,"comment_status":"closed","ping_status":"open","sticky":false,"template":"","format":"standard","meta":{"footnotes":""},"categories":[11],"tags":[],"class_list":["post-5297","post","type-post","status-publish","format-standard","hentry","category-salmos"],"yoast_head":"<!-- This site is optimized with the Yoast SEO plugin v27.2 - https:\/\/yoast.com\/product\/yoast-seo-wordpress\/ -->\n<title>Grupo de Ora\u00e7\u00e3o: Fortalecendo a F\u00e9 e a Comunh\u00e3o na Igreja Cat\u00f3lica - Salmos B\u00edblicos<\/title>\n<meta name=\"robots\" content=\"index, follow, max-snippet:-1, max-image-preview:large, max-video-preview:-1\" \/>\n<link rel=\"canonical\" href=\"https:\/\/salmosbiblicos.com.br\/index.php\/2025\/05\/23\/grupo-de-oracao-fortalecendo-a-fe-e-a-comunhao-na-igreja-catolica\/\" \/>\n<meta property=\"og:locale\" content=\"pt_BR\" \/>\n<meta property=\"og:type\" content=\"article\" \/>\n<meta property=\"og:title\" content=\"Grupo de Ora\u00e7\u00e3o: Fortalecendo a F\u00e9 e a Comunh\u00e3o na Igreja Cat\u00f3lica - Salmos B\u00edblicos\" \/>\n<meta property=\"og:description\" content=\"Em meio \u00e0s adversidades e desafios do mundo contempor\u00e2neo, os grupos de ora\u00e7\u00e3o se tornam um ref\u00fagio de f\u00e9 e fortalecimento espiritual para os que buscam a presen\u00e7a de Deus em suas vidas. Na igreja cat\u00f3lica, esses grupos desempenham um papel fundamental na vida comunit\u00e1ria, promovendo a uni\u00e3o entre os fi\u00e9is e aprofundando a viv\u00eancia [&hellip;]\" \/>\n<meta property=\"og:url\" content=\"https:\/\/salmosbiblicos.com.br\/index.php\/2025\/05\/23\/grupo-de-oracao-fortalecendo-a-fe-e-a-comunhao-na-igreja-catolica\/\" \/>\n<meta property=\"og:site_name\" content=\"Salmos B\u00edblicos\" \/>\n<meta property=\"article:published_time\" content=\"2025-05-23T18:16:46+00:00\" \/>\n<meta name=\"author\" content=\"Irmao\" \/>\n<meta name=\"twitter:card\" content=\"summary_large_image\" \/>\n<meta name=\"twitter:label1\" content=\"Escrito por\" \/>\n\t<meta name=\"twitter:data1\" content=\"Irmao\" \/>\n\t<meta name=\"twitter:label2\" content=\"Est. tempo de leitura\" \/>\n\t<meta name=\"twitter:data2\" content=\"2 minutos\" \/>\n<script type=\"application\/ld+json\" class=\"yoast-schema-graph\">{\"@context\":\"https:\/\/schema.org\",\"@graph\":[{\"@type\":\"Article\",\"@id\":\"https:\/\/salmosbiblicos.com.br\/index.php\/2025\/05\/23\/grupo-de-oracao-fortalecendo-a-fe-e-a-comunhao-na-igreja-catolica\/#article\",\"isPartOf\":{\"@id\":\"https:\/\/salmosbiblicos.com.br\/index.php\/2025\/05\/23\/grupo-de-oracao-fortalecendo-a-fe-e-a-comunhao-na-igreja-catolica\/\"},\"author\":{\"name\":\"Irmao\",\"@id\":\"https:\/\/salmosbiblicos.com.br\/#\/schema\/person\/760735259ba35f1e44e89c71c72d79da\"},\"headline\":\"Grupo de Ora\u00e7\u00e3o: Fortalecendo a F\u00e9 e a Comunh\u00e3o na Igreja Cat\u00f3lica\",\"datePublished\":\"2025-05-23T18:16:46+00:00\",\"mainEntityOfPage\":{\"@id\":\"https:\/\/salmosbiblicos.com.br\/index.php\/2025\/05\/23\/grupo-de-oracao-fortalecendo-a-fe-e-a-comunhao-na-igreja-catolica\/\"},\"wordCount\":351,\"articleSection\":[\"Salmos\"],\"inLanguage\":\"pt-BR\"},{\"@type\":\"WebPage\",\"@id\":\"https:\/\/salmosbiblicos.com.br\/index.php\/2025\/05\/23\/grupo-de-oracao-fortalecendo-a-fe-e-a-comunhao-na-igreja-catolica\/\",\"url\":\"https:\/\/salmosbiblicos.com.br\/index.php\/2025\/05\/23\/grupo-de-oracao-fortalecendo-a-fe-e-a-comunhao-na-igreja-catolica\/\",\"name\":\"Grupo de Ora\u00e7\u00e3o: Fortalecendo a F\u00e9 e a Comunh\u00e3o na Igreja Cat\u00f3lica - Salmos B\u00edblicos\",\"isPartOf\":{\"@id\":\"https:\/\/salmosbiblicos.com.br\/#website\"},\"datePublished\":\"2025-05-23T18:16:46+00:00\",\"author\":{\"@id\":\"https:\/\/salmosbiblicos.com.br\/#\/schema\/person\/760735259ba35f1e44e89c71c72d79da\"},\"breadcrumb\":{\"@id\":\"https:\/\/salmosbiblicos.com.br\/index.php\/2025\/05\/23\/grupo-de-oracao-fortalecendo-a-fe-e-a-comunhao-na-igreja-catolica\/#breadcrumb\"},\"inLanguage\":\"pt-BR\",\"potentialAction\":[{\"@type\":\"ReadAction\",\"target\":[\"https:\/\/salmosbiblicos.com.br\/index.php\/2025\/05\/23\/grupo-de-oracao-fortalecendo-a-fe-e-a-comunhao-na-igreja-catolica\/\"]}]},{\"@type\":\"BreadcrumbList\",\"@id\":\"https:\/\/salmosbiblicos.com.br\/index.php\/2025\/05\/23\/grupo-de-oracao-fortalecendo-a-fe-e-a-comunhao-na-igreja-catolica\/#breadcrumb\",\"itemListElement\":[{\"@type\":\"ListItem\",\"position\":1,\"name\":\"Home\",\"item\":\"https:\/\/salmosbiblicos.com.br\/\"},{\"@type\":\"ListItem\",\"position\":2,\"name\":\"Grupo de Ora\u00e7\u00e3o: Fortalecendo a F\u00e9 e a Comunh\u00e3o na Igreja Cat\u00f3lica\"}]},{\"@type\":\"WebSite\",\"@id\":\"https:\/\/salmosbiblicos.com.br\/#website\",\"url\":\"https:\/\/salmosbiblicos.com.br\/\",\"name\":\"Salmos B\u00edblicos\",\"description\":\"Uma e-Livraria com e-Books novos para voc\u00ea refletir.\",\"potentialAction\":[{\"@type\":\"SearchAction\",\"target\":{\"@type\":\"EntryPoint\",\"urlTemplate\":\"https:\/\/salmosbiblicos.com.br\/?s={search_term_string}\"},\"query-input\":{\"@type\":\"PropertyValueSpecification\",\"valueRequired\":true,\"valueName\":\"search_term_string\"}}],\"inLanguage\":\"pt-BR\"},{\"@type\":\"Person\",\"@id\":\"https:\/\/salmosbiblicos.com.br\/#\/schema\/person\/760735259ba35f1e44e89c71c72d79da\",\"name\":\"Irmao\",\"image\":{\"@type\":\"ImageObject\",\"inLanguage\":\"pt-BR\",\"@id\":\"https:\/\/secure.gravatar.com\/avatar\/?s=96&d=mm&r=g\",\"url\":\"https:\/\/secure.gravatar.com\/avatar\/?s=96&d=mm&r=g\",\"contentUrl\":\"https:\/\/secure.gravatar.com\/avatar\/?s=96&d=mm&r=g\",\"caption\":\"Irmao\"},\"url\":\"https:\/\/salmosbiblicos.com.br\/index.php\/author\/irmao\/\"}]}<\/script>\n<!-- \/ Yoast SEO plugin. -->","yoast_head_json":{"title":"Grupo de Ora\u00e7\u00e3o: Fortalecendo a F\u00e9 e a Comunh\u00e3o na Igreja Cat\u00f3lica - Salmos B\u00edblicos","robots":{"index":"index","follow":"follow","max-snippet":"max-snippet:-1","max-image-preview":"max-image-preview:large","max-video-preview":"max-video-preview:-1"},"canonical":"https:\/\/salmosbiblicos.com.br\/index.php\/2025\/05\/23\/grupo-de-oracao-fortalecendo-a-fe-e-a-comunhao-na-igreja-catolica\/","og_locale":"pt_BR","og_type":"article","og_title":"Grupo de Ora\u00e7\u00e3o: Fortalecendo a F\u00e9 e a Comunh\u00e3o na Igreja Cat\u00f3lica - Salmos B\u00edblicos","og_description":"Em meio \u00e0s adversidades e desafios do mundo contempor\u00e2neo, os grupos de ora\u00e7\u00e3o se tornam um ref\u00fagio de f\u00e9 e fortalecimento espiritual para os que buscam a presen\u00e7a de Deus em suas vidas. Na igreja cat\u00f3lica, esses grupos desempenham um papel fundamental na vida comunit\u00e1ria, promovendo a uni\u00e3o entre os fi\u00e9is e aprofundando a viv\u00eancia [&hellip;]","og_url":"https:\/\/salmosbiblicos.com.br\/index.php\/2025\/05\/23\/grupo-de-oracao-fortalecendo-a-fe-e-a-comunhao-na-igreja-catolica\/","og_site_name":"Salmos B\u00edblicos","article_published_time":"2025-05-23T18:16:46+00:00","author":"Irmao","twitter_card":"summary_large_image","twitter_misc":{"Escrito por":"Irmao","Est. tempo de leitura":"2 minutos"},"schema":{"@context":"https:\/\/schema.org","@graph":[{"@type":"Article","@id":"https:\/\/salmosbiblicos.com.br\/index.php\/2025\/05\/23\/grupo-de-oracao-fortalecendo-a-fe-e-a-comunhao-na-igreja-catolica\/#article","isPartOf":{"@id":"https:\/\/salmosbiblicos.com.br\/index.php\/2025\/05\/23\/grupo-de-oracao-fortalecendo-a-fe-e-a-comunhao-na-igreja-catolica\/"},"author":{"name":"Irmao","@id":"https:\/\/salmosbiblicos.com.br\/#\/schema\/person\/760735259ba35f1e44e89c71c72d79da"},"headline":"Grupo de Ora\u00e7\u00e3o: Fortalecendo a F\u00e9 e a Comunh\u00e3o na Igreja Cat\u00f3lica","datePublished":"2025-05-23T18:16:46+00:00","mainEntityOfPage":{"@id":"https:\/\/salmosbiblicos.com.br\/index.php\/2025\/05\/23\/grupo-de-oracao-fortalecendo-a-fe-e-a-comunhao-na-igreja-catolica\/"},"wordCount":351,"articleSection":["Salmos"],"inLanguage":"pt-BR"},{"@type":"WebPage","@id":"https:\/\/salmosbiblicos.com.br\/index.php\/2025\/05\/23\/grupo-de-oracao-fortalecendo-a-fe-e-a-comunhao-na-igreja-catolica\/","url":"https:\/\/salmosbiblicos.com.br\/index.php\/2025\/05\/23\/grupo-de-oracao-fortalecendo-a-fe-e-a-comunhao-na-igreja-catolica\/","name":"Grupo de Ora\u00e7\u00e3o: Fortalecendo a F\u00e9 e a Comunh\u00e3o na Igreja Cat\u00f3lica - Salmos B\u00edblicos","isPartOf":{"@id":"https:\/\/salmosbiblicos.com.br\/#website"},"datePublished":"2025-05-23T18:16:46+00:00","author":{"@id":"https:\/\/salmosbiblicos.com.br\/#\/schema\/person\/760735259ba35f1e44e89c71c72d79da"},"breadcrumb":{"@id":"https:\/\/salmosbiblicos.com.br\/index.php\/2025\/05\/23\/grupo-de-oracao-fortalecendo-a-fe-e-a-comunhao-na-igreja-catolica\/#breadcrumb"},"inLanguage":"pt-BR","potentialAction":[{"@type":"ReadAction","target":["https:\/\/salmosbiblicos.com.br\/index.php\/2025\/05\/23\/grupo-de-oracao-fortalecendo-a-fe-e-a-comunhao-na-igreja-catolica\/"]}]},{"@type":"BreadcrumbList","@id":"https:\/\/salmosbiblicos.com.br\/index.php\/2025\/05\/23\/grupo-de-oracao-fortalecendo-a-fe-e-a-comunhao-na-igreja-catolica\/#breadcrumb","itemListElement":[{"@type":"ListItem","position":1,"name":"Home","item":"https:\/\/salmosbiblicos.com.br\/"},{"@type":"ListItem","position":2,"name":"Grupo de Ora\u00e7\u00e3o: Fortalecendo a F\u00e9 e a Comunh\u00e3o na Igreja Cat\u00f3lica"}]},{"@type":"WebSite","@id":"https:\/\/salmosbiblicos.com.br\/#website","url":"https:\/\/salmosbiblicos.com.br\/","name":"Salmos B\u00edblicos","description":"Uma e-Livraria com e-Books novos para voc\u00ea refletir.","potentialAction":[{"@type":"SearchAction","target":{"@type":"EntryPoint","urlTemplate":"https:\/\/salmosbiblicos.com.br\/?s={search_term_string}"},"query-input":{"@type":"PropertyValueSpecification","valueRequired":true,"valueName":"search_term_string"}}],"inLanguage":"pt-BR"},{"@type":"Person","@id":"https:\/\/salmosbiblicos.com.br\/#\/schema\/person\/760735259ba35f1e44e89c71c72d79da","name":"Irmao","image":{"@type":"ImageObject","inLanguage":"pt-BR","@id":"https:\/\/secure.gravatar.com\/avatar\/?s=96&d=mm&r=g","url":"https:\/\/secure.gravatar.com\/avatar\/?s=96&d=mm&r=g","contentUrl":"https:\/\/secure.gravatar.com\/avatar\/?s=96&d=mm&r=g","caption":"Irmao"},"url":"https:\/\/salmosbiblicos.com.br\/index.php\/author\/irmao\/"}]}},"_links":{"self":[{"href":"https:\/\/salmosbiblicos.com.br\/index.php\/wp-json\/wp\/v2\/posts\/5297","targetHints":{"allow":["GET"]}}],"collection":[{"href":"https:\/\/salmosbiblicos.com.br\/index.php\/wp-json\/wp\/v2\/posts"}],"about":[{"href":"https:\/\/salmosbiblicos.com.br\/index.php\/wp-json\/wp\/v2\/types\/post"}],"author":[{"embeddable":true,"href":"https:\/\/salmosbiblicos.com.br\/index.php\/wp-json\/wp\/v2\/users\/2"}],"replies":[{"embeddable":true,"href":"https:\/\/salmosbiblicos.com.br\/index.php\/wp-json\/wp\/v2\/comments?post=5297"}],"version-history":[{"count":0,"href":"https:\/\/salmosbiblicos.com.br\/index.php\/wp-json\/wp\/v2\/posts\/5297\/revisions"}],"wp:attachment":[{"href":"https:\/\/salmosbiblicos.com.br\/index.php\/wp-json\/wp\/v2\/media?parent=5297"}],"wp:term":[{"taxonomy":"category","embeddable":true,"href":"https:\/\/salmosbiblicos.com.br\/index.php\/wp-json\/wp\/v2\/categories?post=5297"},{"taxonomy":"post_tag","embeddable":true,"href":"https:\/\/salmosbiblicos.com.br\/index.php\/wp-json\/wp\/v2\/tags?post=5297"}],"curies":[{"name":"wp","href":"https:\/\/api.w.org\/{rel}","templated":true}]}}