{"id":5299,"date":"2025-05-23T15:16:54","date_gmt":"2025-05-23T18:16:54","guid":{"rendered":"https:\/\/salmosbiblicos.com.br\/?p=5299"},"modified":"2025-05-23T15:16:54","modified_gmt":"2025-05-23T18:16:54","slug":"a-importancia-dos-grupos-de-oracao-na-nossa-jornada-de-fe-fortalecimento-comunhao-e-esperanca","status":"publish","type":"post","link":"https:\/\/salmosbiblicos.com.br\/index.php\/2025\/05\/23\/a-importancia-dos-grupos-de-oracao-na-nossa-jornada-de-fe-fortalecimento-comunhao-e-esperanca\/","title":{"rendered":"A import\u00e2ncia dos grupos de ora\u00e7\u00e3o na nossa jornada de f\u00e9: fortalecimento, comunh\u00e3o e esperan\u00e7a."},"content":{"rendered":"<p>Os grupos de ora\u00e7\u00e3o s\u00e3o verdadeiros tesouros dentro da nossa caminhada de f\u00e9. Neles, encontramos um espa\u00e7o sagrado onde podemos nos unir em comunh\u00e3o, elevar nossas preces a Deus e fortalecer uns aos outros em momentos de necessidade. <\/p>\n<p>Dentro de um grupo de ora\u00e7\u00e3o, somos acolhidos e compreendidos, pois ali todos caminham juntos em busca de uma conex\u00e3o mais profunda com o divino. \u00c9 um lugar de partilha, de escuta e de amor fraterno, onde podemos sentir a presen\u00e7a do Esp\u00edrito Santo agindo em nossas vidas.<\/p>\n<p>Assim como o Salmo nos lembra que onde dois ou mais estiverem reunidos em Seu nome, Ele estar\u00e1 presente, nos grupos de ora\u00e7\u00e3o experimentamos a for\u00e7a da ora\u00e7\u00e3o comunit\u00e1ria. Nesses encontros, aprendemos a confiar mais em Deus, a entregar nossas ang\u00fastias e agradecer por Suas b\u00ean\u00e7\u00e3os.<\/p>\n<p>A import\u00e2ncia dos grupos de ora\u00e7\u00e3o vai al\u00e9m das palavras que proferimos juntos. Neles, encontramos apoio, consolo e encorajamento para seguir em frente, mesmo nos momentos mais dif\u00edceis. \u00c9 como se cada integrante fosse uma luz que ilumina o caminho do outro, tornando a jornada mais suave e cheia de esperan\u00e7a.<\/p>\n<p>Que possamos valorizar e participar ativamente desses espa\u00e7os de ora\u00e7\u00e3o, pois neles encontramos a for\u00e7a necess\u00e1ria para enfrentar os desafios do dia a dia e para crescer espiritualmente. Que possamos nos unir em comunh\u00e3o, fortalecendo uns aos outros e glorificando o nome do Senhor.<\/p>\n<p>Que a nossa f\u00e9 seja renovada a cada encontro de ora\u00e7\u00e3o, sabendo que Deus est\u00e1 sempre ao nosso lado, nos guiando e nos sustentando. Afinal, juntos somos mais fortes na f\u00e9 e no amor. Confie no poder da ora\u00e7\u00e3o em comunidade e sinta a presen\u00e7a divina em cada momento de sua vida.<\/p>\n","protected":false},"excerpt":{"rendered":"<p>Os grupos de ora\u00e7\u00e3o s\u00e3o verdadeiros tesouros dentro da nossa caminhada de f\u00e9. Neles, encontramos um espa\u00e7o sagrado onde podemos nos unir em comunh\u00e3o, elevar nossas preces a Deus e fortalecer uns aos outros em momentos de necessidade. Dentro de um grupo de ora\u00e7\u00e3o, somos acolhidos e compreendidos, pois ali todos caminham juntos em busca [&hellip;]<\/p>\n","protected":false},"author":2,"featured_media":0,"comment_status":"closed","ping_status":"open","sticky":false,"template":"","format":"standard","meta":{"footnotes":""},"categories":[11],"tags":[],"class_list":["post-5299","post","type-post","status-publish","format-standard","hentry","category-salmos"],"yoast_head":"<!-- This site is optimized with the Yoast SEO plugin v27.2 - https:\/\/yoast.com\/product\/yoast-seo-wordpress\/ -->\n<title>A import\u00e2ncia dos grupos de ora\u00e7\u00e3o na nossa jornada de f\u00e9: fortalecimento, comunh\u00e3o e esperan\u00e7a. - Salmos B\u00edblicos<\/title>\n<meta name=\"robots\" content=\"index, follow, max-snippet:-1, max-image-preview:large, max-video-preview:-1\" \/>\n<link rel=\"canonical\" href=\"http:\/\/salmosbiblicos.com.br\/index.php\/2025\/05\/23\/a-importancia-dos-grupos-de-oracao-na-nossa-jornada-de-fe-fortalecimento-comunhao-e-esperanca\/\" \/>\n<meta property=\"og:locale\" content=\"pt_BR\" \/>\n<meta property=\"og:type\" content=\"article\" \/>\n<meta property=\"og:title\" content=\"A import\u00e2ncia dos grupos de ora\u00e7\u00e3o na nossa jornada de f\u00e9: fortalecimento, comunh\u00e3o e esperan\u00e7a. - Salmos B\u00edblicos\" \/>\n<meta property=\"og:description\" content=\"Os grupos de ora\u00e7\u00e3o s\u00e3o verdadeiros tesouros dentro da nossa caminhada de f\u00e9. Neles, encontramos um espa\u00e7o sagrado onde podemos nos unir em comunh\u00e3o, elevar nossas preces a Deus e fortalecer uns aos outros em momentos de necessidade. Dentro de um grupo de ora\u00e7\u00e3o, somos acolhidos e compreendidos, pois ali todos caminham juntos em busca [&hellip;]\" \/>\n<meta property=\"og:url\" content=\"http:\/\/salmosbiblicos.com.br\/index.php\/2025\/05\/23\/a-importancia-dos-grupos-de-oracao-na-nossa-jornada-de-fe-fortalecimento-comunhao-e-esperanca\/\" \/>\n<meta property=\"og:site_name\" content=\"Salmos B\u00edblicos\" \/>\n<meta property=\"article:published_time\" content=\"2025-05-23T18:16:54+00:00\" \/>\n<meta name=\"author\" content=\"Irmao\" \/>\n<meta name=\"twitter:card\" content=\"summary_large_image\" \/>\n<meta name=\"twitter:label1\" content=\"Escrito por\" \/>\n\t<meta name=\"twitter:data1\" content=\"Irmao\" \/>\n\t<meta name=\"twitter:label2\" content=\"Est. tempo de leitura\" \/>\n\t<meta name=\"twitter:data2\" content=\"2 minutos\" \/>\n<script type=\"application\/ld+json\" class=\"yoast-schema-graph\">{\"@context\":\"https:\/\/schema.org\",\"@graph\":[{\"@type\":\"Article\",\"@id\":\"http:\/\/salmosbiblicos.com.br\/index.php\/2025\/05\/23\/a-importancia-dos-grupos-de-oracao-na-nossa-jornada-de-fe-fortalecimento-comunhao-e-esperanca\/#article\",\"isPartOf\":{\"@id\":\"http:\/\/salmosbiblicos.com.br\/index.php\/2025\/05\/23\/a-importancia-dos-grupos-de-oracao-na-nossa-jornada-de-fe-fortalecimento-comunhao-e-esperanca\/\"},\"author\":{\"name\":\"Irmao\",\"@id\":\"https:\/\/salmosbiblicos.com.br\/#\/schema\/person\/760735259ba35f1e44e89c71c72d79da\"},\"headline\":\"A import\u00e2ncia dos grupos de ora\u00e7\u00e3o na nossa jornada de f\u00e9: fortalecimento, comunh\u00e3o e esperan\u00e7a.\",\"datePublished\":\"2025-05-23T18:16:54+00:00\",\"mainEntityOfPage\":{\"@id\":\"http:\/\/salmosbiblicos.com.br\/index.php\/2025\/05\/23\/a-importancia-dos-grupos-de-oracao-na-nossa-jornada-de-fe-fortalecimento-comunhao-e-esperanca\/\"},\"wordCount\":324,\"articleSection\":[\"Salmos\"],\"inLanguage\":\"pt-BR\"},{\"@type\":\"WebPage\",\"@id\":\"http:\/\/salmosbiblicos.com.br\/index.php\/2025\/05\/23\/a-importancia-dos-grupos-de-oracao-na-nossa-jornada-de-fe-fortalecimento-comunhao-e-esperanca\/\",\"url\":\"http:\/\/salmosbiblicos.com.br\/index.php\/2025\/05\/23\/a-importancia-dos-grupos-de-oracao-na-nossa-jornada-de-fe-fortalecimento-comunhao-e-esperanca\/\",\"name\":\"A import\u00e2ncia dos grupos de ora\u00e7\u00e3o na nossa jornada de f\u00e9: fortalecimento, comunh\u00e3o e esperan\u00e7a. - Salmos B\u00edblicos\",\"isPartOf\":{\"@id\":\"https:\/\/salmosbiblicos.com.br\/#website\"},\"datePublished\":\"2025-05-23T18:16:54+00:00\",\"author\":{\"@id\":\"https:\/\/salmosbiblicos.com.br\/#\/schema\/person\/760735259ba35f1e44e89c71c72d79da\"},\"breadcrumb\":{\"@id\":\"http:\/\/salmosbiblicos.com.br\/index.php\/2025\/05\/23\/a-importancia-dos-grupos-de-oracao-na-nossa-jornada-de-fe-fortalecimento-comunhao-e-esperanca\/#breadcrumb\"},\"inLanguage\":\"pt-BR\",\"potentialAction\":[{\"@type\":\"ReadAction\",\"target\":[\"http:\/\/salmosbiblicos.com.br\/index.php\/2025\/05\/23\/a-importancia-dos-grupos-de-oracao-na-nossa-jornada-de-fe-fortalecimento-comunhao-e-esperanca\/\"]}]},{\"@type\":\"BreadcrumbList\",\"@id\":\"http:\/\/salmosbiblicos.com.br\/index.php\/2025\/05\/23\/a-importancia-dos-grupos-de-oracao-na-nossa-jornada-de-fe-fortalecimento-comunhao-e-esperanca\/#breadcrumb\",\"itemListElement\":[{\"@type\":\"ListItem\",\"position\":1,\"name\":\"Home\",\"item\":\"https:\/\/salmosbiblicos.com.br\/\"},{\"@type\":\"ListItem\",\"position\":2,\"name\":\"A import\u00e2ncia dos grupos de ora\u00e7\u00e3o na nossa jornada de f\u00e9: fortalecimento, comunh\u00e3o e esperan\u00e7a.\"}]},{\"@type\":\"WebSite\",\"@id\":\"https:\/\/salmosbiblicos.com.br\/#website\",\"url\":\"https:\/\/salmosbiblicos.com.br\/\",\"name\":\"Salmos B\u00edblicos\",\"description\":\"Uma e-Livraria com e-Books novos para voc\u00ea refletir.\",\"potentialAction\":[{\"@type\":\"SearchAction\",\"target\":{\"@type\":\"EntryPoint\",\"urlTemplate\":\"https:\/\/salmosbiblicos.com.br\/?s={search_term_string}\"},\"query-input\":{\"@type\":\"PropertyValueSpecification\",\"valueRequired\":true,\"valueName\":\"search_term_string\"}}],\"inLanguage\":\"pt-BR\"},{\"@type\":\"Person\",\"@id\":\"https:\/\/salmosbiblicos.com.br\/#\/schema\/person\/760735259ba35f1e44e89c71c72d79da\",\"name\":\"Irmao\",\"image\":{\"@type\":\"ImageObject\",\"inLanguage\":\"pt-BR\",\"@id\":\"https:\/\/secure.gravatar.com\/avatar\/?s=96&d=mm&r=g\",\"url\":\"https:\/\/secure.gravatar.com\/avatar\/?s=96&d=mm&r=g\",\"contentUrl\":\"https:\/\/secure.gravatar.com\/avatar\/?s=96&d=mm&r=g\",\"caption\":\"Irmao\"},\"url\":\"https:\/\/salmosbiblicos.com.br\/index.php\/author\/irmao\/\"}]}<\/script>\n<!-- \/ Yoast SEO plugin. -->","yoast_head_json":{"title":"A import\u00e2ncia dos grupos de ora\u00e7\u00e3o na nossa jornada de f\u00e9: fortalecimento, comunh\u00e3o e esperan\u00e7a. - Salmos B\u00edblicos","robots":{"index":"index","follow":"follow","max-snippet":"max-snippet:-1","max-image-preview":"max-image-preview:large","max-video-preview":"max-video-preview:-1"},"canonical":"http:\/\/salmosbiblicos.com.br\/index.php\/2025\/05\/23\/a-importancia-dos-grupos-de-oracao-na-nossa-jornada-de-fe-fortalecimento-comunhao-e-esperanca\/","og_locale":"pt_BR","og_type":"article","og_title":"A import\u00e2ncia dos grupos de ora\u00e7\u00e3o na nossa jornada de f\u00e9: fortalecimento, comunh\u00e3o e esperan\u00e7a. - Salmos B\u00edblicos","og_description":"Os grupos de ora\u00e7\u00e3o s\u00e3o verdadeiros tesouros dentro da nossa caminhada de f\u00e9. Neles, encontramos um espa\u00e7o sagrado onde podemos nos unir em comunh\u00e3o, elevar nossas preces a Deus e fortalecer uns aos outros em momentos de necessidade. Dentro de um grupo de ora\u00e7\u00e3o, somos acolhidos e compreendidos, pois ali todos caminham juntos em busca [&hellip;]","og_url":"http:\/\/salmosbiblicos.com.br\/index.php\/2025\/05\/23\/a-importancia-dos-grupos-de-oracao-na-nossa-jornada-de-fe-fortalecimento-comunhao-e-esperanca\/","og_site_name":"Salmos B\u00edblicos","article_published_time":"2025-05-23T18:16:54+00:00","author":"Irmao","twitter_card":"summary_large_image","twitter_misc":{"Escrito por":"Irmao","Est. tempo de leitura":"2 minutos"},"schema":{"@context":"https:\/\/schema.org","@graph":[{"@type":"Article","@id":"http:\/\/salmosbiblicos.com.br\/index.php\/2025\/05\/23\/a-importancia-dos-grupos-de-oracao-na-nossa-jornada-de-fe-fortalecimento-comunhao-e-esperanca\/#article","isPartOf":{"@id":"http:\/\/salmosbiblicos.com.br\/index.php\/2025\/05\/23\/a-importancia-dos-grupos-de-oracao-na-nossa-jornada-de-fe-fortalecimento-comunhao-e-esperanca\/"},"author":{"name":"Irmao","@id":"https:\/\/salmosbiblicos.com.br\/#\/schema\/person\/760735259ba35f1e44e89c71c72d79da"},"headline":"A import\u00e2ncia dos grupos de ora\u00e7\u00e3o na nossa jornada de f\u00e9: fortalecimento, comunh\u00e3o e esperan\u00e7a.","datePublished":"2025-05-23T18:16:54+00:00","mainEntityOfPage":{"@id":"http:\/\/salmosbiblicos.com.br\/index.php\/2025\/05\/23\/a-importancia-dos-grupos-de-oracao-na-nossa-jornada-de-fe-fortalecimento-comunhao-e-esperanca\/"},"wordCount":324,"articleSection":["Salmos"],"inLanguage":"pt-BR"},{"@type":"WebPage","@id":"http:\/\/salmosbiblicos.com.br\/index.php\/2025\/05\/23\/a-importancia-dos-grupos-de-oracao-na-nossa-jornada-de-fe-fortalecimento-comunhao-e-esperanca\/","url":"http:\/\/salmosbiblicos.com.br\/index.php\/2025\/05\/23\/a-importancia-dos-grupos-de-oracao-na-nossa-jornada-de-fe-fortalecimento-comunhao-e-esperanca\/","name":"A import\u00e2ncia dos grupos de ora\u00e7\u00e3o na nossa jornada de f\u00e9: fortalecimento, comunh\u00e3o e esperan\u00e7a. - Salmos B\u00edblicos","isPartOf":{"@id":"https:\/\/salmosbiblicos.com.br\/#website"},"datePublished":"2025-05-23T18:16:54+00:00","author":{"@id":"https:\/\/salmosbiblicos.com.br\/#\/schema\/person\/760735259ba35f1e44e89c71c72d79da"},"breadcrumb":{"@id":"http:\/\/salmosbiblicos.com.br\/index.php\/2025\/05\/23\/a-importancia-dos-grupos-de-oracao-na-nossa-jornada-de-fe-fortalecimento-comunhao-e-esperanca\/#breadcrumb"},"inLanguage":"pt-BR","potentialAction":[{"@type":"ReadAction","target":["http:\/\/salmosbiblicos.com.br\/index.php\/2025\/05\/23\/a-importancia-dos-grupos-de-oracao-na-nossa-jornada-de-fe-fortalecimento-comunhao-e-esperanca\/"]}]},{"@type":"BreadcrumbList","@id":"http:\/\/salmosbiblicos.com.br\/index.php\/2025\/05\/23\/a-importancia-dos-grupos-de-oracao-na-nossa-jornada-de-fe-fortalecimento-comunhao-e-esperanca\/#breadcrumb","itemListElement":[{"@type":"ListItem","position":1,"name":"Home","item":"https:\/\/salmosbiblicos.com.br\/"},{"@type":"ListItem","position":2,"name":"A import\u00e2ncia dos grupos de ora\u00e7\u00e3o na nossa jornada de f\u00e9: fortalecimento, comunh\u00e3o e esperan\u00e7a."}]},{"@type":"WebSite","@id":"https:\/\/salmosbiblicos.com.br\/#website","url":"https:\/\/salmosbiblicos.com.br\/","name":"Salmos B\u00edblicos","description":"Uma e-Livraria com e-Books novos para voc\u00ea refletir.","potentialAction":[{"@type":"SearchAction","target":{"@type":"EntryPoint","urlTemplate":"https:\/\/salmosbiblicos.com.br\/?s={search_term_string}"},"query-input":{"@type":"PropertyValueSpecification","valueRequired":true,"valueName":"search_term_string"}}],"inLanguage":"pt-BR"},{"@type":"Person","@id":"https:\/\/salmosbiblicos.com.br\/#\/schema\/person\/760735259ba35f1e44e89c71c72d79da","name":"Irmao","image":{"@type":"ImageObject","inLanguage":"pt-BR","@id":"https:\/\/secure.gravatar.com\/avatar\/?s=96&d=mm&r=g","url":"https:\/\/secure.gravatar.com\/avatar\/?s=96&d=mm&r=g","contentUrl":"https:\/\/secure.gravatar.com\/avatar\/?s=96&d=mm&r=g","caption":"Irmao"},"url":"https:\/\/salmosbiblicos.com.br\/index.php\/author\/irmao\/"}]}},"_links":{"self":[{"href":"https:\/\/salmosbiblicos.com.br\/index.php\/wp-json\/wp\/v2\/posts\/5299","targetHints":{"allow":["GET"]}}],"collection":[{"href":"https:\/\/salmosbiblicos.com.br\/index.php\/wp-json\/wp\/v2\/posts"}],"about":[{"href":"https:\/\/salmosbiblicos.com.br\/index.php\/wp-json\/wp\/v2\/types\/post"}],"author":[{"embeddable":true,"href":"https:\/\/salmosbiblicos.com.br\/index.php\/wp-json\/wp\/v2\/users\/2"}],"replies":[{"embeddable":true,"href":"https:\/\/salmosbiblicos.com.br\/index.php\/wp-json\/wp\/v2\/comments?post=5299"}],"version-history":[{"count":0,"href":"https:\/\/salmosbiblicos.com.br\/index.php\/wp-json\/wp\/v2\/posts\/5299\/revisions"}],"wp:attachment":[{"href":"https:\/\/salmosbiblicos.com.br\/index.php\/wp-json\/wp\/v2\/media?parent=5299"}],"wp:term":[{"taxonomy":"category","embeddable":true,"href":"https:\/\/salmosbiblicos.com.br\/index.php\/wp-json\/wp\/v2\/categories?post=5299"},{"taxonomy":"post_tag","embeddable":true,"href":"https:\/\/salmosbiblicos.com.br\/index.php\/wp-json\/wp\/v2\/tags?post=5299"}],"curies":[{"name":"wp","href":"https:\/\/api.w.org\/{rel}","templated":true}]}}