{"id":5301,"date":"2025-05-23T15:17:03","date_gmt":"2025-05-23T18:17:03","guid":{"rendered":"https:\/\/salmosbiblicos.com.br\/?p=5301"},"modified":"2025-05-23T15:17:03","modified_gmt":"2025-05-23T18:17:03","slug":"grupo-de-oracao-fortalecendo-a-fe-e-a-comunhao-em-cristo","status":"publish","type":"post","link":"https:\/\/salmosbiblicos.com.br\/index.php\/2025\/05\/23\/grupo-de-oracao-fortalecendo-a-fe-e-a-comunhao-em-cristo\/","title":{"rendered":"Grupo de Ora\u00e7\u00e3o: Fortalecendo a F\u00e9 e a Comunh\u00e3o em Cristo"},"content":{"rendered":"<p>Os grupos de ora\u00e7\u00e3o s\u00e3o espa\u00e7os sagrados onde os fi\u00e9is se re\u00fanem para louvar, adorar e interceder uns pelos outros. S\u00e3o ambientes de comunh\u00e3o e fortalecimento da f\u00e9, onde podemos compartilhar nossas alegrias, tristezas e necessidades com nossos irm\u00e3os em Cristo.<\/p>\n<p>Participar de um grupo de ora\u00e7\u00e3o \u00e9 uma experi\u00eancia transformadora, pois nos permite sentir a presen\u00e7a de Deus de forma intensa e nos ajuda a crescer espiritualmente. Neles, podemos encontrar conforto nos momentos de dificuldade, encorajamento para enfrentar os desafios do dia a dia e inspira\u00e7\u00e3o para vivermos de acordo com a vontade do Senhor.<\/p>\n<p>Assim como est\u00e1 escrito no Salmo X, &#8220;O Senhor \u00e9 ref\u00fagio para o oprimido, uma torre segura na hora da adversidade&#8221;, os grupos de ora\u00e7\u00e3o nos proporcionam um ref\u00fagio espiritual em meio \u00e0s tribula\u00e7\u00f5es da vida. Neles, podemos depositar nossas preocupa\u00e7\u00f5es, medos e anseios diante do Senhor, confiando que Ele nos ouve e atende as nossas preces.<\/p>\n<p>\u00c9 importante lembrar que a ora\u00e7\u00e3o em grupo tem um poder especial, pois Jesus mesmo disse: &#8220;Onde dois ou mais estiverem reunidos em meu nome, ali estarei no meio deles&#8221;. Portanto, ao nos unirmos em ora\u00e7\u00e3o, fortalecemos uns aos outros e permitimos que a gra\u00e7a de Deus flua em nossas vidas de maneira abundante.<\/p>\n<p>Que possamos valorizar e participar ativamente dos grupos de ora\u00e7\u00e3o, buscando sempre fortalecer nossa rela\u00e7\u00e3o com o Pai e com nossos irm\u00e3os na f\u00e9. Que cada encontro seja um momento de renova\u00e7\u00e3o espiritual e de crescimento pessoal, para que juntos possamos testemunhar o amor de Deus em nossa vida e no mundo.<\/p>\n<p>Confie no poder da ora\u00e7\u00e3o em grupo e permita que a presen\u00e7a do Senhor transforme a sua vida e a vida daqueles ao seu redor. A f\u00e9 move montanhas e a ora\u00e7\u00e3o em comunh\u00e3o fortalece os cora\u00e7\u00f5es.<\/p>\n","protected":false},"excerpt":{"rendered":"<p>Os grupos de ora\u00e7\u00e3o s\u00e3o espa\u00e7os sagrados onde os fi\u00e9is se re\u00fanem para louvar, adorar e interceder uns pelos outros. S\u00e3o ambientes de comunh\u00e3o e fortalecimento da f\u00e9, onde podemos compartilhar nossas alegrias, tristezas e necessidades com nossos irm\u00e3os em Cristo. Participar de um grupo de ora\u00e7\u00e3o \u00e9 uma experi\u00eancia transformadora, pois nos permite sentir [&hellip;]<\/p>\n","protected":false},"author":2,"featured_media":0,"comment_status":"closed","ping_status":"open","sticky":false,"template":"","format":"standard","meta":{"footnotes":""},"categories":[11],"tags":[],"class_list":["post-5301","post","type-post","status-publish","format-standard","hentry","category-salmos"],"yoast_head":"<!-- This site is optimized with the Yoast SEO plugin v27.2 - https:\/\/yoast.com\/product\/yoast-seo-wordpress\/ -->\n<title>Grupo de Ora\u00e7\u00e3o: Fortalecendo a F\u00e9 e a Comunh\u00e3o em Cristo - Salmos B\u00edblicos<\/title>\n<meta name=\"robots\" content=\"index, follow, max-snippet:-1, max-image-preview:large, max-video-preview:-1\" \/>\n<link rel=\"canonical\" href=\"https:\/\/salmosbiblicos.com.br\/index.php\/2025\/05\/23\/grupo-de-oracao-fortalecendo-a-fe-e-a-comunhao-em-cristo\/\" \/>\n<meta property=\"og:locale\" content=\"pt_BR\" \/>\n<meta property=\"og:type\" content=\"article\" \/>\n<meta property=\"og:title\" content=\"Grupo de Ora\u00e7\u00e3o: Fortalecendo a F\u00e9 e a Comunh\u00e3o em Cristo - Salmos B\u00edblicos\" \/>\n<meta property=\"og:description\" content=\"Os grupos de ora\u00e7\u00e3o s\u00e3o espa\u00e7os sagrados onde os fi\u00e9is se re\u00fanem para louvar, adorar e interceder uns pelos outros. S\u00e3o ambientes de comunh\u00e3o e fortalecimento da f\u00e9, onde podemos compartilhar nossas alegrias, tristezas e necessidades com nossos irm\u00e3os em Cristo. Participar de um grupo de ora\u00e7\u00e3o \u00e9 uma experi\u00eancia transformadora, pois nos permite sentir [&hellip;]\" \/>\n<meta property=\"og:url\" content=\"https:\/\/salmosbiblicos.com.br\/index.php\/2025\/05\/23\/grupo-de-oracao-fortalecendo-a-fe-e-a-comunhao-em-cristo\/\" \/>\n<meta property=\"og:site_name\" content=\"Salmos B\u00edblicos\" \/>\n<meta property=\"article:published_time\" content=\"2025-05-23T18:17:03+00:00\" \/>\n<meta name=\"author\" content=\"Irmao\" \/>\n<meta name=\"twitter:card\" content=\"summary_large_image\" \/>\n<meta name=\"twitter:label1\" content=\"Escrito por\" \/>\n\t<meta name=\"twitter:data1\" content=\"Irmao\" \/>\n\t<meta name=\"twitter:label2\" content=\"Est. tempo de leitura\" \/>\n\t<meta name=\"twitter:data2\" content=\"2 minutos\" \/>\n<script type=\"application\/ld+json\" class=\"yoast-schema-graph\">{\"@context\":\"https:\/\/schema.org\",\"@graph\":[{\"@type\":\"Article\",\"@id\":\"https:\/\/salmosbiblicos.com.br\/index.php\/2025\/05\/23\/grupo-de-oracao-fortalecendo-a-fe-e-a-comunhao-em-cristo\/#article\",\"isPartOf\":{\"@id\":\"https:\/\/salmosbiblicos.com.br\/index.php\/2025\/05\/23\/grupo-de-oracao-fortalecendo-a-fe-e-a-comunhao-em-cristo\/\"},\"author\":{\"name\":\"Irmao\",\"@id\":\"https:\/\/salmosbiblicos.com.br\/#\/schema\/person\/760735259ba35f1e44e89c71c72d79da\"},\"headline\":\"Grupo de Ora\u00e7\u00e3o: Fortalecendo a F\u00e9 e a Comunh\u00e3o em Cristo\",\"datePublished\":\"2025-05-23T18:17:03+00:00\",\"mainEntityOfPage\":{\"@id\":\"https:\/\/salmosbiblicos.com.br\/index.php\/2025\/05\/23\/grupo-de-oracao-fortalecendo-a-fe-e-a-comunhao-em-cristo\/\"},\"wordCount\":335,\"articleSection\":[\"Salmos\"],\"inLanguage\":\"pt-BR\"},{\"@type\":\"WebPage\",\"@id\":\"https:\/\/salmosbiblicos.com.br\/index.php\/2025\/05\/23\/grupo-de-oracao-fortalecendo-a-fe-e-a-comunhao-em-cristo\/\",\"url\":\"https:\/\/salmosbiblicos.com.br\/index.php\/2025\/05\/23\/grupo-de-oracao-fortalecendo-a-fe-e-a-comunhao-em-cristo\/\",\"name\":\"Grupo de Ora\u00e7\u00e3o: Fortalecendo a F\u00e9 e a Comunh\u00e3o em Cristo - Salmos B\u00edblicos\",\"isPartOf\":{\"@id\":\"https:\/\/salmosbiblicos.com.br\/#website\"},\"datePublished\":\"2025-05-23T18:17:03+00:00\",\"author\":{\"@id\":\"https:\/\/salmosbiblicos.com.br\/#\/schema\/person\/760735259ba35f1e44e89c71c72d79da\"},\"breadcrumb\":{\"@id\":\"https:\/\/salmosbiblicos.com.br\/index.php\/2025\/05\/23\/grupo-de-oracao-fortalecendo-a-fe-e-a-comunhao-em-cristo\/#breadcrumb\"},\"inLanguage\":\"pt-BR\",\"potentialAction\":[{\"@type\":\"ReadAction\",\"target\":[\"https:\/\/salmosbiblicos.com.br\/index.php\/2025\/05\/23\/grupo-de-oracao-fortalecendo-a-fe-e-a-comunhao-em-cristo\/\"]}]},{\"@type\":\"BreadcrumbList\",\"@id\":\"https:\/\/salmosbiblicos.com.br\/index.php\/2025\/05\/23\/grupo-de-oracao-fortalecendo-a-fe-e-a-comunhao-em-cristo\/#breadcrumb\",\"itemListElement\":[{\"@type\":\"ListItem\",\"position\":1,\"name\":\"Home\",\"item\":\"https:\/\/salmosbiblicos.com.br\/\"},{\"@type\":\"ListItem\",\"position\":2,\"name\":\"Grupo de Ora\u00e7\u00e3o: Fortalecendo a F\u00e9 e a Comunh\u00e3o em Cristo\"}]},{\"@type\":\"WebSite\",\"@id\":\"https:\/\/salmosbiblicos.com.br\/#website\",\"url\":\"https:\/\/salmosbiblicos.com.br\/\",\"name\":\"Salmos B\u00edblicos\",\"description\":\"Uma e-Livraria com e-Books novos para voc\u00ea refletir.\",\"potentialAction\":[{\"@type\":\"SearchAction\",\"target\":{\"@type\":\"EntryPoint\",\"urlTemplate\":\"https:\/\/salmosbiblicos.com.br\/?s={search_term_string}\"},\"query-input\":{\"@type\":\"PropertyValueSpecification\",\"valueRequired\":true,\"valueName\":\"search_term_string\"}}],\"inLanguage\":\"pt-BR\"},{\"@type\":\"Person\",\"@id\":\"https:\/\/salmosbiblicos.com.br\/#\/schema\/person\/760735259ba35f1e44e89c71c72d79da\",\"name\":\"Irmao\",\"image\":{\"@type\":\"ImageObject\",\"inLanguage\":\"pt-BR\",\"@id\":\"https:\/\/secure.gravatar.com\/avatar\/?s=96&d=mm&r=g\",\"url\":\"https:\/\/secure.gravatar.com\/avatar\/?s=96&d=mm&r=g\",\"contentUrl\":\"https:\/\/secure.gravatar.com\/avatar\/?s=96&d=mm&r=g\",\"caption\":\"Irmao\"},\"url\":\"https:\/\/salmosbiblicos.com.br\/index.php\/author\/irmao\/\"}]}<\/script>\n<!-- \/ Yoast SEO plugin. -->","yoast_head_json":{"title":"Grupo de Ora\u00e7\u00e3o: Fortalecendo a F\u00e9 e a Comunh\u00e3o em Cristo - Salmos B\u00edblicos","robots":{"index":"index","follow":"follow","max-snippet":"max-snippet:-1","max-image-preview":"max-image-preview:large","max-video-preview":"max-video-preview:-1"},"canonical":"https:\/\/salmosbiblicos.com.br\/index.php\/2025\/05\/23\/grupo-de-oracao-fortalecendo-a-fe-e-a-comunhao-em-cristo\/","og_locale":"pt_BR","og_type":"article","og_title":"Grupo de Ora\u00e7\u00e3o: Fortalecendo a F\u00e9 e a Comunh\u00e3o em Cristo - Salmos B\u00edblicos","og_description":"Os grupos de ora\u00e7\u00e3o s\u00e3o espa\u00e7os sagrados onde os fi\u00e9is se re\u00fanem para louvar, adorar e interceder uns pelos outros. S\u00e3o ambientes de comunh\u00e3o e fortalecimento da f\u00e9, onde podemos compartilhar nossas alegrias, tristezas e necessidades com nossos irm\u00e3os em Cristo. Participar de um grupo de ora\u00e7\u00e3o \u00e9 uma experi\u00eancia transformadora, pois nos permite sentir [&hellip;]","og_url":"https:\/\/salmosbiblicos.com.br\/index.php\/2025\/05\/23\/grupo-de-oracao-fortalecendo-a-fe-e-a-comunhao-em-cristo\/","og_site_name":"Salmos B\u00edblicos","article_published_time":"2025-05-23T18:17:03+00:00","author":"Irmao","twitter_card":"summary_large_image","twitter_misc":{"Escrito por":"Irmao","Est. tempo de leitura":"2 minutos"},"schema":{"@context":"https:\/\/schema.org","@graph":[{"@type":"Article","@id":"https:\/\/salmosbiblicos.com.br\/index.php\/2025\/05\/23\/grupo-de-oracao-fortalecendo-a-fe-e-a-comunhao-em-cristo\/#article","isPartOf":{"@id":"https:\/\/salmosbiblicos.com.br\/index.php\/2025\/05\/23\/grupo-de-oracao-fortalecendo-a-fe-e-a-comunhao-em-cristo\/"},"author":{"name":"Irmao","@id":"https:\/\/salmosbiblicos.com.br\/#\/schema\/person\/760735259ba35f1e44e89c71c72d79da"},"headline":"Grupo de Ora\u00e7\u00e3o: Fortalecendo a F\u00e9 e a Comunh\u00e3o em Cristo","datePublished":"2025-05-23T18:17:03+00:00","mainEntityOfPage":{"@id":"https:\/\/salmosbiblicos.com.br\/index.php\/2025\/05\/23\/grupo-de-oracao-fortalecendo-a-fe-e-a-comunhao-em-cristo\/"},"wordCount":335,"articleSection":["Salmos"],"inLanguage":"pt-BR"},{"@type":"WebPage","@id":"https:\/\/salmosbiblicos.com.br\/index.php\/2025\/05\/23\/grupo-de-oracao-fortalecendo-a-fe-e-a-comunhao-em-cristo\/","url":"https:\/\/salmosbiblicos.com.br\/index.php\/2025\/05\/23\/grupo-de-oracao-fortalecendo-a-fe-e-a-comunhao-em-cristo\/","name":"Grupo de Ora\u00e7\u00e3o: Fortalecendo a F\u00e9 e a Comunh\u00e3o em Cristo - Salmos B\u00edblicos","isPartOf":{"@id":"https:\/\/salmosbiblicos.com.br\/#website"},"datePublished":"2025-05-23T18:17:03+00:00","author":{"@id":"https:\/\/salmosbiblicos.com.br\/#\/schema\/person\/760735259ba35f1e44e89c71c72d79da"},"breadcrumb":{"@id":"https:\/\/salmosbiblicos.com.br\/index.php\/2025\/05\/23\/grupo-de-oracao-fortalecendo-a-fe-e-a-comunhao-em-cristo\/#breadcrumb"},"inLanguage":"pt-BR","potentialAction":[{"@type":"ReadAction","target":["https:\/\/salmosbiblicos.com.br\/index.php\/2025\/05\/23\/grupo-de-oracao-fortalecendo-a-fe-e-a-comunhao-em-cristo\/"]}]},{"@type":"BreadcrumbList","@id":"https:\/\/salmosbiblicos.com.br\/index.php\/2025\/05\/23\/grupo-de-oracao-fortalecendo-a-fe-e-a-comunhao-em-cristo\/#breadcrumb","itemListElement":[{"@type":"ListItem","position":1,"name":"Home","item":"https:\/\/salmosbiblicos.com.br\/"},{"@type":"ListItem","position":2,"name":"Grupo de Ora\u00e7\u00e3o: Fortalecendo a F\u00e9 e a Comunh\u00e3o em Cristo"}]},{"@type":"WebSite","@id":"https:\/\/salmosbiblicos.com.br\/#website","url":"https:\/\/salmosbiblicos.com.br\/","name":"Salmos B\u00edblicos","description":"Uma e-Livraria com e-Books novos para voc\u00ea refletir.","potentialAction":[{"@type":"SearchAction","target":{"@type":"EntryPoint","urlTemplate":"https:\/\/salmosbiblicos.com.br\/?s={search_term_string}"},"query-input":{"@type":"PropertyValueSpecification","valueRequired":true,"valueName":"search_term_string"}}],"inLanguage":"pt-BR"},{"@type":"Person","@id":"https:\/\/salmosbiblicos.com.br\/#\/schema\/person\/760735259ba35f1e44e89c71c72d79da","name":"Irmao","image":{"@type":"ImageObject","inLanguage":"pt-BR","@id":"https:\/\/secure.gravatar.com\/avatar\/?s=96&d=mm&r=g","url":"https:\/\/secure.gravatar.com\/avatar\/?s=96&d=mm&r=g","contentUrl":"https:\/\/secure.gravatar.com\/avatar\/?s=96&d=mm&r=g","caption":"Irmao"},"url":"https:\/\/salmosbiblicos.com.br\/index.php\/author\/irmao\/"}]}},"_links":{"self":[{"href":"https:\/\/salmosbiblicos.com.br\/index.php\/wp-json\/wp\/v2\/posts\/5301","targetHints":{"allow":["GET"]}}],"collection":[{"href":"https:\/\/salmosbiblicos.com.br\/index.php\/wp-json\/wp\/v2\/posts"}],"about":[{"href":"https:\/\/salmosbiblicos.com.br\/index.php\/wp-json\/wp\/v2\/types\/post"}],"author":[{"embeddable":true,"href":"https:\/\/salmosbiblicos.com.br\/index.php\/wp-json\/wp\/v2\/users\/2"}],"replies":[{"embeddable":true,"href":"https:\/\/salmosbiblicos.com.br\/index.php\/wp-json\/wp\/v2\/comments?post=5301"}],"version-history":[{"count":0,"href":"https:\/\/salmosbiblicos.com.br\/index.php\/wp-json\/wp\/v2\/posts\/5301\/revisions"}],"wp:attachment":[{"href":"https:\/\/salmosbiblicos.com.br\/index.php\/wp-json\/wp\/v2\/media?parent=5301"}],"wp:term":[{"taxonomy":"category","embeddable":true,"href":"https:\/\/salmosbiblicos.com.br\/index.php\/wp-json\/wp\/v2\/categories?post=5301"},{"taxonomy":"post_tag","embeddable":true,"href":"https:\/\/salmosbiblicos.com.br\/index.php\/wp-json\/wp\/v2\/tags?post=5301"}],"curies":[{"name":"wp","href":"https:\/\/api.w.org\/{rel}","templated":true}]}}