{"id":5303,"date":"2025-05-23T15:17:10","date_gmt":"2025-05-23T18:17:10","guid":{"rendered":"https:\/\/salmosbiblicos.com.br\/?p=5303"},"modified":"2025-05-23T15:17:10","modified_gmt":"2025-05-23T18:17:10","slug":"a-forca-da-oracao-em-grupo-conectando-se-com-deus-e-uns-aos-outros","status":"publish","type":"post","link":"https:\/\/salmosbiblicos.com.br\/index.php\/2025\/05\/23\/a-forca-da-oracao-em-grupo-conectando-se-com-deus-e-uns-aos-outros\/","title":{"rendered":"A For\u00e7a da Ora\u00e7\u00e3o em Grupo: Conectando-se com Deus e Uns aos Outros"},"content":{"rendered":"<p>Os grupos de ora\u00e7\u00e3o s\u00e3o uma parte fundamental da vida da igreja cat\u00f3lica. Neles, os fi\u00e9is se re\u00fanem para fortalecer sua f\u00e9, compartilhar suas inten\u00e7\u00f5es e louvar a Deus juntos. A import\u00e2ncia desses encontros vai al\u00e9m do simples ato de rezar em grupo, pois eles nos permitem sentir a presen\u00e7a de Deus de uma maneira \u00fanica e especial.<\/p>\n<p>Quando nos unimos em ora\u00e7\u00e3o com nossos irm\u00e3os e irm\u00e3s de f\u00e9, criamos um ambiente de comunh\u00e3o e amor que nos ajuda a crescer espiritualmente. \u00c9 como nos lembra o Salmo XXIII, que o Senhor \u00e9 nosso pastor e nada nos faltar\u00e1. Nos grupos de ora\u00e7\u00e3o, somos guiados por Ele e encontramos conforto e paz em Sua presen\u00e7a.<\/p>\n<p>Al\u00e9m disso, a ora\u00e7\u00e3o em grupo nos ajuda a nos fortalecer mutuamente. Quando compartilhamos nossas inten\u00e7\u00f5es e nos apoiamos uns aos outros em ora\u00e7\u00e3o, criamos um v\u00ednculo poderoso que nos sustenta nos momentos dif\u00edceis e nos alegra nos momentos de alegria. \u00c9 como diz o Salmo XXXIV, que o Senhor est\u00e1 perto dos que t\u00eam o cora\u00e7\u00e3o quebrantado e salva os de esp\u00edrito abatido.<\/p>\n<p>Portanto, n\u00e3o subestime o poder dos grupos de ora\u00e7\u00e3o em sua vida espiritual. Eles s\u00e3o um lugar sagrado onde podemos nos conectar com Deus e uns com os outros de uma maneira profunda e significativa. Que possamos sempre buscar a companhia de nossos irm\u00e3os e irm\u00e3s de f\u00e9 para fortalecer nossa rela\u00e7\u00e3o com o Divino e nos fortalecer uns aos outros.<\/p>\n<p>Confie no poder da ora\u00e7\u00e3o em grupo e saiba que Deus est\u00e1 sempre conosco, ouvindo nossas preces e nos sustentando com Sua gra\u00e7a e amor incondicional. Que a luz e a paz de Cristo estejam sempre conosco, am\u00e9m.<\/p>\n","protected":false},"excerpt":{"rendered":"<p>Os grupos de ora\u00e7\u00e3o s\u00e3o uma parte fundamental da vida da igreja cat\u00f3lica. Neles, os fi\u00e9is se re\u00fanem para fortalecer sua f\u00e9, compartilhar suas inten\u00e7\u00f5es e louvar a Deus juntos. A import\u00e2ncia desses encontros vai al\u00e9m do simples ato de rezar em grupo, pois eles nos permitem sentir a presen\u00e7a de Deus de uma maneira [&hellip;]<\/p>\n","protected":false},"author":2,"featured_media":0,"comment_status":"closed","ping_status":"open","sticky":false,"template":"","format":"standard","meta":{"footnotes":""},"categories":[11],"tags":[],"class_list":["post-5303","post","type-post","status-publish","format-standard","hentry","category-salmos"],"yoast_head":"<!-- This site is optimized with the Yoast SEO plugin v27.2 - https:\/\/yoast.com\/product\/yoast-seo-wordpress\/ -->\n<title>A For\u00e7a da Ora\u00e7\u00e3o em Grupo: Conectando-se com Deus e Uns aos Outros - Salmos B\u00edblicos<\/title>\n<meta name=\"robots\" content=\"index, follow, max-snippet:-1, max-image-preview:large, max-video-preview:-1\" \/>\n<link rel=\"canonical\" href=\"https:\/\/salmosbiblicos.com.br\/index.php\/2025\/05\/23\/a-forca-da-oracao-em-grupo-conectando-se-com-deus-e-uns-aos-outros\/\" \/>\n<meta property=\"og:locale\" content=\"pt_BR\" \/>\n<meta property=\"og:type\" content=\"article\" \/>\n<meta property=\"og:title\" content=\"A For\u00e7a da Ora\u00e7\u00e3o em Grupo: Conectando-se com Deus e Uns aos Outros - Salmos B\u00edblicos\" \/>\n<meta property=\"og:description\" content=\"Os grupos de ora\u00e7\u00e3o s\u00e3o uma parte fundamental da vida da igreja cat\u00f3lica. Neles, os fi\u00e9is se re\u00fanem para fortalecer sua f\u00e9, compartilhar suas inten\u00e7\u00f5es e louvar a Deus juntos. A import\u00e2ncia desses encontros vai al\u00e9m do simples ato de rezar em grupo, pois eles nos permitem sentir a presen\u00e7a de Deus de uma maneira [&hellip;]\" \/>\n<meta property=\"og:url\" content=\"https:\/\/salmosbiblicos.com.br\/index.php\/2025\/05\/23\/a-forca-da-oracao-em-grupo-conectando-se-com-deus-e-uns-aos-outros\/\" \/>\n<meta property=\"og:site_name\" content=\"Salmos B\u00edblicos\" \/>\n<meta property=\"article:published_time\" content=\"2025-05-23T18:17:10+00:00\" \/>\n<meta name=\"author\" content=\"Irmao\" \/>\n<meta name=\"twitter:card\" content=\"summary_large_image\" \/>\n<meta name=\"twitter:label1\" content=\"Escrito por\" \/>\n\t<meta name=\"twitter:data1\" content=\"Irmao\" \/>\n\t<meta name=\"twitter:label2\" content=\"Est. tempo de leitura\" \/>\n\t<meta name=\"twitter:data2\" content=\"2 minutos\" \/>\n<script type=\"application\/ld+json\" class=\"yoast-schema-graph\">{\"@context\":\"https:\/\/schema.org\",\"@graph\":[{\"@type\":\"Article\",\"@id\":\"https:\/\/salmosbiblicos.com.br\/index.php\/2025\/05\/23\/a-forca-da-oracao-em-grupo-conectando-se-com-deus-e-uns-aos-outros\/#article\",\"isPartOf\":{\"@id\":\"https:\/\/salmosbiblicos.com.br\/index.php\/2025\/05\/23\/a-forca-da-oracao-em-grupo-conectando-se-com-deus-e-uns-aos-outros\/\"},\"author\":{\"name\":\"Irmao\",\"@id\":\"https:\/\/salmosbiblicos.com.br\/#\/schema\/person\/760735259ba35f1e44e89c71c72d79da\"},\"headline\":\"A For\u00e7a da Ora\u00e7\u00e3o em Grupo: Conectando-se com Deus e Uns aos Outros\",\"datePublished\":\"2025-05-23T18:17:10+00:00\",\"mainEntityOfPage\":{\"@id\":\"https:\/\/salmosbiblicos.com.br\/index.php\/2025\/05\/23\/a-forca-da-oracao-em-grupo-conectando-se-com-deus-e-uns-aos-outros\/\"},\"wordCount\":324,\"articleSection\":[\"Salmos\"],\"inLanguage\":\"pt-BR\"},{\"@type\":\"WebPage\",\"@id\":\"https:\/\/salmosbiblicos.com.br\/index.php\/2025\/05\/23\/a-forca-da-oracao-em-grupo-conectando-se-com-deus-e-uns-aos-outros\/\",\"url\":\"https:\/\/salmosbiblicos.com.br\/index.php\/2025\/05\/23\/a-forca-da-oracao-em-grupo-conectando-se-com-deus-e-uns-aos-outros\/\",\"name\":\"A For\u00e7a da Ora\u00e7\u00e3o em Grupo: Conectando-se com Deus e Uns aos Outros - Salmos B\u00edblicos\",\"isPartOf\":{\"@id\":\"https:\/\/salmosbiblicos.com.br\/#website\"},\"datePublished\":\"2025-05-23T18:17:10+00:00\",\"author\":{\"@id\":\"https:\/\/salmosbiblicos.com.br\/#\/schema\/person\/760735259ba35f1e44e89c71c72d79da\"},\"breadcrumb\":{\"@id\":\"https:\/\/salmosbiblicos.com.br\/index.php\/2025\/05\/23\/a-forca-da-oracao-em-grupo-conectando-se-com-deus-e-uns-aos-outros\/#breadcrumb\"},\"inLanguage\":\"pt-BR\",\"potentialAction\":[{\"@type\":\"ReadAction\",\"target\":[\"https:\/\/salmosbiblicos.com.br\/index.php\/2025\/05\/23\/a-forca-da-oracao-em-grupo-conectando-se-com-deus-e-uns-aos-outros\/\"]}]},{\"@type\":\"BreadcrumbList\",\"@id\":\"https:\/\/salmosbiblicos.com.br\/index.php\/2025\/05\/23\/a-forca-da-oracao-em-grupo-conectando-se-com-deus-e-uns-aos-outros\/#breadcrumb\",\"itemListElement\":[{\"@type\":\"ListItem\",\"position\":1,\"name\":\"Home\",\"item\":\"https:\/\/salmosbiblicos.com.br\/\"},{\"@type\":\"ListItem\",\"position\":2,\"name\":\"A For\u00e7a da Ora\u00e7\u00e3o em Grupo: Conectando-se com Deus e Uns aos Outros\"}]},{\"@type\":\"WebSite\",\"@id\":\"https:\/\/salmosbiblicos.com.br\/#website\",\"url\":\"https:\/\/salmosbiblicos.com.br\/\",\"name\":\"Salmos B\u00edblicos\",\"description\":\"Uma e-Livraria com e-Books novos para voc\u00ea refletir.\",\"potentialAction\":[{\"@type\":\"SearchAction\",\"target\":{\"@type\":\"EntryPoint\",\"urlTemplate\":\"https:\/\/salmosbiblicos.com.br\/?s={search_term_string}\"},\"query-input\":{\"@type\":\"PropertyValueSpecification\",\"valueRequired\":true,\"valueName\":\"search_term_string\"}}],\"inLanguage\":\"pt-BR\"},{\"@type\":\"Person\",\"@id\":\"https:\/\/salmosbiblicos.com.br\/#\/schema\/person\/760735259ba35f1e44e89c71c72d79da\",\"name\":\"Irmao\",\"image\":{\"@type\":\"ImageObject\",\"inLanguage\":\"pt-BR\",\"@id\":\"https:\/\/secure.gravatar.com\/avatar\/?s=96&d=mm&r=g\",\"url\":\"https:\/\/secure.gravatar.com\/avatar\/?s=96&d=mm&r=g\",\"contentUrl\":\"https:\/\/secure.gravatar.com\/avatar\/?s=96&d=mm&r=g\",\"caption\":\"Irmao\"},\"url\":\"https:\/\/salmosbiblicos.com.br\/index.php\/author\/irmao\/\"}]}<\/script>\n<!-- \/ Yoast SEO plugin. -->","yoast_head_json":{"title":"A For\u00e7a da Ora\u00e7\u00e3o em Grupo: Conectando-se com Deus e Uns aos Outros - Salmos B\u00edblicos","robots":{"index":"index","follow":"follow","max-snippet":"max-snippet:-1","max-image-preview":"max-image-preview:large","max-video-preview":"max-video-preview:-1"},"canonical":"https:\/\/salmosbiblicos.com.br\/index.php\/2025\/05\/23\/a-forca-da-oracao-em-grupo-conectando-se-com-deus-e-uns-aos-outros\/","og_locale":"pt_BR","og_type":"article","og_title":"A For\u00e7a da Ora\u00e7\u00e3o em Grupo: Conectando-se com Deus e Uns aos Outros - Salmos B\u00edblicos","og_description":"Os grupos de ora\u00e7\u00e3o s\u00e3o uma parte fundamental da vida da igreja cat\u00f3lica. Neles, os fi\u00e9is se re\u00fanem para fortalecer sua f\u00e9, compartilhar suas inten\u00e7\u00f5es e louvar a Deus juntos. A import\u00e2ncia desses encontros vai al\u00e9m do simples ato de rezar em grupo, pois eles nos permitem sentir a presen\u00e7a de Deus de uma maneira [&hellip;]","og_url":"https:\/\/salmosbiblicos.com.br\/index.php\/2025\/05\/23\/a-forca-da-oracao-em-grupo-conectando-se-com-deus-e-uns-aos-outros\/","og_site_name":"Salmos B\u00edblicos","article_published_time":"2025-05-23T18:17:10+00:00","author":"Irmao","twitter_card":"summary_large_image","twitter_misc":{"Escrito por":"Irmao","Est. tempo de leitura":"2 minutos"},"schema":{"@context":"https:\/\/schema.org","@graph":[{"@type":"Article","@id":"https:\/\/salmosbiblicos.com.br\/index.php\/2025\/05\/23\/a-forca-da-oracao-em-grupo-conectando-se-com-deus-e-uns-aos-outros\/#article","isPartOf":{"@id":"https:\/\/salmosbiblicos.com.br\/index.php\/2025\/05\/23\/a-forca-da-oracao-em-grupo-conectando-se-com-deus-e-uns-aos-outros\/"},"author":{"name":"Irmao","@id":"https:\/\/salmosbiblicos.com.br\/#\/schema\/person\/760735259ba35f1e44e89c71c72d79da"},"headline":"A For\u00e7a da Ora\u00e7\u00e3o em Grupo: Conectando-se com Deus e Uns aos Outros","datePublished":"2025-05-23T18:17:10+00:00","mainEntityOfPage":{"@id":"https:\/\/salmosbiblicos.com.br\/index.php\/2025\/05\/23\/a-forca-da-oracao-em-grupo-conectando-se-com-deus-e-uns-aos-outros\/"},"wordCount":324,"articleSection":["Salmos"],"inLanguage":"pt-BR"},{"@type":"WebPage","@id":"https:\/\/salmosbiblicos.com.br\/index.php\/2025\/05\/23\/a-forca-da-oracao-em-grupo-conectando-se-com-deus-e-uns-aos-outros\/","url":"https:\/\/salmosbiblicos.com.br\/index.php\/2025\/05\/23\/a-forca-da-oracao-em-grupo-conectando-se-com-deus-e-uns-aos-outros\/","name":"A For\u00e7a da Ora\u00e7\u00e3o em Grupo: Conectando-se com Deus e Uns aos Outros - Salmos B\u00edblicos","isPartOf":{"@id":"https:\/\/salmosbiblicos.com.br\/#website"},"datePublished":"2025-05-23T18:17:10+00:00","author":{"@id":"https:\/\/salmosbiblicos.com.br\/#\/schema\/person\/760735259ba35f1e44e89c71c72d79da"},"breadcrumb":{"@id":"https:\/\/salmosbiblicos.com.br\/index.php\/2025\/05\/23\/a-forca-da-oracao-em-grupo-conectando-se-com-deus-e-uns-aos-outros\/#breadcrumb"},"inLanguage":"pt-BR","potentialAction":[{"@type":"ReadAction","target":["https:\/\/salmosbiblicos.com.br\/index.php\/2025\/05\/23\/a-forca-da-oracao-em-grupo-conectando-se-com-deus-e-uns-aos-outros\/"]}]},{"@type":"BreadcrumbList","@id":"https:\/\/salmosbiblicos.com.br\/index.php\/2025\/05\/23\/a-forca-da-oracao-em-grupo-conectando-se-com-deus-e-uns-aos-outros\/#breadcrumb","itemListElement":[{"@type":"ListItem","position":1,"name":"Home","item":"https:\/\/salmosbiblicos.com.br\/"},{"@type":"ListItem","position":2,"name":"A For\u00e7a da Ora\u00e7\u00e3o em Grupo: Conectando-se com Deus e Uns aos Outros"}]},{"@type":"WebSite","@id":"https:\/\/salmosbiblicos.com.br\/#website","url":"https:\/\/salmosbiblicos.com.br\/","name":"Salmos B\u00edblicos","description":"Uma e-Livraria com e-Books novos para voc\u00ea refletir.","potentialAction":[{"@type":"SearchAction","target":{"@type":"EntryPoint","urlTemplate":"https:\/\/salmosbiblicos.com.br\/?s={search_term_string}"},"query-input":{"@type":"PropertyValueSpecification","valueRequired":true,"valueName":"search_term_string"}}],"inLanguage":"pt-BR"},{"@type":"Person","@id":"https:\/\/salmosbiblicos.com.br\/#\/schema\/person\/760735259ba35f1e44e89c71c72d79da","name":"Irmao","image":{"@type":"ImageObject","inLanguage":"pt-BR","@id":"https:\/\/secure.gravatar.com\/avatar\/?s=96&d=mm&r=g","url":"https:\/\/secure.gravatar.com\/avatar\/?s=96&d=mm&r=g","contentUrl":"https:\/\/secure.gravatar.com\/avatar\/?s=96&d=mm&r=g","caption":"Irmao"},"url":"https:\/\/salmosbiblicos.com.br\/index.php\/author\/irmao\/"}]}},"_links":{"self":[{"href":"https:\/\/salmosbiblicos.com.br\/index.php\/wp-json\/wp\/v2\/posts\/5303","targetHints":{"allow":["GET"]}}],"collection":[{"href":"https:\/\/salmosbiblicos.com.br\/index.php\/wp-json\/wp\/v2\/posts"}],"about":[{"href":"https:\/\/salmosbiblicos.com.br\/index.php\/wp-json\/wp\/v2\/types\/post"}],"author":[{"embeddable":true,"href":"https:\/\/salmosbiblicos.com.br\/index.php\/wp-json\/wp\/v2\/users\/2"}],"replies":[{"embeddable":true,"href":"https:\/\/salmosbiblicos.com.br\/index.php\/wp-json\/wp\/v2\/comments?post=5303"}],"version-history":[{"count":0,"href":"https:\/\/salmosbiblicos.com.br\/index.php\/wp-json\/wp\/v2\/posts\/5303\/revisions"}],"wp:attachment":[{"href":"https:\/\/salmosbiblicos.com.br\/index.php\/wp-json\/wp\/v2\/media?parent=5303"}],"wp:term":[{"taxonomy":"category","embeddable":true,"href":"https:\/\/salmosbiblicos.com.br\/index.php\/wp-json\/wp\/v2\/categories?post=5303"},{"taxonomy":"post_tag","embeddable":true,"href":"https:\/\/salmosbiblicos.com.br\/index.php\/wp-json\/wp\/v2\/tags?post=5303"}],"curies":[{"name":"wp","href":"https:\/\/api.w.org\/{rel}","templated":true}]}}