{"id":5361,"date":"2025-05-27T08:09:00","date_gmt":"2025-05-27T11:09:00","guid":{"rendered":"https:\/\/salmosbiblicos.com.br\/?p=5361"},"modified":"2025-05-27T08:09:00","modified_gmt":"2025-05-27T11:09:00","slug":"unidos-na-oracao-a-forca-e-o-amor-dos-grupos-de-oracao","status":"publish","type":"post","link":"https:\/\/salmosbiblicos.com.br\/index.php\/2025\/05\/27\/unidos-na-oracao-a-forca-e-o-amor-dos-grupos-de-oracao\/","title":{"rendered":"Unidos na Ora\u00e7\u00e3o: A For\u00e7a e o Amor dos Grupos de Ora\u00e7\u00e3o"},"content":{"rendered":"<p>Os grupos de ora\u00e7\u00e3o s\u00e3o espa\u00e7os sagrados onde os fi\u00e9is se re\u00fanem para louvar, adorar e interceder uns pelos outros. S\u00e3o verdadeiras comunidades de f\u00e9, onde a uni\u00e3o em torno da ora\u00e7\u00e3o fortalece os la\u00e7os fraternos e nos conecta ainda mais com o divino.<\/p>\n<p>Participar de um grupo de ora\u00e7\u00e3o \u00e9 uma experi\u00eancia transformadora, onde podemos compartilhar nossas alegrias, tristezas, anseios e gratid\u00f5es com irm\u00e3os de caminhada. Neles, somos acolhidos e amparados pela presen\u00e7a amorosa de Deus, que nos ouve e nos conforta em todos os momentos.<\/p>\n<p>Assim como o Salmo 23 nos ensina que o Senhor \u00e9 nosso Pastor, nada nos faltar\u00e1, os grupos de ora\u00e7\u00e3o nos lembram que n\u00e3o estamos sozinhos em nossa jornada espiritual. Neles, encontramos for\u00e7a para enfrentar os desafios do dia a dia, consolo para as dores da alma e esperan\u00e7a para um futuro de paz e harmonia.<\/p>\n<p>Ao nos unirmos em ora\u00e7\u00e3o, criamos um poderoso canal de comunica\u00e7\u00e3o com o divino, permitindo que a vontade de Deus se manifeste em nossas vidas e na vida daqueles que amamos. A intercess\u00e3o m\u00fatua nos torna instrumentos da gra\u00e7a divina, levando conforto e cura aos cora\u00e7\u00f5es aflitos e fortalecendo a f\u00e9 daqueles que est\u00e3o em busca de sentido e prop\u00f3sito.<\/p>\n<p>Que possamos sempre valorizar e participar ativamente dos grupos de ora\u00e7\u00e3o, fortalecendo nossa f\u00e9 e nossa comunh\u00e3o com Deus e com nossos irm\u00e3os de caminhada. Que a chama da ora\u00e7\u00e3o nunca se apague em nossos cora\u00e7\u00f5es, e que possamos ser luz e esperan\u00e7a para todos aqueles que cruzarem nosso caminho.<\/p>\n<p>Confie no poder da ora\u00e7\u00e3o e na presen\u00e7a amorosa de Deus em sua vida. Que a paz e a gra\u00e7a do Senhor estejam sempre contigo. Am\u00e9m.<\/p>\n","protected":false},"excerpt":{"rendered":"<p>Os grupos de ora\u00e7\u00e3o s\u00e3o espa\u00e7os sagrados onde os fi\u00e9is se re\u00fanem para louvar, adorar e interceder uns pelos outros. S\u00e3o verdadeiras comunidades de f\u00e9, onde a uni\u00e3o em torno da ora\u00e7\u00e3o fortalece os la\u00e7os fraternos e nos conecta ainda mais com o divino. Participar de um grupo de ora\u00e7\u00e3o \u00e9 uma experi\u00eancia transformadora, onde [&hellip;]<\/p>\n","protected":false},"author":2,"featured_media":0,"comment_status":"closed","ping_status":"open","sticky":false,"template":"","format":"standard","meta":{"footnotes":""},"categories":[11],"tags":[],"class_list":["post-5361","post","type-post","status-publish","format-standard","hentry","category-salmos"],"yoast_head":"<!-- This site is optimized with the Yoast SEO plugin v27.2 - https:\/\/yoast.com\/product\/yoast-seo-wordpress\/ -->\n<title>Unidos na Ora\u00e7\u00e3o: A For\u00e7a e o Amor dos Grupos de Ora\u00e7\u00e3o - Salmos B\u00edblicos<\/title>\n<meta name=\"robots\" content=\"index, follow, max-snippet:-1, max-image-preview:large, max-video-preview:-1\" \/>\n<link rel=\"canonical\" href=\"https:\/\/salmosbiblicos.com.br\/index.php\/2025\/05\/27\/unidos-na-oracao-a-forca-e-o-amor-dos-grupos-de-oracao\/\" \/>\n<meta property=\"og:locale\" content=\"pt_BR\" \/>\n<meta property=\"og:type\" content=\"article\" \/>\n<meta property=\"og:title\" content=\"Unidos na Ora\u00e7\u00e3o: A For\u00e7a e o Amor dos Grupos de Ora\u00e7\u00e3o - Salmos B\u00edblicos\" \/>\n<meta property=\"og:description\" content=\"Os grupos de ora\u00e7\u00e3o s\u00e3o espa\u00e7os sagrados onde os fi\u00e9is se re\u00fanem para louvar, adorar e interceder uns pelos outros. S\u00e3o verdadeiras comunidades de f\u00e9, onde a uni\u00e3o em torno da ora\u00e7\u00e3o fortalece os la\u00e7os fraternos e nos conecta ainda mais com o divino. Participar de um grupo de ora\u00e7\u00e3o \u00e9 uma experi\u00eancia transformadora, onde [&hellip;]\" \/>\n<meta property=\"og:url\" content=\"https:\/\/salmosbiblicos.com.br\/index.php\/2025\/05\/27\/unidos-na-oracao-a-forca-e-o-amor-dos-grupos-de-oracao\/\" \/>\n<meta property=\"og:site_name\" content=\"Salmos B\u00edblicos\" \/>\n<meta property=\"article:published_time\" content=\"2025-05-27T11:09:00+00:00\" \/>\n<meta name=\"author\" content=\"Irmao\" \/>\n<meta name=\"twitter:card\" content=\"summary_large_image\" \/>\n<meta name=\"twitter:label1\" content=\"Escrito por\" \/>\n\t<meta name=\"twitter:data1\" content=\"Irmao\" \/>\n\t<meta name=\"twitter:label2\" content=\"Est. tempo de leitura\" \/>\n\t<meta name=\"twitter:data2\" content=\"2 minutos\" \/>\n<script type=\"application\/ld+json\" class=\"yoast-schema-graph\">{\"@context\":\"https:\/\/schema.org\",\"@graph\":[{\"@type\":\"Article\",\"@id\":\"https:\/\/salmosbiblicos.com.br\/index.php\/2025\/05\/27\/unidos-na-oracao-a-forca-e-o-amor-dos-grupos-de-oracao\/#article\",\"isPartOf\":{\"@id\":\"https:\/\/salmosbiblicos.com.br\/index.php\/2025\/05\/27\/unidos-na-oracao-a-forca-e-o-amor-dos-grupos-de-oracao\/\"},\"author\":{\"name\":\"Irmao\",\"@id\":\"https:\/\/salmosbiblicos.com.br\/#\/schema\/person\/760735259ba35f1e44e89c71c72d79da\"},\"headline\":\"Unidos na Ora\u00e7\u00e3o: A For\u00e7a e o Amor dos Grupos de Ora\u00e7\u00e3o\",\"datePublished\":\"2025-05-27T11:09:00+00:00\",\"mainEntityOfPage\":{\"@id\":\"https:\/\/salmosbiblicos.com.br\/index.php\/2025\/05\/27\/unidos-na-oracao-a-forca-e-o-amor-dos-grupos-de-oracao\/\"},\"wordCount\":327,\"articleSection\":[\"Salmos\"],\"inLanguage\":\"pt-BR\"},{\"@type\":\"WebPage\",\"@id\":\"https:\/\/salmosbiblicos.com.br\/index.php\/2025\/05\/27\/unidos-na-oracao-a-forca-e-o-amor-dos-grupos-de-oracao\/\",\"url\":\"https:\/\/salmosbiblicos.com.br\/index.php\/2025\/05\/27\/unidos-na-oracao-a-forca-e-o-amor-dos-grupos-de-oracao\/\",\"name\":\"Unidos na Ora\u00e7\u00e3o: A For\u00e7a e o Amor dos Grupos de Ora\u00e7\u00e3o - Salmos B\u00edblicos\",\"isPartOf\":{\"@id\":\"https:\/\/salmosbiblicos.com.br\/#website\"},\"datePublished\":\"2025-05-27T11:09:00+00:00\",\"author\":{\"@id\":\"https:\/\/salmosbiblicos.com.br\/#\/schema\/person\/760735259ba35f1e44e89c71c72d79da\"},\"breadcrumb\":{\"@id\":\"https:\/\/salmosbiblicos.com.br\/index.php\/2025\/05\/27\/unidos-na-oracao-a-forca-e-o-amor-dos-grupos-de-oracao\/#breadcrumb\"},\"inLanguage\":\"pt-BR\",\"potentialAction\":[{\"@type\":\"ReadAction\",\"target\":[\"https:\/\/salmosbiblicos.com.br\/index.php\/2025\/05\/27\/unidos-na-oracao-a-forca-e-o-amor-dos-grupos-de-oracao\/\"]}]},{\"@type\":\"BreadcrumbList\",\"@id\":\"https:\/\/salmosbiblicos.com.br\/index.php\/2025\/05\/27\/unidos-na-oracao-a-forca-e-o-amor-dos-grupos-de-oracao\/#breadcrumb\",\"itemListElement\":[{\"@type\":\"ListItem\",\"position\":1,\"name\":\"Home\",\"item\":\"https:\/\/salmosbiblicos.com.br\/\"},{\"@type\":\"ListItem\",\"position\":2,\"name\":\"Unidos na Ora\u00e7\u00e3o: A For\u00e7a e o Amor dos Grupos de Ora\u00e7\u00e3o\"}]},{\"@type\":\"WebSite\",\"@id\":\"https:\/\/salmosbiblicos.com.br\/#website\",\"url\":\"https:\/\/salmosbiblicos.com.br\/\",\"name\":\"Salmos B\u00edblicos\",\"description\":\"Uma e-Livraria com e-Books novos para voc\u00ea refletir.\",\"potentialAction\":[{\"@type\":\"SearchAction\",\"target\":{\"@type\":\"EntryPoint\",\"urlTemplate\":\"https:\/\/salmosbiblicos.com.br\/?s={search_term_string}\"},\"query-input\":{\"@type\":\"PropertyValueSpecification\",\"valueRequired\":true,\"valueName\":\"search_term_string\"}}],\"inLanguage\":\"pt-BR\"},{\"@type\":\"Person\",\"@id\":\"https:\/\/salmosbiblicos.com.br\/#\/schema\/person\/760735259ba35f1e44e89c71c72d79da\",\"name\":\"Irmao\",\"image\":{\"@type\":\"ImageObject\",\"inLanguage\":\"pt-BR\",\"@id\":\"https:\/\/secure.gravatar.com\/avatar\/?s=96&d=mm&r=g\",\"url\":\"https:\/\/secure.gravatar.com\/avatar\/?s=96&d=mm&r=g\",\"contentUrl\":\"https:\/\/secure.gravatar.com\/avatar\/?s=96&d=mm&r=g\",\"caption\":\"Irmao\"},\"url\":\"https:\/\/salmosbiblicos.com.br\/index.php\/author\/irmao\/\"}]}<\/script>\n<!-- \/ Yoast SEO plugin. -->","yoast_head_json":{"title":"Unidos na Ora\u00e7\u00e3o: A For\u00e7a e o Amor dos Grupos de Ora\u00e7\u00e3o - Salmos B\u00edblicos","robots":{"index":"index","follow":"follow","max-snippet":"max-snippet:-1","max-image-preview":"max-image-preview:large","max-video-preview":"max-video-preview:-1"},"canonical":"https:\/\/salmosbiblicos.com.br\/index.php\/2025\/05\/27\/unidos-na-oracao-a-forca-e-o-amor-dos-grupos-de-oracao\/","og_locale":"pt_BR","og_type":"article","og_title":"Unidos na Ora\u00e7\u00e3o: A For\u00e7a e o Amor dos Grupos de Ora\u00e7\u00e3o - Salmos B\u00edblicos","og_description":"Os grupos de ora\u00e7\u00e3o s\u00e3o espa\u00e7os sagrados onde os fi\u00e9is se re\u00fanem para louvar, adorar e interceder uns pelos outros. S\u00e3o verdadeiras comunidades de f\u00e9, onde a uni\u00e3o em torno da ora\u00e7\u00e3o fortalece os la\u00e7os fraternos e nos conecta ainda mais com o divino. Participar de um grupo de ora\u00e7\u00e3o \u00e9 uma experi\u00eancia transformadora, onde [&hellip;]","og_url":"https:\/\/salmosbiblicos.com.br\/index.php\/2025\/05\/27\/unidos-na-oracao-a-forca-e-o-amor-dos-grupos-de-oracao\/","og_site_name":"Salmos B\u00edblicos","article_published_time":"2025-05-27T11:09:00+00:00","author":"Irmao","twitter_card":"summary_large_image","twitter_misc":{"Escrito por":"Irmao","Est. tempo de leitura":"2 minutos"},"schema":{"@context":"https:\/\/schema.org","@graph":[{"@type":"Article","@id":"https:\/\/salmosbiblicos.com.br\/index.php\/2025\/05\/27\/unidos-na-oracao-a-forca-e-o-amor-dos-grupos-de-oracao\/#article","isPartOf":{"@id":"https:\/\/salmosbiblicos.com.br\/index.php\/2025\/05\/27\/unidos-na-oracao-a-forca-e-o-amor-dos-grupos-de-oracao\/"},"author":{"name":"Irmao","@id":"https:\/\/salmosbiblicos.com.br\/#\/schema\/person\/760735259ba35f1e44e89c71c72d79da"},"headline":"Unidos na Ora\u00e7\u00e3o: A For\u00e7a e o Amor dos Grupos de Ora\u00e7\u00e3o","datePublished":"2025-05-27T11:09:00+00:00","mainEntityOfPage":{"@id":"https:\/\/salmosbiblicos.com.br\/index.php\/2025\/05\/27\/unidos-na-oracao-a-forca-e-o-amor-dos-grupos-de-oracao\/"},"wordCount":327,"articleSection":["Salmos"],"inLanguage":"pt-BR"},{"@type":"WebPage","@id":"https:\/\/salmosbiblicos.com.br\/index.php\/2025\/05\/27\/unidos-na-oracao-a-forca-e-o-amor-dos-grupos-de-oracao\/","url":"https:\/\/salmosbiblicos.com.br\/index.php\/2025\/05\/27\/unidos-na-oracao-a-forca-e-o-amor-dos-grupos-de-oracao\/","name":"Unidos na Ora\u00e7\u00e3o: A For\u00e7a e o Amor dos Grupos de Ora\u00e7\u00e3o - Salmos B\u00edblicos","isPartOf":{"@id":"https:\/\/salmosbiblicos.com.br\/#website"},"datePublished":"2025-05-27T11:09:00+00:00","author":{"@id":"https:\/\/salmosbiblicos.com.br\/#\/schema\/person\/760735259ba35f1e44e89c71c72d79da"},"breadcrumb":{"@id":"https:\/\/salmosbiblicos.com.br\/index.php\/2025\/05\/27\/unidos-na-oracao-a-forca-e-o-amor-dos-grupos-de-oracao\/#breadcrumb"},"inLanguage":"pt-BR","potentialAction":[{"@type":"ReadAction","target":["https:\/\/salmosbiblicos.com.br\/index.php\/2025\/05\/27\/unidos-na-oracao-a-forca-e-o-amor-dos-grupos-de-oracao\/"]}]},{"@type":"BreadcrumbList","@id":"https:\/\/salmosbiblicos.com.br\/index.php\/2025\/05\/27\/unidos-na-oracao-a-forca-e-o-amor-dos-grupos-de-oracao\/#breadcrumb","itemListElement":[{"@type":"ListItem","position":1,"name":"Home","item":"https:\/\/salmosbiblicos.com.br\/"},{"@type":"ListItem","position":2,"name":"Unidos na Ora\u00e7\u00e3o: A For\u00e7a e o Amor dos Grupos de Ora\u00e7\u00e3o"}]},{"@type":"WebSite","@id":"https:\/\/salmosbiblicos.com.br\/#website","url":"https:\/\/salmosbiblicos.com.br\/","name":"Salmos B\u00edblicos","description":"Uma e-Livraria com e-Books novos para voc\u00ea refletir.","potentialAction":[{"@type":"SearchAction","target":{"@type":"EntryPoint","urlTemplate":"https:\/\/salmosbiblicos.com.br\/?s={search_term_string}"},"query-input":{"@type":"PropertyValueSpecification","valueRequired":true,"valueName":"search_term_string"}}],"inLanguage":"pt-BR"},{"@type":"Person","@id":"https:\/\/salmosbiblicos.com.br\/#\/schema\/person\/760735259ba35f1e44e89c71c72d79da","name":"Irmao","image":{"@type":"ImageObject","inLanguage":"pt-BR","@id":"https:\/\/secure.gravatar.com\/avatar\/?s=96&d=mm&r=g","url":"https:\/\/secure.gravatar.com\/avatar\/?s=96&d=mm&r=g","contentUrl":"https:\/\/secure.gravatar.com\/avatar\/?s=96&d=mm&r=g","caption":"Irmao"},"url":"https:\/\/salmosbiblicos.com.br\/index.php\/author\/irmao\/"}]}},"_links":{"self":[{"href":"https:\/\/salmosbiblicos.com.br\/index.php\/wp-json\/wp\/v2\/posts\/5361","targetHints":{"allow":["GET"]}}],"collection":[{"href":"https:\/\/salmosbiblicos.com.br\/index.php\/wp-json\/wp\/v2\/posts"}],"about":[{"href":"https:\/\/salmosbiblicos.com.br\/index.php\/wp-json\/wp\/v2\/types\/post"}],"author":[{"embeddable":true,"href":"https:\/\/salmosbiblicos.com.br\/index.php\/wp-json\/wp\/v2\/users\/2"}],"replies":[{"embeddable":true,"href":"https:\/\/salmosbiblicos.com.br\/index.php\/wp-json\/wp\/v2\/comments?post=5361"}],"version-history":[{"count":0,"href":"https:\/\/salmosbiblicos.com.br\/index.php\/wp-json\/wp\/v2\/posts\/5361\/revisions"}],"wp:attachment":[{"href":"https:\/\/salmosbiblicos.com.br\/index.php\/wp-json\/wp\/v2\/media?parent=5361"}],"wp:term":[{"taxonomy":"category","embeddable":true,"href":"https:\/\/salmosbiblicos.com.br\/index.php\/wp-json\/wp\/v2\/categories?post=5361"},{"taxonomy":"post_tag","embeddable":true,"href":"https:\/\/salmosbiblicos.com.br\/index.php\/wp-json\/wp\/v2\/tags?post=5361"}],"curies":[{"name":"wp","href":"https:\/\/api.w.org\/{rel}","templated":true}]}}