{"id":5363,"date":"2025-05-27T08:09:06","date_gmt":"2025-05-27T11:09:06","guid":{"rendered":"https:\/\/salmosbiblicos.com.br\/?p=5363"},"modified":"2025-05-27T08:09:06","modified_gmt":"2025-05-27T11:09:06","slug":"fortaleca-sua-fe-e-encontre-apoio-nos-grupos-de-oracao-comunhao-reflexao-e-crescimento-espiritual","status":"publish","type":"post","link":"https:\/\/salmosbiblicos.com.br\/index.php\/2025\/05\/27\/fortaleca-sua-fe-e-encontre-apoio-nos-grupos-de-oracao-comunhao-reflexao-e-crescimento-espiritual\/","title":{"rendered":"Fortale\u00e7a sua f\u00e9 e encontre apoio nos Grupos de Ora\u00e7\u00e3o: Comunh\u00e3o, Reflex\u00e3o e Crescimento Espiritual"},"content":{"rendered":"<p>Os grupos de ora\u00e7\u00e3o s\u00e3o espa\u00e7os sagrados onde os fi\u00e9is se re\u00fanem para fortalecer sua f\u00e9, compartilhar suas inten\u00e7\u00f5es e elevar suas preces a Deus. Esses encontros s\u00e3o fundamentais para a vida espiritual de cada um, pois proporcionam momentos de comunh\u00e3o, reflex\u00e3o e crescimento na f\u00e9.<\/p>\n<p>Participar de um grupo de ora\u00e7\u00e3o nos permite estar mais pr\u00f3ximos de Deus e dos irm\u00e3os de f\u00e9, nos fortalecendo em meio \u00e0s dificuldades e desafios do dia a dia. Neles, encontramos apoio, consolo e encorajamento para seguir em frente, confiantes de que n\u00e3o estamos sozinhos em nossas lutas.<\/p>\n<p>Assim como nos ensina o Salmo, que nos convida a louvar a Deus em comunidade, os grupos de ora\u00e7\u00e3o nos incentivam a elevar nossas vozes em uni\u00e3o, fortalecendo nossa f\u00e9 e nos conectando ainda mais com o divino.<\/p>\n<p>Em meio \u00e0s incertezas da vida, \u00e9 nos grupos de ora\u00e7\u00e3o que encontramos ref\u00fagio, paz e esperan\u00e7a. Neles, somos acolhidos e amparados, sentindo o amor de Deus agindo em nossos cora\u00e7\u00f5es e nos fortalecendo para enfrentar os desafios que se apresentam em nosso caminho.<\/p>\n<p>Que possamos valorizar a import\u00e2ncia dos grupos de ora\u00e7\u00e3o em nossa jornada espiritual, buscando sempre nos conectar com Deus e com nossos irm\u00e3os de f\u00e9. Que possamos nos unir em ora\u00e7\u00e3o, louvor e gratid\u00e3o, confiantes de que, juntos, somos mais fortes e capazes de superar qualquer obst\u00e1culo que surja em nossa caminhada.<\/p>\n<p>Que a luz de Deus ilumine nossos caminhos e que a for\u00e7a da ora\u00e7\u00e3o nos sustente em todos os momentos. Confiamos em Sua miseric\u00f3rdia e amor, sabendo que Ele est\u00e1 sempre ao nosso lado, ouvindo nossas preces e guiando nossos passos. Que assim seja, am\u00e9m.<\/p>\n","protected":false},"excerpt":{"rendered":"<p>Os grupos de ora\u00e7\u00e3o s\u00e3o espa\u00e7os sagrados onde os fi\u00e9is se re\u00fanem para fortalecer sua f\u00e9, compartilhar suas inten\u00e7\u00f5es e elevar suas preces a Deus. Esses encontros s\u00e3o fundamentais para a vida espiritual de cada um, pois proporcionam momentos de comunh\u00e3o, reflex\u00e3o e crescimento na f\u00e9. Participar de um grupo de ora\u00e7\u00e3o nos permite estar [&hellip;]<\/p>\n","protected":false},"author":2,"featured_media":0,"comment_status":"closed","ping_status":"open","sticky":false,"template":"","format":"standard","meta":{"footnotes":""},"categories":[11],"tags":[],"class_list":["post-5363","post","type-post","status-publish","format-standard","hentry","category-salmos"],"yoast_head":"<!-- This site is optimized with the Yoast SEO plugin v27.2 - https:\/\/yoast.com\/product\/yoast-seo-wordpress\/ -->\n<title>Fortale\u00e7a sua f\u00e9 e encontre apoio nos Grupos de Ora\u00e7\u00e3o: Comunh\u00e3o, Reflex\u00e3o e Crescimento Espiritual - Salmos B\u00edblicos<\/title>\n<meta name=\"robots\" content=\"index, follow, max-snippet:-1, max-image-preview:large, max-video-preview:-1\" \/>\n<link rel=\"canonical\" href=\"https:\/\/salmosbiblicos.com.br\/index.php\/2025\/05\/27\/fortaleca-sua-fe-e-encontre-apoio-nos-grupos-de-oracao-comunhao-reflexao-e-crescimento-espiritual\/\" \/>\n<meta property=\"og:locale\" content=\"pt_BR\" \/>\n<meta property=\"og:type\" content=\"article\" \/>\n<meta property=\"og:title\" content=\"Fortale\u00e7a sua f\u00e9 e encontre apoio nos Grupos de Ora\u00e7\u00e3o: Comunh\u00e3o, Reflex\u00e3o e Crescimento Espiritual - Salmos B\u00edblicos\" \/>\n<meta property=\"og:description\" content=\"Os grupos de ora\u00e7\u00e3o s\u00e3o espa\u00e7os sagrados onde os fi\u00e9is se re\u00fanem para fortalecer sua f\u00e9, compartilhar suas inten\u00e7\u00f5es e elevar suas preces a Deus. Esses encontros s\u00e3o fundamentais para a vida espiritual de cada um, pois proporcionam momentos de comunh\u00e3o, reflex\u00e3o e crescimento na f\u00e9. Participar de um grupo de ora\u00e7\u00e3o nos permite estar [&hellip;]\" \/>\n<meta property=\"og:url\" content=\"https:\/\/salmosbiblicos.com.br\/index.php\/2025\/05\/27\/fortaleca-sua-fe-e-encontre-apoio-nos-grupos-de-oracao-comunhao-reflexao-e-crescimento-espiritual\/\" \/>\n<meta property=\"og:site_name\" content=\"Salmos B\u00edblicos\" \/>\n<meta property=\"article:published_time\" content=\"2025-05-27T11:09:06+00:00\" \/>\n<meta name=\"author\" content=\"Irmao\" \/>\n<meta name=\"twitter:card\" content=\"summary_large_image\" \/>\n<meta name=\"twitter:label1\" content=\"Escrito por\" \/>\n\t<meta name=\"twitter:data1\" content=\"Irmao\" \/>\n\t<meta name=\"twitter:label2\" content=\"Est. tempo de leitura\" \/>\n\t<meta name=\"twitter:data2\" content=\"2 minutos\" \/>\n<script type=\"application\/ld+json\" class=\"yoast-schema-graph\">{\"@context\":\"https:\/\/schema.org\",\"@graph\":[{\"@type\":\"Article\",\"@id\":\"https:\/\/salmosbiblicos.com.br\/index.php\/2025\/05\/27\/fortaleca-sua-fe-e-encontre-apoio-nos-grupos-de-oracao-comunhao-reflexao-e-crescimento-espiritual\/#article\",\"isPartOf\":{\"@id\":\"https:\/\/salmosbiblicos.com.br\/index.php\/2025\/05\/27\/fortaleca-sua-fe-e-encontre-apoio-nos-grupos-de-oracao-comunhao-reflexao-e-crescimento-espiritual\/\"},\"author\":{\"name\":\"Irmao\",\"@id\":\"https:\/\/salmosbiblicos.com.br\/#\/schema\/person\/760735259ba35f1e44e89c71c72d79da\"},\"headline\":\"Fortale\u00e7a sua f\u00e9 e encontre apoio nos Grupos de Ora\u00e7\u00e3o: Comunh\u00e3o, Reflex\u00e3o e Crescimento Espiritual\",\"datePublished\":\"2025-05-27T11:09:06+00:00\",\"mainEntityOfPage\":{\"@id\":\"https:\/\/salmosbiblicos.com.br\/index.php\/2025\/05\/27\/fortaleca-sua-fe-e-encontre-apoio-nos-grupos-de-oracao-comunhao-reflexao-e-crescimento-espiritual\/\"},\"wordCount\":321,\"articleSection\":[\"Salmos\"],\"inLanguage\":\"pt-BR\"},{\"@type\":\"WebPage\",\"@id\":\"https:\/\/salmosbiblicos.com.br\/index.php\/2025\/05\/27\/fortaleca-sua-fe-e-encontre-apoio-nos-grupos-de-oracao-comunhao-reflexao-e-crescimento-espiritual\/\",\"url\":\"https:\/\/salmosbiblicos.com.br\/index.php\/2025\/05\/27\/fortaleca-sua-fe-e-encontre-apoio-nos-grupos-de-oracao-comunhao-reflexao-e-crescimento-espiritual\/\",\"name\":\"Fortale\u00e7a sua f\u00e9 e encontre apoio nos Grupos de Ora\u00e7\u00e3o: Comunh\u00e3o, Reflex\u00e3o e Crescimento Espiritual - Salmos B\u00edblicos\",\"isPartOf\":{\"@id\":\"https:\/\/salmosbiblicos.com.br\/#website\"},\"datePublished\":\"2025-05-27T11:09:06+00:00\",\"author\":{\"@id\":\"https:\/\/salmosbiblicos.com.br\/#\/schema\/person\/760735259ba35f1e44e89c71c72d79da\"},\"breadcrumb\":{\"@id\":\"https:\/\/salmosbiblicos.com.br\/index.php\/2025\/05\/27\/fortaleca-sua-fe-e-encontre-apoio-nos-grupos-de-oracao-comunhao-reflexao-e-crescimento-espiritual\/#breadcrumb\"},\"inLanguage\":\"pt-BR\",\"potentialAction\":[{\"@type\":\"ReadAction\",\"target\":[\"https:\/\/salmosbiblicos.com.br\/index.php\/2025\/05\/27\/fortaleca-sua-fe-e-encontre-apoio-nos-grupos-de-oracao-comunhao-reflexao-e-crescimento-espiritual\/\"]}]},{\"@type\":\"BreadcrumbList\",\"@id\":\"https:\/\/salmosbiblicos.com.br\/index.php\/2025\/05\/27\/fortaleca-sua-fe-e-encontre-apoio-nos-grupos-de-oracao-comunhao-reflexao-e-crescimento-espiritual\/#breadcrumb\",\"itemListElement\":[{\"@type\":\"ListItem\",\"position\":1,\"name\":\"Home\",\"item\":\"https:\/\/salmosbiblicos.com.br\/\"},{\"@type\":\"ListItem\",\"position\":2,\"name\":\"Fortale\u00e7a sua f\u00e9 e encontre apoio nos Grupos de Ora\u00e7\u00e3o: Comunh\u00e3o, Reflex\u00e3o e Crescimento Espiritual\"}]},{\"@type\":\"WebSite\",\"@id\":\"https:\/\/salmosbiblicos.com.br\/#website\",\"url\":\"https:\/\/salmosbiblicos.com.br\/\",\"name\":\"Salmos B\u00edblicos\",\"description\":\"Uma e-Livraria com e-Books novos para voc\u00ea refletir.\",\"potentialAction\":[{\"@type\":\"SearchAction\",\"target\":{\"@type\":\"EntryPoint\",\"urlTemplate\":\"https:\/\/salmosbiblicos.com.br\/?s={search_term_string}\"},\"query-input\":{\"@type\":\"PropertyValueSpecification\",\"valueRequired\":true,\"valueName\":\"search_term_string\"}}],\"inLanguage\":\"pt-BR\"},{\"@type\":\"Person\",\"@id\":\"https:\/\/salmosbiblicos.com.br\/#\/schema\/person\/760735259ba35f1e44e89c71c72d79da\",\"name\":\"Irmao\",\"image\":{\"@type\":\"ImageObject\",\"inLanguage\":\"pt-BR\",\"@id\":\"https:\/\/secure.gravatar.com\/avatar\/?s=96&d=mm&r=g\",\"url\":\"https:\/\/secure.gravatar.com\/avatar\/?s=96&d=mm&r=g\",\"contentUrl\":\"https:\/\/secure.gravatar.com\/avatar\/?s=96&d=mm&r=g\",\"caption\":\"Irmao\"},\"url\":\"https:\/\/salmosbiblicos.com.br\/index.php\/author\/irmao\/\"}]}<\/script>\n<!-- \/ Yoast SEO plugin. -->","yoast_head_json":{"title":"Fortale\u00e7a sua f\u00e9 e encontre apoio nos Grupos de Ora\u00e7\u00e3o: Comunh\u00e3o, Reflex\u00e3o e Crescimento Espiritual - Salmos B\u00edblicos","robots":{"index":"index","follow":"follow","max-snippet":"max-snippet:-1","max-image-preview":"max-image-preview:large","max-video-preview":"max-video-preview:-1"},"canonical":"https:\/\/salmosbiblicos.com.br\/index.php\/2025\/05\/27\/fortaleca-sua-fe-e-encontre-apoio-nos-grupos-de-oracao-comunhao-reflexao-e-crescimento-espiritual\/","og_locale":"pt_BR","og_type":"article","og_title":"Fortale\u00e7a sua f\u00e9 e encontre apoio nos Grupos de Ora\u00e7\u00e3o: Comunh\u00e3o, Reflex\u00e3o e Crescimento Espiritual - Salmos B\u00edblicos","og_description":"Os grupos de ora\u00e7\u00e3o s\u00e3o espa\u00e7os sagrados onde os fi\u00e9is se re\u00fanem para fortalecer sua f\u00e9, compartilhar suas inten\u00e7\u00f5es e elevar suas preces a Deus. Esses encontros s\u00e3o fundamentais para a vida espiritual de cada um, pois proporcionam momentos de comunh\u00e3o, reflex\u00e3o e crescimento na f\u00e9. Participar de um grupo de ora\u00e7\u00e3o nos permite estar [&hellip;]","og_url":"https:\/\/salmosbiblicos.com.br\/index.php\/2025\/05\/27\/fortaleca-sua-fe-e-encontre-apoio-nos-grupos-de-oracao-comunhao-reflexao-e-crescimento-espiritual\/","og_site_name":"Salmos B\u00edblicos","article_published_time":"2025-05-27T11:09:06+00:00","author":"Irmao","twitter_card":"summary_large_image","twitter_misc":{"Escrito por":"Irmao","Est. tempo de leitura":"2 minutos"},"schema":{"@context":"https:\/\/schema.org","@graph":[{"@type":"Article","@id":"https:\/\/salmosbiblicos.com.br\/index.php\/2025\/05\/27\/fortaleca-sua-fe-e-encontre-apoio-nos-grupos-de-oracao-comunhao-reflexao-e-crescimento-espiritual\/#article","isPartOf":{"@id":"https:\/\/salmosbiblicos.com.br\/index.php\/2025\/05\/27\/fortaleca-sua-fe-e-encontre-apoio-nos-grupos-de-oracao-comunhao-reflexao-e-crescimento-espiritual\/"},"author":{"name":"Irmao","@id":"https:\/\/salmosbiblicos.com.br\/#\/schema\/person\/760735259ba35f1e44e89c71c72d79da"},"headline":"Fortale\u00e7a sua f\u00e9 e encontre apoio nos Grupos de Ora\u00e7\u00e3o: Comunh\u00e3o, Reflex\u00e3o e Crescimento Espiritual","datePublished":"2025-05-27T11:09:06+00:00","mainEntityOfPage":{"@id":"https:\/\/salmosbiblicos.com.br\/index.php\/2025\/05\/27\/fortaleca-sua-fe-e-encontre-apoio-nos-grupos-de-oracao-comunhao-reflexao-e-crescimento-espiritual\/"},"wordCount":321,"articleSection":["Salmos"],"inLanguage":"pt-BR"},{"@type":"WebPage","@id":"https:\/\/salmosbiblicos.com.br\/index.php\/2025\/05\/27\/fortaleca-sua-fe-e-encontre-apoio-nos-grupos-de-oracao-comunhao-reflexao-e-crescimento-espiritual\/","url":"https:\/\/salmosbiblicos.com.br\/index.php\/2025\/05\/27\/fortaleca-sua-fe-e-encontre-apoio-nos-grupos-de-oracao-comunhao-reflexao-e-crescimento-espiritual\/","name":"Fortale\u00e7a sua f\u00e9 e encontre apoio nos Grupos de Ora\u00e7\u00e3o: Comunh\u00e3o, Reflex\u00e3o e Crescimento Espiritual - Salmos B\u00edblicos","isPartOf":{"@id":"https:\/\/salmosbiblicos.com.br\/#website"},"datePublished":"2025-05-27T11:09:06+00:00","author":{"@id":"https:\/\/salmosbiblicos.com.br\/#\/schema\/person\/760735259ba35f1e44e89c71c72d79da"},"breadcrumb":{"@id":"https:\/\/salmosbiblicos.com.br\/index.php\/2025\/05\/27\/fortaleca-sua-fe-e-encontre-apoio-nos-grupos-de-oracao-comunhao-reflexao-e-crescimento-espiritual\/#breadcrumb"},"inLanguage":"pt-BR","potentialAction":[{"@type":"ReadAction","target":["https:\/\/salmosbiblicos.com.br\/index.php\/2025\/05\/27\/fortaleca-sua-fe-e-encontre-apoio-nos-grupos-de-oracao-comunhao-reflexao-e-crescimento-espiritual\/"]}]},{"@type":"BreadcrumbList","@id":"https:\/\/salmosbiblicos.com.br\/index.php\/2025\/05\/27\/fortaleca-sua-fe-e-encontre-apoio-nos-grupos-de-oracao-comunhao-reflexao-e-crescimento-espiritual\/#breadcrumb","itemListElement":[{"@type":"ListItem","position":1,"name":"Home","item":"https:\/\/salmosbiblicos.com.br\/"},{"@type":"ListItem","position":2,"name":"Fortale\u00e7a sua f\u00e9 e encontre apoio nos Grupos de Ora\u00e7\u00e3o: Comunh\u00e3o, Reflex\u00e3o e Crescimento Espiritual"}]},{"@type":"WebSite","@id":"https:\/\/salmosbiblicos.com.br\/#website","url":"https:\/\/salmosbiblicos.com.br\/","name":"Salmos B\u00edblicos","description":"Uma e-Livraria com e-Books novos para voc\u00ea refletir.","potentialAction":[{"@type":"SearchAction","target":{"@type":"EntryPoint","urlTemplate":"https:\/\/salmosbiblicos.com.br\/?s={search_term_string}"},"query-input":{"@type":"PropertyValueSpecification","valueRequired":true,"valueName":"search_term_string"}}],"inLanguage":"pt-BR"},{"@type":"Person","@id":"https:\/\/salmosbiblicos.com.br\/#\/schema\/person\/760735259ba35f1e44e89c71c72d79da","name":"Irmao","image":{"@type":"ImageObject","inLanguage":"pt-BR","@id":"https:\/\/secure.gravatar.com\/avatar\/?s=96&d=mm&r=g","url":"https:\/\/secure.gravatar.com\/avatar\/?s=96&d=mm&r=g","contentUrl":"https:\/\/secure.gravatar.com\/avatar\/?s=96&d=mm&r=g","caption":"Irmao"},"url":"https:\/\/salmosbiblicos.com.br\/index.php\/author\/irmao\/"}]}},"_links":{"self":[{"href":"https:\/\/salmosbiblicos.com.br\/index.php\/wp-json\/wp\/v2\/posts\/5363","targetHints":{"allow":["GET"]}}],"collection":[{"href":"https:\/\/salmosbiblicos.com.br\/index.php\/wp-json\/wp\/v2\/posts"}],"about":[{"href":"https:\/\/salmosbiblicos.com.br\/index.php\/wp-json\/wp\/v2\/types\/post"}],"author":[{"embeddable":true,"href":"https:\/\/salmosbiblicos.com.br\/index.php\/wp-json\/wp\/v2\/users\/2"}],"replies":[{"embeddable":true,"href":"https:\/\/salmosbiblicos.com.br\/index.php\/wp-json\/wp\/v2\/comments?post=5363"}],"version-history":[{"count":0,"href":"https:\/\/salmosbiblicos.com.br\/index.php\/wp-json\/wp\/v2\/posts\/5363\/revisions"}],"wp:attachment":[{"href":"https:\/\/salmosbiblicos.com.br\/index.php\/wp-json\/wp\/v2\/media?parent=5363"}],"wp:term":[{"taxonomy":"category","embeddable":true,"href":"https:\/\/salmosbiblicos.com.br\/index.php\/wp-json\/wp\/v2\/categories?post=5363"},{"taxonomy":"post_tag","embeddable":true,"href":"https:\/\/salmosbiblicos.com.br\/index.php\/wp-json\/wp\/v2\/tags?post=5363"}],"curies":[{"name":"wp","href":"https:\/\/api.w.org\/{rel}","templated":true}]}}