{"id":5415,"date":"2025-05-28T18:43:38","date_gmt":"2025-05-28T21:43:38","guid":{"rendered":"https:\/\/salmosbiblicos.com.br\/?p=5415"},"modified":"2025-05-28T18:43:38","modified_gmt":"2025-05-28T21:43:38","slug":"o-poder-da-oracao-em-comunidade-fortalecendo-a-fe-nos-grupos-de-oracao","status":"publish","type":"post","link":"https:\/\/salmosbiblicos.com.br\/index.php\/2025\/05\/28\/o-poder-da-oracao-em-comunidade-fortalecendo-a-fe-nos-grupos-de-oracao\/","title":{"rendered":"O Poder da Ora\u00e7\u00e3o em Comunidade: Fortalecendo a F\u00e9 nos Grupos de Ora\u00e7\u00e3o"},"content":{"rendered":"<p>Os grupos de ora\u00e7\u00e3o s\u00e3o um dos pilares fundamentais da vida espiritual de um crist\u00e3o. Neles, encontramos um espa\u00e7o sagrado onde podemos nos reunir com nossos irm\u00e3os na f\u00e9 para louvar, adorar e interceder uns pelos outros. A import\u00e2ncia desses encontros vai muito al\u00e9m do simples ato de rezar juntos; eles nos proporcionam um apoio m\u00fatuo, fortalecem nossa comunh\u00e3o com Deus e nos ajudam a crescer na f\u00e9.<\/p>\n<p>No Salmo, encontramos a inspira\u00e7\u00e3o para entender a relev\u00e2ncia dos grupos de ora\u00e7\u00e3o. Nele, vemos a import\u00e2ncia de estarmos unidos em comunh\u00e3o, pois juntos somos mais fortes e podemos enfrentar os desafios da vida com coragem e confian\u00e7a. Assim como o Salmo nos ensina, quando nos reunimos em ora\u00e7\u00e3o, estamos construindo um alicerce s\u00f3lido de f\u00e9 e esperan\u00e7a em Deus.<\/p>\n<p>Em meio \u00e0s tribula\u00e7\u00f5es e incertezas do mundo atual, os grupos de ora\u00e7\u00e3o se tornam um ref\u00fagio seguro onde podemos encontrar consolo e paz. Neles, compartilhamos nossas alegrias e tristezas, nossas vit\u00f3rias e derrotas, sabendo que n\u00e3o estamos sozinhos, mas sim cercados pelo amor e cuidado de Deus e de nossos irm\u00e3os na f\u00e9.<\/p>\n<p>Portanto, n\u00e3o subestime o poder e a import\u00e2ncia dos grupos de ora\u00e7\u00e3o em sua vida espiritual. Busque se conectar com uma comunidade de fi\u00e9is que possam te apoiar, encorajar e fortalecer na jornada da f\u00e9. Lembre-se de que, onde dois ou mais estiverem reunidos em nome de Deus, Ele estar\u00e1 no meio deles, derramando Suas b\u00ean\u00e7\u00e3os e gra\u00e7as sobre suas vidas.<\/p>\n<p>Que possamos encontrar conforto e inspira\u00e7\u00e3o nos grupos de ora\u00e7\u00e3o, sabendo que, juntos, podemos superar qualquer desafio que se apresente em nosso caminho. Acredite na for\u00e7a da ora\u00e7\u00e3o em comunidade e confie que Deus est\u00e1 sempre ao nosso lado, guiando-nos e sustentando-nos em todos os momentos. A f\u00e9 nos grupos de ora\u00e7\u00e3o nos fortalece e nos renova.<\/p>\n","protected":false},"excerpt":{"rendered":"<p>Os grupos de ora\u00e7\u00e3o s\u00e3o um dos pilares fundamentais da vida espiritual de um crist\u00e3o. Neles, encontramos um espa\u00e7o sagrado onde podemos nos reunir com nossos irm\u00e3os na f\u00e9 para louvar, adorar e interceder uns pelos outros. A import\u00e2ncia desses encontros vai muito al\u00e9m do simples ato de rezar juntos; eles nos proporcionam um apoio [&hellip;]<\/p>\n","protected":false},"author":2,"featured_media":0,"comment_status":"closed","ping_status":"open","sticky":false,"template":"","format":"standard","meta":{"footnotes":""},"categories":[11],"tags":[],"class_list":["post-5415","post","type-post","status-publish","format-standard","hentry","category-salmos"],"yoast_head":"<!-- This site is optimized with the Yoast SEO plugin v27.2 - https:\/\/yoast.com\/product\/yoast-seo-wordpress\/ -->\n<title>O Poder da Ora\u00e7\u00e3o em Comunidade: Fortalecendo a F\u00e9 nos Grupos de Ora\u00e7\u00e3o - Salmos B\u00edblicos<\/title>\n<meta name=\"robots\" content=\"index, follow, max-snippet:-1, max-image-preview:large, max-video-preview:-1\" \/>\n<link rel=\"canonical\" href=\"https:\/\/salmosbiblicos.com.br\/index.php\/2025\/05\/28\/o-poder-da-oracao-em-comunidade-fortalecendo-a-fe-nos-grupos-de-oracao\/\" \/>\n<meta property=\"og:locale\" content=\"pt_BR\" \/>\n<meta property=\"og:type\" content=\"article\" \/>\n<meta property=\"og:title\" content=\"O Poder da Ora\u00e7\u00e3o em Comunidade: Fortalecendo a F\u00e9 nos Grupos de Ora\u00e7\u00e3o - Salmos B\u00edblicos\" \/>\n<meta property=\"og:description\" content=\"Os grupos de ora\u00e7\u00e3o s\u00e3o um dos pilares fundamentais da vida espiritual de um crist\u00e3o. Neles, encontramos um espa\u00e7o sagrado onde podemos nos reunir com nossos irm\u00e3os na f\u00e9 para louvar, adorar e interceder uns pelos outros. A import\u00e2ncia desses encontros vai muito al\u00e9m do simples ato de rezar juntos; eles nos proporcionam um apoio [&hellip;]\" \/>\n<meta property=\"og:url\" content=\"https:\/\/salmosbiblicos.com.br\/index.php\/2025\/05\/28\/o-poder-da-oracao-em-comunidade-fortalecendo-a-fe-nos-grupos-de-oracao\/\" \/>\n<meta property=\"og:site_name\" content=\"Salmos B\u00edblicos\" \/>\n<meta property=\"article:published_time\" content=\"2025-05-28T21:43:38+00:00\" \/>\n<meta name=\"author\" content=\"Irmao\" \/>\n<meta name=\"twitter:card\" content=\"summary_large_image\" \/>\n<meta name=\"twitter:label1\" content=\"Escrito por\" \/>\n\t<meta name=\"twitter:data1\" content=\"Irmao\" \/>\n\t<meta name=\"twitter:label2\" content=\"Est. tempo de leitura\" \/>\n\t<meta name=\"twitter:data2\" content=\"2 minutos\" \/>\n<script type=\"application\/ld+json\" class=\"yoast-schema-graph\">{\"@context\":\"https:\/\/schema.org\",\"@graph\":[{\"@type\":\"Article\",\"@id\":\"https:\/\/salmosbiblicos.com.br\/index.php\/2025\/05\/28\/o-poder-da-oracao-em-comunidade-fortalecendo-a-fe-nos-grupos-de-oracao\/#article\",\"isPartOf\":{\"@id\":\"https:\/\/salmosbiblicos.com.br\/index.php\/2025\/05\/28\/o-poder-da-oracao-em-comunidade-fortalecendo-a-fe-nos-grupos-de-oracao\/\"},\"author\":{\"name\":\"Irmao\",\"@id\":\"https:\/\/salmosbiblicos.com.br\/#\/schema\/person\/760735259ba35f1e44e89c71c72d79da\"},\"headline\":\"O Poder da Ora\u00e7\u00e3o em Comunidade: Fortalecendo a F\u00e9 nos Grupos de Ora\u00e7\u00e3o\",\"datePublished\":\"2025-05-28T21:43:38+00:00\",\"mainEntityOfPage\":{\"@id\":\"https:\/\/salmosbiblicos.com.br\/index.php\/2025\/05\/28\/o-poder-da-oracao-em-comunidade-fortalecendo-a-fe-nos-grupos-de-oracao\/\"},\"wordCount\":351,\"articleSection\":[\"Salmos\"],\"inLanguage\":\"pt-BR\"},{\"@type\":\"WebPage\",\"@id\":\"https:\/\/salmosbiblicos.com.br\/index.php\/2025\/05\/28\/o-poder-da-oracao-em-comunidade-fortalecendo-a-fe-nos-grupos-de-oracao\/\",\"url\":\"https:\/\/salmosbiblicos.com.br\/index.php\/2025\/05\/28\/o-poder-da-oracao-em-comunidade-fortalecendo-a-fe-nos-grupos-de-oracao\/\",\"name\":\"O Poder da Ora\u00e7\u00e3o em Comunidade: Fortalecendo a F\u00e9 nos Grupos de Ora\u00e7\u00e3o - Salmos B\u00edblicos\",\"isPartOf\":{\"@id\":\"https:\/\/salmosbiblicos.com.br\/#website\"},\"datePublished\":\"2025-05-28T21:43:38+00:00\",\"author\":{\"@id\":\"https:\/\/salmosbiblicos.com.br\/#\/schema\/person\/760735259ba35f1e44e89c71c72d79da\"},\"breadcrumb\":{\"@id\":\"https:\/\/salmosbiblicos.com.br\/index.php\/2025\/05\/28\/o-poder-da-oracao-em-comunidade-fortalecendo-a-fe-nos-grupos-de-oracao\/#breadcrumb\"},\"inLanguage\":\"pt-BR\",\"potentialAction\":[{\"@type\":\"ReadAction\",\"target\":[\"https:\/\/salmosbiblicos.com.br\/index.php\/2025\/05\/28\/o-poder-da-oracao-em-comunidade-fortalecendo-a-fe-nos-grupos-de-oracao\/\"]}]},{\"@type\":\"BreadcrumbList\",\"@id\":\"https:\/\/salmosbiblicos.com.br\/index.php\/2025\/05\/28\/o-poder-da-oracao-em-comunidade-fortalecendo-a-fe-nos-grupos-de-oracao\/#breadcrumb\",\"itemListElement\":[{\"@type\":\"ListItem\",\"position\":1,\"name\":\"Home\",\"item\":\"https:\/\/salmosbiblicos.com.br\/\"},{\"@type\":\"ListItem\",\"position\":2,\"name\":\"O Poder da Ora\u00e7\u00e3o em Comunidade: Fortalecendo a F\u00e9 nos Grupos de Ora\u00e7\u00e3o\"}]},{\"@type\":\"WebSite\",\"@id\":\"https:\/\/salmosbiblicos.com.br\/#website\",\"url\":\"https:\/\/salmosbiblicos.com.br\/\",\"name\":\"Salmos B\u00edblicos\",\"description\":\"Uma e-Livraria com e-Books novos para voc\u00ea refletir.\",\"potentialAction\":[{\"@type\":\"SearchAction\",\"target\":{\"@type\":\"EntryPoint\",\"urlTemplate\":\"https:\/\/salmosbiblicos.com.br\/?s={search_term_string}\"},\"query-input\":{\"@type\":\"PropertyValueSpecification\",\"valueRequired\":true,\"valueName\":\"search_term_string\"}}],\"inLanguage\":\"pt-BR\"},{\"@type\":\"Person\",\"@id\":\"https:\/\/salmosbiblicos.com.br\/#\/schema\/person\/760735259ba35f1e44e89c71c72d79da\",\"name\":\"Irmao\",\"image\":{\"@type\":\"ImageObject\",\"inLanguage\":\"pt-BR\",\"@id\":\"https:\/\/secure.gravatar.com\/avatar\/?s=96&d=mm&r=g\",\"url\":\"https:\/\/secure.gravatar.com\/avatar\/?s=96&d=mm&r=g\",\"contentUrl\":\"https:\/\/secure.gravatar.com\/avatar\/?s=96&d=mm&r=g\",\"caption\":\"Irmao\"},\"url\":\"https:\/\/salmosbiblicos.com.br\/index.php\/author\/irmao\/\"}]}<\/script>\n<!-- \/ Yoast SEO plugin. -->","yoast_head_json":{"title":"O Poder da Ora\u00e7\u00e3o em Comunidade: Fortalecendo a F\u00e9 nos Grupos de Ora\u00e7\u00e3o - Salmos B\u00edblicos","robots":{"index":"index","follow":"follow","max-snippet":"max-snippet:-1","max-image-preview":"max-image-preview:large","max-video-preview":"max-video-preview:-1"},"canonical":"https:\/\/salmosbiblicos.com.br\/index.php\/2025\/05\/28\/o-poder-da-oracao-em-comunidade-fortalecendo-a-fe-nos-grupos-de-oracao\/","og_locale":"pt_BR","og_type":"article","og_title":"O Poder da Ora\u00e7\u00e3o em Comunidade: Fortalecendo a F\u00e9 nos Grupos de Ora\u00e7\u00e3o - Salmos B\u00edblicos","og_description":"Os grupos de ora\u00e7\u00e3o s\u00e3o um dos pilares fundamentais da vida espiritual de um crist\u00e3o. Neles, encontramos um espa\u00e7o sagrado onde podemos nos reunir com nossos irm\u00e3os na f\u00e9 para louvar, adorar e interceder uns pelos outros. A import\u00e2ncia desses encontros vai muito al\u00e9m do simples ato de rezar juntos; eles nos proporcionam um apoio [&hellip;]","og_url":"https:\/\/salmosbiblicos.com.br\/index.php\/2025\/05\/28\/o-poder-da-oracao-em-comunidade-fortalecendo-a-fe-nos-grupos-de-oracao\/","og_site_name":"Salmos B\u00edblicos","article_published_time":"2025-05-28T21:43:38+00:00","author":"Irmao","twitter_card":"summary_large_image","twitter_misc":{"Escrito por":"Irmao","Est. tempo de leitura":"2 minutos"},"schema":{"@context":"https:\/\/schema.org","@graph":[{"@type":"Article","@id":"https:\/\/salmosbiblicos.com.br\/index.php\/2025\/05\/28\/o-poder-da-oracao-em-comunidade-fortalecendo-a-fe-nos-grupos-de-oracao\/#article","isPartOf":{"@id":"https:\/\/salmosbiblicos.com.br\/index.php\/2025\/05\/28\/o-poder-da-oracao-em-comunidade-fortalecendo-a-fe-nos-grupos-de-oracao\/"},"author":{"name":"Irmao","@id":"https:\/\/salmosbiblicos.com.br\/#\/schema\/person\/760735259ba35f1e44e89c71c72d79da"},"headline":"O Poder da Ora\u00e7\u00e3o em Comunidade: Fortalecendo a F\u00e9 nos Grupos de Ora\u00e7\u00e3o","datePublished":"2025-05-28T21:43:38+00:00","mainEntityOfPage":{"@id":"https:\/\/salmosbiblicos.com.br\/index.php\/2025\/05\/28\/o-poder-da-oracao-em-comunidade-fortalecendo-a-fe-nos-grupos-de-oracao\/"},"wordCount":351,"articleSection":["Salmos"],"inLanguage":"pt-BR"},{"@type":"WebPage","@id":"https:\/\/salmosbiblicos.com.br\/index.php\/2025\/05\/28\/o-poder-da-oracao-em-comunidade-fortalecendo-a-fe-nos-grupos-de-oracao\/","url":"https:\/\/salmosbiblicos.com.br\/index.php\/2025\/05\/28\/o-poder-da-oracao-em-comunidade-fortalecendo-a-fe-nos-grupos-de-oracao\/","name":"O Poder da Ora\u00e7\u00e3o em Comunidade: Fortalecendo a F\u00e9 nos Grupos de Ora\u00e7\u00e3o - Salmos B\u00edblicos","isPartOf":{"@id":"https:\/\/salmosbiblicos.com.br\/#website"},"datePublished":"2025-05-28T21:43:38+00:00","author":{"@id":"https:\/\/salmosbiblicos.com.br\/#\/schema\/person\/760735259ba35f1e44e89c71c72d79da"},"breadcrumb":{"@id":"https:\/\/salmosbiblicos.com.br\/index.php\/2025\/05\/28\/o-poder-da-oracao-em-comunidade-fortalecendo-a-fe-nos-grupos-de-oracao\/#breadcrumb"},"inLanguage":"pt-BR","potentialAction":[{"@type":"ReadAction","target":["https:\/\/salmosbiblicos.com.br\/index.php\/2025\/05\/28\/o-poder-da-oracao-em-comunidade-fortalecendo-a-fe-nos-grupos-de-oracao\/"]}]},{"@type":"BreadcrumbList","@id":"https:\/\/salmosbiblicos.com.br\/index.php\/2025\/05\/28\/o-poder-da-oracao-em-comunidade-fortalecendo-a-fe-nos-grupos-de-oracao\/#breadcrumb","itemListElement":[{"@type":"ListItem","position":1,"name":"Home","item":"https:\/\/salmosbiblicos.com.br\/"},{"@type":"ListItem","position":2,"name":"O Poder da Ora\u00e7\u00e3o em Comunidade: Fortalecendo a F\u00e9 nos Grupos de Ora\u00e7\u00e3o"}]},{"@type":"WebSite","@id":"https:\/\/salmosbiblicos.com.br\/#website","url":"https:\/\/salmosbiblicos.com.br\/","name":"Salmos B\u00edblicos","description":"Uma e-Livraria com e-Books novos para voc\u00ea refletir.","potentialAction":[{"@type":"SearchAction","target":{"@type":"EntryPoint","urlTemplate":"https:\/\/salmosbiblicos.com.br\/?s={search_term_string}"},"query-input":{"@type":"PropertyValueSpecification","valueRequired":true,"valueName":"search_term_string"}}],"inLanguage":"pt-BR"},{"@type":"Person","@id":"https:\/\/salmosbiblicos.com.br\/#\/schema\/person\/760735259ba35f1e44e89c71c72d79da","name":"Irmao","image":{"@type":"ImageObject","inLanguage":"pt-BR","@id":"https:\/\/secure.gravatar.com\/avatar\/?s=96&d=mm&r=g","url":"https:\/\/secure.gravatar.com\/avatar\/?s=96&d=mm&r=g","contentUrl":"https:\/\/secure.gravatar.com\/avatar\/?s=96&d=mm&r=g","caption":"Irmao"},"url":"https:\/\/salmosbiblicos.com.br\/index.php\/author\/irmao\/"}]}},"_links":{"self":[{"href":"https:\/\/salmosbiblicos.com.br\/index.php\/wp-json\/wp\/v2\/posts\/5415","targetHints":{"allow":["GET"]}}],"collection":[{"href":"https:\/\/salmosbiblicos.com.br\/index.php\/wp-json\/wp\/v2\/posts"}],"about":[{"href":"https:\/\/salmosbiblicos.com.br\/index.php\/wp-json\/wp\/v2\/types\/post"}],"author":[{"embeddable":true,"href":"https:\/\/salmosbiblicos.com.br\/index.php\/wp-json\/wp\/v2\/users\/2"}],"replies":[{"embeddable":true,"href":"https:\/\/salmosbiblicos.com.br\/index.php\/wp-json\/wp\/v2\/comments?post=5415"}],"version-history":[{"count":0,"href":"https:\/\/salmosbiblicos.com.br\/index.php\/wp-json\/wp\/v2\/posts\/5415\/revisions"}],"wp:attachment":[{"href":"https:\/\/salmosbiblicos.com.br\/index.php\/wp-json\/wp\/v2\/media?parent=5415"}],"wp:term":[{"taxonomy":"category","embeddable":true,"href":"https:\/\/salmosbiblicos.com.br\/index.php\/wp-json\/wp\/v2\/categories?post=5415"},{"taxonomy":"post_tag","embeddable":true,"href":"https:\/\/salmosbiblicos.com.br\/index.php\/wp-json\/wp\/v2\/tags?post=5415"}],"curies":[{"name":"wp","href":"https:\/\/api.w.org\/{rel}","templated":true}]}}