{"id":5421,"date":"2025-05-28T18:44:03","date_gmt":"2025-05-28T21:44:03","guid":{"rendered":"https:\/\/salmosbiblicos.com.br\/?p=5421"},"modified":"2025-05-28T18:44:03","modified_gmt":"2025-05-28T21:44:03","slug":"grupo-de-oracao-o-refugio-espiritual-para-fortalecer-sua-fe","status":"publish","type":"post","link":"https:\/\/salmosbiblicos.com.br\/index.php\/2025\/05\/28\/grupo-de-oracao-o-refugio-espiritual-para-fortalecer-sua-fe\/","title":{"rendered":"Grupo de Ora\u00e7\u00e3o: O Ref\u00fagio Espiritual para Fortalecer sua F\u00e9"},"content":{"rendered":"<p>Em meio \u00e0s adversidades da vida, encontrar um grupo de ora\u00e7\u00e3o pode ser um verdadeiro ref\u00fagio espiritual. Esses encontros t\u00eam um papel fundamental na vida de quem busca fortalecer a sua f\u00e9 e se conectar com Deus de forma mais profunda.<\/p>\n<p>Os grupos de ora\u00e7\u00e3o s\u00e3o espa\u00e7os de comunh\u00e3o, onde irm\u00e3os e irm\u00e3s em Cristo se re\u00fanem para louvar, agradecer e interceder uns pelos outros. \u00c9 um momento de compartilhar experi\u00eancias, de se abrir para receber e dar apoio, de se sentir acolhido e amado pela comunidade de f\u00e9.<\/p>\n<p>Assim como nos ensina o Salmo X, a ora\u00e7\u00e3o em grupo nos fortalece e nos faz perceber que n\u00e3o estamos sozinhos em nossas lutas. \u00c9 na uni\u00e3o de cora\u00e7\u00f5es e mentes que encontramos for\u00e7as para seguir em frente, para superar os obst\u00e1culos e para nos manter firmes na caminhada da f\u00e9.<\/p>\n<p>Ao participar de um grupo de ora\u00e7\u00e3o, somos convidados a nos despir de nossas m\u00e1scaras e a nos entregar de corpo e alma a Deus. \u00c9 um momento de sincera adora\u00e7\u00e3o, de entrega total, de confian\u00e7a na provid\u00eancia divina. \u00c9 tamb\u00e9m um espa\u00e7o de cura, onde as feridas da alma podem ser tocadas pelo amor de Deus e encontrar a paz que tanto buscamos.<\/p>\n<p>Que possamos valorizar a import\u00e2ncia dos grupos de ora\u00e7\u00e3o em nossa vida espiritual, buscando sempre nos unir a nossos irm\u00e3os e irm\u00e3s em Cristo para juntos fortalecermos a nossa f\u00e9 e nos sustentarmos mutuamente. Que possamos nos abrir para a gra\u00e7a de Deus que se manifesta de forma especial nesses encontros de ora\u00e7\u00e3o.<\/p>\n<p>Que a nossa confian\u00e7a esteja sempre firmada na certeza de que Deus est\u00e1 conosco em todos os momentos, guiando-nos e sustentando-nos com o Seu amor infinito. Que a nossa esperan\u00e7a seja renovada a cada encontro de ora\u00e7\u00e3o, sabendo que ali encontramos for\u00e7a, consolo e dire\u00e7\u00e3o para a nossa caminhada rumo ao Pai.<\/p>\n","protected":false},"excerpt":{"rendered":"<p>Em meio \u00e0s adversidades da vida, encontrar um grupo de ora\u00e7\u00e3o pode ser um verdadeiro ref\u00fagio espiritual. Esses encontros t\u00eam um papel fundamental na vida de quem busca fortalecer a sua f\u00e9 e se conectar com Deus de forma mais profunda. Os grupos de ora\u00e7\u00e3o s\u00e3o espa\u00e7os de comunh\u00e3o, onde irm\u00e3os e irm\u00e3s em Cristo [&hellip;]<\/p>\n","protected":false},"author":2,"featured_media":0,"comment_status":"closed","ping_status":"open","sticky":false,"template":"","format":"standard","meta":{"footnotes":""},"categories":[11],"tags":[],"class_list":["post-5421","post","type-post","status-publish","format-standard","hentry","category-salmos"],"yoast_head":"<!-- This site is optimized with the Yoast SEO plugin v27.2 - https:\/\/yoast.com\/product\/yoast-seo-wordpress\/ -->\n<title>Grupo de Ora\u00e7\u00e3o: O Ref\u00fagio Espiritual para Fortalecer sua F\u00e9 - Salmos B\u00edblicos<\/title>\n<meta name=\"robots\" content=\"index, follow, max-snippet:-1, max-image-preview:large, max-video-preview:-1\" \/>\n<link rel=\"canonical\" href=\"https:\/\/salmosbiblicos.com.br\/index.php\/2025\/05\/28\/grupo-de-oracao-o-refugio-espiritual-para-fortalecer-sua-fe\/\" \/>\n<meta property=\"og:locale\" content=\"pt_BR\" \/>\n<meta property=\"og:type\" content=\"article\" \/>\n<meta property=\"og:title\" content=\"Grupo de Ora\u00e7\u00e3o: O Ref\u00fagio Espiritual para Fortalecer sua F\u00e9 - Salmos B\u00edblicos\" \/>\n<meta property=\"og:description\" content=\"Em meio \u00e0s adversidades da vida, encontrar um grupo de ora\u00e7\u00e3o pode ser um verdadeiro ref\u00fagio espiritual. Esses encontros t\u00eam um papel fundamental na vida de quem busca fortalecer a sua f\u00e9 e se conectar com Deus de forma mais profunda. Os grupos de ora\u00e7\u00e3o s\u00e3o espa\u00e7os de comunh\u00e3o, onde irm\u00e3os e irm\u00e3s em Cristo [&hellip;]\" \/>\n<meta property=\"og:url\" content=\"https:\/\/salmosbiblicos.com.br\/index.php\/2025\/05\/28\/grupo-de-oracao-o-refugio-espiritual-para-fortalecer-sua-fe\/\" \/>\n<meta property=\"og:site_name\" content=\"Salmos B\u00edblicos\" \/>\n<meta property=\"article:published_time\" content=\"2025-05-28T21:44:03+00:00\" \/>\n<meta name=\"author\" content=\"Irmao\" \/>\n<meta name=\"twitter:card\" content=\"summary_large_image\" \/>\n<meta name=\"twitter:label1\" content=\"Escrito por\" \/>\n\t<meta name=\"twitter:data1\" content=\"Irmao\" \/>\n\t<meta name=\"twitter:label2\" content=\"Est. tempo de leitura\" \/>\n\t<meta name=\"twitter:data2\" content=\"2 minutos\" \/>\n<script type=\"application\/ld+json\" class=\"yoast-schema-graph\">{\"@context\":\"https:\/\/schema.org\",\"@graph\":[{\"@type\":\"Article\",\"@id\":\"https:\/\/salmosbiblicos.com.br\/index.php\/2025\/05\/28\/grupo-de-oracao-o-refugio-espiritual-para-fortalecer-sua-fe\/#article\",\"isPartOf\":{\"@id\":\"https:\/\/salmosbiblicos.com.br\/index.php\/2025\/05\/28\/grupo-de-oracao-o-refugio-espiritual-para-fortalecer-sua-fe\/\"},\"author\":{\"name\":\"Irmao\",\"@id\":\"https:\/\/salmosbiblicos.com.br\/#\/schema\/person\/760735259ba35f1e44e89c71c72d79da\"},\"headline\":\"Grupo de Ora\u00e7\u00e3o: O Ref\u00fagio Espiritual para Fortalecer sua F\u00e9\",\"datePublished\":\"2025-05-28T21:44:03+00:00\",\"mainEntityOfPage\":{\"@id\":\"https:\/\/salmosbiblicos.com.br\/index.php\/2025\/05\/28\/grupo-de-oracao-o-refugio-espiritual-para-fortalecer-sua-fe\/\"},\"wordCount\":352,\"articleSection\":[\"Salmos\"],\"inLanguage\":\"pt-BR\"},{\"@type\":\"WebPage\",\"@id\":\"https:\/\/salmosbiblicos.com.br\/index.php\/2025\/05\/28\/grupo-de-oracao-o-refugio-espiritual-para-fortalecer-sua-fe\/\",\"url\":\"https:\/\/salmosbiblicos.com.br\/index.php\/2025\/05\/28\/grupo-de-oracao-o-refugio-espiritual-para-fortalecer-sua-fe\/\",\"name\":\"Grupo de Ora\u00e7\u00e3o: O Ref\u00fagio Espiritual para Fortalecer sua F\u00e9 - Salmos B\u00edblicos\",\"isPartOf\":{\"@id\":\"https:\/\/salmosbiblicos.com.br\/#website\"},\"datePublished\":\"2025-05-28T21:44:03+00:00\",\"author\":{\"@id\":\"https:\/\/salmosbiblicos.com.br\/#\/schema\/person\/760735259ba35f1e44e89c71c72d79da\"},\"breadcrumb\":{\"@id\":\"https:\/\/salmosbiblicos.com.br\/index.php\/2025\/05\/28\/grupo-de-oracao-o-refugio-espiritual-para-fortalecer-sua-fe\/#breadcrumb\"},\"inLanguage\":\"pt-BR\",\"potentialAction\":[{\"@type\":\"ReadAction\",\"target\":[\"https:\/\/salmosbiblicos.com.br\/index.php\/2025\/05\/28\/grupo-de-oracao-o-refugio-espiritual-para-fortalecer-sua-fe\/\"]}]},{\"@type\":\"BreadcrumbList\",\"@id\":\"https:\/\/salmosbiblicos.com.br\/index.php\/2025\/05\/28\/grupo-de-oracao-o-refugio-espiritual-para-fortalecer-sua-fe\/#breadcrumb\",\"itemListElement\":[{\"@type\":\"ListItem\",\"position\":1,\"name\":\"Home\",\"item\":\"https:\/\/salmosbiblicos.com.br\/\"},{\"@type\":\"ListItem\",\"position\":2,\"name\":\"Grupo de Ora\u00e7\u00e3o: O Ref\u00fagio Espiritual para Fortalecer sua F\u00e9\"}]},{\"@type\":\"WebSite\",\"@id\":\"https:\/\/salmosbiblicos.com.br\/#website\",\"url\":\"https:\/\/salmosbiblicos.com.br\/\",\"name\":\"Salmos B\u00edblicos\",\"description\":\"Uma e-Livraria com e-Books novos para voc\u00ea refletir.\",\"potentialAction\":[{\"@type\":\"SearchAction\",\"target\":{\"@type\":\"EntryPoint\",\"urlTemplate\":\"https:\/\/salmosbiblicos.com.br\/?s={search_term_string}\"},\"query-input\":{\"@type\":\"PropertyValueSpecification\",\"valueRequired\":true,\"valueName\":\"search_term_string\"}}],\"inLanguage\":\"pt-BR\"},{\"@type\":\"Person\",\"@id\":\"https:\/\/salmosbiblicos.com.br\/#\/schema\/person\/760735259ba35f1e44e89c71c72d79da\",\"name\":\"Irmao\",\"image\":{\"@type\":\"ImageObject\",\"inLanguage\":\"pt-BR\",\"@id\":\"https:\/\/secure.gravatar.com\/avatar\/?s=96&d=mm&r=g\",\"url\":\"https:\/\/secure.gravatar.com\/avatar\/?s=96&d=mm&r=g\",\"contentUrl\":\"https:\/\/secure.gravatar.com\/avatar\/?s=96&d=mm&r=g\",\"caption\":\"Irmao\"},\"url\":\"https:\/\/salmosbiblicos.com.br\/index.php\/author\/irmao\/\"}]}<\/script>\n<!-- \/ Yoast SEO plugin. -->","yoast_head_json":{"title":"Grupo de Ora\u00e7\u00e3o: O Ref\u00fagio Espiritual para Fortalecer sua F\u00e9 - Salmos B\u00edblicos","robots":{"index":"index","follow":"follow","max-snippet":"max-snippet:-1","max-image-preview":"max-image-preview:large","max-video-preview":"max-video-preview:-1"},"canonical":"https:\/\/salmosbiblicos.com.br\/index.php\/2025\/05\/28\/grupo-de-oracao-o-refugio-espiritual-para-fortalecer-sua-fe\/","og_locale":"pt_BR","og_type":"article","og_title":"Grupo de Ora\u00e7\u00e3o: O Ref\u00fagio Espiritual para Fortalecer sua F\u00e9 - Salmos B\u00edblicos","og_description":"Em meio \u00e0s adversidades da vida, encontrar um grupo de ora\u00e7\u00e3o pode ser um verdadeiro ref\u00fagio espiritual. Esses encontros t\u00eam um papel fundamental na vida de quem busca fortalecer a sua f\u00e9 e se conectar com Deus de forma mais profunda. Os grupos de ora\u00e7\u00e3o s\u00e3o espa\u00e7os de comunh\u00e3o, onde irm\u00e3os e irm\u00e3s em Cristo [&hellip;]","og_url":"https:\/\/salmosbiblicos.com.br\/index.php\/2025\/05\/28\/grupo-de-oracao-o-refugio-espiritual-para-fortalecer-sua-fe\/","og_site_name":"Salmos B\u00edblicos","article_published_time":"2025-05-28T21:44:03+00:00","author":"Irmao","twitter_card":"summary_large_image","twitter_misc":{"Escrito por":"Irmao","Est. tempo de leitura":"2 minutos"},"schema":{"@context":"https:\/\/schema.org","@graph":[{"@type":"Article","@id":"https:\/\/salmosbiblicos.com.br\/index.php\/2025\/05\/28\/grupo-de-oracao-o-refugio-espiritual-para-fortalecer-sua-fe\/#article","isPartOf":{"@id":"https:\/\/salmosbiblicos.com.br\/index.php\/2025\/05\/28\/grupo-de-oracao-o-refugio-espiritual-para-fortalecer-sua-fe\/"},"author":{"name":"Irmao","@id":"https:\/\/salmosbiblicos.com.br\/#\/schema\/person\/760735259ba35f1e44e89c71c72d79da"},"headline":"Grupo de Ora\u00e7\u00e3o: O Ref\u00fagio Espiritual para Fortalecer sua F\u00e9","datePublished":"2025-05-28T21:44:03+00:00","mainEntityOfPage":{"@id":"https:\/\/salmosbiblicos.com.br\/index.php\/2025\/05\/28\/grupo-de-oracao-o-refugio-espiritual-para-fortalecer-sua-fe\/"},"wordCount":352,"articleSection":["Salmos"],"inLanguage":"pt-BR"},{"@type":"WebPage","@id":"https:\/\/salmosbiblicos.com.br\/index.php\/2025\/05\/28\/grupo-de-oracao-o-refugio-espiritual-para-fortalecer-sua-fe\/","url":"https:\/\/salmosbiblicos.com.br\/index.php\/2025\/05\/28\/grupo-de-oracao-o-refugio-espiritual-para-fortalecer-sua-fe\/","name":"Grupo de Ora\u00e7\u00e3o: O Ref\u00fagio Espiritual para Fortalecer sua F\u00e9 - Salmos B\u00edblicos","isPartOf":{"@id":"https:\/\/salmosbiblicos.com.br\/#website"},"datePublished":"2025-05-28T21:44:03+00:00","author":{"@id":"https:\/\/salmosbiblicos.com.br\/#\/schema\/person\/760735259ba35f1e44e89c71c72d79da"},"breadcrumb":{"@id":"https:\/\/salmosbiblicos.com.br\/index.php\/2025\/05\/28\/grupo-de-oracao-o-refugio-espiritual-para-fortalecer-sua-fe\/#breadcrumb"},"inLanguage":"pt-BR","potentialAction":[{"@type":"ReadAction","target":["https:\/\/salmosbiblicos.com.br\/index.php\/2025\/05\/28\/grupo-de-oracao-o-refugio-espiritual-para-fortalecer-sua-fe\/"]}]},{"@type":"BreadcrumbList","@id":"https:\/\/salmosbiblicos.com.br\/index.php\/2025\/05\/28\/grupo-de-oracao-o-refugio-espiritual-para-fortalecer-sua-fe\/#breadcrumb","itemListElement":[{"@type":"ListItem","position":1,"name":"Home","item":"https:\/\/salmosbiblicos.com.br\/"},{"@type":"ListItem","position":2,"name":"Grupo de Ora\u00e7\u00e3o: O Ref\u00fagio Espiritual para Fortalecer sua F\u00e9"}]},{"@type":"WebSite","@id":"https:\/\/salmosbiblicos.com.br\/#website","url":"https:\/\/salmosbiblicos.com.br\/","name":"Salmos B\u00edblicos","description":"Uma e-Livraria com e-Books novos para voc\u00ea refletir.","potentialAction":[{"@type":"SearchAction","target":{"@type":"EntryPoint","urlTemplate":"https:\/\/salmosbiblicos.com.br\/?s={search_term_string}"},"query-input":{"@type":"PropertyValueSpecification","valueRequired":true,"valueName":"search_term_string"}}],"inLanguage":"pt-BR"},{"@type":"Person","@id":"https:\/\/salmosbiblicos.com.br\/#\/schema\/person\/760735259ba35f1e44e89c71c72d79da","name":"Irmao","image":{"@type":"ImageObject","inLanguage":"pt-BR","@id":"https:\/\/secure.gravatar.com\/avatar\/?s=96&d=mm&r=g","url":"https:\/\/secure.gravatar.com\/avatar\/?s=96&d=mm&r=g","contentUrl":"https:\/\/secure.gravatar.com\/avatar\/?s=96&d=mm&r=g","caption":"Irmao"},"url":"https:\/\/salmosbiblicos.com.br\/index.php\/author\/irmao\/"}]}},"_links":{"self":[{"href":"https:\/\/salmosbiblicos.com.br\/index.php\/wp-json\/wp\/v2\/posts\/5421","targetHints":{"allow":["GET"]}}],"collection":[{"href":"https:\/\/salmosbiblicos.com.br\/index.php\/wp-json\/wp\/v2\/posts"}],"about":[{"href":"https:\/\/salmosbiblicos.com.br\/index.php\/wp-json\/wp\/v2\/types\/post"}],"author":[{"embeddable":true,"href":"https:\/\/salmosbiblicos.com.br\/index.php\/wp-json\/wp\/v2\/users\/2"}],"replies":[{"embeddable":true,"href":"https:\/\/salmosbiblicos.com.br\/index.php\/wp-json\/wp\/v2\/comments?post=5421"}],"version-history":[{"count":0,"href":"https:\/\/salmosbiblicos.com.br\/index.php\/wp-json\/wp\/v2\/posts\/5421\/revisions"}],"wp:attachment":[{"href":"https:\/\/salmosbiblicos.com.br\/index.php\/wp-json\/wp\/v2\/media?parent=5421"}],"wp:term":[{"taxonomy":"category","embeddable":true,"href":"https:\/\/salmosbiblicos.com.br\/index.php\/wp-json\/wp\/v2\/categories?post=5421"},{"taxonomy":"post_tag","embeddable":true,"href":"https:\/\/salmosbiblicos.com.br\/index.php\/wp-json\/wp\/v2\/tags?post=5421"}],"curies":[{"name":"wp","href":"https:\/\/api.w.org\/{rel}","templated":true}]}}