{"id":5443,"date":"2026-03-23T22:15:57","date_gmt":"2026-03-24T01:15:57","guid":{"rendered":"https:\/\/salmosbiblicos.com.br\/?p=5443"},"modified":"2026-03-23T22:15:57","modified_gmt":"2026-03-24T01:15:57","slug":"esperanca-na-dor-encontre-a-luz-apos-a-noite-sombria","status":"publish","type":"post","link":"https:\/\/salmosbiblicos.com.br\/index.php\/2026\/03\/23\/esperanca-na-dor-encontre-a-luz-apos-a-noite-sombria\/","title":{"rendered":"Esperan\u00e7a na Dor: Encontre a Luz Ap\u00f3s a Noite Sombria"},"content":{"rendered":"<p>## A Noite e a Aurora: Encontrando Esperan\u00e7a na Dor<\/p>\n<p>A vida, por vezes, parece nos inundar de l\u00e1grimas. A dor \u00e9 inerente \u00e0 nossa jornada, um fardo que todos n\u00f3s carregamos em diferentes momentos. Mas, em meio \u00e0 escurid\u00e3o, existe uma promessa, uma luz que nos guia atrav\u00e9s da noite: **\u201cTodo o choro pode durar uma noite, mas a alegria vem \u00e0 manh\u00e3.\u201d**<\/p>\n<p>Essa verdade ressoa em nossos cora\u00e7\u00f5es como um b\u00e1lsamo, lembrando-nos que a tristeza, por mais intensa que seja, n\u00e3o \u00e9 eterna. Ela \u00e9 passageira, um prel\u00fadio para a alegria que, certamente, h\u00e1 de vir. N\u00e3o importa o peso das l\u00e1grimas, a f\u00e9 nos impulsiona a confiar que a vit\u00f3ria se aproxima.<\/p>\n<p>### A Rega da Alma<\/p>\n<p>A dor, por mais paradoxal que possa parecer, pode ser um elemento vital para o nosso crescimento espiritual. As l\u00e1grimas que escorrem de nossos olhos podem servir para **regar o que Deus est\u00e1 plantando em nossa vida**. Assim como a chuva nutre a semente para que flores\u00e7a, o sofrimento pode preparar o terreno para a manifesta\u00e7\u00e3o de b\u00ean\u00e7\u00e3os maiores do que podemos imaginar.<\/p>\n<p>Lembremos a hist\u00f3ria de Maria Madalena, consumida pela tristeza ao encontrar o sepulcro vazio. Sua dor era palp\u00e1vel, sua ang\u00fastia, profunda. Mas, em meio ao desespero, um mensageiro lhe oferece uma mensagem de esperan\u00e7a: **&#8221;Por que choras? N\u00e3o te preocupes, pois Eu estou contigo.&#8221;**<\/p>\n<p>### A Presen\u00e7a Divina na Adversidade<\/p>\n<p>Essa afirma\u00e7\u00e3o \u00e9 um lembrete poderoso: a presen\u00e7a divina n\u00e3o se afasta em tempos de prova\u00e7\u00e3o. Pelo contr\u00e1rio, ela se manifesta com maior intensidade, oferecendo conforto, for\u00e7a e a certeza de que nunca estamos sozinhos. A voz que acalma a alma aflita, que questiona o porqu\u00ea da dor, ecoa atrav\u00e9s dos s\u00e9culos: **&#8221;N\u00e3o te preocupes, pois Eu estou contigo, Eu cuido de voc\u00ea.&#8221;**<\/p>\n<p>As dificuldades da vida, as perdas, os momentos de desespero&#8230; tudo isso pode nos abalar, mas n\u00e3o deve nos destruir. A Palavra nos assegura, em 2 Cor\u00edntios 4:8-10, que podemos ser oprimidos, mas n\u00e3o sucumbimos; podemos viver em completa pen\u00faria, mas n\u00e3o desesperamos. Somos perseguidos, mas n\u00e3o ficamos desamparados. Podemos ser abatidos, mas **n\u00e3o seremos destru\u00eddos**.<\/p>\n<p>### Declare a F\u00e9 e Resista \u00e0 Desesperan\u00e7a<\/p>\n<p>N\u00e3o permita que as circunst\u00e2ncias te definam. N\u00e3o se deixe abater pela dor. **Declare com convic\u00e7\u00e3o:** &#8220;N\u00e3o seremos abalados, n\u00e3o seremos derrotados, n\u00e3o seremos amedrontados!&#8221; Declara essa verdade para sua fam\u00edlia, para aqueles que te cercam, para si mesmo.<\/p>\n<p>A f\u00e9 \u00e9 o escudo que nos protege contra o desespero. \u00c9 a \u00e2ncora que nos mant\u00e9m firmes em meio \u00e0 tempestade. \u00c9 a certeza de que, mesmo quando tudo parece perdido, Deus est\u00e1 no controle, preparando a aurora ap\u00f3s a noite escura.<\/p>\n<p>### Confie e Espere<\/p>\n<p>Permita-se chorar, permita-se sentir a dor. Mas, acima de tudo, **confie**. Confie na promessa divina, confie na Sua provid\u00eancia, confie que a alegria vir\u00e1. N\u00e3o se deixe consumir pela preocupa\u00e7\u00e3o, pois Deus j\u00e1 est\u00e1 agindo a seu favor, mesmo que voc\u00ea ainda n\u00e3o possa ver.<\/p>\n<p>Lembre-se, filho amado, a sua dor \u00e9 conhecida, as suas preocupa\u00e7\u00f5es s\u00e3o sentidas. Mas Deus est\u00e1 trabalhando em sil\u00eancio, te fortalecendo para enfrentar o que vier. Permita que a esperan\u00e7a flores\u00e7a em seu cora\u00e7\u00e3o e, com f\u00e9, espere pela manh\u00e3 que h\u00e1 de raiar.<\/p>\n","protected":false},"excerpt":{"rendered":"<p>## A Noite e a Aurora: Encontrando Esperan\u00e7a na Dor A vida, por vezes, parece nos inundar de l\u00e1grimas. A dor \u00e9 inerente \u00e0 nossa jornada, um fardo que todos n\u00f3s carregamos em diferentes momentos. Mas, em meio \u00e0 escurid\u00e3o, existe uma promessa, uma luz que nos guia atrav\u00e9s da noite: **\u201cTodo o choro pode [&hellip;]<\/p>\n","protected":false},"author":1,"featured_media":0,"comment_status":"closed","ping_status":"open","sticky":false,"template":"","format":"standard","meta":{"footnotes":""},"categories":[14],"tags":[],"class_list":["post-5443","post","type-post","status-publish","format-standard","hentry","category-reflexao"],"yoast_head":"<!-- This site is optimized with the Yoast SEO plugin v27.2 - https:\/\/yoast.com\/product\/yoast-seo-wordpress\/ -->\n<title>Esperan\u00e7a na Dor: Encontre a Luz Ap\u00f3s a Noite Sombria - Salmos B\u00edblicos<\/title>\n<meta name=\"robots\" content=\"index, follow, max-snippet:-1, max-image-preview:large, max-video-preview:-1\" \/>\n<link rel=\"canonical\" href=\"https:\/\/salmosbiblicos.com.br\/index.php\/2026\/03\/23\/esperanca-na-dor-encontre-a-luz-apos-a-noite-sombria\/\" \/>\n<meta property=\"og:locale\" content=\"pt_BR\" \/>\n<meta property=\"og:type\" content=\"article\" \/>\n<meta property=\"og:title\" content=\"Esperan\u00e7a na Dor: Encontre a Luz Ap\u00f3s a Noite Sombria - Salmos B\u00edblicos\" \/>\n<meta property=\"og:description\" content=\"## A Noite e a Aurora: Encontrando Esperan\u00e7a na Dor A vida, por vezes, parece nos inundar de l\u00e1grimas. A dor \u00e9 inerente \u00e0 nossa jornada, um fardo que todos n\u00f3s carregamos em diferentes momentos. Mas, em meio \u00e0 escurid\u00e3o, existe uma promessa, uma luz que nos guia atrav\u00e9s da noite: **\u201cTodo o choro pode [&hellip;]\" \/>\n<meta property=\"og:url\" content=\"https:\/\/salmosbiblicos.com.br\/index.php\/2026\/03\/23\/esperanca-na-dor-encontre-a-luz-apos-a-noite-sombria\/\" \/>\n<meta property=\"og:site_name\" content=\"Salmos B\u00edblicos\" \/>\n<meta property=\"article:published_time\" content=\"2026-03-24T01:15:57+00:00\" \/>\n<meta name=\"author\" content=\"alextreh@gmail.com\" \/>\n<meta name=\"twitter:card\" content=\"summary_large_image\" \/>\n<meta name=\"twitter:label1\" content=\"Escrito por\" \/>\n\t<meta name=\"twitter:data1\" content=\"alextreh@gmail.com\" \/>\n\t<meta name=\"twitter:label2\" content=\"Est. tempo de leitura\" \/>\n\t<meta name=\"twitter:data2\" content=\"3 minutos\" \/>\n<script type=\"application\/ld+json\" class=\"yoast-schema-graph\">{\"@context\":\"https:\/\/schema.org\",\"@graph\":[{\"@type\":\"Article\",\"@id\":\"https:\/\/salmosbiblicos.com.br\/index.php\/2026\/03\/23\/esperanca-na-dor-encontre-a-luz-apos-a-noite-sombria\/#article\",\"isPartOf\":{\"@id\":\"https:\/\/salmosbiblicos.com.br\/index.php\/2026\/03\/23\/esperanca-na-dor-encontre-a-luz-apos-a-noite-sombria\/\"},\"author\":{\"name\":\"alextreh@gmail.com\",\"@id\":\"https:\/\/salmosbiblicos.com.br\/#\/schema\/person\/30586d0fb3f3a46b78a3414fc39cc975\"},\"headline\":\"Esperan\u00e7a na Dor: Encontre a Luz Ap\u00f3s a Noite Sombria\",\"datePublished\":\"2026-03-24T01:15:57+00:00\",\"mainEntityOfPage\":{\"@id\":\"https:\/\/salmosbiblicos.com.br\/index.php\/2026\/03\/23\/esperanca-na-dor-encontre-a-luz-apos-a-noite-sombria\/\"},\"wordCount\":589,\"articleSection\":[\"Reflex\u00e3o\"],\"inLanguage\":\"pt-BR\"},{\"@type\":\"WebPage\",\"@id\":\"https:\/\/salmosbiblicos.com.br\/index.php\/2026\/03\/23\/esperanca-na-dor-encontre-a-luz-apos-a-noite-sombria\/\",\"url\":\"https:\/\/salmosbiblicos.com.br\/index.php\/2026\/03\/23\/esperanca-na-dor-encontre-a-luz-apos-a-noite-sombria\/\",\"name\":\"Esperan\u00e7a na Dor: Encontre a Luz Ap\u00f3s a Noite Sombria - Salmos B\u00edblicos\",\"isPartOf\":{\"@id\":\"https:\/\/salmosbiblicos.com.br\/#website\"},\"datePublished\":\"2026-03-24T01:15:57+00:00\",\"author\":{\"@id\":\"https:\/\/salmosbiblicos.com.br\/#\/schema\/person\/30586d0fb3f3a46b78a3414fc39cc975\"},\"breadcrumb\":{\"@id\":\"https:\/\/salmosbiblicos.com.br\/index.php\/2026\/03\/23\/esperanca-na-dor-encontre-a-luz-apos-a-noite-sombria\/#breadcrumb\"},\"inLanguage\":\"pt-BR\",\"potentialAction\":[{\"@type\":\"ReadAction\",\"target\":[\"https:\/\/salmosbiblicos.com.br\/index.php\/2026\/03\/23\/esperanca-na-dor-encontre-a-luz-apos-a-noite-sombria\/\"]}]},{\"@type\":\"BreadcrumbList\",\"@id\":\"https:\/\/salmosbiblicos.com.br\/index.php\/2026\/03\/23\/esperanca-na-dor-encontre-a-luz-apos-a-noite-sombria\/#breadcrumb\",\"itemListElement\":[{\"@type\":\"ListItem\",\"position\":1,\"name\":\"Home\",\"item\":\"https:\/\/salmosbiblicos.com.br\/\"},{\"@type\":\"ListItem\",\"position\":2,\"name\":\"Esperan\u00e7a na Dor: Encontre a Luz Ap\u00f3s a Noite Sombria\"}]},{\"@type\":\"WebSite\",\"@id\":\"https:\/\/salmosbiblicos.com.br\/#website\",\"url\":\"https:\/\/salmosbiblicos.com.br\/\",\"name\":\"Salmos B\u00edblicos\",\"description\":\"Uma e-Livraria com e-Books novos para voc\u00ea refletir.\",\"potentialAction\":[{\"@type\":\"SearchAction\",\"target\":{\"@type\":\"EntryPoint\",\"urlTemplate\":\"https:\/\/salmosbiblicos.com.br\/?s={search_term_string}\"},\"query-input\":{\"@type\":\"PropertyValueSpecification\",\"valueRequired\":true,\"valueName\":\"search_term_string\"}}],\"inLanguage\":\"pt-BR\"},{\"@type\":\"Person\",\"@id\":\"https:\/\/salmosbiblicos.com.br\/#\/schema\/person\/30586d0fb3f3a46b78a3414fc39cc975\",\"name\":\"alextreh@gmail.com\",\"image\":{\"@type\":\"ImageObject\",\"inLanguage\":\"pt-BR\",\"@id\":\"https:\/\/secure.gravatar.com\/avatar\/7cf84d31f581ec97b887c1039d478a7c293086896c84951a86753fb2c2af7527?s=96&d=mm&r=g\",\"url\":\"https:\/\/secure.gravatar.com\/avatar\/7cf84d31f581ec97b887c1039d478a7c293086896c84951a86753fb2c2af7527?s=96&d=mm&r=g\",\"contentUrl\":\"https:\/\/secure.gravatar.com\/avatar\/7cf84d31f581ec97b887c1039d478a7c293086896c84951a86753fb2c2af7527?s=96&d=mm&r=g\",\"caption\":\"alextreh@gmail.com\"},\"sameAs\":[\"http:\/\/salmosbiblicos.com.br\"],\"url\":\"https:\/\/salmosbiblicos.com.br\/index.php\/author\/alextrehgmail-com\/\"}]}<\/script>\n<!-- \/ Yoast SEO plugin. -->","yoast_head_json":{"title":"Esperan\u00e7a na Dor: Encontre a Luz Ap\u00f3s a Noite Sombria - Salmos B\u00edblicos","robots":{"index":"index","follow":"follow","max-snippet":"max-snippet:-1","max-image-preview":"max-image-preview:large","max-video-preview":"max-video-preview:-1"},"canonical":"https:\/\/salmosbiblicos.com.br\/index.php\/2026\/03\/23\/esperanca-na-dor-encontre-a-luz-apos-a-noite-sombria\/","og_locale":"pt_BR","og_type":"article","og_title":"Esperan\u00e7a na Dor: Encontre a Luz Ap\u00f3s a Noite Sombria - Salmos B\u00edblicos","og_description":"## A Noite e a Aurora: Encontrando Esperan\u00e7a na Dor A vida, por vezes, parece nos inundar de l\u00e1grimas. A dor \u00e9 inerente \u00e0 nossa jornada, um fardo que todos n\u00f3s carregamos em diferentes momentos. Mas, em meio \u00e0 escurid\u00e3o, existe uma promessa, uma luz que nos guia atrav\u00e9s da noite: **\u201cTodo o choro pode [&hellip;]","og_url":"https:\/\/salmosbiblicos.com.br\/index.php\/2026\/03\/23\/esperanca-na-dor-encontre-a-luz-apos-a-noite-sombria\/","og_site_name":"Salmos B\u00edblicos","article_published_time":"2026-03-24T01:15:57+00:00","author":"alextreh@gmail.com","twitter_card":"summary_large_image","twitter_misc":{"Escrito por":"alextreh@gmail.com","Est. tempo de leitura":"3 minutos"},"schema":{"@context":"https:\/\/schema.org","@graph":[{"@type":"Article","@id":"https:\/\/salmosbiblicos.com.br\/index.php\/2026\/03\/23\/esperanca-na-dor-encontre-a-luz-apos-a-noite-sombria\/#article","isPartOf":{"@id":"https:\/\/salmosbiblicos.com.br\/index.php\/2026\/03\/23\/esperanca-na-dor-encontre-a-luz-apos-a-noite-sombria\/"},"author":{"name":"alextreh@gmail.com","@id":"https:\/\/salmosbiblicos.com.br\/#\/schema\/person\/30586d0fb3f3a46b78a3414fc39cc975"},"headline":"Esperan\u00e7a na Dor: Encontre a Luz Ap\u00f3s a Noite Sombria","datePublished":"2026-03-24T01:15:57+00:00","mainEntityOfPage":{"@id":"https:\/\/salmosbiblicos.com.br\/index.php\/2026\/03\/23\/esperanca-na-dor-encontre-a-luz-apos-a-noite-sombria\/"},"wordCount":589,"articleSection":["Reflex\u00e3o"],"inLanguage":"pt-BR"},{"@type":"WebPage","@id":"https:\/\/salmosbiblicos.com.br\/index.php\/2026\/03\/23\/esperanca-na-dor-encontre-a-luz-apos-a-noite-sombria\/","url":"https:\/\/salmosbiblicos.com.br\/index.php\/2026\/03\/23\/esperanca-na-dor-encontre-a-luz-apos-a-noite-sombria\/","name":"Esperan\u00e7a na Dor: Encontre a Luz Ap\u00f3s a Noite Sombria - Salmos B\u00edblicos","isPartOf":{"@id":"https:\/\/salmosbiblicos.com.br\/#website"},"datePublished":"2026-03-24T01:15:57+00:00","author":{"@id":"https:\/\/salmosbiblicos.com.br\/#\/schema\/person\/30586d0fb3f3a46b78a3414fc39cc975"},"breadcrumb":{"@id":"https:\/\/salmosbiblicos.com.br\/index.php\/2026\/03\/23\/esperanca-na-dor-encontre-a-luz-apos-a-noite-sombria\/#breadcrumb"},"inLanguage":"pt-BR","potentialAction":[{"@type":"ReadAction","target":["https:\/\/salmosbiblicos.com.br\/index.php\/2026\/03\/23\/esperanca-na-dor-encontre-a-luz-apos-a-noite-sombria\/"]}]},{"@type":"BreadcrumbList","@id":"https:\/\/salmosbiblicos.com.br\/index.php\/2026\/03\/23\/esperanca-na-dor-encontre-a-luz-apos-a-noite-sombria\/#breadcrumb","itemListElement":[{"@type":"ListItem","position":1,"name":"Home","item":"https:\/\/salmosbiblicos.com.br\/"},{"@type":"ListItem","position":2,"name":"Esperan\u00e7a na Dor: Encontre a Luz Ap\u00f3s a Noite Sombria"}]},{"@type":"WebSite","@id":"https:\/\/salmosbiblicos.com.br\/#website","url":"https:\/\/salmosbiblicos.com.br\/","name":"Salmos B\u00edblicos","description":"Uma e-Livraria com e-Books novos para voc\u00ea refletir.","potentialAction":[{"@type":"SearchAction","target":{"@type":"EntryPoint","urlTemplate":"https:\/\/salmosbiblicos.com.br\/?s={search_term_string}"},"query-input":{"@type":"PropertyValueSpecification","valueRequired":true,"valueName":"search_term_string"}}],"inLanguage":"pt-BR"},{"@type":"Person","@id":"https:\/\/salmosbiblicos.com.br\/#\/schema\/person\/30586d0fb3f3a46b78a3414fc39cc975","name":"alextreh@gmail.com","image":{"@type":"ImageObject","inLanguage":"pt-BR","@id":"https:\/\/secure.gravatar.com\/avatar\/7cf84d31f581ec97b887c1039d478a7c293086896c84951a86753fb2c2af7527?s=96&d=mm&r=g","url":"https:\/\/secure.gravatar.com\/avatar\/7cf84d31f581ec97b887c1039d478a7c293086896c84951a86753fb2c2af7527?s=96&d=mm&r=g","contentUrl":"https:\/\/secure.gravatar.com\/avatar\/7cf84d31f581ec97b887c1039d478a7c293086896c84951a86753fb2c2af7527?s=96&d=mm&r=g","caption":"alextreh@gmail.com"},"sameAs":["http:\/\/salmosbiblicos.com.br"],"url":"https:\/\/salmosbiblicos.com.br\/index.php\/author\/alextrehgmail-com\/"}]}},"_links":{"self":[{"href":"https:\/\/salmosbiblicos.com.br\/index.php\/wp-json\/wp\/v2\/posts\/5443","targetHints":{"allow":["GET"]}}],"collection":[{"href":"https:\/\/salmosbiblicos.com.br\/index.php\/wp-json\/wp\/v2\/posts"}],"about":[{"href":"https:\/\/salmosbiblicos.com.br\/index.php\/wp-json\/wp\/v2\/types\/post"}],"author":[{"embeddable":true,"href":"https:\/\/salmosbiblicos.com.br\/index.php\/wp-json\/wp\/v2\/users\/1"}],"replies":[{"embeddable":true,"href":"https:\/\/salmosbiblicos.com.br\/index.php\/wp-json\/wp\/v2\/comments?post=5443"}],"version-history":[{"count":1,"href":"https:\/\/salmosbiblicos.com.br\/index.php\/wp-json\/wp\/v2\/posts\/5443\/revisions"}],"predecessor-version":[{"id":5444,"href":"https:\/\/salmosbiblicos.com.br\/index.php\/wp-json\/wp\/v2\/posts\/5443\/revisions\/5444"}],"wp:attachment":[{"href":"https:\/\/salmosbiblicos.com.br\/index.php\/wp-json\/wp\/v2\/media?parent=5443"}],"wp:term":[{"taxonomy":"category","embeddable":true,"href":"https:\/\/salmosbiblicos.com.br\/index.php\/wp-json\/wp\/v2\/categories?post=5443"},{"taxonomy":"post_tag","embeddable":true,"href":"https:\/\/salmosbiblicos.com.br\/index.php\/wp-json\/wp\/v2\/tags?post=5443"}],"curies":[{"name":"wp","href":"https:\/\/api.w.org\/{rel}","templated":true}]}}