{"id":5457,"date":"2026-03-26T16:07:00","date_gmt":"2026-03-26T19:07:00","guid":{"rendered":"https:\/\/salmosbiblicos.com.br\/?p=5457"},"modified":"2026-03-26T16:07:00","modified_gmt":"2026-03-26T19:07:00","slug":"fe-em-crise-a-escolha-entre-a-vida-e-a-sombra-espiritual","status":"publish","type":"post","link":"https:\/\/salmosbiblicos.com.br\/index.php\/2026\/03\/26\/fe-em-crise-a-escolha-entre-a-vida-e-a-sombra-espiritual\/","title":{"rendered":"F\u00e9 em Crise: A Escolha Entre a Vida e a Sombra Espiritual"},"content":{"rendered":"<p>## A Sombra da Morte e a Luz da F\u00e9<\/p>\n<p>H\u00e1 uma verdade que ressoa profunda em nossos cora\u00e7\u00f5es, uma advert\u00eancia que nos convida a uma reflex\u00e3o honesta sobre nossa jornada. A vida, em sua ess\u00eancia, \u00e9 uma luta entre a luz e a sombra, entre a esperan\u00e7a e a desesperan\u00e7a. Acreditar, ou n\u00e3o acreditar, \u00e9 a linha t\u00eanue que nos separa da vida eterna ou da sombra da morte espiritual.<\/p>\n<p>### A Profunda Advert\u00eancia<\/p>\n<p>A Palavra nos recorda com clareza: &#8220;Se voc\u00ea n\u00e3o acreditar em mim, morrer\u00e1 em seus pecados&#8221;. Estas palavras s\u00e3o fortes, pois nos confrontam com a realidade de nossa depend\u00eancia da gra\u00e7a divina. A liberta\u00e7\u00e3o, o perd\u00e3o, a cura\u2026 tudo emana daquele que nos oferece essa d\u00e1diva. N\u00e3o podemos alcan\u00e7ar a salva\u00e7\u00e3o por nossos pr\u00f3prios m\u00e9ritos.<\/p>\n<p>### O Pecado que Destr\u00f3i<\/p>\n<p>O pecado n\u00e3o \u00e9 apenas uma quest\u00e3o de n\u00e3o agradar a Deus. \u00c9 algo muito mais grave: o pecado nos consome, nos destr\u00f3i. Ele se manifesta em nossas vidas como um veneno, minando nossa for\u00e7a, obscurecendo nossa vis\u00e3o e afastando-nos da luz. A verdadeira quest\u00e3o n\u00e3o \u00e9 apenas *morrer* em pecado, mas *ser morto* pelo pecado.<\/p>\n<p>### Uma Escolha Essencial<\/p>\n<p>Cada um de n\u00f3s se encontra diante de uma escolha crucial: servir a Deus, ou servir ao mundo, ao orgulho, aos prazeres passageiros. N\u00e3o h\u00e1 neutralidade.  A porta est\u00e1 aberta para aquele que se entrega ao amor e \u00e0 verdade, mas permanece fechada para quem se apega \u00e0s sombras.<\/p>\n<p>### Compreendendo a Verdade Profunda<\/p>\n<p>Muitos podem afirmar a f\u00e9, mas sua vida n\u00e3o reflete essa cren\u00e7a. As palavras, por si s\u00f3, n\u00e3o s\u00e3o suficientes. A verdadeira f\u00e9 se manifesta em obras, em um cora\u00e7\u00e3o transformado, em uma vida dedicada ao amor e \u00e0 justi\u00e7a. **A f\u00e9 genu\u00edna nos leva a renunciar ao pecado, a buscar a santidade e a viver de acordo com os ensinamentos divinos.**<\/p>\n<p>### A Vontade do Pai<\/p>\n<p>N\u00e3o basta dizer &#8220;Senhor, Senhor&#8221;. \u00c9 preciso fazer a vontade do Pai que est\u00e1 no c\u00e9u. **A obedi\u00eancia \u00e9 a prova de nossa f\u00e9, a manifesta\u00e7\u00e3o tang\u00edvel de nosso amor por Deus.**  A sinceridade em nossas palavras deve ser acompanhada de a\u00e7\u00f5es que as confirmem.<\/p>\n<p>### A Liberta\u00e7\u00e3o do Pecado<\/p>\n<p>Acreditar em Jesus \u00e9 o ant\u00eddoto para o pecado.  \u00c9 reconhecer que somos pecadores, necessitados de Sua gra\u00e7a e miseric\u00f3rdia.  Mas a cren\u00e7a n\u00e3o \u00e9 apenas uma declara\u00e7\u00e3o, \u00e9 uma transforma\u00e7\u00e3o. \u00c9 um compromisso de abandonar o pecado, de lutar contra as tenta\u00e7\u00f5es, de buscar a santidade.  **\u00c9 um desejo ardente de viver uma vida que agrade a Deus.**<\/p>\n<p>### A Consequ\u00eancia do Desvio<\/p>\n<p>O pecado tem um custo, uma consequ\u00eancia inevit\u00e1vel. A morte, em sua ess\u00eancia, \u00e9 o sal\u00e1rio do pecado. Mas a gra\u00e7a de Deus nos oferece uma alternativa: a vida eterna em Cristo Jesus. **N\u00e3o somos n\u00f3s que sofremos as consequ\u00eancias de nossas a\u00e7\u00f5es, mas sim o pecado que abra\u00e7amos.**<\/p>\n<p>### Um Novo Caminho<\/p>\n<p>Que possamos refletir sobre estas palavras com humildade e sinceridade. Que possamos abrir nossos cora\u00e7\u00f5es a Jesus, permitindo que Ele nos transforme e nos guie pelo caminho da vida eterna. Que possamos, acima de tudo, **viver uma vida de f\u00e9, esperan\u00e7a e amor.**<\/p>\n<p>Que a luz da verdade ilumine nossos caminhos e nos fortale\u00e7a em nossa jornada.<\/p>\n","protected":false},"excerpt":{"rendered":"<p>## A Sombra da Morte e a Luz da F\u00e9 H\u00e1 uma verdade que ressoa profunda em nossos cora\u00e7\u00f5es, uma advert\u00eancia que nos convida a uma reflex\u00e3o honesta sobre nossa jornada. A vida, em sua ess\u00eancia, \u00e9 uma luta entre a luz e a sombra, entre a esperan\u00e7a e a desesperan\u00e7a. Acreditar, ou n\u00e3o acreditar, [&hellip;]<\/p>\n","protected":false},"author":1,"featured_media":0,"comment_status":"closed","ping_status":"open","sticky":false,"template":"","format":"standard","meta":{"footnotes":""},"categories":[14],"tags":[],"class_list":["post-5457","post","type-post","status-publish","format-standard","hentry","category-reflexao"],"yoast_head":"<!-- This site is optimized with the Yoast SEO plugin v27.2 - https:\/\/yoast.com\/product\/yoast-seo-wordpress\/ -->\n<title>F\u00e9 em Crise: A Escolha Entre a Vida e a Sombra Espiritual - Salmos B\u00edblicos<\/title>\n<meta name=\"robots\" content=\"index, follow, max-snippet:-1, max-image-preview:large, max-video-preview:-1\" \/>\n<link rel=\"canonical\" href=\"https:\/\/salmosbiblicos.com.br\/index.php\/2026\/03\/26\/fe-em-crise-a-escolha-entre-a-vida-e-a-sombra-espiritual\/\" \/>\n<meta property=\"og:locale\" content=\"pt_BR\" \/>\n<meta property=\"og:type\" content=\"article\" \/>\n<meta property=\"og:title\" content=\"F\u00e9 em Crise: A Escolha Entre a Vida e a Sombra Espiritual - Salmos B\u00edblicos\" \/>\n<meta property=\"og:description\" content=\"## A Sombra da Morte e a Luz da F\u00e9 H\u00e1 uma verdade que ressoa profunda em nossos cora\u00e7\u00f5es, uma advert\u00eancia que nos convida a uma reflex\u00e3o honesta sobre nossa jornada. A vida, em sua ess\u00eancia, \u00e9 uma luta entre a luz e a sombra, entre a esperan\u00e7a e a desesperan\u00e7a. Acreditar, ou n\u00e3o acreditar, [&hellip;]\" \/>\n<meta property=\"og:url\" content=\"https:\/\/salmosbiblicos.com.br\/index.php\/2026\/03\/26\/fe-em-crise-a-escolha-entre-a-vida-e-a-sombra-espiritual\/\" \/>\n<meta property=\"og:site_name\" content=\"Salmos B\u00edblicos\" \/>\n<meta property=\"article:published_time\" content=\"2026-03-26T19:07:00+00:00\" \/>\n<meta name=\"author\" content=\"alextreh@gmail.com\" \/>\n<meta name=\"twitter:card\" content=\"summary_large_image\" \/>\n<meta name=\"twitter:label1\" content=\"Escrito por\" \/>\n\t<meta name=\"twitter:data1\" content=\"alextreh@gmail.com\" \/>\n\t<meta name=\"twitter:label2\" content=\"Est. tempo de leitura\" \/>\n\t<meta name=\"twitter:data2\" content=\"3 minutos\" \/>\n<script type=\"application\/ld+json\" class=\"yoast-schema-graph\">{\"@context\":\"https:\/\/schema.org\",\"@graph\":[{\"@type\":\"Article\",\"@id\":\"https:\/\/salmosbiblicos.com.br\/index.php\/2026\/03\/26\/fe-em-crise-a-escolha-entre-a-vida-e-a-sombra-espiritual\/#article\",\"isPartOf\":{\"@id\":\"https:\/\/salmosbiblicos.com.br\/index.php\/2026\/03\/26\/fe-em-crise-a-escolha-entre-a-vida-e-a-sombra-espiritual\/\"},\"author\":{\"name\":\"alextreh@gmail.com\",\"@id\":\"https:\/\/salmosbiblicos.com.br\/#\/schema\/person\/30586d0fb3f3a46b78a3414fc39cc975\"},\"headline\":\"F\u00e9 em Crise: A Escolha Entre a Vida e a Sombra Espiritual\",\"datePublished\":\"2026-03-26T19:07:00+00:00\",\"mainEntityOfPage\":{\"@id\":\"https:\/\/salmosbiblicos.com.br\/index.php\/2026\/03\/26\/fe-em-crise-a-escolha-entre-a-vida-e-a-sombra-espiritual\/\"},\"wordCount\":595,\"articleSection\":[\"Reflex\u00e3o\"],\"inLanguage\":\"pt-BR\"},{\"@type\":\"WebPage\",\"@id\":\"https:\/\/salmosbiblicos.com.br\/index.php\/2026\/03\/26\/fe-em-crise-a-escolha-entre-a-vida-e-a-sombra-espiritual\/\",\"url\":\"https:\/\/salmosbiblicos.com.br\/index.php\/2026\/03\/26\/fe-em-crise-a-escolha-entre-a-vida-e-a-sombra-espiritual\/\",\"name\":\"F\u00e9 em Crise: A Escolha Entre a Vida e a Sombra Espiritual - Salmos B\u00edblicos\",\"isPartOf\":{\"@id\":\"https:\/\/salmosbiblicos.com.br\/#website\"},\"datePublished\":\"2026-03-26T19:07:00+00:00\",\"author\":{\"@id\":\"https:\/\/salmosbiblicos.com.br\/#\/schema\/person\/30586d0fb3f3a46b78a3414fc39cc975\"},\"breadcrumb\":{\"@id\":\"https:\/\/salmosbiblicos.com.br\/index.php\/2026\/03\/26\/fe-em-crise-a-escolha-entre-a-vida-e-a-sombra-espiritual\/#breadcrumb\"},\"inLanguage\":\"pt-BR\",\"potentialAction\":[{\"@type\":\"ReadAction\",\"target\":[\"https:\/\/salmosbiblicos.com.br\/index.php\/2026\/03\/26\/fe-em-crise-a-escolha-entre-a-vida-e-a-sombra-espiritual\/\"]}]},{\"@type\":\"BreadcrumbList\",\"@id\":\"https:\/\/salmosbiblicos.com.br\/index.php\/2026\/03\/26\/fe-em-crise-a-escolha-entre-a-vida-e-a-sombra-espiritual\/#breadcrumb\",\"itemListElement\":[{\"@type\":\"ListItem\",\"position\":1,\"name\":\"Home\",\"item\":\"https:\/\/salmosbiblicos.com.br\/\"},{\"@type\":\"ListItem\",\"position\":2,\"name\":\"F\u00e9 em Crise: A Escolha Entre a Vida e a Sombra Espiritual\"}]},{\"@type\":\"WebSite\",\"@id\":\"https:\/\/salmosbiblicos.com.br\/#website\",\"url\":\"https:\/\/salmosbiblicos.com.br\/\",\"name\":\"Salmos B\u00edblicos\",\"description\":\"Uma e-Livraria com e-Books novos para voc\u00ea refletir.\",\"potentialAction\":[{\"@type\":\"SearchAction\",\"target\":{\"@type\":\"EntryPoint\",\"urlTemplate\":\"https:\/\/salmosbiblicos.com.br\/?s={search_term_string}\"},\"query-input\":{\"@type\":\"PropertyValueSpecification\",\"valueRequired\":true,\"valueName\":\"search_term_string\"}}],\"inLanguage\":\"pt-BR\"},{\"@type\":\"Person\",\"@id\":\"https:\/\/salmosbiblicos.com.br\/#\/schema\/person\/30586d0fb3f3a46b78a3414fc39cc975\",\"name\":\"alextreh@gmail.com\",\"image\":{\"@type\":\"ImageObject\",\"inLanguage\":\"pt-BR\",\"@id\":\"https:\/\/secure.gravatar.com\/avatar\/7cf84d31f581ec97b887c1039d478a7c293086896c84951a86753fb2c2af7527?s=96&d=mm&r=g\",\"url\":\"https:\/\/secure.gravatar.com\/avatar\/7cf84d31f581ec97b887c1039d478a7c293086896c84951a86753fb2c2af7527?s=96&d=mm&r=g\",\"contentUrl\":\"https:\/\/secure.gravatar.com\/avatar\/7cf84d31f581ec97b887c1039d478a7c293086896c84951a86753fb2c2af7527?s=96&d=mm&r=g\",\"caption\":\"alextreh@gmail.com\"},\"sameAs\":[\"http:\/\/salmosbiblicos.com.br\"],\"url\":\"https:\/\/salmosbiblicos.com.br\/index.php\/author\/alextrehgmail-com\/\"}]}<\/script>\n<!-- \/ Yoast SEO plugin. -->","yoast_head_json":{"title":"F\u00e9 em Crise: A Escolha Entre a Vida e a Sombra Espiritual - Salmos B\u00edblicos","robots":{"index":"index","follow":"follow","max-snippet":"max-snippet:-1","max-image-preview":"max-image-preview:large","max-video-preview":"max-video-preview:-1"},"canonical":"https:\/\/salmosbiblicos.com.br\/index.php\/2026\/03\/26\/fe-em-crise-a-escolha-entre-a-vida-e-a-sombra-espiritual\/","og_locale":"pt_BR","og_type":"article","og_title":"F\u00e9 em Crise: A Escolha Entre a Vida e a Sombra Espiritual - Salmos B\u00edblicos","og_description":"## A Sombra da Morte e a Luz da F\u00e9 H\u00e1 uma verdade que ressoa profunda em nossos cora\u00e7\u00f5es, uma advert\u00eancia que nos convida a uma reflex\u00e3o honesta sobre nossa jornada. A vida, em sua ess\u00eancia, \u00e9 uma luta entre a luz e a sombra, entre a esperan\u00e7a e a desesperan\u00e7a. Acreditar, ou n\u00e3o acreditar, [&hellip;]","og_url":"https:\/\/salmosbiblicos.com.br\/index.php\/2026\/03\/26\/fe-em-crise-a-escolha-entre-a-vida-e-a-sombra-espiritual\/","og_site_name":"Salmos B\u00edblicos","article_published_time":"2026-03-26T19:07:00+00:00","author":"alextreh@gmail.com","twitter_card":"summary_large_image","twitter_misc":{"Escrito por":"alextreh@gmail.com","Est. tempo de leitura":"3 minutos"},"schema":{"@context":"https:\/\/schema.org","@graph":[{"@type":"Article","@id":"https:\/\/salmosbiblicos.com.br\/index.php\/2026\/03\/26\/fe-em-crise-a-escolha-entre-a-vida-e-a-sombra-espiritual\/#article","isPartOf":{"@id":"https:\/\/salmosbiblicos.com.br\/index.php\/2026\/03\/26\/fe-em-crise-a-escolha-entre-a-vida-e-a-sombra-espiritual\/"},"author":{"name":"alextreh@gmail.com","@id":"https:\/\/salmosbiblicos.com.br\/#\/schema\/person\/30586d0fb3f3a46b78a3414fc39cc975"},"headline":"F\u00e9 em Crise: A Escolha Entre a Vida e a Sombra Espiritual","datePublished":"2026-03-26T19:07:00+00:00","mainEntityOfPage":{"@id":"https:\/\/salmosbiblicos.com.br\/index.php\/2026\/03\/26\/fe-em-crise-a-escolha-entre-a-vida-e-a-sombra-espiritual\/"},"wordCount":595,"articleSection":["Reflex\u00e3o"],"inLanguage":"pt-BR"},{"@type":"WebPage","@id":"https:\/\/salmosbiblicos.com.br\/index.php\/2026\/03\/26\/fe-em-crise-a-escolha-entre-a-vida-e-a-sombra-espiritual\/","url":"https:\/\/salmosbiblicos.com.br\/index.php\/2026\/03\/26\/fe-em-crise-a-escolha-entre-a-vida-e-a-sombra-espiritual\/","name":"F\u00e9 em Crise: A Escolha Entre a Vida e a Sombra Espiritual - Salmos B\u00edblicos","isPartOf":{"@id":"https:\/\/salmosbiblicos.com.br\/#website"},"datePublished":"2026-03-26T19:07:00+00:00","author":{"@id":"https:\/\/salmosbiblicos.com.br\/#\/schema\/person\/30586d0fb3f3a46b78a3414fc39cc975"},"breadcrumb":{"@id":"https:\/\/salmosbiblicos.com.br\/index.php\/2026\/03\/26\/fe-em-crise-a-escolha-entre-a-vida-e-a-sombra-espiritual\/#breadcrumb"},"inLanguage":"pt-BR","potentialAction":[{"@type":"ReadAction","target":["https:\/\/salmosbiblicos.com.br\/index.php\/2026\/03\/26\/fe-em-crise-a-escolha-entre-a-vida-e-a-sombra-espiritual\/"]}]},{"@type":"BreadcrumbList","@id":"https:\/\/salmosbiblicos.com.br\/index.php\/2026\/03\/26\/fe-em-crise-a-escolha-entre-a-vida-e-a-sombra-espiritual\/#breadcrumb","itemListElement":[{"@type":"ListItem","position":1,"name":"Home","item":"https:\/\/salmosbiblicos.com.br\/"},{"@type":"ListItem","position":2,"name":"F\u00e9 em Crise: A Escolha Entre a Vida e a Sombra Espiritual"}]},{"@type":"WebSite","@id":"https:\/\/salmosbiblicos.com.br\/#website","url":"https:\/\/salmosbiblicos.com.br\/","name":"Salmos B\u00edblicos","description":"Uma e-Livraria com e-Books novos para voc\u00ea refletir.","potentialAction":[{"@type":"SearchAction","target":{"@type":"EntryPoint","urlTemplate":"https:\/\/salmosbiblicos.com.br\/?s={search_term_string}"},"query-input":{"@type":"PropertyValueSpecification","valueRequired":true,"valueName":"search_term_string"}}],"inLanguage":"pt-BR"},{"@type":"Person","@id":"https:\/\/salmosbiblicos.com.br\/#\/schema\/person\/30586d0fb3f3a46b78a3414fc39cc975","name":"alextreh@gmail.com","image":{"@type":"ImageObject","inLanguage":"pt-BR","@id":"https:\/\/secure.gravatar.com\/avatar\/7cf84d31f581ec97b887c1039d478a7c293086896c84951a86753fb2c2af7527?s=96&d=mm&r=g","url":"https:\/\/secure.gravatar.com\/avatar\/7cf84d31f581ec97b887c1039d478a7c293086896c84951a86753fb2c2af7527?s=96&d=mm&r=g","contentUrl":"https:\/\/secure.gravatar.com\/avatar\/7cf84d31f581ec97b887c1039d478a7c293086896c84951a86753fb2c2af7527?s=96&d=mm&r=g","caption":"alextreh@gmail.com"},"sameAs":["http:\/\/salmosbiblicos.com.br"],"url":"https:\/\/salmosbiblicos.com.br\/index.php\/author\/alextrehgmail-com\/"}]}},"_links":{"self":[{"href":"https:\/\/salmosbiblicos.com.br\/index.php\/wp-json\/wp\/v2\/posts\/5457","targetHints":{"allow":["GET"]}}],"collection":[{"href":"https:\/\/salmosbiblicos.com.br\/index.php\/wp-json\/wp\/v2\/posts"}],"about":[{"href":"https:\/\/salmosbiblicos.com.br\/index.php\/wp-json\/wp\/v2\/types\/post"}],"author":[{"embeddable":true,"href":"https:\/\/salmosbiblicos.com.br\/index.php\/wp-json\/wp\/v2\/users\/1"}],"replies":[{"embeddable":true,"href":"https:\/\/salmosbiblicos.com.br\/index.php\/wp-json\/wp\/v2\/comments?post=5457"}],"version-history":[{"count":1,"href":"https:\/\/salmosbiblicos.com.br\/index.php\/wp-json\/wp\/v2\/posts\/5457\/revisions"}],"predecessor-version":[{"id":5458,"href":"https:\/\/salmosbiblicos.com.br\/index.php\/wp-json\/wp\/v2\/posts\/5457\/revisions\/5458"}],"wp:attachment":[{"href":"https:\/\/salmosbiblicos.com.br\/index.php\/wp-json\/wp\/v2\/media?parent=5457"}],"wp:term":[{"taxonomy":"category","embeddable":true,"href":"https:\/\/salmosbiblicos.com.br\/index.php\/wp-json\/wp\/v2\/categories?post=5457"},{"taxonomy":"post_tag","embeddable":true,"href":"https:\/\/salmosbiblicos.com.br\/index.php\/wp-json\/wp\/v2\/tags?post=5457"}],"curies":[{"name":"wp","href":"https:\/\/api.w.org\/{rel}","templated":true}]}}