{"id":5463,"date":"2026-03-26T16:14:29","date_gmt":"2026-03-26T19:14:29","guid":{"rendered":"https:\/\/salmosbiblicos.com.br\/?p=5463"},"modified":"2026-03-26T16:14:29","modified_gmt":"2026-03-26T19:14:29","slug":"nicodemos-e-o-medo-a-coragem-de-acreditar-em-tempos-de-duvida","status":"publish","type":"post","link":"https:\/\/salmosbiblicos.com.br\/index.php\/2026\/03\/26\/nicodemos-e-o-medo-a-coragem-de-acreditar-em-tempos-de-duvida\/","title":{"rendered":"Nicodemos e o Medo: A Coragem de Acreditar em Tempos de D\u00favida"},"content":{"rendered":"<p>## A Coragem de Acreditar<\/p>\n<p>Quantas vezes nos encontramos diante de um dilema, hesitantes em expressar aquilo que verdadeiramente acreditamos? Quantas vezes o medo nos paralisa, nos impede de testemunhar a luz que reside em nosso interior? A jornada da f\u00e9 nem sempre \u00e9 f\u00e1cil. \u00c9 pavimentada com desafios, d\u00favidas e, por vezes, at\u00e9 com o temor da desaprova\u00e7\u00e3o.<\/p>\n<p>### A Sombra do Medo<\/p>\n<p>Hoje, convido-vos a refletir sobre a hist\u00f3ria de um homem que compreendeu profundamente essa luta: Nicodemos. Um homem que, apesar de sua posi\u00e7\u00e3o de respeito na comunidade, sentiu o peso do medo ao se aproximar da verdade. Ele viu, em Jesus, algo extraordin\u00e1rio, uma sabedoria que transcendia o conhecimento terreno. Mas a sociedade, com seus padr\u00f5es e expectativas, sussurrava advert\u00eancias.<\/p>\n<p>E n\u00e3o \u00e9 diferente em nossos dias. O mundo pode nos pressionar a silenciar a voz da f\u00e9, a esconder nossos valores, a ceder \u00e0 conveni\u00eancia em detrimento da convic\u00e7\u00e3o. Podemos nos sentir compelidos a sacrificar a sinceridade em nome da aceita\u00e7\u00e3o, do sucesso profissional ou da harmonia social.<\/p>\n<p>### A Busca pela Verdade<\/p>\n<p>Nicodemos, \u00e0 sua maneira, buscou a verdade. Ele se aproximou de Jesus, questionou, desejou compreender. Mas o medo o manteve \u00e0 sombra, hesitante em declarar sua cren\u00e7a abertamente. Ele carregava o fardo de uma f\u00e9 hesitante, uma f\u00e9 que se escondia sob o manto da preocupa\u00e7\u00e3o.<\/p>\n<p>**&#8221;N\u00e3o me envergonho do Evangelho, pois \u00e9 poder de Deus para a salva\u00e7\u00e3o de todo aquele que cr\u00ea.&#8221;** (Romanos 1:16)<\/p>\n<p>Esta poderosa afirma\u00e7\u00e3o nos convida a romper com a vergonha, a libertar a f\u00e9 que reside em nossos cora\u00e7\u00f5es. Nicodemos, como um espelho, revela a nossa pr\u00f3pria vulnerabilidade, a nossa tend\u00eancia a nos retrairmos diante do julgamento alheio.<\/p>\n<p>### Testemunho e Consequ\u00eancias<\/p>\n<p>A Escritura nos assegura que, ao testemunharmos a nossa f\u00e9 diante dos homens, tamb\u00e9m seremos testemunhados diante do Pai que est\u00e1 nos c\u00e9us (Mateus 10:32). No entanto, o caminho da f\u00e9 aut\u00eantica pode n\u00e3o ser isento de perdas.<\/p>\n<p>H\u00e1 aqueles que, preferindo a aprova\u00e7\u00e3o humana \u00e0 gra\u00e7a divina, se recusam a manifestar a sua f\u00e9 abertamente, temendo a rejei\u00e7\u00e3o e a exclus\u00e3o (Jo\u00e3o 12:42). Mas qual o verdadeiro pre\u00e7o da aceita\u00e7\u00e3o se esta for obtida \u00e0 custa da nossa integridade?<\/p>\n<p>### Uma Chamada \u00e0 Coragem<\/p>\n<p>A f\u00e9 n\u00e3o \u00e9 aus\u00eancia de medo, mas a coragem de agir apesar dele. \u00c9 a ousadia de declarar a verdade, mesmo quando o mundo ao nosso redor se op\u00f5e. \u00c9 a for\u00e7a de permanecer firme nos nossos valores, mesmo diante da adversidade.<\/p>\n<p>*   **Rejeite a hipocrisia:** Seja transparente e aberto na sua f\u00e9.<br \/>*   **N\u00e3o se envergonhe da sua cren\u00e7a:** Deixe a luz da verdade brilhar.<br \/>*   **Procure a gl\u00f3ria de Deus:** Coloque as prioridades em ordem, buscando a aprova\u00e7\u00e3o divina.<\/p>\n<p>Que a hist\u00f3ria de Nicodemos nos inspire a superar nossos medos, a proclamar a nossa f\u00e9 com coragem e a iluminar o mundo com a esperan\u00e7a do Evangelho. Que cada um de n\u00f3s, ao enfrentar os desafios da vida, encontre a for\u00e7a para permanecer fiel \u00e0quilo em que acreditamos, sem hesita\u00e7\u00e3o e sem temor.<\/p>\n","protected":false},"excerpt":{"rendered":"<p>## A Coragem de Acreditar Quantas vezes nos encontramos diante de um dilema, hesitantes em expressar aquilo que verdadeiramente acreditamos? Quantas vezes o medo nos paralisa, nos impede de testemunhar a luz que reside em nosso interior? A jornada da f\u00e9 nem sempre \u00e9 f\u00e1cil. \u00c9 pavimentada com desafios, d\u00favidas e, por vezes, at\u00e9 com [&hellip;]<\/p>\n","protected":false},"author":1,"featured_media":0,"comment_status":"closed","ping_status":"open","sticky":false,"template":"","format":"standard","meta":{"footnotes":""},"categories":[14],"tags":[],"class_list":["post-5463","post","type-post","status-publish","format-standard","hentry","category-reflexao"],"yoast_head":"<!-- This site is optimized with the Yoast SEO plugin v27.2 - https:\/\/yoast.com\/product\/yoast-seo-wordpress\/ -->\n<title>Nicodemos e o Medo: A Coragem de Acreditar em Tempos de D\u00favida - Salmos B\u00edblicos<\/title>\n<meta name=\"robots\" content=\"index, follow, max-snippet:-1, max-image-preview:large, max-video-preview:-1\" \/>\n<link rel=\"canonical\" href=\"https:\/\/salmosbiblicos.com.br\/index.php\/2026\/03\/26\/nicodemos-e-o-medo-a-coragem-de-acreditar-em-tempos-de-duvida\/\" \/>\n<meta property=\"og:locale\" content=\"pt_BR\" \/>\n<meta property=\"og:type\" content=\"article\" \/>\n<meta property=\"og:title\" content=\"Nicodemos e o Medo: A Coragem de Acreditar em Tempos de D\u00favida - Salmos B\u00edblicos\" \/>\n<meta property=\"og:description\" content=\"## A Coragem de Acreditar Quantas vezes nos encontramos diante de um dilema, hesitantes em expressar aquilo que verdadeiramente acreditamos? Quantas vezes o medo nos paralisa, nos impede de testemunhar a luz que reside em nosso interior? A jornada da f\u00e9 nem sempre \u00e9 f\u00e1cil. \u00c9 pavimentada com desafios, d\u00favidas e, por vezes, at\u00e9 com [&hellip;]\" \/>\n<meta property=\"og:url\" content=\"https:\/\/salmosbiblicos.com.br\/index.php\/2026\/03\/26\/nicodemos-e-o-medo-a-coragem-de-acreditar-em-tempos-de-duvida\/\" \/>\n<meta property=\"og:site_name\" content=\"Salmos B\u00edblicos\" \/>\n<meta property=\"article:published_time\" content=\"2026-03-26T19:14:29+00:00\" \/>\n<meta name=\"author\" content=\"alextreh@gmail.com\" \/>\n<meta name=\"twitter:card\" content=\"summary_large_image\" \/>\n<meta name=\"twitter:label1\" content=\"Escrito por\" \/>\n\t<meta name=\"twitter:data1\" content=\"alextreh@gmail.com\" \/>\n\t<meta name=\"twitter:label2\" content=\"Est. tempo de leitura\" \/>\n\t<meta name=\"twitter:data2\" content=\"3 minutos\" \/>\n<script type=\"application\/ld+json\" class=\"yoast-schema-graph\">{\"@context\":\"https:\/\/schema.org\",\"@graph\":[{\"@type\":\"Article\",\"@id\":\"https:\/\/salmosbiblicos.com.br\/index.php\/2026\/03\/26\/nicodemos-e-o-medo-a-coragem-de-acreditar-em-tempos-de-duvida\/#article\",\"isPartOf\":{\"@id\":\"https:\/\/salmosbiblicos.com.br\/index.php\/2026\/03\/26\/nicodemos-e-o-medo-a-coragem-de-acreditar-em-tempos-de-duvida\/\"},\"author\":{\"name\":\"alextreh@gmail.com\",\"@id\":\"https:\/\/salmosbiblicos.com.br\/#\/schema\/person\/30586d0fb3f3a46b78a3414fc39cc975\"},\"headline\":\"Nicodemos e o Medo: A Coragem de Acreditar em Tempos de D\u00favida\",\"datePublished\":\"2026-03-26T19:14:29+00:00\",\"mainEntityOfPage\":{\"@id\":\"https:\/\/salmosbiblicos.com.br\/index.php\/2026\/03\/26\/nicodemos-e-o-medo-a-coragem-de-acreditar-em-tempos-de-duvida\/\"},\"wordCount\":541,\"articleSection\":[\"Reflex\u00e3o\"],\"inLanguage\":\"pt-BR\"},{\"@type\":\"WebPage\",\"@id\":\"https:\/\/salmosbiblicos.com.br\/index.php\/2026\/03\/26\/nicodemos-e-o-medo-a-coragem-de-acreditar-em-tempos-de-duvida\/\",\"url\":\"https:\/\/salmosbiblicos.com.br\/index.php\/2026\/03\/26\/nicodemos-e-o-medo-a-coragem-de-acreditar-em-tempos-de-duvida\/\",\"name\":\"Nicodemos e o Medo: A Coragem de Acreditar em Tempos de D\u00favida - Salmos B\u00edblicos\",\"isPartOf\":{\"@id\":\"https:\/\/salmosbiblicos.com.br\/#website\"},\"datePublished\":\"2026-03-26T19:14:29+00:00\",\"author\":{\"@id\":\"https:\/\/salmosbiblicos.com.br\/#\/schema\/person\/30586d0fb3f3a46b78a3414fc39cc975\"},\"breadcrumb\":{\"@id\":\"https:\/\/salmosbiblicos.com.br\/index.php\/2026\/03\/26\/nicodemos-e-o-medo-a-coragem-de-acreditar-em-tempos-de-duvida\/#breadcrumb\"},\"inLanguage\":\"pt-BR\",\"potentialAction\":[{\"@type\":\"ReadAction\",\"target\":[\"https:\/\/salmosbiblicos.com.br\/index.php\/2026\/03\/26\/nicodemos-e-o-medo-a-coragem-de-acreditar-em-tempos-de-duvida\/\"]}]},{\"@type\":\"BreadcrumbList\",\"@id\":\"https:\/\/salmosbiblicos.com.br\/index.php\/2026\/03\/26\/nicodemos-e-o-medo-a-coragem-de-acreditar-em-tempos-de-duvida\/#breadcrumb\",\"itemListElement\":[{\"@type\":\"ListItem\",\"position\":1,\"name\":\"Home\",\"item\":\"https:\/\/salmosbiblicos.com.br\/\"},{\"@type\":\"ListItem\",\"position\":2,\"name\":\"Nicodemos e o Medo: A Coragem de Acreditar em Tempos de D\u00favida\"}]},{\"@type\":\"WebSite\",\"@id\":\"https:\/\/salmosbiblicos.com.br\/#website\",\"url\":\"https:\/\/salmosbiblicos.com.br\/\",\"name\":\"Salmos B\u00edblicos\",\"description\":\"Uma e-Livraria com e-Books novos para voc\u00ea refletir.\",\"potentialAction\":[{\"@type\":\"SearchAction\",\"target\":{\"@type\":\"EntryPoint\",\"urlTemplate\":\"https:\/\/salmosbiblicos.com.br\/?s={search_term_string}\"},\"query-input\":{\"@type\":\"PropertyValueSpecification\",\"valueRequired\":true,\"valueName\":\"search_term_string\"}}],\"inLanguage\":\"pt-BR\"},{\"@type\":\"Person\",\"@id\":\"https:\/\/salmosbiblicos.com.br\/#\/schema\/person\/30586d0fb3f3a46b78a3414fc39cc975\",\"name\":\"alextreh@gmail.com\",\"image\":{\"@type\":\"ImageObject\",\"inLanguage\":\"pt-BR\",\"@id\":\"https:\/\/secure.gravatar.com\/avatar\/7cf84d31f581ec97b887c1039d478a7c293086896c84951a86753fb2c2af7527?s=96&d=mm&r=g\",\"url\":\"https:\/\/secure.gravatar.com\/avatar\/7cf84d31f581ec97b887c1039d478a7c293086896c84951a86753fb2c2af7527?s=96&d=mm&r=g\",\"contentUrl\":\"https:\/\/secure.gravatar.com\/avatar\/7cf84d31f581ec97b887c1039d478a7c293086896c84951a86753fb2c2af7527?s=96&d=mm&r=g\",\"caption\":\"alextreh@gmail.com\"},\"sameAs\":[\"http:\/\/salmosbiblicos.com.br\"],\"url\":\"https:\/\/salmosbiblicos.com.br\/index.php\/author\/alextrehgmail-com\/\"}]}<\/script>\n<!-- \/ Yoast SEO plugin. -->","yoast_head_json":{"title":"Nicodemos e o Medo: A Coragem de Acreditar em Tempos de D\u00favida - Salmos B\u00edblicos","robots":{"index":"index","follow":"follow","max-snippet":"max-snippet:-1","max-image-preview":"max-image-preview:large","max-video-preview":"max-video-preview:-1"},"canonical":"https:\/\/salmosbiblicos.com.br\/index.php\/2026\/03\/26\/nicodemos-e-o-medo-a-coragem-de-acreditar-em-tempos-de-duvida\/","og_locale":"pt_BR","og_type":"article","og_title":"Nicodemos e o Medo: A Coragem de Acreditar em Tempos de D\u00favida - Salmos B\u00edblicos","og_description":"## A Coragem de Acreditar Quantas vezes nos encontramos diante de um dilema, hesitantes em expressar aquilo que verdadeiramente acreditamos? Quantas vezes o medo nos paralisa, nos impede de testemunhar a luz que reside em nosso interior? A jornada da f\u00e9 nem sempre \u00e9 f\u00e1cil. \u00c9 pavimentada com desafios, d\u00favidas e, por vezes, at\u00e9 com [&hellip;]","og_url":"https:\/\/salmosbiblicos.com.br\/index.php\/2026\/03\/26\/nicodemos-e-o-medo-a-coragem-de-acreditar-em-tempos-de-duvida\/","og_site_name":"Salmos B\u00edblicos","article_published_time":"2026-03-26T19:14:29+00:00","author":"alextreh@gmail.com","twitter_card":"summary_large_image","twitter_misc":{"Escrito por":"alextreh@gmail.com","Est. tempo de leitura":"3 minutos"},"schema":{"@context":"https:\/\/schema.org","@graph":[{"@type":"Article","@id":"https:\/\/salmosbiblicos.com.br\/index.php\/2026\/03\/26\/nicodemos-e-o-medo-a-coragem-de-acreditar-em-tempos-de-duvida\/#article","isPartOf":{"@id":"https:\/\/salmosbiblicos.com.br\/index.php\/2026\/03\/26\/nicodemos-e-o-medo-a-coragem-de-acreditar-em-tempos-de-duvida\/"},"author":{"name":"alextreh@gmail.com","@id":"https:\/\/salmosbiblicos.com.br\/#\/schema\/person\/30586d0fb3f3a46b78a3414fc39cc975"},"headline":"Nicodemos e o Medo: A Coragem de Acreditar em Tempos de D\u00favida","datePublished":"2026-03-26T19:14:29+00:00","mainEntityOfPage":{"@id":"https:\/\/salmosbiblicos.com.br\/index.php\/2026\/03\/26\/nicodemos-e-o-medo-a-coragem-de-acreditar-em-tempos-de-duvida\/"},"wordCount":541,"articleSection":["Reflex\u00e3o"],"inLanguage":"pt-BR"},{"@type":"WebPage","@id":"https:\/\/salmosbiblicos.com.br\/index.php\/2026\/03\/26\/nicodemos-e-o-medo-a-coragem-de-acreditar-em-tempos-de-duvida\/","url":"https:\/\/salmosbiblicos.com.br\/index.php\/2026\/03\/26\/nicodemos-e-o-medo-a-coragem-de-acreditar-em-tempos-de-duvida\/","name":"Nicodemos e o Medo: A Coragem de Acreditar em Tempos de D\u00favida - Salmos B\u00edblicos","isPartOf":{"@id":"https:\/\/salmosbiblicos.com.br\/#website"},"datePublished":"2026-03-26T19:14:29+00:00","author":{"@id":"https:\/\/salmosbiblicos.com.br\/#\/schema\/person\/30586d0fb3f3a46b78a3414fc39cc975"},"breadcrumb":{"@id":"https:\/\/salmosbiblicos.com.br\/index.php\/2026\/03\/26\/nicodemos-e-o-medo-a-coragem-de-acreditar-em-tempos-de-duvida\/#breadcrumb"},"inLanguage":"pt-BR","potentialAction":[{"@type":"ReadAction","target":["https:\/\/salmosbiblicos.com.br\/index.php\/2026\/03\/26\/nicodemos-e-o-medo-a-coragem-de-acreditar-em-tempos-de-duvida\/"]}]},{"@type":"BreadcrumbList","@id":"https:\/\/salmosbiblicos.com.br\/index.php\/2026\/03\/26\/nicodemos-e-o-medo-a-coragem-de-acreditar-em-tempos-de-duvida\/#breadcrumb","itemListElement":[{"@type":"ListItem","position":1,"name":"Home","item":"https:\/\/salmosbiblicos.com.br\/"},{"@type":"ListItem","position":2,"name":"Nicodemos e o Medo: A Coragem de Acreditar em Tempos de D\u00favida"}]},{"@type":"WebSite","@id":"https:\/\/salmosbiblicos.com.br\/#website","url":"https:\/\/salmosbiblicos.com.br\/","name":"Salmos B\u00edblicos","description":"Uma e-Livraria com e-Books novos para voc\u00ea refletir.","potentialAction":[{"@type":"SearchAction","target":{"@type":"EntryPoint","urlTemplate":"https:\/\/salmosbiblicos.com.br\/?s={search_term_string}"},"query-input":{"@type":"PropertyValueSpecification","valueRequired":true,"valueName":"search_term_string"}}],"inLanguage":"pt-BR"},{"@type":"Person","@id":"https:\/\/salmosbiblicos.com.br\/#\/schema\/person\/30586d0fb3f3a46b78a3414fc39cc975","name":"alextreh@gmail.com","image":{"@type":"ImageObject","inLanguage":"pt-BR","@id":"https:\/\/secure.gravatar.com\/avatar\/7cf84d31f581ec97b887c1039d478a7c293086896c84951a86753fb2c2af7527?s=96&d=mm&r=g","url":"https:\/\/secure.gravatar.com\/avatar\/7cf84d31f581ec97b887c1039d478a7c293086896c84951a86753fb2c2af7527?s=96&d=mm&r=g","contentUrl":"https:\/\/secure.gravatar.com\/avatar\/7cf84d31f581ec97b887c1039d478a7c293086896c84951a86753fb2c2af7527?s=96&d=mm&r=g","caption":"alextreh@gmail.com"},"sameAs":["http:\/\/salmosbiblicos.com.br"],"url":"https:\/\/salmosbiblicos.com.br\/index.php\/author\/alextrehgmail-com\/"}]}},"_links":{"self":[{"href":"https:\/\/salmosbiblicos.com.br\/index.php\/wp-json\/wp\/v2\/posts\/5463","targetHints":{"allow":["GET"]}}],"collection":[{"href":"https:\/\/salmosbiblicos.com.br\/index.php\/wp-json\/wp\/v2\/posts"}],"about":[{"href":"https:\/\/salmosbiblicos.com.br\/index.php\/wp-json\/wp\/v2\/types\/post"}],"author":[{"embeddable":true,"href":"https:\/\/salmosbiblicos.com.br\/index.php\/wp-json\/wp\/v2\/users\/1"}],"replies":[{"embeddable":true,"href":"https:\/\/salmosbiblicos.com.br\/index.php\/wp-json\/wp\/v2\/comments?post=5463"}],"version-history":[{"count":1,"href":"https:\/\/salmosbiblicos.com.br\/index.php\/wp-json\/wp\/v2\/posts\/5463\/revisions"}],"predecessor-version":[{"id":5464,"href":"https:\/\/salmosbiblicos.com.br\/index.php\/wp-json\/wp\/v2\/posts\/5463\/revisions\/5464"}],"wp:attachment":[{"href":"https:\/\/salmosbiblicos.com.br\/index.php\/wp-json\/wp\/v2\/media?parent=5463"}],"wp:term":[{"taxonomy":"category","embeddable":true,"href":"https:\/\/salmosbiblicos.com.br\/index.php\/wp-json\/wp\/v2\/categories?post=5463"},{"taxonomy":"post_tag","embeddable":true,"href":"https:\/\/salmosbiblicos.com.br\/index.php\/wp-json\/wp\/v2\/tags?post=5463"}],"curies":[{"name":"wp","href":"https:\/\/api.w.org\/{rel}","templated":true}]}}