{"id":5469,"date":"2026-03-27T10:00:51","date_gmt":"2026-03-27T13:00:51","guid":{"rendered":"https:\/\/salmosbiblicos.com.br\/?p=5469"},"modified":"2026-03-27T10:00:51","modified_gmt":"2026-03-27T13:00:51","slug":"jesus-a-essencia-divina-que-fortalece-a-fe-e-a-esperanca","status":"publish","type":"post","link":"https:\/\/salmosbiblicos.com.br\/index.php\/2026\/03\/27\/jesus-a-essencia-divina-que-fortalece-a-fe-e-a-esperanca\/","title":{"rendered":"Jesus: A Ess\u00eancia Divina que Fortalece a F\u00e9 e a Esperan\u00e7a"},"content":{"rendered":"<p>## A Profunda Verdade da Divindade de Jesus<\/p>\n<p>Em meio \u00e0s incertezas e aos desafios que a vida nos apresenta, h\u00e1 uma verdade que se ergue como um farol, iluminando o nosso caminho e fortalecendo a nossa esperan\u00e7a: a divindade de Jesus Cristo. Contemplar essa realidade nos eleva, nos conecta com a fonte da cria\u00e7\u00e3o e nos oferece a certeza de que n\u00e3o estamos s\u00f3s.<\/p>\n<p>### A Eleva\u00e7\u00e3o da Humanidade<\/p>\n<p>Cristo se fez homem para nos divinizar, para nos elevar. Observamos a fragilidade humana, a queda, a necessidade de reden\u00e7\u00e3o. E Ele, em seu amor infinito, veio ao nosso encontro, n\u00e3o para nos julgar, mas para nos levantar. Ele se fez um de n\u00f3s, partilhando a nossa condi\u00e7\u00e3o, mas sem jamais renunciar \u00e0 sua divindade.<\/p>\n<p>### A Singularidade de Jesus<\/p>\n<p>\u00c9 crucial compreender que Jesus n\u00e3o \u00e9 um homem comum entre muitos. N\u00e3o \u00e9 apenas um profeta, um l\u00edder ou um mestre. Ele transcende todas as compara\u00e7\u00f5es, pois **Jesus \u00e9 Deus**.  Qualquer tentativa de diminuir a sua ess\u00eancia \u00e9 um erro grave, pois limita o incompreens\u00edvel. **Tudo o que pudermos dizer sobre Ele ser\u00e1 sempre insuficiente.**<\/p>\n<p>A f\u00e9 se desfaz se essa pedra fundamental \u00e9 removida. A f\u00e9, como um edif\u00edcio s\u00f3lido, precisa de alicerces inabal\u00e1veis. Se Jesus n\u00e3o \u00e9 Deus, a pr\u00f3pria estrutura do nosso credo se torna inst\u00e1vel e o sentido se esvai. Como bem disse S\u00e3o Paulo, **&#8221;Se Cristo n\u00e3o ressuscitou, a nossa f\u00e9 \u00e9 v\u00e3.&#8221;**  Se negarmos a divindade de Jesus, negamos a pr\u00f3pria base da nossa esperan\u00e7a.<\/p>\n<p>### A Palavra de Deus<\/p>\n<p>A divindade de Jesus \u00e9 a garantia da autenticidade da sua mensagem. Se Ele \u00e9 Deus, a sua palavra \u00e9 a Palavra de Deus, carregada de verdade e poder transformador. Se Ele n\u00e3o \u00e9 Deus, as suas palavras perdem o significado e a nossa liberdade se torna ilus\u00f3ria. **Quando a divindade de Cristo \u00e9 obscurecida, tudo desmorona.** As primeiras heresias, que a Igreja enfrentou em seus prim\u00f3rdios, giravam em torno dessa mesma quest\u00e3o.<\/p>\n<p>### A Rejei\u00e7\u00e3o e a Verdade<\/p>\n<p>H\u00e1 momentos em que a verdade se manifesta em meio \u00e0 rejei\u00e7\u00e3o e \u00e0 incompreens\u00e3o. Os que n\u00e3o reconhecem a divindade de Jesus procuraram prend\u00ea-lo, acusando-o de blasf\u00eamia. Mas Ele, com a sabedoria do Pai, respondeu, afirmando que as suas obras demonstravam a sua origem divina.  **&#8221;Acaso n\u00e3o est\u00e1 escrito na Vossa lei, Eu disse, Vossa, Deus?&#8221;**  A busca pela verdade muitas vezes nos leva a enfrentar oposi\u00e7\u00e3o e persegui\u00e7\u00e3o, mas a f\u00e9 nos sustenta e nos guia.<\/p>\n<p>### O Mist\u00e9rio da Divindade<\/p>\n<p>Santo Atan\u00e1sio nos recorda uma verdade profunda: Cristo n\u00e3o se tornou homem para, depois, tornar-se Deus. Ele *era* Deus e, em seu amor, assumiu a forma humana para nos divinizar. Ele, o Verbo, a Palavra de Deus, se fez carne para habitar entre n\u00f3s, para que pud\u00e9ssemos contemplar a sua gl\u00f3ria.<\/p>\n<p>*   Ele, o Verbo, sempre existiu junto a Deus.<br \/>*   Ele, o Filho \u00danico, \u00e9 a verdade em sua ess\u00eancia.<br \/>*   Ele, o Deus de Deus, nos oferece a gra\u00e7a e a verdade.<\/p>\n<p>### A Declara\u00e7\u00e3o da F\u00e9<\/p>\n<p>Que possamos, com firmeza e convic\u00e7\u00e3o, proclamar: **&#8221;Jesus \u00e9 o meu Deus!&#8221;**  Que essa declara\u00e7\u00e3o ressoe em nossos cora\u00e7\u00f5es e transborde em nossas a\u00e7\u00f5es, fortalecendo a nossa f\u00e9 e iluminando o nosso caminho. Que a gra\u00e7a do Pai, do Filho e do Esp\u00edrito Santo nos aben\u00e7oe. Am\u00e9m.<\/p>\n","protected":false},"excerpt":{"rendered":"<p>## A Profunda Verdade da Divindade de Jesus Em meio \u00e0s incertezas e aos desafios que a vida nos apresenta, h\u00e1 uma verdade que se ergue como um farol, iluminando o nosso caminho e fortalecendo a nossa esperan\u00e7a: a divindade de Jesus Cristo. Contemplar essa realidade nos eleva, nos conecta com a fonte da cria\u00e7\u00e3o [&hellip;]<\/p>\n","protected":false},"author":1,"featured_media":0,"comment_status":"closed","ping_status":"open","sticky":false,"template":"","format":"standard","meta":{"footnotes":""},"categories":[14],"tags":[],"class_list":["post-5469","post","type-post","status-publish","format-standard","hentry","category-reflexao"],"yoast_head":"<!-- This site is optimized with the Yoast SEO plugin v27.2 - https:\/\/yoast.com\/product\/yoast-seo-wordpress\/ -->\n<title>Jesus: A Ess\u00eancia Divina que Fortalece a F\u00e9 e a Esperan\u00e7a - Salmos B\u00edblicos<\/title>\n<meta name=\"robots\" content=\"index, follow, max-snippet:-1, max-image-preview:large, max-video-preview:-1\" \/>\n<link rel=\"canonical\" href=\"https:\/\/salmosbiblicos.com.br\/index.php\/2026\/03\/27\/jesus-a-essencia-divina-que-fortalece-a-fe-e-a-esperanca\/\" \/>\n<meta property=\"og:locale\" content=\"pt_BR\" \/>\n<meta property=\"og:type\" content=\"article\" \/>\n<meta property=\"og:title\" content=\"Jesus: A Ess\u00eancia Divina que Fortalece a F\u00e9 e a Esperan\u00e7a - Salmos B\u00edblicos\" \/>\n<meta property=\"og:description\" content=\"## A Profunda Verdade da Divindade de Jesus Em meio \u00e0s incertezas e aos desafios que a vida nos apresenta, h\u00e1 uma verdade que se ergue como um farol, iluminando o nosso caminho e fortalecendo a nossa esperan\u00e7a: a divindade de Jesus Cristo. Contemplar essa realidade nos eleva, nos conecta com a fonte da cria\u00e7\u00e3o [&hellip;]\" \/>\n<meta property=\"og:url\" content=\"https:\/\/salmosbiblicos.com.br\/index.php\/2026\/03\/27\/jesus-a-essencia-divina-que-fortalece-a-fe-e-a-esperanca\/\" \/>\n<meta property=\"og:site_name\" content=\"Salmos B\u00edblicos\" \/>\n<meta property=\"article:published_time\" content=\"2026-03-27T13:00:51+00:00\" \/>\n<meta name=\"author\" content=\"alextreh@gmail.com\" \/>\n<meta name=\"twitter:card\" content=\"summary_large_image\" \/>\n<meta name=\"twitter:label1\" content=\"Escrito por\" \/>\n\t<meta name=\"twitter:data1\" content=\"alextreh@gmail.com\" \/>\n\t<meta name=\"twitter:label2\" content=\"Est. tempo de leitura\" \/>\n\t<meta name=\"twitter:data2\" content=\"3 minutos\" \/>\n<script type=\"application\/ld+json\" class=\"yoast-schema-graph\">{\"@context\":\"https:\/\/schema.org\",\"@graph\":[{\"@type\":\"Article\",\"@id\":\"https:\/\/salmosbiblicos.com.br\/index.php\/2026\/03\/27\/jesus-a-essencia-divina-que-fortalece-a-fe-e-a-esperanca\/#article\",\"isPartOf\":{\"@id\":\"https:\/\/salmosbiblicos.com.br\/index.php\/2026\/03\/27\/jesus-a-essencia-divina-que-fortalece-a-fe-e-a-esperanca\/\"},\"author\":{\"name\":\"alextreh@gmail.com\",\"@id\":\"https:\/\/salmosbiblicos.com.br\/#\/schema\/person\/30586d0fb3f3a46b78a3414fc39cc975\"},\"headline\":\"Jesus: A Ess\u00eancia Divina que Fortalece a F\u00e9 e a Esperan\u00e7a\",\"datePublished\":\"2026-03-27T13:00:51+00:00\",\"mainEntityOfPage\":{\"@id\":\"https:\/\/salmosbiblicos.com.br\/index.php\/2026\/03\/27\/jesus-a-essencia-divina-que-fortalece-a-fe-e-a-esperanca\/\"},\"wordCount\":595,\"articleSection\":[\"Reflex\u00e3o\"],\"inLanguage\":\"pt-BR\"},{\"@type\":\"WebPage\",\"@id\":\"https:\/\/salmosbiblicos.com.br\/index.php\/2026\/03\/27\/jesus-a-essencia-divina-que-fortalece-a-fe-e-a-esperanca\/\",\"url\":\"https:\/\/salmosbiblicos.com.br\/index.php\/2026\/03\/27\/jesus-a-essencia-divina-que-fortalece-a-fe-e-a-esperanca\/\",\"name\":\"Jesus: A Ess\u00eancia Divina que Fortalece a F\u00e9 e a Esperan\u00e7a - Salmos B\u00edblicos\",\"isPartOf\":{\"@id\":\"https:\/\/salmosbiblicos.com.br\/#website\"},\"datePublished\":\"2026-03-27T13:00:51+00:00\",\"author\":{\"@id\":\"https:\/\/salmosbiblicos.com.br\/#\/schema\/person\/30586d0fb3f3a46b78a3414fc39cc975\"},\"breadcrumb\":{\"@id\":\"https:\/\/salmosbiblicos.com.br\/index.php\/2026\/03\/27\/jesus-a-essencia-divina-que-fortalece-a-fe-e-a-esperanca\/#breadcrumb\"},\"inLanguage\":\"pt-BR\",\"potentialAction\":[{\"@type\":\"ReadAction\",\"target\":[\"https:\/\/salmosbiblicos.com.br\/index.php\/2026\/03\/27\/jesus-a-essencia-divina-que-fortalece-a-fe-e-a-esperanca\/\"]}]},{\"@type\":\"BreadcrumbList\",\"@id\":\"https:\/\/salmosbiblicos.com.br\/index.php\/2026\/03\/27\/jesus-a-essencia-divina-que-fortalece-a-fe-e-a-esperanca\/#breadcrumb\",\"itemListElement\":[{\"@type\":\"ListItem\",\"position\":1,\"name\":\"Home\",\"item\":\"https:\/\/salmosbiblicos.com.br\/\"},{\"@type\":\"ListItem\",\"position\":2,\"name\":\"Jesus: A Ess\u00eancia Divina que Fortalece a F\u00e9 e a Esperan\u00e7a\"}]},{\"@type\":\"WebSite\",\"@id\":\"https:\/\/salmosbiblicos.com.br\/#website\",\"url\":\"https:\/\/salmosbiblicos.com.br\/\",\"name\":\"Salmos B\u00edblicos\",\"description\":\"Uma e-Livraria com e-Books novos para voc\u00ea refletir.\",\"potentialAction\":[{\"@type\":\"SearchAction\",\"target\":{\"@type\":\"EntryPoint\",\"urlTemplate\":\"https:\/\/salmosbiblicos.com.br\/?s={search_term_string}\"},\"query-input\":{\"@type\":\"PropertyValueSpecification\",\"valueRequired\":true,\"valueName\":\"search_term_string\"}}],\"inLanguage\":\"pt-BR\"},{\"@type\":\"Person\",\"@id\":\"https:\/\/salmosbiblicos.com.br\/#\/schema\/person\/30586d0fb3f3a46b78a3414fc39cc975\",\"name\":\"alextreh@gmail.com\",\"image\":{\"@type\":\"ImageObject\",\"inLanguage\":\"pt-BR\",\"@id\":\"https:\/\/secure.gravatar.com\/avatar\/7cf84d31f581ec97b887c1039d478a7c293086896c84951a86753fb2c2af7527?s=96&d=mm&r=g\",\"url\":\"https:\/\/secure.gravatar.com\/avatar\/7cf84d31f581ec97b887c1039d478a7c293086896c84951a86753fb2c2af7527?s=96&d=mm&r=g\",\"contentUrl\":\"https:\/\/secure.gravatar.com\/avatar\/7cf84d31f581ec97b887c1039d478a7c293086896c84951a86753fb2c2af7527?s=96&d=mm&r=g\",\"caption\":\"alextreh@gmail.com\"},\"sameAs\":[\"http:\/\/salmosbiblicos.com.br\"],\"url\":\"https:\/\/salmosbiblicos.com.br\/index.php\/author\/alextrehgmail-com\/\"}]}<\/script>\n<!-- \/ Yoast SEO plugin. -->","yoast_head_json":{"title":"Jesus: A Ess\u00eancia Divina que Fortalece a F\u00e9 e a Esperan\u00e7a - Salmos B\u00edblicos","robots":{"index":"index","follow":"follow","max-snippet":"max-snippet:-1","max-image-preview":"max-image-preview:large","max-video-preview":"max-video-preview:-1"},"canonical":"https:\/\/salmosbiblicos.com.br\/index.php\/2026\/03\/27\/jesus-a-essencia-divina-que-fortalece-a-fe-e-a-esperanca\/","og_locale":"pt_BR","og_type":"article","og_title":"Jesus: A Ess\u00eancia Divina que Fortalece a F\u00e9 e a Esperan\u00e7a - Salmos B\u00edblicos","og_description":"## A Profunda Verdade da Divindade de Jesus Em meio \u00e0s incertezas e aos desafios que a vida nos apresenta, h\u00e1 uma verdade que se ergue como um farol, iluminando o nosso caminho e fortalecendo a nossa esperan\u00e7a: a divindade de Jesus Cristo. Contemplar essa realidade nos eleva, nos conecta com a fonte da cria\u00e7\u00e3o [&hellip;]","og_url":"https:\/\/salmosbiblicos.com.br\/index.php\/2026\/03\/27\/jesus-a-essencia-divina-que-fortalece-a-fe-e-a-esperanca\/","og_site_name":"Salmos B\u00edblicos","article_published_time":"2026-03-27T13:00:51+00:00","author":"alextreh@gmail.com","twitter_card":"summary_large_image","twitter_misc":{"Escrito por":"alextreh@gmail.com","Est. tempo de leitura":"3 minutos"},"schema":{"@context":"https:\/\/schema.org","@graph":[{"@type":"Article","@id":"https:\/\/salmosbiblicos.com.br\/index.php\/2026\/03\/27\/jesus-a-essencia-divina-que-fortalece-a-fe-e-a-esperanca\/#article","isPartOf":{"@id":"https:\/\/salmosbiblicos.com.br\/index.php\/2026\/03\/27\/jesus-a-essencia-divina-que-fortalece-a-fe-e-a-esperanca\/"},"author":{"name":"alextreh@gmail.com","@id":"https:\/\/salmosbiblicos.com.br\/#\/schema\/person\/30586d0fb3f3a46b78a3414fc39cc975"},"headline":"Jesus: A Ess\u00eancia Divina que Fortalece a F\u00e9 e a Esperan\u00e7a","datePublished":"2026-03-27T13:00:51+00:00","mainEntityOfPage":{"@id":"https:\/\/salmosbiblicos.com.br\/index.php\/2026\/03\/27\/jesus-a-essencia-divina-que-fortalece-a-fe-e-a-esperanca\/"},"wordCount":595,"articleSection":["Reflex\u00e3o"],"inLanguage":"pt-BR"},{"@type":"WebPage","@id":"https:\/\/salmosbiblicos.com.br\/index.php\/2026\/03\/27\/jesus-a-essencia-divina-que-fortalece-a-fe-e-a-esperanca\/","url":"https:\/\/salmosbiblicos.com.br\/index.php\/2026\/03\/27\/jesus-a-essencia-divina-que-fortalece-a-fe-e-a-esperanca\/","name":"Jesus: A Ess\u00eancia Divina que Fortalece a F\u00e9 e a Esperan\u00e7a - Salmos B\u00edblicos","isPartOf":{"@id":"https:\/\/salmosbiblicos.com.br\/#website"},"datePublished":"2026-03-27T13:00:51+00:00","author":{"@id":"https:\/\/salmosbiblicos.com.br\/#\/schema\/person\/30586d0fb3f3a46b78a3414fc39cc975"},"breadcrumb":{"@id":"https:\/\/salmosbiblicos.com.br\/index.php\/2026\/03\/27\/jesus-a-essencia-divina-que-fortalece-a-fe-e-a-esperanca\/#breadcrumb"},"inLanguage":"pt-BR","potentialAction":[{"@type":"ReadAction","target":["https:\/\/salmosbiblicos.com.br\/index.php\/2026\/03\/27\/jesus-a-essencia-divina-que-fortalece-a-fe-e-a-esperanca\/"]}]},{"@type":"BreadcrumbList","@id":"https:\/\/salmosbiblicos.com.br\/index.php\/2026\/03\/27\/jesus-a-essencia-divina-que-fortalece-a-fe-e-a-esperanca\/#breadcrumb","itemListElement":[{"@type":"ListItem","position":1,"name":"Home","item":"https:\/\/salmosbiblicos.com.br\/"},{"@type":"ListItem","position":2,"name":"Jesus: A Ess\u00eancia Divina que Fortalece a F\u00e9 e a Esperan\u00e7a"}]},{"@type":"WebSite","@id":"https:\/\/salmosbiblicos.com.br\/#website","url":"https:\/\/salmosbiblicos.com.br\/","name":"Salmos B\u00edblicos","description":"Uma e-Livraria com e-Books novos para voc\u00ea refletir.","potentialAction":[{"@type":"SearchAction","target":{"@type":"EntryPoint","urlTemplate":"https:\/\/salmosbiblicos.com.br\/?s={search_term_string}"},"query-input":{"@type":"PropertyValueSpecification","valueRequired":true,"valueName":"search_term_string"}}],"inLanguage":"pt-BR"},{"@type":"Person","@id":"https:\/\/salmosbiblicos.com.br\/#\/schema\/person\/30586d0fb3f3a46b78a3414fc39cc975","name":"alextreh@gmail.com","image":{"@type":"ImageObject","inLanguage":"pt-BR","@id":"https:\/\/secure.gravatar.com\/avatar\/7cf84d31f581ec97b887c1039d478a7c293086896c84951a86753fb2c2af7527?s=96&d=mm&r=g","url":"https:\/\/secure.gravatar.com\/avatar\/7cf84d31f581ec97b887c1039d478a7c293086896c84951a86753fb2c2af7527?s=96&d=mm&r=g","contentUrl":"https:\/\/secure.gravatar.com\/avatar\/7cf84d31f581ec97b887c1039d478a7c293086896c84951a86753fb2c2af7527?s=96&d=mm&r=g","caption":"alextreh@gmail.com"},"sameAs":["http:\/\/salmosbiblicos.com.br"],"url":"https:\/\/salmosbiblicos.com.br\/index.php\/author\/alextrehgmail-com\/"}]}},"_links":{"self":[{"href":"https:\/\/salmosbiblicos.com.br\/index.php\/wp-json\/wp\/v2\/posts\/5469","targetHints":{"allow":["GET"]}}],"collection":[{"href":"https:\/\/salmosbiblicos.com.br\/index.php\/wp-json\/wp\/v2\/posts"}],"about":[{"href":"https:\/\/salmosbiblicos.com.br\/index.php\/wp-json\/wp\/v2\/types\/post"}],"author":[{"embeddable":true,"href":"https:\/\/salmosbiblicos.com.br\/index.php\/wp-json\/wp\/v2\/users\/1"}],"replies":[{"embeddable":true,"href":"https:\/\/salmosbiblicos.com.br\/index.php\/wp-json\/wp\/v2\/comments?post=5469"}],"version-history":[{"count":1,"href":"https:\/\/salmosbiblicos.com.br\/index.php\/wp-json\/wp\/v2\/posts\/5469\/revisions"}],"predecessor-version":[{"id":5470,"href":"https:\/\/salmosbiblicos.com.br\/index.php\/wp-json\/wp\/v2\/posts\/5469\/revisions\/5470"}],"wp:attachment":[{"href":"https:\/\/salmosbiblicos.com.br\/index.php\/wp-json\/wp\/v2\/media?parent=5469"}],"wp:term":[{"taxonomy":"category","embeddable":true,"href":"https:\/\/salmosbiblicos.com.br\/index.php\/wp-json\/wp\/v2\/categories?post=5469"},{"taxonomy":"post_tag","embeddable":true,"href":"https:\/\/salmosbiblicos.com.br\/index.php\/wp-json\/wp\/v2\/tags?post=5469"}],"curies":[{"name":"wp","href":"https:\/\/api.w.org\/{rel}","templated":true}]}}