{"id":5476,"date":"2026-03-27T11:10:41","date_gmt":"2026-03-27T14:10:41","guid":{"rendered":"https:\/\/salmosbiblicos.com.br\/?p=5476"},"modified":"2026-03-27T11:10:41","modified_gmt":"2026-03-27T14:10:41","slug":"pecado-e-fe-encontre-a-luz-para-a-redencao-e-a-liberdade","status":"publish","type":"post","link":"https:\/\/salmosbiblicos.com.br\/index.php\/2026\/03\/27\/pecado-e-fe-encontre-a-luz-para-a-redencao-e-a-liberdade\/","title":{"rendered":"Pecado e F\u00e9: Encontre a Luz para a Reden\u00e7\u00e3o e a Liberdade"},"content":{"rendered":"<p>## O Peso do Pecado e a Luz da F\u00e9<\/p>\n<p>H\u00e1 um peso que carregamos, um fardo que obscurece a verdade. \u00c9 a sombra do pecado, que nos afasta da fonte da vida e da alegria. A Palavra nos adverte: se n\u00e3o reconhecemos a verdade, se n\u00e3o abrimos nossos cora\u00e7\u00f5es para a gra\u00e7a, **morreremos em nossos pecados**.<\/p>\n<p>### A Urg\u00eancia da Escolha<\/p>\n<p>A mensagem \u00e9 clara e severa: a f\u00e9 em Jesus \u00e9 a \u00fanica porta para a liberta\u00e7\u00e3o. Ele \u00e9 o \u00fanico que pode perdoar, o \u00fanico que pode nos purificar. Mas essa oferta de reden\u00e7\u00e3o exige uma resposta. Requer que abandonemos a escurid\u00e3o e nos voltemos para a luz, que reconhe\u00e7amos a presen\u00e7a de algo maior que n\u00f3s mesmos.<\/p>\n<p>### O Pecado que Consome<\/p>\n<p>N\u00e3o se enganem: o pecado n\u00e3o \u00e9 apenas um ato isolado, uma transgress\u00e3o passageira. \u00c9 uma for\u00e7a corrosiva que nos consome por dentro, minando nossa esperan\u00e7a e destruindo nossa paz. O pecado n\u00e3o nos permite viver em plenitude, em harmonia com o prop\u00f3sito divino. Ele nos impede de alcan\u00e7ar a verdadeira felicidade.<\/p>\n<p>### A Verdadeira Compreens\u00e3o<\/p>\n<p>A ignor\u00e2ncia, por vezes, nos cega. Podemos ouvir as palavras, mas n\u00e3o compreender o significado profundo. Podemos falar de Deus, mas nosso cora\u00e7\u00e3o permanece distante. \u00c9 preciso desvelar a verdade, discernir a voz do esp\u00edrito e reconhecer a fonte da sabedoria.<\/p>\n<p>### O Caminho da Transforma\u00e7\u00e3o<\/p>\n<p>A ren\u00fancia ao pecado n\u00e3o \u00e9 um fardo a ser suportado, mas um ato de amor e liberdade. Ao abrir nossos cora\u00e7\u00f5es para Jesus, abrimos as portas para a vida abundante. **Renunciamos \u00e0s paix\u00f5es mundanas, aos prazeres ef\u00eameros e nos dedicamos ao crescimento espiritual.**<\/p>\n<p>*   Busque a sabedoria da Palavra.<br \/>*   Cultive a ora\u00e7\u00e3o e a medita\u00e7\u00e3o.<br \/>*   Pratique a humildade e a compaix\u00e3o.<br \/>*   Lute contra o pecado em todas as suas manifesta\u00e7\u00f5es.<\/p>\n<p>### A Palavra e a A\u00e7\u00e3o<\/p>\n<p>N\u00e3o basta declarar a f\u00e9 com os l\u00e1bios; \u00e9 preciso viv\u00ea-la com as a\u00e7\u00f5es. **Nem todos que dizem &#8220;Senhor, Senhor&#8221; entrar\u00e3o no Reino dos C\u00e9us, mas sim aqueles que fazem a vontade de Deus.** A verdadeira f\u00e9 se manifesta em um compromisso com a verdade, em uma busca incessante pela justi\u00e7a e em um amor incondicional ao pr\u00f3ximo.<\/p>\n<p>### A Gra\u00e7a e a Esperan\u00e7a<\/p>\n<p>O pecado nos condena, mas a gra\u00e7a nos liberta. A morte \u00e9 a consequ\u00eancia inevit\u00e1vel do pecado, mas a vida eterna \u00e9 o dom precioso que Jesus nos oferece. **O sal\u00e1rio do pecado \u00e9 a morte, mas o dom de Deus \u00e9 a vida eterna em Cristo Jesus.**<\/p>\n<p>Que possamos, em cada dia, buscar a santidade, fortalecer a f\u00e9 e testemunhar a esperan\u00e7a que reside em nossos cora\u00e7\u00f5es.<\/p>\n","protected":false},"excerpt":{"rendered":"<p>## O Peso do Pecado e a Luz da F\u00e9 H\u00e1 um peso que carregamos, um fardo que obscurece a verdade. \u00c9 a sombra do pecado, que nos afasta da fonte da vida e da alegria. A Palavra nos adverte: se n\u00e3o reconhecemos a verdade, se n\u00e3o abrimos nossos cora\u00e7\u00f5es para a gra\u00e7a, **morreremos em [&hellip;]<\/p>\n","protected":false},"author":1,"featured_media":0,"comment_status":"closed","ping_status":"open","sticky":false,"template":"","format":"standard","meta":{"footnotes":""},"categories":[14],"tags":[],"class_list":["post-5476","post","type-post","status-publish","format-standard","hentry","category-reflexao"],"yoast_head":"<!-- This site is optimized with the Yoast SEO plugin v27.2 - https:\/\/yoast.com\/product\/yoast-seo-wordpress\/ -->\n<title>Pecado e F\u00e9: Encontre a Luz para a Reden\u00e7\u00e3o e a Liberdade - Salmos B\u00edblicos<\/title>\n<meta name=\"robots\" content=\"index, follow, max-snippet:-1, max-image-preview:large, max-video-preview:-1\" \/>\n<link rel=\"canonical\" href=\"https:\/\/salmosbiblicos.com.br\/index.php\/2026\/03\/27\/pecado-e-fe-encontre-a-luz-para-a-redencao-e-a-liberdade\/\" \/>\n<meta property=\"og:locale\" content=\"pt_BR\" \/>\n<meta property=\"og:type\" content=\"article\" \/>\n<meta property=\"og:title\" content=\"Pecado e F\u00e9: Encontre a Luz para a Reden\u00e7\u00e3o e a Liberdade - Salmos B\u00edblicos\" \/>\n<meta property=\"og:description\" content=\"## O Peso do Pecado e a Luz da F\u00e9 H\u00e1 um peso que carregamos, um fardo que obscurece a verdade. \u00c9 a sombra do pecado, que nos afasta da fonte da vida e da alegria. A Palavra nos adverte: se n\u00e3o reconhecemos a verdade, se n\u00e3o abrimos nossos cora\u00e7\u00f5es para a gra\u00e7a, **morreremos em [&hellip;]\" \/>\n<meta property=\"og:url\" content=\"https:\/\/salmosbiblicos.com.br\/index.php\/2026\/03\/27\/pecado-e-fe-encontre-a-luz-para-a-redencao-e-a-liberdade\/\" \/>\n<meta property=\"og:site_name\" content=\"Salmos B\u00edblicos\" \/>\n<meta property=\"article:published_time\" content=\"2026-03-27T14:10:41+00:00\" \/>\n<meta name=\"author\" content=\"alextreh@gmail.com\" \/>\n<meta name=\"twitter:card\" content=\"summary_large_image\" \/>\n<meta name=\"twitter:label1\" content=\"Escrito por\" \/>\n\t<meta name=\"twitter:data1\" content=\"alextreh@gmail.com\" \/>\n\t<meta name=\"twitter:label2\" content=\"Est. tempo de leitura\" \/>\n\t<meta name=\"twitter:data2\" content=\"2 minutos\" \/>\n<script type=\"application\/ld+json\" class=\"yoast-schema-graph\">{\"@context\":\"https:\/\/schema.org\",\"@graph\":[{\"@type\":\"Article\",\"@id\":\"https:\/\/salmosbiblicos.com.br\/index.php\/2026\/03\/27\/pecado-e-fe-encontre-a-luz-para-a-redencao-e-a-liberdade\/#article\",\"isPartOf\":{\"@id\":\"https:\/\/salmosbiblicos.com.br\/index.php\/2026\/03\/27\/pecado-e-fe-encontre-a-luz-para-a-redencao-e-a-liberdade\/\"},\"author\":{\"name\":\"alextreh@gmail.com\",\"@id\":\"https:\/\/salmosbiblicos.com.br\/#\/schema\/person\/30586d0fb3f3a46b78a3414fc39cc975\"},\"headline\":\"Pecado e F\u00e9: Encontre a Luz para a Reden\u00e7\u00e3o e a Liberdade\",\"datePublished\":\"2026-03-27T14:10:41+00:00\",\"mainEntityOfPage\":{\"@id\":\"https:\/\/salmosbiblicos.com.br\/index.php\/2026\/03\/27\/pecado-e-fe-encontre-a-luz-para-a-redencao-e-a-liberdade\/\"},\"wordCount\":480,\"articleSection\":[\"Reflex\u00e3o\"],\"inLanguage\":\"pt-BR\"},{\"@type\":\"WebPage\",\"@id\":\"https:\/\/salmosbiblicos.com.br\/index.php\/2026\/03\/27\/pecado-e-fe-encontre-a-luz-para-a-redencao-e-a-liberdade\/\",\"url\":\"https:\/\/salmosbiblicos.com.br\/index.php\/2026\/03\/27\/pecado-e-fe-encontre-a-luz-para-a-redencao-e-a-liberdade\/\",\"name\":\"Pecado e F\u00e9: Encontre a Luz para a Reden\u00e7\u00e3o e a Liberdade - Salmos B\u00edblicos\",\"isPartOf\":{\"@id\":\"https:\/\/salmosbiblicos.com.br\/#website\"},\"datePublished\":\"2026-03-27T14:10:41+00:00\",\"author\":{\"@id\":\"https:\/\/salmosbiblicos.com.br\/#\/schema\/person\/30586d0fb3f3a46b78a3414fc39cc975\"},\"breadcrumb\":{\"@id\":\"https:\/\/salmosbiblicos.com.br\/index.php\/2026\/03\/27\/pecado-e-fe-encontre-a-luz-para-a-redencao-e-a-liberdade\/#breadcrumb\"},\"inLanguage\":\"pt-BR\",\"potentialAction\":[{\"@type\":\"ReadAction\",\"target\":[\"https:\/\/salmosbiblicos.com.br\/index.php\/2026\/03\/27\/pecado-e-fe-encontre-a-luz-para-a-redencao-e-a-liberdade\/\"]}]},{\"@type\":\"BreadcrumbList\",\"@id\":\"https:\/\/salmosbiblicos.com.br\/index.php\/2026\/03\/27\/pecado-e-fe-encontre-a-luz-para-a-redencao-e-a-liberdade\/#breadcrumb\",\"itemListElement\":[{\"@type\":\"ListItem\",\"position\":1,\"name\":\"Home\",\"item\":\"https:\/\/salmosbiblicos.com.br\/\"},{\"@type\":\"ListItem\",\"position\":2,\"name\":\"Pecado e F\u00e9: Encontre a Luz para a Reden\u00e7\u00e3o e a Liberdade\"}]},{\"@type\":\"WebSite\",\"@id\":\"https:\/\/salmosbiblicos.com.br\/#website\",\"url\":\"https:\/\/salmosbiblicos.com.br\/\",\"name\":\"Salmos B\u00edblicos\",\"description\":\"Uma e-Livraria com e-Books novos para voc\u00ea refletir.\",\"potentialAction\":[{\"@type\":\"SearchAction\",\"target\":{\"@type\":\"EntryPoint\",\"urlTemplate\":\"https:\/\/salmosbiblicos.com.br\/?s={search_term_string}\"},\"query-input\":{\"@type\":\"PropertyValueSpecification\",\"valueRequired\":true,\"valueName\":\"search_term_string\"}}],\"inLanguage\":\"pt-BR\"},{\"@type\":\"Person\",\"@id\":\"https:\/\/salmosbiblicos.com.br\/#\/schema\/person\/30586d0fb3f3a46b78a3414fc39cc975\",\"name\":\"alextreh@gmail.com\",\"image\":{\"@type\":\"ImageObject\",\"inLanguage\":\"pt-BR\",\"@id\":\"https:\/\/secure.gravatar.com\/avatar\/7cf84d31f581ec97b887c1039d478a7c293086896c84951a86753fb2c2af7527?s=96&d=mm&r=g\",\"url\":\"https:\/\/secure.gravatar.com\/avatar\/7cf84d31f581ec97b887c1039d478a7c293086896c84951a86753fb2c2af7527?s=96&d=mm&r=g\",\"contentUrl\":\"https:\/\/secure.gravatar.com\/avatar\/7cf84d31f581ec97b887c1039d478a7c293086896c84951a86753fb2c2af7527?s=96&d=mm&r=g\",\"caption\":\"alextreh@gmail.com\"},\"sameAs\":[\"http:\/\/salmosbiblicos.com.br\"],\"url\":\"https:\/\/salmosbiblicos.com.br\/index.php\/author\/alextrehgmail-com\/\"}]}<\/script>\n<!-- \/ Yoast SEO plugin. -->","yoast_head_json":{"title":"Pecado e F\u00e9: Encontre a Luz para a Reden\u00e7\u00e3o e a Liberdade - Salmos B\u00edblicos","robots":{"index":"index","follow":"follow","max-snippet":"max-snippet:-1","max-image-preview":"max-image-preview:large","max-video-preview":"max-video-preview:-1"},"canonical":"https:\/\/salmosbiblicos.com.br\/index.php\/2026\/03\/27\/pecado-e-fe-encontre-a-luz-para-a-redencao-e-a-liberdade\/","og_locale":"pt_BR","og_type":"article","og_title":"Pecado e F\u00e9: Encontre a Luz para a Reden\u00e7\u00e3o e a Liberdade - Salmos B\u00edblicos","og_description":"## O Peso do Pecado e a Luz da F\u00e9 H\u00e1 um peso que carregamos, um fardo que obscurece a verdade. \u00c9 a sombra do pecado, que nos afasta da fonte da vida e da alegria. A Palavra nos adverte: se n\u00e3o reconhecemos a verdade, se n\u00e3o abrimos nossos cora\u00e7\u00f5es para a gra\u00e7a, **morreremos em [&hellip;]","og_url":"https:\/\/salmosbiblicos.com.br\/index.php\/2026\/03\/27\/pecado-e-fe-encontre-a-luz-para-a-redencao-e-a-liberdade\/","og_site_name":"Salmos B\u00edblicos","article_published_time":"2026-03-27T14:10:41+00:00","author":"alextreh@gmail.com","twitter_card":"summary_large_image","twitter_misc":{"Escrito por":"alextreh@gmail.com","Est. tempo de leitura":"2 minutos"},"schema":{"@context":"https:\/\/schema.org","@graph":[{"@type":"Article","@id":"https:\/\/salmosbiblicos.com.br\/index.php\/2026\/03\/27\/pecado-e-fe-encontre-a-luz-para-a-redencao-e-a-liberdade\/#article","isPartOf":{"@id":"https:\/\/salmosbiblicos.com.br\/index.php\/2026\/03\/27\/pecado-e-fe-encontre-a-luz-para-a-redencao-e-a-liberdade\/"},"author":{"name":"alextreh@gmail.com","@id":"https:\/\/salmosbiblicos.com.br\/#\/schema\/person\/30586d0fb3f3a46b78a3414fc39cc975"},"headline":"Pecado e F\u00e9: Encontre a Luz para a Reden\u00e7\u00e3o e a Liberdade","datePublished":"2026-03-27T14:10:41+00:00","mainEntityOfPage":{"@id":"https:\/\/salmosbiblicos.com.br\/index.php\/2026\/03\/27\/pecado-e-fe-encontre-a-luz-para-a-redencao-e-a-liberdade\/"},"wordCount":480,"articleSection":["Reflex\u00e3o"],"inLanguage":"pt-BR"},{"@type":"WebPage","@id":"https:\/\/salmosbiblicos.com.br\/index.php\/2026\/03\/27\/pecado-e-fe-encontre-a-luz-para-a-redencao-e-a-liberdade\/","url":"https:\/\/salmosbiblicos.com.br\/index.php\/2026\/03\/27\/pecado-e-fe-encontre-a-luz-para-a-redencao-e-a-liberdade\/","name":"Pecado e F\u00e9: Encontre a Luz para a Reden\u00e7\u00e3o e a Liberdade - Salmos B\u00edblicos","isPartOf":{"@id":"https:\/\/salmosbiblicos.com.br\/#website"},"datePublished":"2026-03-27T14:10:41+00:00","author":{"@id":"https:\/\/salmosbiblicos.com.br\/#\/schema\/person\/30586d0fb3f3a46b78a3414fc39cc975"},"breadcrumb":{"@id":"https:\/\/salmosbiblicos.com.br\/index.php\/2026\/03\/27\/pecado-e-fe-encontre-a-luz-para-a-redencao-e-a-liberdade\/#breadcrumb"},"inLanguage":"pt-BR","potentialAction":[{"@type":"ReadAction","target":["https:\/\/salmosbiblicos.com.br\/index.php\/2026\/03\/27\/pecado-e-fe-encontre-a-luz-para-a-redencao-e-a-liberdade\/"]}]},{"@type":"BreadcrumbList","@id":"https:\/\/salmosbiblicos.com.br\/index.php\/2026\/03\/27\/pecado-e-fe-encontre-a-luz-para-a-redencao-e-a-liberdade\/#breadcrumb","itemListElement":[{"@type":"ListItem","position":1,"name":"Home","item":"https:\/\/salmosbiblicos.com.br\/"},{"@type":"ListItem","position":2,"name":"Pecado e F\u00e9: Encontre a Luz para a Reden\u00e7\u00e3o e a Liberdade"}]},{"@type":"WebSite","@id":"https:\/\/salmosbiblicos.com.br\/#website","url":"https:\/\/salmosbiblicos.com.br\/","name":"Salmos B\u00edblicos","description":"Uma e-Livraria com e-Books novos para voc\u00ea refletir.","potentialAction":[{"@type":"SearchAction","target":{"@type":"EntryPoint","urlTemplate":"https:\/\/salmosbiblicos.com.br\/?s={search_term_string}"},"query-input":{"@type":"PropertyValueSpecification","valueRequired":true,"valueName":"search_term_string"}}],"inLanguage":"pt-BR"},{"@type":"Person","@id":"https:\/\/salmosbiblicos.com.br\/#\/schema\/person\/30586d0fb3f3a46b78a3414fc39cc975","name":"alextreh@gmail.com","image":{"@type":"ImageObject","inLanguage":"pt-BR","@id":"https:\/\/secure.gravatar.com\/avatar\/7cf84d31f581ec97b887c1039d478a7c293086896c84951a86753fb2c2af7527?s=96&d=mm&r=g","url":"https:\/\/secure.gravatar.com\/avatar\/7cf84d31f581ec97b887c1039d478a7c293086896c84951a86753fb2c2af7527?s=96&d=mm&r=g","contentUrl":"https:\/\/secure.gravatar.com\/avatar\/7cf84d31f581ec97b887c1039d478a7c293086896c84951a86753fb2c2af7527?s=96&d=mm&r=g","caption":"alextreh@gmail.com"},"sameAs":["http:\/\/salmosbiblicos.com.br"],"url":"https:\/\/salmosbiblicos.com.br\/index.php\/author\/alextrehgmail-com\/"}]}},"_links":{"self":[{"href":"https:\/\/salmosbiblicos.com.br\/index.php\/wp-json\/wp\/v2\/posts\/5476","targetHints":{"allow":["GET"]}}],"collection":[{"href":"https:\/\/salmosbiblicos.com.br\/index.php\/wp-json\/wp\/v2\/posts"}],"about":[{"href":"https:\/\/salmosbiblicos.com.br\/index.php\/wp-json\/wp\/v2\/types\/post"}],"author":[{"embeddable":true,"href":"https:\/\/salmosbiblicos.com.br\/index.php\/wp-json\/wp\/v2\/users\/1"}],"replies":[{"embeddable":true,"href":"https:\/\/salmosbiblicos.com.br\/index.php\/wp-json\/wp\/v2\/comments?post=5476"}],"version-history":[{"count":1,"href":"https:\/\/salmosbiblicos.com.br\/index.php\/wp-json\/wp\/v2\/posts\/5476\/revisions"}],"predecessor-version":[{"id":5477,"href":"https:\/\/salmosbiblicos.com.br\/index.php\/wp-json\/wp\/v2\/posts\/5476\/revisions\/5477"}],"wp:attachment":[{"href":"https:\/\/salmosbiblicos.com.br\/index.php\/wp-json\/wp\/v2\/media?parent=5476"}],"wp:term":[{"taxonomy":"category","embeddable":true,"href":"https:\/\/salmosbiblicos.com.br\/index.php\/wp-json\/wp\/v2\/categories?post=5476"},{"taxonomy":"post_tag","embeddable":true,"href":"https:\/\/salmosbiblicos.com.br\/index.php\/wp-json\/wp\/v2\/tags?post=5476"}],"curies":[{"name":"wp","href":"https:\/\/api.w.org\/{rel}","templated":true}]}}