{"id":5482,"date":"2026-03-27T12:18:46","date_gmt":"2026-03-27T15:18:46","guid":{"rendered":"https:\/\/salmosbiblicos.com.br\/?p=5482"},"modified":"2026-03-27T12:18:46","modified_gmt":"2026-03-27T15:18:46","slug":"a-coragem-da-fe-superando-o-medo-e-a-incerteza","status":"publish","type":"post","link":"https:\/\/salmosbiblicos.com.br\/index.php\/2026\/03\/27\/a-coragem-da-fe-superando-o-medo-e-a-incerteza\/","title":{"rendered":"A Coragem da F\u00e9: Superando o Medo e a Incerteza"},"content":{"rendered":"<p>## A Coragem de Acreditar<\/p>\n<p>H\u00e1 momentos em nossas vidas em que a luz da f\u00e9 parece fraca, quase impercept\u00edvel, diante da escurid\u00e3o do mundo. Sentimos o peso do medo, a press\u00e3o da d\u00favida, e a sombra da incerteza amea\u00e7a nos aprisionar. A voz do temor sussurra em nossos ouvidos, nos aconselhando a silenciar a verdade que reside em nossos cora\u00e7\u00f5es.<\/p>\n<p>### O Medo e a F\u00e9 T\u00edmida<\/p>\n<p>\u00c9 f\u00e1cil se sentir assim. \u00c9 f\u00e1cil se sentir paralisado pela opini\u00e3o alheia, pelo receio de julgamento. O mundo, por vezes, nos apresenta desafios que testam a nossa convic\u00e7\u00e3o, que nos colocam \u00e0 prova. E a resposta \u00e0 prova\u00e7\u00e3o, muitas vezes, parece ser o sil\u00eancio, a discri\u00e7\u00e3o, o medo.<\/p>\n<p>A hist\u00f3ria de um homem nos oferece uma perspectiva valiosa sobre essa luta. Ele era um homem de posi\u00e7\u00e3o, de influ\u00eancia, um l\u00edder em sua comunidade. Conhecido e respeitado, mas tamb\u00e9m carregado de responsabilidades. Ele viu em Jesus algo diferente, algo poderoso. Mas o medo o aprisionou, o fez hesitar, o fez viver uma f\u00e9 t\u00edmida.<\/p>\n<p>### Nicodemos: Um Espelho para Nossa Alma<\/p>\n<p>Nicodemos, um mestre da lei, sentiu a for\u00e7a do chamado, a verdade que emanava de Jesus. Contudo, o medo de perder seu status, de enfrentar oposi\u00e7\u00e3o, o manteve ref\u00e9m. Ele viu a luz, mas temeu a rea\u00e7\u00e3o do mundo.<\/p>\n<p>E n\u00f3s, como Nicodemos, n\u00e3o estamos isentos dessa luta. A press\u00e3o para nos conformarmos, para nos encaixarmos, para n\u00e3o ofender, pode ser sufocante. Mas a f\u00e9, meus irm\u00e3os, n\u00e3o \u00e9 para ser guardada em segredo, como um tesouro escondido. A f\u00e9 \u00e9 uma chama que deve iluminar o caminho para os outros.<\/p>\n<p>### A Verdadeira Liberdade: A F\u00e9 Sem Medo<\/p>\n<p>**N\u00e3o tenha medo de professar a sua f\u00e9.** N\u00e3o se deixe intimidar por aqueles que zombam, que julgam, que perseguem. A verdadeira liberdade reside na coragem de viver de acordo com a nossa consci\u00eancia, de defender a verdade que acreditamos.<\/p>\n<p>O ap\u00f3stolo Paulo nos exorta: **\u201cN\u00e3o me envergonho do Evangelho\u201d**. Que essa declara\u00e7\u00e3o ressoe em nossos cora\u00e7\u00f5es, que nos impulsione a superar o medo e a testemunhar a luz de Cristo ao mundo.<\/p>\n<p>### O Testemunho e a Recompensa<\/p>\n<p>Jesus nos assegura que aqueles que o testemunham diante dos homens tamb\u00e9m ser\u00e3o testemunhados por Ele diante do Pai. **O nosso testemunho, a nossa coragem em professar a nossa f\u00e9, n\u00e3o passam despercebidos aos olhos de Deus.**<\/p>\n<p>Mas a escolha \u00e9 nossa. Podemos escolher a gl\u00f3ria dos homens, o reconhecimento passageiro, o aplauso ef\u00eamero. Ou podemos escolher a gl\u00f3ria de Deus, a eternidade, a recompensa que est\u00e1 guardada para aqueles que permanecem fi\u00e9is.<\/p>\n<p>### Um Chamado \u00e0 Coragem<\/p>\n<p>Abra seu cora\u00e7\u00e3o. Seja corajoso. Testemunhe a sua f\u00e9 com ousadia e convic\u00e7\u00e3o. N\u00e3o se esconda por medo do que os outros podem pensar. **A luz que brilha em seu interior \u00e9 um presente precioso, que deve ser compartilhado com o mundo.**<\/p>\n<p>Que possamos todos encontrar a coragem de Nicodemos, n\u00e3o para esconder a nossa f\u00e9, mas para libert\u00e1-la, para proclam\u00e1-la com alegria e confian\u00e7a. Que o medo seja vencido pelo amor, a d\u00favida pela f\u00e9, e a timidez pela coragem de testemunhar a verdade que nos foi revelada.<\/p>\n","protected":false},"excerpt":{"rendered":"<p>## A Coragem de Acreditar H\u00e1 momentos em nossas vidas em que a luz da f\u00e9 parece fraca, quase impercept\u00edvel, diante da escurid\u00e3o do mundo. Sentimos o peso do medo, a press\u00e3o da d\u00favida, e a sombra da incerteza amea\u00e7a nos aprisionar. A voz do temor sussurra em nossos ouvidos, nos aconselhando a silenciar a [&hellip;]<\/p>\n","protected":false},"author":1,"featured_media":0,"comment_status":"closed","ping_status":"open","sticky":false,"template":"","format":"standard","meta":{"footnotes":""},"categories":[14],"tags":[],"class_list":["post-5482","post","type-post","status-publish","format-standard","hentry","category-reflexao"],"yoast_head":"<!-- This site is optimized with the Yoast SEO plugin v27.2 - https:\/\/yoast.com\/product\/yoast-seo-wordpress\/ -->\n<title>A Coragem da F\u00e9: Superando o Medo e a Incerteza - Salmos B\u00edblicos<\/title>\n<meta name=\"robots\" content=\"index, follow, max-snippet:-1, max-image-preview:large, max-video-preview:-1\" \/>\n<link rel=\"canonical\" href=\"https:\/\/salmosbiblicos.com.br\/index.php\/2026\/03\/27\/a-coragem-da-fe-superando-o-medo-e-a-incerteza\/\" \/>\n<meta property=\"og:locale\" content=\"pt_BR\" \/>\n<meta property=\"og:type\" content=\"article\" \/>\n<meta property=\"og:title\" content=\"A Coragem da F\u00e9: Superando o Medo e a Incerteza - Salmos B\u00edblicos\" \/>\n<meta property=\"og:description\" content=\"## A Coragem de Acreditar H\u00e1 momentos em nossas vidas em que a luz da f\u00e9 parece fraca, quase impercept\u00edvel, diante da escurid\u00e3o do mundo. Sentimos o peso do medo, a press\u00e3o da d\u00favida, e a sombra da incerteza amea\u00e7a nos aprisionar. A voz do temor sussurra em nossos ouvidos, nos aconselhando a silenciar a [&hellip;]\" \/>\n<meta property=\"og:url\" content=\"https:\/\/salmosbiblicos.com.br\/index.php\/2026\/03\/27\/a-coragem-da-fe-superando-o-medo-e-a-incerteza\/\" \/>\n<meta property=\"og:site_name\" content=\"Salmos B\u00edblicos\" \/>\n<meta property=\"article:published_time\" content=\"2026-03-27T15:18:46+00:00\" \/>\n<meta name=\"author\" content=\"alextreh@gmail.com\" \/>\n<meta name=\"twitter:card\" content=\"summary_large_image\" \/>\n<meta name=\"twitter:label1\" content=\"Escrito por\" \/>\n\t<meta name=\"twitter:data1\" content=\"alextreh@gmail.com\" \/>\n\t<meta name=\"twitter:label2\" content=\"Est. tempo de leitura\" \/>\n\t<meta name=\"twitter:data2\" content=\"3 minutos\" \/>\n<script type=\"application\/ld+json\" class=\"yoast-schema-graph\">{\"@context\":\"https:\/\/schema.org\",\"@graph\":[{\"@type\":\"Article\",\"@id\":\"https:\/\/salmosbiblicos.com.br\/index.php\/2026\/03\/27\/a-coragem-da-fe-superando-o-medo-e-a-incerteza\/#article\",\"isPartOf\":{\"@id\":\"https:\/\/salmosbiblicos.com.br\/index.php\/2026\/03\/27\/a-coragem-da-fe-superando-o-medo-e-a-incerteza\/\"},\"author\":{\"name\":\"alextreh@gmail.com\",\"@id\":\"https:\/\/salmosbiblicos.com.br\/#\/schema\/person\/30586d0fb3f3a46b78a3414fc39cc975\"},\"headline\":\"A Coragem da F\u00e9: Superando o Medo e a Incerteza\",\"datePublished\":\"2026-03-27T15:18:46+00:00\",\"mainEntityOfPage\":{\"@id\":\"https:\/\/salmosbiblicos.com.br\/index.php\/2026\/03\/27\/a-coragem-da-fe-superando-o-medo-e-a-incerteza\/\"},\"wordCount\":572,\"articleSection\":[\"Reflex\u00e3o\"],\"inLanguage\":\"pt-BR\"},{\"@type\":\"WebPage\",\"@id\":\"https:\/\/salmosbiblicos.com.br\/index.php\/2026\/03\/27\/a-coragem-da-fe-superando-o-medo-e-a-incerteza\/\",\"url\":\"https:\/\/salmosbiblicos.com.br\/index.php\/2026\/03\/27\/a-coragem-da-fe-superando-o-medo-e-a-incerteza\/\",\"name\":\"A Coragem da F\u00e9: Superando o Medo e a Incerteza - Salmos B\u00edblicos\",\"isPartOf\":{\"@id\":\"https:\/\/salmosbiblicos.com.br\/#website\"},\"datePublished\":\"2026-03-27T15:18:46+00:00\",\"author\":{\"@id\":\"https:\/\/salmosbiblicos.com.br\/#\/schema\/person\/30586d0fb3f3a46b78a3414fc39cc975\"},\"breadcrumb\":{\"@id\":\"https:\/\/salmosbiblicos.com.br\/index.php\/2026\/03\/27\/a-coragem-da-fe-superando-o-medo-e-a-incerteza\/#breadcrumb\"},\"inLanguage\":\"pt-BR\",\"potentialAction\":[{\"@type\":\"ReadAction\",\"target\":[\"https:\/\/salmosbiblicos.com.br\/index.php\/2026\/03\/27\/a-coragem-da-fe-superando-o-medo-e-a-incerteza\/\"]}]},{\"@type\":\"BreadcrumbList\",\"@id\":\"https:\/\/salmosbiblicos.com.br\/index.php\/2026\/03\/27\/a-coragem-da-fe-superando-o-medo-e-a-incerteza\/#breadcrumb\",\"itemListElement\":[{\"@type\":\"ListItem\",\"position\":1,\"name\":\"Home\",\"item\":\"https:\/\/salmosbiblicos.com.br\/\"},{\"@type\":\"ListItem\",\"position\":2,\"name\":\"A Coragem da F\u00e9: Superando o Medo e a Incerteza\"}]},{\"@type\":\"WebSite\",\"@id\":\"https:\/\/salmosbiblicos.com.br\/#website\",\"url\":\"https:\/\/salmosbiblicos.com.br\/\",\"name\":\"Salmos B\u00edblicos\",\"description\":\"Uma e-Livraria com e-Books novos para voc\u00ea refletir.\",\"potentialAction\":[{\"@type\":\"SearchAction\",\"target\":{\"@type\":\"EntryPoint\",\"urlTemplate\":\"https:\/\/salmosbiblicos.com.br\/?s={search_term_string}\"},\"query-input\":{\"@type\":\"PropertyValueSpecification\",\"valueRequired\":true,\"valueName\":\"search_term_string\"}}],\"inLanguage\":\"pt-BR\"},{\"@type\":\"Person\",\"@id\":\"https:\/\/salmosbiblicos.com.br\/#\/schema\/person\/30586d0fb3f3a46b78a3414fc39cc975\",\"name\":\"alextreh@gmail.com\",\"image\":{\"@type\":\"ImageObject\",\"inLanguage\":\"pt-BR\",\"@id\":\"https:\/\/secure.gravatar.com\/avatar\/7cf84d31f581ec97b887c1039d478a7c293086896c84951a86753fb2c2af7527?s=96&d=mm&r=g\",\"url\":\"https:\/\/secure.gravatar.com\/avatar\/7cf84d31f581ec97b887c1039d478a7c293086896c84951a86753fb2c2af7527?s=96&d=mm&r=g\",\"contentUrl\":\"https:\/\/secure.gravatar.com\/avatar\/7cf84d31f581ec97b887c1039d478a7c293086896c84951a86753fb2c2af7527?s=96&d=mm&r=g\",\"caption\":\"alextreh@gmail.com\"},\"sameAs\":[\"http:\/\/salmosbiblicos.com.br\"],\"url\":\"https:\/\/salmosbiblicos.com.br\/index.php\/author\/alextrehgmail-com\/\"}]}<\/script>\n<!-- \/ Yoast SEO plugin. -->","yoast_head_json":{"title":"A Coragem da F\u00e9: Superando o Medo e a Incerteza - Salmos B\u00edblicos","robots":{"index":"index","follow":"follow","max-snippet":"max-snippet:-1","max-image-preview":"max-image-preview:large","max-video-preview":"max-video-preview:-1"},"canonical":"https:\/\/salmosbiblicos.com.br\/index.php\/2026\/03\/27\/a-coragem-da-fe-superando-o-medo-e-a-incerteza\/","og_locale":"pt_BR","og_type":"article","og_title":"A Coragem da F\u00e9: Superando o Medo e a Incerteza - Salmos B\u00edblicos","og_description":"## A Coragem de Acreditar H\u00e1 momentos em nossas vidas em que a luz da f\u00e9 parece fraca, quase impercept\u00edvel, diante da escurid\u00e3o do mundo. Sentimos o peso do medo, a press\u00e3o da d\u00favida, e a sombra da incerteza amea\u00e7a nos aprisionar. A voz do temor sussurra em nossos ouvidos, nos aconselhando a silenciar a [&hellip;]","og_url":"https:\/\/salmosbiblicos.com.br\/index.php\/2026\/03\/27\/a-coragem-da-fe-superando-o-medo-e-a-incerteza\/","og_site_name":"Salmos B\u00edblicos","article_published_time":"2026-03-27T15:18:46+00:00","author":"alextreh@gmail.com","twitter_card":"summary_large_image","twitter_misc":{"Escrito por":"alextreh@gmail.com","Est. tempo de leitura":"3 minutos"},"schema":{"@context":"https:\/\/schema.org","@graph":[{"@type":"Article","@id":"https:\/\/salmosbiblicos.com.br\/index.php\/2026\/03\/27\/a-coragem-da-fe-superando-o-medo-e-a-incerteza\/#article","isPartOf":{"@id":"https:\/\/salmosbiblicos.com.br\/index.php\/2026\/03\/27\/a-coragem-da-fe-superando-o-medo-e-a-incerteza\/"},"author":{"name":"alextreh@gmail.com","@id":"https:\/\/salmosbiblicos.com.br\/#\/schema\/person\/30586d0fb3f3a46b78a3414fc39cc975"},"headline":"A Coragem da F\u00e9: Superando o Medo e a Incerteza","datePublished":"2026-03-27T15:18:46+00:00","mainEntityOfPage":{"@id":"https:\/\/salmosbiblicos.com.br\/index.php\/2026\/03\/27\/a-coragem-da-fe-superando-o-medo-e-a-incerteza\/"},"wordCount":572,"articleSection":["Reflex\u00e3o"],"inLanguage":"pt-BR"},{"@type":"WebPage","@id":"https:\/\/salmosbiblicos.com.br\/index.php\/2026\/03\/27\/a-coragem-da-fe-superando-o-medo-e-a-incerteza\/","url":"https:\/\/salmosbiblicos.com.br\/index.php\/2026\/03\/27\/a-coragem-da-fe-superando-o-medo-e-a-incerteza\/","name":"A Coragem da F\u00e9: Superando o Medo e a Incerteza - Salmos B\u00edblicos","isPartOf":{"@id":"https:\/\/salmosbiblicos.com.br\/#website"},"datePublished":"2026-03-27T15:18:46+00:00","author":{"@id":"https:\/\/salmosbiblicos.com.br\/#\/schema\/person\/30586d0fb3f3a46b78a3414fc39cc975"},"breadcrumb":{"@id":"https:\/\/salmosbiblicos.com.br\/index.php\/2026\/03\/27\/a-coragem-da-fe-superando-o-medo-e-a-incerteza\/#breadcrumb"},"inLanguage":"pt-BR","potentialAction":[{"@type":"ReadAction","target":["https:\/\/salmosbiblicos.com.br\/index.php\/2026\/03\/27\/a-coragem-da-fe-superando-o-medo-e-a-incerteza\/"]}]},{"@type":"BreadcrumbList","@id":"https:\/\/salmosbiblicos.com.br\/index.php\/2026\/03\/27\/a-coragem-da-fe-superando-o-medo-e-a-incerteza\/#breadcrumb","itemListElement":[{"@type":"ListItem","position":1,"name":"Home","item":"https:\/\/salmosbiblicos.com.br\/"},{"@type":"ListItem","position":2,"name":"A Coragem da F\u00e9: Superando o Medo e a Incerteza"}]},{"@type":"WebSite","@id":"https:\/\/salmosbiblicos.com.br\/#website","url":"https:\/\/salmosbiblicos.com.br\/","name":"Salmos B\u00edblicos","description":"Uma e-Livraria com e-Books novos para voc\u00ea refletir.","potentialAction":[{"@type":"SearchAction","target":{"@type":"EntryPoint","urlTemplate":"https:\/\/salmosbiblicos.com.br\/?s={search_term_string}"},"query-input":{"@type":"PropertyValueSpecification","valueRequired":true,"valueName":"search_term_string"}}],"inLanguage":"pt-BR"},{"@type":"Person","@id":"https:\/\/salmosbiblicos.com.br\/#\/schema\/person\/30586d0fb3f3a46b78a3414fc39cc975","name":"alextreh@gmail.com","image":{"@type":"ImageObject","inLanguage":"pt-BR","@id":"https:\/\/secure.gravatar.com\/avatar\/7cf84d31f581ec97b887c1039d478a7c293086896c84951a86753fb2c2af7527?s=96&d=mm&r=g","url":"https:\/\/secure.gravatar.com\/avatar\/7cf84d31f581ec97b887c1039d478a7c293086896c84951a86753fb2c2af7527?s=96&d=mm&r=g","contentUrl":"https:\/\/secure.gravatar.com\/avatar\/7cf84d31f581ec97b887c1039d478a7c293086896c84951a86753fb2c2af7527?s=96&d=mm&r=g","caption":"alextreh@gmail.com"},"sameAs":["http:\/\/salmosbiblicos.com.br"],"url":"https:\/\/salmosbiblicos.com.br\/index.php\/author\/alextrehgmail-com\/"}]}},"_links":{"self":[{"href":"https:\/\/salmosbiblicos.com.br\/index.php\/wp-json\/wp\/v2\/posts\/5482","targetHints":{"allow":["GET"]}}],"collection":[{"href":"https:\/\/salmosbiblicos.com.br\/index.php\/wp-json\/wp\/v2\/posts"}],"about":[{"href":"https:\/\/salmosbiblicos.com.br\/index.php\/wp-json\/wp\/v2\/types\/post"}],"author":[{"embeddable":true,"href":"https:\/\/salmosbiblicos.com.br\/index.php\/wp-json\/wp\/v2\/users\/1"}],"replies":[{"embeddable":true,"href":"https:\/\/salmosbiblicos.com.br\/index.php\/wp-json\/wp\/v2\/comments?post=5482"}],"version-history":[{"count":1,"href":"https:\/\/salmosbiblicos.com.br\/index.php\/wp-json\/wp\/v2\/posts\/5482\/revisions"}],"predecessor-version":[{"id":5483,"href":"https:\/\/salmosbiblicos.com.br\/index.php\/wp-json\/wp\/v2\/posts\/5482\/revisions\/5483"}],"wp:attachment":[{"href":"https:\/\/salmosbiblicos.com.br\/index.php\/wp-json\/wp\/v2\/media?parent=5482"}],"wp:term":[{"taxonomy":"category","embeddable":true,"href":"https:\/\/salmosbiblicos.com.br\/index.php\/wp-json\/wp\/v2\/categories?post=5482"},{"taxonomy":"post_tag","embeddable":true,"href":"https:\/\/salmosbiblicos.com.br\/index.php\/wp-json\/wp\/v2\/tags?post=5482"}],"curies":[{"name":"wp","href":"https:\/\/api.w.org\/{rel}","templated":true}]}}