{"id":5486,"date":"2026-03-27T13:02:02","date_gmt":"2026-03-27T16:02:02","guid":{"rendered":"https:\/\/salmosbiblicos.com.br\/?p=5486"},"modified":"2026-03-27T13:02:02","modified_gmt":"2026-03-27T16:02:02","slug":"morte-e-vida-em-cristo-reflexoes-sobre-fe-e-destino","status":"publish","type":"post","link":"https:\/\/salmosbiblicos.com.br\/index.php\/2026\/03\/27\/morte-e-vida-em-cristo-reflexoes-sobre-fe-e-destino\/","title":{"rendered":"Morte e Vida em Cristo: Reflex\u00f5es sobre F\u00e9 e Destino"},"content":{"rendered":"<p>## A Profunda Realidade da Morte e da Vida em Cristo<\/p>\n<p>J\u00e1 refletimos muitas vezes sobre a promessa de vida nova, a esperan\u00e7a que nos revigora: &#8220;Est\u00e1vamos mortos, e agora, por causa de Cristo, temos vida.&#8221; Mas o qu\u00e3o profunda e transformadora \u00e9 essa verdade, essa d\u00e1diva inestim\u00e1vel, que muitas vezes tomamos como certa? \u00c9 uma realidade b\u00edblica que merece nossa contempla\u00e7\u00e3o e gratid\u00e3o.<\/p>\n<p>### A Origem da Mortalidade<\/p>\n<p>Ao nos aprofundarmos nas Escrituras, encontramos a raiz da nossa condi\u00e7\u00e3o. As palavras de Romanos 5:13 nos confrontam: &#8220;Por isso, como por um s\u00f3 entrou o pecado no mundo, e pelo pecado a morte, assim a morte passou a todo o homem, porque todos pecaram.&#8221; Compreender esta verdade \u00e9 fundamental para apreciar a magnitude do amor divino.<\/p>\n<p>O texto nos leva a uma an\u00e1lise crucial: em Ad\u00e3o, todos n\u00f3s morremos, mas em Cristo, experimentamos a vida. Paulo, com sua sabedoria, descreve Jesus como o &#8220;novo Ad\u00e3o&#8221;, em contraste com o primeiro, que nos trouxe a morte. Essa distin\u00e7\u00e3o nos convida a uma medita\u00e7\u00e3o profunda sobre a nossa origem e o nosso destino.<\/p>\n<p>### A Justi\u00e7a pela F\u00e9<\/p>\n<p>A promessa de Deus a Abra\u00e3o, registrada em Romanos 4:13, nos revela um caminho diferente: &#8220;n\u00e3o foi por causa da lei, mas por causa da justi\u00e7a que vem da f\u00e9, que Deus prometeu a Abra\u00e3o e \u00e0 sua descend\u00eancia.&#8221; A condi\u00e7\u00e3o para sermos herdeiros n\u00e3o reside em nossas obras, mas na f\u00e9 que nos conecta ao divino. <\/p>\n<p>Essa f\u00e9 \u00e9 um presente, uma gra\u00e7a concedida, e \u00e9 atrav\u00e9s dela que nos tornamos herdeiros da promessa. Abra\u00e3o, figura primordial na f\u00e9, \u00e9 chamado &#8220;pai de muitos povos&#8221;, um testemunho da for\u00e7a da esperan\u00e7a que o impulsionou a persistir, mesmo &#8220;contra toda a esperan\u00e7a humana.&#8221;<\/p>\n<p>### A Morte da Alma e a Restaura\u00e7\u00e3o da Gra\u00e7a<\/p>\n<p>Origens, comentando as Escrituras, nos ajuda a entender a dimens\u00e3o espiritual da morte. Ele nos ensina que, para aqueles que pecaram, a morte se manifesta na alma, que se torna incapaz de ver a Deus, ouvir sua palavra, sentir seu amor, provar a bondade de seu ensino ou tocar a vida que emana d&#8217;Ele. <\/p>\n<p>Assim est\u00e1vamos, espiritualmente mortos, at\u00e9 que a gra\u00e7a de Cristo nos alcan\u00e7ou. Da mesma forma que os sentidos do corpo morrem, tornando-se insens\u00edveis ao mundo material, a alma, privada da gra\u00e7a divina, torna-se cega para a verdade espiritual. Mas Cristo, em sua infinita miseric\u00f3rdia, nos concedeu a vida.<\/p>\n<p>### A Gra\u00e7a como Heran\u00e7a<\/p>\n<p>Ef\u00e9ssios 2:1 nos lembra: &#8220;E v\u00f3s est\u00e1veis mortos em vosso pecado.&#8221;  Mas, impulsionado pelo amor imensur\u00e1vel de Deus, Ele nos deu a vida em Cristo. Essa \u00e9 a heran\u00e7a que nos \u00e9 oferecida, um dom gratuito, uma gra\u00e7a que transborda. <\/p>\n<p>Que possamos, portanto, expressar nossa gratid\u00e3o a Jesus por nos dar a vida, por nos dar a esperan\u00e7a. Que estejamos gratos pela gra\u00e7a que nos salva e nos conduz \u00e0 vida eterna. Lembremos: a condi\u00e7\u00e3o de herdeiros \u00e9 uma gra\u00e7a, um dom gratuito.<\/p>\n<p>*   **Reconhe\u00e7a a sua depend\u00eancia da gra\u00e7a divina.**<br \/>*   **Cultive a f\u00e9 em Cristo, a chave para a vida eterna.**<br \/>*   **Compartilhe a alegria da vida nova com aqueles que te rodeiam.**<\/p>\n","protected":false},"excerpt":{"rendered":"<p>## A Profunda Realidade da Morte e da Vida em Cristo J\u00e1 refletimos muitas vezes sobre a promessa de vida nova, a esperan\u00e7a que nos revigora: &#8220;Est\u00e1vamos mortos, e agora, por causa de Cristo, temos vida.&#8221; Mas o qu\u00e3o profunda e transformadora \u00e9 essa verdade, essa d\u00e1diva inestim\u00e1vel, que muitas vezes tomamos como certa? \u00c9 [&hellip;]<\/p>\n","protected":false},"author":1,"featured_media":0,"comment_status":"closed","ping_status":"open","sticky":false,"template":"","format":"standard","meta":{"footnotes":""},"categories":[14],"tags":[],"class_list":["post-5486","post","type-post","status-publish","format-standard","hentry","category-reflexao"],"yoast_head":"<!-- This site is optimized with the Yoast SEO plugin v27.2 - https:\/\/yoast.com\/product\/yoast-seo-wordpress\/ -->\n<title>Morte e Vida em Cristo: Reflex\u00f5es sobre F\u00e9 e Destino - Salmos B\u00edblicos<\/title>\n<meta name=\"robots\" content=\"index, follow, max-snippet:-1, max-image-preview:large, max-video-preview:-1\" \/>\n<link rel=\"canonical\" href=\"https:\/\/salmosbiblicos.com.br\/index.php\/2026\/03\/27\/morte-e-vida-em-cristo-reflexoes-sobre-fe-e-destino\/\" \/>\n<meta property=\"og:locale\" content=\"pt_BR\" \/>\n<meta property=\"og:type\" content=\"article\" \/>\n<meta property=\"og:title\" content=\"Morte e Vida em Cristo: Reflex\u00f5es sobre F\u00e9 e Destino - Salmos B\u00edblicos\" \/>\n<meta property=\"og:description\" content=\"## A Profunda Realidade da Morte e da Vida em Cristo J\u00e1 refletimos muitas vezes sobre a promessa de vida nova, a esperan\u00e7a que nos revigora: &#8220;Est\u00e1vamos mortos, e agora, por causa de Cristo, temos vida.&#8221; Mas o qu\u00e3o profunda e transformadora \u00e9 essa verdade, essa d\u00e1diva inestim\u00e1vel, que muitas vezes tomamos como certa? \u00c9 [&hellip;]\" \/>\n<meta property=\"og:url\" content=\"https:\/\/salmosbiblicos.com.br\/index.php\/2026\/03\/27\/morte-e-vida-em-cristo-reflexoes-sobre-fe-e-destino\/\" \/>\n<meta property=\"og:site_name\" content=\"Salmos B\u00edblicos\" \/>\n<meta property=\"article:published_time\" content=\"2026-03-27T16:02:02+00:00\" \/>\n<meta name=\"author\" content=\"alextreh@gmail.com\" \/>\n<meta name=\"twitter:card\" content=\"summary_large_image\" \/>\n<meta name=\"twitter:label1\" content=\"Escrito por\" \/>\n\t<meta name=\"twitter:data1\" content=\"alextreh@gmail.com\" \/>\n\t<meta name=\"twitter:label2\" content=\"Est. tempo de leitura\" \/>\n\t<meta name=\"twitter:data2\" content=\"3 minutos\" \/>\n<script type=\"application\/ld+json\" class=\"yoast-schema-graph\">{\"@context\":\"https:\/\/schema.org\",\"@graph\":[{\"@type\":\"Article\",\"@id\":\"https:\/\/salmosbiblicos.com.br\/index.php\/2026\/03\/27\/morte-e-vida-em-cristo-reflexoes-sobre-fe-e-destino\/#article\",\"isPartOf\":{\"@id\":\"https:\/\/salmosbiblicos.com.br\/index.php\/2026\/03\/27\/morte-e-vida-em-cristo-reflexoes-sobre-fe-e-destino\/\"},\"author\":{\"name\":\"alextreh@gmail.com\",\"@id\":\"https:\/\/salmosbiblicos.com.br\/#\/schema\/person\/30586d0fb3f3a46b78a3414fc39cc975\"},\"headline\":\"Morte e Vida em Cristo: Reflex\u00f5es sobre F\u00e9 e Destino\",\"datePublished\":\"2026-03-27T16:02:02+00:00\",\"mainEntityOfPage\":{\"@id\":\"https:\/\/salmosbiblicos.com.br\/index.php\/2026\/03\/27\/morte-e-vida-em-cristo-reflexoes-sobre-fe-e-destino\/\"},\"wordCount\":565,\"articleSection\":[\"Reflex\u00e3o\"],\"inLanguage\":\"pt-BR\"},{\"@type\":\"WebPage\",\"@id\":\"https:\/\/salmosbiblicos.com.br\/index.php\/2026\/03\/27\/morte-e-vida-em-cristo-reflexoes-sobre-fe-e-destino\/\",\"url\":\"https:\/\/salmosbiblicos.com.br\/index.php\/2026\/03\/27\/morte-e-vida-em-cristo-reflexoes-sobre-fe-e-destino\/\",\"name\":\"Morte e Vida em Cristo: Reflex\u00f5es sobre F\u00e9 e Destino - Salmos B\u00edblicos\",\"isPartOf\":{\"@id\":\"https:\/\/salmosbiblicos.com.br\/#website\"},\"datePublished\":\"2026-03-27T16:02:02+00:00\",\"author\":{\"@id\":\"https:\/\/salmosbiblicos.com.br\/#\/schema\/person\/30586d0fb3f3a46b78a3414fc39cc975\"},\"breadcrumb\":{\"@id\":\"https:\/\/salmosbiblicos.com.br\/index.php\/2026\/03\/27\/morte-e-vida-em-cristo-reflexoes-sobre-fe-e-destino\/#breadcrumb\"},\"inLanguage\":\"pt-BR\",\"potentialAction\":[{\"@type\":\"ReadAction\",\"target\":[\"https:\/\/salmosbiblicos.com.br\/index.php\/2026\/03\/27\/morte-e-vida-em-cristo-reflexoes-sobre-fe-e-destino\/\"]}]},{\"@type\":\"BreadcrumbList\",\"@id\":\"https:\/\/salmosbiblicos.com.br\/index.php\/2026\/03\/27\/morte-e-vida-em-cristo-reflexoes-sobre-fe-e-destino\/#breadcrumb\",\"itemListElement\":[{\"@type\":\"ListItem\",\"position\":1,\"name\":\"Home\",\"item\":\"https:\/\/salmosbiblicos.com.br\/\"},{\"@type\":\"ListItem\",\"position\":2,\"name\":\"Morte e Vida em Cristo: Reflex\u00f5es sobre F\u00e9 e Destino\"}]},{\"@type\":\"WebSite\",\"@id\":\"https:\/\/salmosbiblicos.com.br\/#website\",\"url\":\"https:\/\/salmosbiblicos.com.br\/\",\"name\":\"Salmos B\u00edblicos\",\"description\":\"Uma e-Livraria com e-Books novos para voc\u00ea refletir.\",\"potentialAction\":[{\"@type\":\"SearchAction\",\"target\":{\"@type\":\"EntryPoint\",\"urlTemplate\":\"https:\/\/salmosbiblicos.com.br\/?s={search_term_string}\"},\"query-input\":{\"@type\":\"PropertyValueSpecification\",\"valueRequired\":true,\"valueName\":\"search_term_string\"}}],\"inLanguage\":\"pt-BR\"},{\"@type\":\"Person\",\"@id\":\"https:\/\/salmosbiblicos.com.br\/#\/schema\/person\/30586d0fb3f3a46b78a3414fc39cc975\",\"name\":\"alextreh@gmail.com\",\"image\":{\"@type\":\"ImageObject\",\"inLanguage\":\"pt-BR\",\"@id\":\"https:\/\/secure.gravatar.com\/avatar\/7cf84d31f581ec97b887c1039d478a7c293086896c84951a86753fb2c2af7527?s=96&d=mm&r=g\",\"url\":\"https:\/\/secure.gravatar.com\/avatar\/7cf84d31f581ec97b887c1039d478a7c293086896c84951a86753fb2c2af7527?s=96&d=mm&r=g\",\"contentUrl\":\"https:\/\/secure.gravatar.com\/avatar\/7cf84d31f581ec97b887c1039d478a7c293086896c84951a86753fb2c2af7527?s=96&d=mm&r=g\",\"caption\":\"alextreh@gmail.com\"},\"sameAs\":[\"http:\/\/salmosbiblicos.com.br\"],\"url\":\"https:\/\/salmosbiblicos.com.br\/index.php\/author\/alextrehgmail-com\/\"}]}<\/script>\n<!-- \/ Yoast SEO plugin. -->","yoast_head_json":{"title":"Morte e Vida em Cristo: Reflex\u00f5es sobre F\u00e9 e Destino - Salmos B\u00edblicos","robots":{"index":"index","follow":"follow","max-snippet":"max-snippet:-1","max-image-preview":"max-image-preview:large","max-video-preview":"max-video-preview:-1"},"canonical":"https:\/\/salmosbiblicos.com.br\/index.php\/2026\/03\/27\/morte-e-vida-em-cristo-reflexoes-sobre-fe-e-destino\/","og_locale":"pt_BR","og_type":"article","og_title":"Morte e Vida em Cristo: Reflex\u00f5es sobre F\u00e9 e Destino - Salmos B\u00edblicos","og_description":"## A Profunda Realidade da Morte e da Vida em Cristo J\u00e1 refletimos muitas vezes sobre a promessa de vida nova, a esperan\u00e7a que nos revigora: &#8220;Est\u00e1vamos mortos, e agora, por causa de Cristo, temos vida.&#8221; Mas o qu\u00e3o profunda e transformadora \u00e9 essa verdade, essa d\u00e1diva inestim\u00e1vel, que muitas vezes tomamos como certa? \u00c9 [&hellip;]","og_url":"https:\/\/salmosbiblicos.com.br\/index.php\/2026\/03\/27\/morte-e-vida-em-cristo-reflexoes-sobre-fe-e-destino\/","og_site_name":"Salmos B\u00edblicos","article_published_time":"2026-03-27T16:02:02+00:00","author":"alextreh@gmail.com","twitter_card":"summary_large_image","twitter_misc":{"Escrito por":"alextreh@gmail.com","Est. tempo de leitura":"3 minutos"},"schema":{"@context":"https:\/\/schema.org","@graph":[{"@type":"Article","@id":"https:\/\/salmosbiblicos.com.br\/index.php\/2026\/03\/27\/morte-e-vida-em-cristo-reflexoes-sobre-fe-e-destino\/#article","isPartOf":{"@id":"https:\/\/salmosbiblicos.com.br\/index.php\/2026\/03\/27\/morte-e-vida-em-cristo-reflexoes-sobre-fe-e-destino\/"},"author":{"name":"alextreh@gmail.com","@id":"https:\/\/salmosbiblicos.com.br\/#\/schema\/person\/30586d0fb3f3a46b78a3414fc39cc975"},"headline":"Morte e Vida em Cristo: Reflex\u00f5es sobre F\u00e9 e Destino","datePublished":"2026-03-27T16:02:02+00:00","mainEntityOfPage":{"@id":"https:\/\/salmosbiblicos.com.br\/index.php\/2026\/03\/27\/morte-e-vida-em-cristo-reflexoes-sobre-fe-e-destino\/"},"wordCount":565,"articleSection":["Reflex\u00e3o"],"inLanguage":"pt-BR"},{"@type":"WebPage","@id":"https:\/\/salmosbiblicos.com.br\/index.php\/2026\/03\/27\/morte-e-vida-em-cristo-reflexoes-sobre-fe-e-destino\/","url":"https:\/\/salmosbiblicos.com.br\/index.php\/2026\/03\/27\/morte-e-vida-em-cristo-reflexoes-sobre-fe-e-destino\/","name":"Morte e Vida em Cristo: Reflex\u00f5es sobre F\u00e9 e Destino - Salmos B\u00edblicos","isPartOf":{"@id":"https:\/\/salmosbiblicos.com.br\/#website"},"datePublished":"2026-03-27T16:02:02+00:00","author":{"@id":"https:\/\/salmosbiblicos.com.br\/#\/schema\/person\/30586d0fb3f3a46b78a3414fc39cc975"},"breadcrumb":{"@id":"https:\/\/salmosbiblicos.com.br\/index.php\/2026\/03\/27\/morte-e-vida-em-cristo-reflexoes-sobre-fe-e-destino\/#breadcrumb"},"inLanguage":"pt-BR","potentialAction":[{"@type":"ReadAction","target":["https:\/\/salmosbiblicos.com.br\/index.php\/2026\/03\/27\/morte-e-vida-em-cristo-reflexoes-sobre-fe-e-destino\/"]}]},{"@type":"BreadcrumbList","@id":"https:\/\/salmosbiblicos.com.br\/index.php\/2026\/03\/27\/morte-e-vida-em-cristo-reflexoes-sobre-fe-e-destino\/#breadcrumb","itemListElement":[{"@type":"ListItem","position":1,"name":"Home","item":"https:\/\/salmosbiblicos.com.br\/"},{"@type":"ListItem","position":2,"name":"Morte e Vida em Cristo: Reflex\u00f5es sobre F\u00e9 e Destino"}]},{"@type":"WebSite","@id":"https:\/\/salmosbiblicos.com.br\/#website","url":"https:\/\/salmosbiblicos.com.br\/","name":"Salmos B\u00edblicos","description":"Uma e-Livraria com e-Books novos para voc\u00ea refletir.","potentialAction":[{"@type":"SearchAction","target":{"@type":"EntryPoint","urlTemplate":"https:\/\/salmosbiblicos.com.br\/?s={search_term_string}"},"query-input":{"@type":"PropertyValueSpecification","valueRequired":true,"valueName":"search_term_string"}}],"inLanguage":"pt-BR"},{"@type":"Person","@id":"https:\/\/salmosbiblicos.com.br\/#\/schema\/person\/30586d0fb3f3a46b78a3414fc39cc975","name":"alextreh@gmail.com","image":{"@type":"ImageObject","inLanguage":"pt-BR","@id":"https:\/\/secure.gravatar.com\/avatar\/7cf84d31f581ec97b887c1039d478a7c293086896c84951a86753fb2c2af7527?s=96&d=mm&r=g","url":"https:\/\/secure.gravatar.com\/avatar\/7cf84d31f581ec97b887c1039d478a7c293086896c84951a86753fb2c2af7527?s=96&d=mm&r=g","contentUrl":"https:\/\/secure.gravatar.com\/avatar\/7cf84d31f581ec97b887c1039d478a7c293086896c84951a86753fb2c2af7527?s=96&d=mm&r=g","caption":"alextreh@gmail.com"},"sameAs":["http:\/\/salmosbiblicos.com.br"],"url":"https:\/\/salmosbiblicos.com.br\/index.php\/author\/alextrehgmail-com\/"}]}},"_links":{"self":[{"href":"https:\/\/salmosbiblicos.com.br\/index.php\/wp-json\/wp\/v2\/posts\/5486","targetHints":{"allow":["GET"]}}],"collection":[{"href":"https:\/\/salmosbiblicos.com.br\/index.php\/wp-json\/wp\/v2\/posts"}],"about":[{"href":"https:\/\/salmosbiblicos.com.br\/index.php\/wp-json\/wp\/v2\/types\/post"}],"author":[{"embeddable":true,"href":"https:\/\/salmosbiblicos.com.br\/index.php\/wp-json\/wp\/v2\/users\/1"}],"replies":[{"embeddable":true,"href":"https:\/\/salmosbiblicos.com.br\/index.php\/wp-json\/wp\/v2\/comments?post=5486"}],"version-history":[{"count":1,"href":"https:\/\/salmosbiblicos.com.br\/index.php\/wp-json\/wp\/v2\/posts\/5486\/revisions"}],"predecessor-version":[{"id":5487,"href":"https:\/\/salmosbiblicos.com.br\/index.php\/wp-json\/wp\/v2\/posts\/5486\/revisions\/5487"}],"wp:attachment":[{"href":"https:\/\/salmosbiblicos.com.br\/index.php\/wp-json\/wp\/v2\/media?parent=5486"}],"wp:term":[{"taxonomy":"category","embeddable":true,"href":"https:\/\/salmosbiblicos.com.br\/index.php\/wp-json\/wp\/v2\/categories?post=5486"},{"taxonomy":"post_tag","embeddable":true,"href":"https:\/\/salmosbiblicos.com.br\/index.php\/wp-json\/wp\/v2\/tags?post=5486"}],"curies":[{"name":"wp","href":"https:\/\/api.w.org\/{rel}","templated":true}]}}