{"id":5488,"date":"2026-03-27T13:23:20","date_gmt":"2026-03-27T16:23:20","guid":{"rendered":"https:\/\/salmosbiblicos.com.br\/?p=5488"},"modified":"2026-03-27T13:23:20","modified_gmt":"2026-03-27T16:23:20","slug":"a-vida-em-deus-a-essencia-da-existencia-e-a-fe-permanente","status":"publish","type":"post","link":"https:\/\/salmosbiblicos.com.br\/index.php\/2026\/03\/27\/a-vida-em-deus-a-essencia-da-existencia-e-a-fe-permanente\/","title":{"rendered":"A Vida em Deus: A Ess\u00eancia da Exist\u00eancia e a F\u00e9 Permanente"},"content":{"rendered":"<p>## A Fonte da Exist\u00eancia: Um Chamado \u00e0 Depend\u00eancia<\/p>\n<p>\u00c9 um pensamento profundo que nos convida \u00e0 reflex\u00e3o: a vida, em sua ess\u00eancia, n\u00e3o emana de n\u00f3s. Somos, em verdade, como ramos que precisam do tronco para florescer e dar frutos. O Pai, o Filho e o Esp\u00edrito Santo, habitam a divindade, possuindo a fonte da vida em si mesmos. E n\u00f3s, humildes criaturas, s\u00f3 encontramos a vida em Deus.<\/p>\n<p>### A Depend\u00eancia Humana<\/p>\n<p>A mensagem do Evangelho nos confronta com uma realidade vital: **sem Deus, a morte \u00e9 inevit\u00e1vel**. N\u00e3o somos autossuficientes, n\u00e3o podemos gerar a vida em nosso interior. Nossa exist\u00eancia depende inteiramente da gra\u00e7a divina, da for\u00e7a que emana do amor do Pai, transmitida pelo Filho e consagrada pelo Esp\u00edrito Santo.<\/p>\n<p>Jesus nos revela essa verdade, contrastando a Sua exist\u00eancia com a nossa. Ele afirma: &#8220;Meu pai trabalha sempre, portanto tamb\u00e9m eu trabalho.&#8221; Esta afirma\u00e7\u00e3o n\u00e3o se refere a uma rotina ou tarefa, mas \u00e0 pr\u00f3pria ess\u00eancia da divindade, que se manifesta na cria\u00e7\u00e3o e na perpetua\u00e7\u00e3o da vida.<\/p>\n<p>### O Poder da F\u00e9<\/p>\n<p>A promessa ressoa clara: **&#8221;quem ouve a minha palavra, e cr\u00ea naquele que me enviou, possui a vida eterna&#8221;**. A vida eterna n\u00e3o \u00e9 apenas a promessa de um futuro glorioso, mas uma realidade presente, um estado de gra\u00e7a que se inicia no momento em que acolhemos a Palavra e cremos em Jesus Cristo.<\/p>\n<p>O poder de julgar, de discernir o bem do mal, tamb\u00e9m \u00e9 concedido a Jesus, para que todos possam honr\u00e1-Lo e, por extens\u00e3o, a Aquele que o enviou. Esta justi\u00e7a divina se manifesta na ressurrei\u00e7\u00e3o dos justos e na condena\u00e7\u00e3o dos que praticam o mal.<\/p>\n<p>### Vivendo em Cristo<\/p>\n<p>O Ap\u00f3stolo Paulo, em sua profunda sabedoria, nos recorda que sua pr\u00f3pria exist\u00eancia \u00e9 dependente de Cristo. **&#8221;Eu j\u00e1 n\u00e3o sou eu, \u00e9 Cristo que vive em mim&#8221;**.  Esta \u00e9 a ess\u00eancia da f\u00e9: a entrega total a Deus, a ren\u00fancia ao nosso eu para que a Sua vontade possa se manifestar em nossas vidas.<\/p>\n<p>*   Reconhe\u00e7a a sua depend\u00eancia de Deus.<br \/>*   Busque a Palavra de Deus diariamente.<br \/>*   Permita que Cristo viva em voc\u00ea.<br \/>*   Compartilhe essa mensagem de esperan\u00e7a e f\u00e9 com aqueles que precisam.<\/p>\n<p>### O Segredo Revelado<\/p>\n<p>Santa Agostinho, em sua reflex\u00e3o, nos convida a desvendar o segredo por tr\u00e1s da express\u00e3o &#8220;vida em si mesmo&#8221;. \u00c9 uma linguagem que nos transporta para o mist\u00e9rio da divindade, para a fonte inesgot\u00e1vel de amor e poder que nos sustenta. <\/p>\n<p>A verdade \u00e9 que, como homens de f\u00e9, **n\u00e3o temos vida em n\u00f3s mesmos, mas em Cristo**. E onde encontramos essa vida? No amor incondicional do Pai, na miseric\u00f3rdia do Filho e na gra\u00e7a do Esp\u00edrito Santo. Que possamos, ent\u00e3o, viver em profunda gratid\u00e3o, reconhecendo que a nossa exist\u00eancia \u00e9 um dom precioso, um reflexo da luz divina que ilumina o nosso caminho.<\/p>\n","protected":false},"excerpt":{"rendered":"<p>## A Fonte da Exist\u00eancia: Um Chamado \u00e0 Depend\u00eancia \u00c9 um pensamento profundo que nos convida \u00e0 reflex\u00e3o: a vida, em sua ess\u00eancia, n\u00e3o emana de n\u00f3s. Somos, em verdade, como ramos que precisam do tronco para florescer e dar frutos. O Pai, o Filho e o Esp\u00edrito Santo, habitam a divindade, possuindo a fonte [&hellip;]<\/p>\n","protected":false},"author":1,"featured_media":0,"comment_status":"closed","ping_status":"open","sticky":false,"template":"","format":"standard","meta":{"footnotes":""},"categories":[14],"tags":[],"class_list":["post-5488","post","type-post","status-publish","format-standard","hentry","category-reflexao"],"yoast_head":"<!-- This site is optimized with the Yoast SEO plugin v27.2 - https:\/\/yoast.com\/product\/yoast-seo-wordpress\/ -->\n<title>A Vida em Deus: A Ess\u00eancia da Exist\u00eancia e a F\u00e9 Permanente - Salmos B\u00edblicos<\/title>\n<meta name=\"robots\" content=\"index, follow, max-snippet:-1, max-image-preview:large, max-video-preview:-1\" \/>\n<link rel=\"canonical\" href=\"https:\/\/salmosbiblicos.com.br\/index.php\/2026\/03\/27\/a-vida-em-deus-a-essencia-da-existencia-e-a-fe-permanente\/\" \/>\n<meta property=\"og:locale\" content=\"pt_BR\" \/>\n<meta property=\"og:type\" content=\"article\" \/>\n<meta property=\"og:title\" content=\"A Vida em Deus: A Ess\u00eancia da Exist\u00eancia e a F\u00e9 Permanente - Salmos B\u00edblicos\" \/>\n<meta property=\"og:description\" content=\"## A Fonte da Exist\u00eancia: Um Chamado \u00e0 Depend\u00eancia \u00c9 um pensamento profundo que nos convida \u00e0 reflex\u00e3o: a vida, em sua ess\u00eancia, n\u00e3o emana de n\u00f3s. Somos, em verdade, como ramos que precisam do tronco para florescer e dar frutos. O Pai, o Filho e o Esp\u00edrito Santo, habitam a divindade, possuindo a fonte [&hellip;]\" \/>\n<meta property=\"og:url\" content=\"https:\/\/salmosbiblicos.com.br\/index.php\/2026\/03\/27\/a-vida-em-deus-a-essencia-da-existencia-e-a-fe-permanente\/\" \/>\n<meta property=\"og:site_name\" content=\"Salmos B\u00edblicos\" \/>\n<meta property=\"article:published_time\" content=\"2026-03-27T16:23:20+00:00\" \/>\n<meta name=\"author\" content=\"alextreh@gmail.com\" \/>\n<meta name=\"twitter:card\" content=\"summary_large_image\" \/>\n<meta name=\"twitter:label1\" content=\"Escrito por\" \/>\n\t<meta name=\"twitter:data1\" content=\"alextreh@gmail.com\" \/>\n\t<meta name=\"twitter:label2\" content=\"Est. tempo de leitura\" \/>\n\t<meta name=\"twitter:data2\" content=\"3 minutos\" \/>\n<script type=\"application\/ld+json\" class=\"yoast-schema-graph\">{\"@context\":\"https:\/\/schema.org\",\"@graph\":[{\"@type\":\"Article\",\"@id\":\"https:\/\/salmosbiblicos.com.br\/index.php\/2026\/03\/27\/a-vida-em-deus-a-essencia-da-existencia-e-a-fe-permanente\/#article\",\"isPartOf\":{\"@id\":\"https:\/\/salmosbiblicos.com.br\/index.php\/2026\/03\/27\/a-vida-em-deus-a-essencia-da-existencia-e-a-fe-permanente\/\"},\"author\":{\"name\":\"alextreh@gmail.com\",\"@id\":\"https:\/\/salmosbiblicos.com.br\/#\/schema\/person\/30586d0fb3f3a46b78a3414fc39cc975\"},\"headline\":\"A Vida em Deus: A Ess\u00eancia da Exist\u00eancia e a F\u00e9 Permanente\",\"datePublished\":\"2026-03-27T16:23:20+00:00\",\"mainEntityOfPage\":{\"@id\":\"https:\/\/salmosbiblicos.com.br\/index.php\/2026\/03\/27\/a-vida-em-deus-a-essencia-da-existencia-e-a-fe-permanente\/\"},\"wordCount\":522,\"articleSection\":[\"Reflex\u00e3o\"],\"inLanguage\":\"pt-BR\"},{\"@type\":\"WebPage\",\"@id\":\"https:\/\/salmosbiblicos.com.br\/index.php\/2026\/03\/27\/a-vida-em-deus-a-essencia-da-existencia-e-a-fe-permanente\/\",\"url\":\"https:\/\/salmosbiblicos.com.br\/index.php\/2026\/03\/27\/a-vida-em-deus-a-essencia-da-existencia-e-a-fe-permanente\/\",\"name\":\"A Vida em Deus: A Ess\u00eancia da Exist\u00eancia e a F\u00e9 Permanente - Salmos B\u00edblicos\",\"isPartOf\":{\"@id\":\"https:\/\/salmosbiblicos.com.br\/#website\"},\"datePublished\":\"2026-03-27T16:23:20+00:00\",\"author\":{\"@id\":\"https:\/\/salmosbiblicos.com.br\/#\/schema\/person\/30586d0fb3f3a46b78a3414fc39cc975\"},\"breadcrumb\":{\"@id\":\"https:\/\/salmosbiblicos.com.br\/index.php\/2026\/03\/27\/a-vida-em-deus-a-essencia-da-existencia-e-a-fe-permanente\/#breadcrumb\"},\"inLanguage\":\"pt-BR\",\"potentialAction\":[{\"@type\":\"ReadAction\",\"target\":[\"https:\/\/salmosbiblicos.com.br\/index.php\/2026\/03\/27\/a-vida-em-deus-a-essencia-da-existencia-e-a-fe-permanente\/\"]}]},{\"@type\":\"BreadcrumbList\",\"@id\":\"https:\/\/salmosbiblicos.com.br\/index.php\/2026\/03\/27\/a-vida-em-deus-a-essencia-da-existencia-e-a-fe-permanente\/#breadcrumb\",\"itemListElement\":[{\"@type\":\"ListItem\",\"position\":1,\"name\":\"Home\",\"item\":\"https:\/\/salmosbiblicos.com.br\/\"},{\"@type\":\"ListItem\",\"position\":2,\"name\":\"A Vida em Deus: A Ess\u00eancia da Exist\u00eancia e a F\u00e9 Permanente\"}]},{\"@type\":\"WebSite\",\"@id\":\"https:\/\/salmosbiblicos.com.br\/#website\",\"url\":\"https:\/\/salmosbiblicos.com.br\/\",\"name\":\"Salmos B\u00edblicos\",\"description\":\"Uma e-Livraria com e-Books novos para voc\u00ea refletir.\",\"potentialAction\":[{\"@type\":\"SearchAction\",\"target\":{\"@type\":\"EntryPoint\",\"urlTemplate\":\"https:\/\/salmosbiblicos.com.br\/?s={search_term_string}\"},\"query-input\":{\"@type\":\"PropertyValueSpecification\",\"valueRequired\":true,\"valueName\":\"search_term_string\"}}],\"inLanguage\":\"pt-BR\"},{\"@type\":\"Person\",\"@id\":\"https:\/\/salmosbiblicos.com.br\/#\/schema\/person\/30586d0fb3f3a46b78a3414fc39cc975\",\"name\":\"alextreh@gmail.com\",\"image\":{\"@type\":\"ImageObject\",\"inLanguage\":\"pt-BR\",\"@id\":\"https:\/\/secure.gravatar.com\/avatar\/7cf84d31f581ec97b887c1039d478a7c293086896c84951a86753fb2c2af7527?s=96&d=mm&r=g\",\"url\":\"https:\/\/secure.gravatar.com\/avatar\/7cf84d31f581ec97b887c1039d478a7c293086896c84951a86753fb2c2af7527?s=96&d=mm&r=g\",\"contentUrl\":\"https:\/\/secure.gravatar.com\/avatar\/7cf84d31f581ec97b887c1039d478a7c293086896c84951a86753fb2c2af7527?s=96&d=mm&r=g\",\"caption\":\"alextreh@gmail.com\"},\"sameAs\":[\"http:\/\/salmosbiblicos.com.br\"],\"url\":\"https:\/\/salmosbiblicos.com.br\/index.php\/author\/alextrehgmail-com\/\"}]}<\/script>\n<!-- \/ Yoast SEO plugin. -->","yoast_head_json":{"title":"A Vida em Deus: A Ess\u00eancia da Exist\u00eancia e a F\u00e9 Permanente - Salmos B\u00edblicos","robots":{"index":"index","follow":"follow","max-snippet":"max-snippet:-1","max-image-preview":"max-image-preview:large","max-video-preview":"max-video-preview:-1"},"canonical":"https:\/\/salmosbiblicos.com.br\/index.php\/2026\/03\/27\/a-vida-em-deus-a-essencia-da-existencia-e-a-fe-permanente\/","og_locale":"pt_BR","og_type":"article","og_title":"A Vida em Deus: A Ess\u00eancia da Exist\u00eancia e a F\u00e9 Permanente - Salmos B\u00edblicos","og_description":"## A Fonte da Exist\u00eancia: Um Chamado \u00e0 Depend\u00eancia \u00c9 um pensamento profundo que nos convida \u00e0 reflex\u00e3o: a vida, em sua ess\u00eancia, n\u00e3o emana de n\u00f3s. Somos, em verdade, como ramos que precisam do tronco para florescer e dar frutos. O Pai, o Filho e o Esp\u00edrito Santo, habitam a divindade, possuindo a fonte [&hellip;]","og_url":"https:\/\/salmosbiblicos.com.br\/index.php\/2026\/03\/27\/a-vida-em-deus-a-essencia-da-existencia-e-a-fe-permanente\/","og_site_name":"Salmos B\u00edblicos","article_published_time":"2026-03-27T16:23:20+00:00","author":"alextreh@gmail.com","twitter_card":"summary_large_image","twitter_misc":{"Escrito por":"alextreh@gmail.com","Est. tempo de leitura":"3 minutos"},"schema":{"@context":"https:\/\/schema.org","@graph":[{"@type":"Article","@id":"https:\/\/salmosbiblicos.com.br\/index.php\/2026\/03\/27\/a-vida-em-deus-a-essencia-da-existencia-e-a-fe-permanente\/#article","isPartOf":{"@id":"https:\/\/salmosbiblicos.com.br\/index.php\/2026\/03\/27\/a-vida-em-deus-a-essencia-da-existencia-e-a-fe-permanente\/"},"author":{"name":"alextreh@gmail.com","@id":"https:\/\/salmosbiblicos.com.br\/#\/schema\/person\/30586d0fb3f3a46b78a3414fc39cc975"},"headline":"A Vida em Deus: A Ess\u00eancia da Exist\u00eancia e a F\u00e9 Permanente","datePublished":"2026-03-27T16:23:20+00:00","mainEntityOfPage":{"@id":"https:\/\/salmosbiblicos.com.br\/index.php\/2026\/03\/27\/a-vida-em-deus-a-essencia-da-existencia-e-a-fe-permanente\/"},"wordCount":522,"articleSection":["Reflex\u00e3o"],"inLanguage":"pt-BR"},{"@type":"WebPage","@id":"https:\/\/salmosbiblicos.com.br\/index.php\/2026\/03\/27\/a-vida-em-deus-a-essencia-da-existencia-e-a-fe-permanente\/","url":"https:\/\/salmosbiblicos.com.br\/index.php\/2026\/03\/27\/a-vida-em-deus-a-essencia-da-existencia-e-a-fe-permanente\/","name":"A Vida em Deus: A Ess\u00eancia da Exist\u00eancia e a F\u00e9 Permanente - Salmos B\u00edblicos","isPartOf":{"@id":"https:\/\/salmosbiblicos.com.br\/#website"},"datePublished":"2026-03-27T16:23:20+00:00","author":{"@id":"https:\/\/salmosbiblicos.com.br\/#\/schema\/person\/30586d0fb3f3a46b78a3414fc39cc975"},"breadcrumb":{"@id":"https:\/\/salmosbiblicos.com.br\/index.php\/2026\/03\/27\/a-vida-em-deus-a-essencia-da-existencia-e-a-fe-permanente\/#breadcrumb"},"inLanguage":"pt-BR","potentialAction":[{"@type":"ReadAction","target":["https:\/\/salmosbiblicos.com.br\/index.php\/2026\/03\/27\/a-vida-em-deus-a-essencia-da-existencia-e-a-fe-permanente\/"]}]},{"@type":"BreadcrumbList","@id":"https:\/\/salmosbiblicos.com.br\/index.php\/2026\/03\/27\/a-vida-em-deus-a-essencia-da-existencia-e-a-fe-permanente\/#breadcrumb","itemListElement":[{"@type":"ListItem","position":1,"name":"Home","item":"https:\/\/salmosbiblicos.com.br\/"},{"@type":"ListItem","position":2,"name":"A Vida em Deus: A Ess\u00eancia da Exist\u00eancia e a F\u00e9 Permanente"}]},{"@type":"WebSite","@id":"https:\/\/salmosbiblicos.com.br\/#website","url":"https:\/\/salmosbiblicos.com.br\/","name":"Salmos B\u00edblicos","description":"Uma e-Livraria com e-Books novos para voc\u00ea refletir.","potentialAction":[{"@type":"SearchAction","target":{"@type":"EntryPoint","urlTemplate":"https:\/\/salmosbiblicos.com.br\/?s={search_term_string}"},"query-input":{"@type":"PropertyValueSpecification","valueRequired":true,"valueName":"search_term_string"}}],"inLanguage":"pt-BR"},{"@type":"Person","@id":"https:\/\/salmosbiblicos.com.br\/#\/schema\/person\/30586d0fb3f3a46b78a3414fc39cc975","name":"alextreh@gmail.com","image":{"@type":"ImageObject","inLanguage":"pt-BR","@id":"https:\/\/secure.gravatar.com\/avatar\/7cf84d31f581ec97b887c1039d478a7c293086896c84951a86753fb2c2af7527?s=96&d=mm&r=g","url":"https:\/\/secure.gravatar.com\/avatar\/7cf84d31f581ec97b887c1039d478a7c293086896c84951a86753fb2c2af7527?s=96&d=mm&r=g","contentUrl":"https:\/\/secure.gravatar.com\/avatar\/7cf84d31f581ec97b887c1039d478a7c293086896c84951a86753fb2c2af7527?s=96&d=mm&r=g","caption":"alextreh@gmail.com"},"sameAs":["http:\/\/salmosbiblicos.com.br"],"url":"https:\/\/salmosbiblicos.com.br\/index.php\/author\/alextrehgmail-com\/"}]}},"_links":{"self":[{"href":"https:\/\/salmosbiblicos.com.br\/index.php\/wp-json\/wp\/v2\/posts\/5488","targetHints":{"allow":["GET"]}}],"collection":[{"href":"https:\/\/salmosbiblicos.com.br\/index.php\/wp-json\/wp\/v2\/posts"}],"about":[{"href":"https:\/\/salmosbiblicos.com.br\/index.php\/wp-json\/wp\/v2\/types\/post"}],"author":[{"embeddable":true,"href":"https:\/\/salmosbiblicos.com.br\/index.php\/wp-json\/wp\/v2\/users\/1"}],"replies":[{"embeddable":true,"href":"https:\/\/salmosbiblicos.com.br\/index.php\/wp-json\/wp\/v2\/comments?post=5488"}],"version-history":[{"count":1,"href":"https:\/\/salmosbiblicos.com.br\/index.php\/wp-json\/wp\/v2\/posts\/5488\/revisions"}],"predecessor-version":[{"id":5489,"href":"https:\/\/salmosbiblicos.com.br\/index.php\/wp-json\/wp\/v2\/posts\/5488\/revisions\/5489"}],"wp:attachment":[{"href":"https:\/\/salmosbiblicos.com.br\/index.php\/wp-json\/wp\/v2\/media?parent=5488"}],"wp:term":[{"taxonomy":"category","embeddable":true,"href":"https:\/\/salmosbiblicos.com.br\/index.php\/wp-json\/wp\/v2\/categories?post=5488"},{"taxonomy":"post_tag","embeddable":true,"href":"https:\/\/salmosbiblicos.com.br\/index.php\/wp-json\/wp\/v2\/tags?post=5488"}],"curies":[{"name":"wp","href":"https:\/\/api.w.org\/{rel}","templated":true}]}}