{"id":5490,"date":"2026-03-27T13:45:27","date_gmt":"2026-03-27T16:45:27","guid":{"rendered":"https:\/\/salmosbiblicos.com.br\/?p=5490"},"modified":"2026-03-27T13:45:27","modified_gmt":"2026-03-27T16:45:27","slug":"cura-da-alma-encontre-paz-interior-e-transformacao","status":"publish","type":"post","link":"https:\/\/salmosbiblicos.com.br\/index.php\/2026\/03\/27\/cura-da-alma-encontre-paz-interior-e-transformacao\/","title":{"rendered":"Cura da Alma: Encontre Paz Interior e Transforma\u00e7\u00e3o"},"content":{"rendered":"<p>## A Cura que Transforma a Exist\u00eancia<\/p>\n<p>Quantas vezes nos perdemos em preocupa\u00e7\u00f5es terrenas, buscando solu\u00e7\u00f5es para os problemas do corpo, esquecendo-nos da ess\u00eancia do nosso ser? Concentramo-nos na cura de uma enfermidade f\u00edsica, ignorando a necessidade premente de cuidar daquele jardim interior, a alma. Pois, como um mestre nos ensinou, a maior cura que podemos receber \u00e9 a cura da alma.<\/p>\n<p>### O Corpo e a Alma: Uma Realidade \u00danica<\/p>\n<p>\u00c9 f\u00e1cil confundir o corpo com a totalidade do ser. Vivemos em uma era que, por vezes, nos afasta da consci\u00eancia de que somos mais do que meros agregados f\u00edsicos. O corpo \u00e9 um templo, um lar tempor\u00e1rio para a alma, a for\u00e7a que o anima e o sustenta. A alma \u00e9 o elo que nos une ao divino, a fonte da nossa exist\u00eancia.<\/p>\n<p>Assim como o corpo adoece e necessita de cuidados, a alma tamb\u00e9m se fere, se cansa, se enfraquece. A pressa, a ang\u00fastia, a frustra\u00e7\u00e3o, o pecado&#8230; tudo isso deixa marcas profundas na alma, obscurecendo a luz que reside em n\u00f3s.<\/p>\n<p>### A Doen\u00e7a da Alma: O Pecado<\/p>\n<p>Existem enfermidades que amea\u00e7am a vida do corpo, doen\u00e7as que, se n\u00e3o tratadas, podem nos levar \u00e0 morte. Mas h\u00e1 tamb\u00e9m doen\u00e7as que atacam a alma, enfermidades silenciosas, que corroem a nossa ess\u00eancia. E qual o nome dessa doen\u00e7a que mais mata a alma? O pecado.<\/p>\n<p>O pecado, essa escolha que nos afasta do bem, essa transgress\u00e3o que nos separa da gra\u00e7a divina. Ele fere, corr\u00f3i, envenena a alma, tornando-a doente e incapaz de experimentar a plenitude da vida.<\/p>\n<p>### O Encontro na Piscina de Bethesda<\/p>\n<p>Nosso Evangelho nos apresenta a hist\u00f3ria de um homem que, h\u00e1 trinta e oito anos, se encontrava prostrado junto \u00e0 piscina de Bethesda, esperando um milagre. Im\u00f3vel, dependente, desesperan\u00e7oso. Jesus, em sua infinita miseric\u00f3rdia, percebe a dor daquele homem, a ang\u00fastia que o aprisionava.<\/p>\n<p>\u201cQueres ficar curado?\u201d, pergunta Ele. Uma pergunta simples, mas carregada de esperan\u00e7a, de promessa de liberta\u00e7\u00e3o. E o homem, finalmente, almeja algo mais do que al\u00edvio f\u00edsico.<\/p>\n<p>Jesus ent\u00e3o o exorta: &#8220;Levantate, pega a tua cama e anda&#8221;.  No instante seguinte, a cura se manifesta. N\u00e3o apenas o corpo se reergue, mas a esperan\u00e7a renasce, a f\u00e9 se fortalece.<\/p>\n<p>### A Cura Integral: Corpo e Esp\u00edrito<\/p>\n<p>Mas a cura n\u00e3o se limitou ao corpo. Jesus, ao reencontrar o homem no templo, o confronta: \u201cVai, e n\u00e3o peques mais, para que n\u00e3o te aconte\u00e7a a coisa pior.\u201d N\u00e3o se tratava apenas de um al\u00edvio moment\u00e2neo, mas de uma transforma\u00e7\u00e3o profunda, de uma mudan\u00e7a de cora\u00e7\u00e3o.<\/p>\n<p>A verdadeira cura \u00e9 integral. \u00c9 a cura do corpo, mas tamb\u00e9m a cura da alma, o perd\u00e3o dos pecados, a reconcilia\u00e7\u00e3o com Deus.<\/p>\n<p>### A Esperan\u00e7a na Eternidade<\/p>\n<p>Um s\u00e1bio nos recorda que a cura do corpo n\u00e3o nos livra da morte. A morte \u00e9 um destino inevit\u00e1vel para todos os seres vivos. Mas a cura da alma, essa sim, nos liberta da morte eterna.<\/p>\n<p>&#8220;Aquele que cr\u00ea em mim jamais morrer\u00e1&#8221;, disse o Mestre. A f\u00e9 em Jesus Cristo, a confian\u00e7a na sua gra\u00e7a, \u00e9 o caminho para a vida eterna, para a comunh\u00e3o plena com Deus.<\/p>\n<p>Que possamos buscar, a cada dia, essa cura profunda, essa transforma\u00e7\u00e3o interior que nos capacita a viver uma vida plena, em paz, em amor e em gra\u00e7a. Que possamos pedir, com humildade e confian\u00e7a: &#8220;Cura a minha alma do pecado, Senhor&#8221;.<\/p>\n","protected":false},"excerpt":{"rendered":"<p>## A Cura que Transforma a Exist\u00eancia Quantas vezes nos perdemos em preocupa\u00e7\u00f5es terrenas, buscando solu\u00e7\u00f5es para os problemas do corpo, esquecendo-nos da ess\u00eancia do nosso ser? Concentramo-nos na cura de uma enfermidade f\u00edsica, ignorando a necessidade premente de cuidar daquele jardim interior, a alma. Pois, como um mestre nos ensinou, a maior cura que [&hellip;]<\/p>\n","protected":false},"author":1,"featured_media":0,"comment_status":"closed","ping_status":"open","sticky":false,"template":"","format":"standard","meta":{"footnotes":""},"categories":[14],"tags":[],"class_list":["post-5490","post","type-post","status-publish","format-standard","hentry","category-reflexao"],"yoast_head":"<!-- This site is optimized with the Yoast SEO plugin v27.2 - https:\/\/yoast.com\/product\/yoast-seo-wordpress\/ -->\n<title>Cura da Alma: Encontre Paz Interior e Transforma\u00e7\u00e3o - Salmos B\u00edblicos<\/title>\n<meta name=\"robots\" content=\"index, follow, max-snippet:-1, max-image-preview:large, max-video-preview:-1\" \/>\n<link rel=\"canonical\" href=\"https:\/\/salmosbiblicos.com.br\/index.php\/2026\/03\/27\/cura-da-alma-encontre-paz-interior-e-transformacao\/\" \/>\n<meta property=\"og:locale\" content=\"pt_BR\" \/>\n<meta property=\"og:type\" content=\"article\" \/>\n<meta property=\"og:title\" content=\"Cura da Alma: Encontre Paz Interior e Transforma\u00e7\u00e3o - Salmos B\u00edblicos\" \/>\n<meta property=\"og:description\" content=\"## A Cura que Transforma a Exist\u00eancia Quantas vezes nos perdemos em preocupa\u00e7\u00f5es terrenas, buscando solu\u00e7\u00f5es para os problemas do corpo, esquecendo-nos da ess\u00eancia do nosso ser? Concentramo-nos na cura de uma enfermidade f\u00edsica, ignorando a necessidade premente de cuidar daquele jardim interior, a alma. Pois, como um mestre nos ensinou, a maior cura que [&hellip;]\" \/>\n<meta property=\"og:url\" content=\"https:\/\/salmosbiblicos.com.br\/index.php\/2026\/03\/27\/cura-da-alma-encontre-paz-interior-e-transformacao\/\" \/>\n<meta property=\"og:site_name\" content=\"Salmos B\u00edblicos\" \/>\n<meta property=\"article:published_time\" content=\"2026-03-27T16:45:27+00:00\" \/>\n<meta name=\"author\" content=\"alextreh@gmail.com\" \/>\n<meta name=\"twitter:card\" content=\"summary_large_image\" \/>\n<meta name=\"twitter:label1\" content=\"Escrito por\" \/>\n\t<meta name=\"twitter:data1\" content=\"alextreh@gmail.com\" \/>\n\t<meta name=\"twitter:label2\" content=\"Est. tempo de leitura\" \/>\n\t<meta name=\"twitter:data2\" content=\"3 minutos\" \/>\n<script type=\"application\/ld+json\" class=\"yoast-schema-graph\">{\"@context\":\"https:\/\/schema.org\",\"@graph\":[{\"@type\":\"Article\",\"@id\":\"https:\/\/salmosbiblicos.com.br\/index.php\/2026\/03\/27\/cura-da-alma-encontre-paz-interior-e-transformacao\/#article\",\"isPartOf\":{\"@id\":\"https:\/\/salmosbiblicos.com.br\/index.php\/2026\/03\/27\/cura-da-alma-encontre-paz-interior-e-transformacao\/\"},\"author\":{\"name\":\"alextreh@gmail.com\",\"@id\":\"https:\/\/salmosbiblicos.com.br\/#\/schema\/person\/30586d0fb3f3a46b78a3414fc39cc975\"},\"headline\":\"Cura da Alma: Encontre Paz Interior e Transforma\u00e7\u00e3o\",\"datePublished\":\"2026-03-27T16:45:27+00:00\",\"mainEntityOfPage\":{\"@id\":\"https:\/\/salmosbiblicos.com.br\/index.php\/2026\/03\/27\/cura-da-alma-encontre-paz-interior-e-transformacao\/\"},\"wordCount\":621,\"articleSection\":[\"Reflex\u00e3o\"],\"inLanguage\":\"pt-BR\"},{\"@type\":\"WebPage\",\"@id\":\"https:\/\/salmosbiblicos.com.br\/index.php\/2026\/03\/27\/cura-da-alma-encontre-paz-interior-e-transformacao\/\",\"url\":\"https:\/\/salmosbiblicos.com.br\/index.php\/2026\/03\/27\/cura-da-alma-encontre-paz-interior-e-transformacao\/\",\"name\":\"Cura da Alma: Encontre Paz Interior e Transforma\u00e7\u00e3o - Salmos B\u00edblicos\",\"isPartOf\":{\"@id\":\"https:\/\/salmosbiblicos.com.br\/#website\"},\"datePublished\":\"2026-03-27T16:45:27+00:00\",\"author\":{\"@id\":\"https:\/\/salmosbiblicos.com.br\/#\/schema\/person\/30586d0fb3f3a46b78a3414fc39cc975\"},\"breadcrumb\":{\"@id\":\"https:\/\/salmosbiblicos.com.br\/index.php\/2026\/03\/27\/cura-da-alma-encontre-paz-interior-e-transformacao\/#breadcrumb\"},\"inLanguage\":\"pt-BR\",\"potentialAction\":[{\"@type\":\"ReadAction\",\"target\":[\"https:\/\/salmosbiblicos.com.br\/index.php\/2026\/03\/27\/cura-da-alma-encontre-paz-interior-e-transformacao\/\"]}]},{\"@type\":\"BreadcrumbList\",\"@id\":\"https:\/\/salmosbiblicos.com.br\/index.php\/2026\/03\/27\/cura-da-alma-encontre-paz-interior-e-transformacao\/#breadcrumb\",\"itemListElement\":[{\"@type\":\"ListItem\",\"position\":1,\"name\":\"Home\",\"item\":\"https:\/\/salmosbiblicos.com.br\/\"},{\"@type\":\"ListItem\",\"position\":2,\"name\":\"Cura da Alma: Encontre Paz Interior e Transforma\u00e7\u00e3o\"}]},{\"@type\":\"WebSite\",\"@id\":\"https:\/\/salmosbiblicos.com.br\/#website\",\"url\":\"https:\/\/salmosbiblicos.com.br\/\",\"name\":\"Salmos B\u00edblicos\",\"description\":\"Uma e-Livraria com e-Books novos para voc\u00ea refletir.\",\"potentialAction\":[{\"@type\":\"SearchAction\",\"target\":{\"@type\":\"EntryPoint\",\"urlTemplate\":\"https:\/\/salmosbiblicos.com.br\/?s={search_term_string}\"},\"query-input\":{\"@type\":\"PropertyValueSpecification\",\"valueRequired\":true,\"valueName\":\"search_term_string\"}}],\"inLanguage\":\"pt-BR\"},{\"@type\":\"Person\",\"@id\":\"https:\/\/salmosbiblicos.com.br\/#\/schema\/person\/30586d0fb3f3a46b78a3414fc39cc975\",\"name\":\"alextreh@gmail.com\",\"image\":{\"@type\":\"ImageObject\",\"inLanguage\":\"pt-BR\",\"@id\":\"https:\/\/secure.gravatar.com\/avatar\/7cf84d31f581ec97b887c1039d478a7c293086896c84951a86753fb2c2af7527?s=96&d=mm&r=g\",\"url\":\"https:\/\/secure.gravatar.com\/avatar\/7cf84d31f581ec97b887c1039d478a7c293086896c84951a86753fb2c2af7527?s=96&d=mm&r=g\",\"contentUrl\":\"https:\/\/secure.gravatar.com\/avatar\/7cf84d31f581ec97b887c1039d478a7c293086896c84951a86753fb2c2af7527?s=96&d=mm&r=g\",\"caption\":\"alextreh@gmail.com\"},\"sameAs\":[\"http:\/\/salmosbiblicos.com.br\"],\"url\":\"https:\/\/salmosbiblicos.com.br\/index.php\/author\/alextrehgmail-com\/\"}]}<\/script>\n<!-- \/ Yoast SEO plugin. -->","yoast_head_json":{"title":"Cura da Alma: Encontre Paz Interior e Transforma\u00e7\u00e3o - Salmos B\u00edblicos","robots":{"index":"index","follow":"follow","max-snippet":"max-snippet:-1","max-image-preview":"max-image-preview:large","max-video-preview":"max-video-preview:-1"},"canonical":"https:\/\/salmosbiblicos.com.br\/index.php\/2026\/03\/27\/cura-da-alma-encontre-paz-interior-e-transformacao\/","og_locale":"pt_BR","og_type":"article","og_title":"Cura da Alma: Encontre Paz Interior e Transforma\u00e7\u00e3o - Salmos B\u00edblicos","og_description":"## A Cura que Transforma a Exist\u00eancia Quantas vezes nos perdemos em preocupa\u00e7\u00f5es terrenas, buscando solu\u00e7\u00f5es para os problemas do corpo, esquecendo-nos da ess\u00eancia do nosso ser? Concentramo-nos na cura de uma enfermidade f\u00edsica, ignorando a necessidade premente de cuidar daquele jardim interior, a alma. Pois, como um mestre nos ensinou, a maior cura que [&hellip;]","og_url":"https:\/\/salmosbiblicos.com.br\/index.php\/2026\/03\/27\/cura-da-alma-encontre-paz-interior-e-transformacao\/","og_site_name":"Salmos B\u00edblicos","article_published_time":"2026-03-27T16:45:27+00:00","author":"alextreh@gmail.com","twitter_card":"summary_large_image","twitter_misc":{"Escrito por":"alextreh@gmail.com","Est. tempo de leitura":"3 minutos"},"schema":{"@context":"https:\/\/schema.org","@graph":[{"@type":"Article","@id":"https:\/\/salmosbiblicos.com.br\/index.php\/2026\/03\/27\/cura-da-alma-encontre-paz-interior-e-transformacao\/#article","isPartOf":{"@id":"https:\/\/salmosbiblicos.com.br\/index.php\/2026\/03\/27\/cura-da-alma-encontre-paz-interior-e-transformacao\/"},"author":{"name":"alextreh@gmail.com","@id":"https:\/\/salmosbiblicos.com.br\/#\/schema\/person\/30586d0fb3f3a46b78a3414fc39cc975"},"headline":"Cura da Alma: Encontre Paz Interior e Transforma\u00e7\u00e3o","datePublished":"2026-03-27T16:45:27+00:00","mainEntityOfPage":{"@id":"https:\/\/salmosbiblicos.com.br\/index.php\/2026\/03\/27\/cura-da-alma-encontre-paz-interior-e-transformacao\/"},"wordCount":621,"articleSection":["Reflex\u00e3o"],"inLanguage":"pt-BR"},{"@type":"WebPage","@id":"https:\/\/salmosbiblicos.com.br\/index.php\/2026\/03\/27\/cura-da-alma-encontre-paz-interior-e-transformacao\/","url":"https:\/\/salmosbiblicos.com.br\/index.php\/2026\/03\/27\/cura-da-alma-encontre-paz-interior-e-transformacao\/","name":"Cura da Alma: Encontre Paz Interior e Transforma\u00e7\u00e3o - Salmos B\u00edblicos","isPartOf":{"@id":"https:\/\/salmosbiblicos.com.br\/#website"},"datePublished":"2026-03-27T16:45:27+00:00","author":{"@id":"https:\/\/salmosbiblicos.com.br\/#\/schema\/person\/30586d0fb3f3a46b78a3414fc39cc975"},"breadcrumb":{"@id":"https:\/\/salmosbiblicos.com.br\/index.php\/2026\/03\/27\/cura-da-alma-encontre-paz-interior-e-transformacao\/#breadcrumb"},"inLanguage":"pt-BR","potentialAction":[{"@type":"ReadAction","target":["https:\/\/salmosbiblicos.com.br\/index.php\/2026\/03\/27\/cura-da-alma-encontre-paz-interior-e-transformacao\/"]}]},{"@type":"BreadcrumbList","@id":"https:\/\/salmosbiblicos.com.br\/index.php\/2026\/03\/27\/cura-da-alma-encontre-paz-interior-e-transformacao\/#breadcrumb","itemListElement":[{"@type":"ListItem","position":1,"name":"Home","item":"https:\/\/salmosbiblicos.com.br\/"},{"@type":"ListItem","position":2,"name":"Cura da Alma: Encontre Paz Interior e Transforma\u00e7\u00e3o"}]},{"@type":"WebSite","@id":"https:\/\/salmosbiblicos.com.br\/#website","url":"https:\/\/salmosbiblicos.com.br\/","name":"Salmos B\u00edblicos","description":"Uma e-Livraria com e-Books novos para voc\u00ea refletir.","potentialAction":[{"@type":"SearchAction","target":{"@type":"EntryPoint","urlTemplate":"https:\/\/salmosbiblicos.com.br\/?s={search_term_string}"},"query-input":{"@type":"PropertyValueSpecification","valueRequired":true,"valueName":"search_term_string"}}],"inLanguage":"pt-BR"},{"@type":"Person","@id":"https:\/\/salmosbiblicos.com.br\/#\/schema\/person\/30586d0fb3f3a46b78a3414fc39cc975","name":"alextreh@gmail.com","image":{"@type":"ImageObject","inLanguage":"pt-BR","@id":"https:\/\/secure.gravatar.com\/avatar\/7cf84d31f581ec97b887c1039d478a7c293086896c84951a86753fb2c2af7527?s=96&d=mm&r=g","url":"https:\/\/secure.gravatar.com\/avatar\/7cf84d31f581ec97b887c1039d478a7c293086896c84951a86753fb2c2af7527?s=96&d=mm&r=g","contentUrl":"https:\/\/secure.gravatar.com\/avatar\/7cf84d31f581ec97b887c1039d478a7c293086896c84951a86753fb2c2af7527?s=96&d=mm&r=g","caption":"alextreh@gmail.com"},"sameAs":["http:\/\/salmosbiblicos.com.br"],"url":"https:\/\/salmosbiblicos.com.br\/index.php\/author\/alextrehgmail-com\/"}]}},"_links":{"self":[{"href":"https:\/\/salmosbiblicos.com.br\/index.php\/wp-json\/wp\/v2\/posts\/5490","targetHints":{"allow":["GET"]}}],"collection":[{"href":"https:\/\/salmosbiblicos.com.br\/index.php\/wp-json\/wp\/v2\/posts"}],"about":[{"href":"https:\/\/salmosbiblicos.com.br\/index.php\/wp-json\/wp\/v2\/types\/post"}],"author":[{"embeddable":true,"href":"https:\/\/salmosbiblicos.com.br\/index.php\/wp-json\/wp\/v2\/users\/1"}],"replies":[{"embeddable":true,"href":"https:\/\/salmosbiblicos.com.br\/index.php\/wp-json\/wp\/v2\/comments?post=5490"}],"version-history":[{"count":1,"href":"https:\/\/salmosbiblicos.com.br\/index.php\/wp-json\/wp\/v2\/posts\/5490\/revisions"}],"predecessor-version":[{"id":5491,"href":"https:\/\/salmosbiblicos.com.br\/index.php\/wp-json\/wp\/v2\/posts\/5490\/revisions\/5491"}],"wp:attachment":[{"href":"https:\/\/salmosbiblicos.com.br\/index.php\/wp-json\/wp\/v2\/media?parent=5490"}],"wp:term":[{"taxonomy":"category","embeddable":true,"href":"https:\/\/salmosbiblicos.com.br\/index.php\/wp-json\/wp\/v2\/categories?post=5490"},{"taxonomy":"post_tag","embeddable":true,"href":"https:\/\/salmosbiblicos.com.br\/index.php\/wp-json\/wp\/v2\/tags?post=5490"}],"curies":[{"name":"wp","href":"https:\/\/api.w.org\/{rel}","templated":true}]}}