{"id":5494,"date":"2026-03-27T14:29:10","date_gmt":"2026-03-27T17:29:10","guid":{"rendered":"https:\/\/salmosbiblicos.com.br\/?p=5494"},"modified":"2026-03-27T14:29:10","modified_gmt":"2026-03-27T17:29:10","slug":"desperte-a-alma-encontre-sentido-e-proposito-na-vida","status":"publish","type":"post","link":"https:\/\/salmosbiblicos.com.br\/index.php\/2026\/03\/27\/desperte-a-alma-encontre-sentido-e-proposito-na-vida\/","title":{"rendered":"Desperte a Alma: Encontre Sentido e Prop\u00f3sito na Vida"},"content":{"rendered":"<p>## O Chamado ao Despertar<\/p>\n<p>Em nossos dias, a busca por sentido e prop\u00f3sito muitas vezes se esconde por tr\u00e1s de uma fachada de atividades e distra\u00e7\u00f5es. Corremos, agitamos, acumulamos, mas, no fundo, persiste um vazio, uma sensa\u00e7\u00e3o de que algo essencial escapa a n\u00f3s. A Palavra nos convida, com urg\u00eancia e ternura, a despertar de um sono profundo, um sono que n\u00e3o se limita ao f\u00edsico, mas que envolve a pr\u00f3pria alma.<\/p>\n<p>### O Sono da Alma<\/p>\n<p>N\u00e3o confundamos o descanso do corpo com a vitalidade da alma. O corpo necessita de repouso, \u00e9 verdade, mas a alma, por sua pr\u00f3pria natureza espiritual, n\u00e3o pode adormecer. Quando a alma dorme, ela se afasta da fonte da vida, da luz que ilumina o caminho. \u00c9 como se estiv\u00e9ssemos envoltos em uma n\u00e9voa densa, incapazes de ver a beleza e a verdade que nos cercam. Aquele que dorme, em um sono profundo, ignora o mundo, permanece indefeso. Assim, a alma adormecida se torna vulner\u00e1vel \u00e0s sombras, \u00e0s tenta\u00e7\u00f5es que nos afastam do bem.<\/p>\n<p>### A Morte e o Despertar<\/p>\n<p>O sono da alma \u00e9 um tipo de morte. \u00c9 um estado de estagna\u00e7\u00e3o, de afastamento de Deus. A Palavra nos lembra que, em Cristo, a morte \u00e9 vencida, a escurid\u00e3o dissipada. O convite \u00e9 claro: &#8220;Desperta-te, o que dorme, e levanta-te dos mortos!&#8221; Este \u00e9 um chamado \u00e0 transforma\u00e7\u00e3o, a um novo nascimento espiritual. Uma alma adormecida \u00e9 uma alma que escolheu o caminho da morte, mas ainda h\u00e1 tempo para despertar, para se levantar e caminhar na luz.<\/p>\n<p>### Caminhando na Luz<\/p>\n<p>A luz que nos liberta da escurid\u00e3o \u00e9 a luz de Cristo. \u00c9 atrav\u00e9s Dele que podemos romper as correntes do pecado, da d\u00favida e do desespero. O caminho da luz \u00e9 o caminho da bondade, da justi\u00e7a e da verdade. \u00c9 o caminho que nos leva a uma vida plena e significativa. Aqueles que se entregam \u00e0s obras das trevas, que buscam prazeres passageiros e esquecem o bem, est\u00e3o, em verdade, adormecidos, perdidos em um sono profundo.<\/p>\n<p>### A Transforma\u00e7\u00e3o<\/p>\n<p>A beleza do Evangelho reside na promessa da transforma\u00e7\u00e3o. Quem se aproxima de Cristo, abandona a escurid\u00e3o e se reveste de luz. Aquele que antes era sombra, agora irradia a luz do amor e da esperan\u00e7a. A Palavra nos mostra essa mudan\u00e7a de forma poderosa: &#8220;Outrora est\u00e1vamos nas trevas, mas agora somos luz no Senhor!&#8221;<\/p>\n<p>**Para que possamos viver plenamente esta transforma\u00e7\u00e3o, considere estas reflex\u00f5es:**<\/p>\n<p>*   **Busque a ora\u00e7\u00e3o constante:** A ora\u00e7\u00e3o \u00e9 o alimento da alma, a conex\u00e3o com a fonte da vida.<br \/>*   **Afaste-se das distra\u00e7\u00f5es:** O mundo oferece in\u00fameras tenta\u00e7\u00f5es que nos afastam do caminho da verdade.<br \/>*   **Fortale\u00e7a a f\u00e9:** Nutra a sua f\u00e9 atrav\u00e9s da leitura da Palavra e da participa\u00e7\u00e3o em atos de caridade.<br \/>*   **Compartilhe a esperan\u00e7a:** Testemunhe a transforma\u00e7\u00e3o que Cristo operou em sua vida, encorajando outros a despertar.<\/p>\n<p>Que a gra\u00e7a de Deus nos ilumine, que nos desperte do sono da alma e nos fortale\u00e7a para caminharmos na luz, para que possamos, verdadeiramente, viver e resplandecer em Cristo.<\/p>\n","protected":false},"excerpt":{"rendered":"<p>## O Chamado ao Despertar Em nossos dias, a busca por sentido e prop\u00f3sito muitas vezes se esconde por tr\u00e1s de uma fachada de atividades e distra\u00e7\u00f5es. Corremos, agitamos, acumulamos, mas, no fundo, persiste um vazio, uma sensa\u00e7\u00e3o de que algo essencial escapa a n\u00f3s. A Palavra nos convida, com urg\u00eancia e ternura, a despertar [&hellip;]<\/p>\n","protected":false},"author":1,"featured_media":0,"comment_status":"closed","ping_status":"open","sticky":false,"template":"","format":"standard","meta":{"footnotes":""},"categories":[14],"tags":[],"class_list":["post-5494","post","type-post","status-publish","format-standard","hentry","category-reflexao"],"yoast_head":"<!-- This site is optimized with the Yoast SEO plugin v27.2 - https:\/\/yoast.com\/product\/yoast-seo-wordpress\/ -->\n<title>Desperte a Alma: Encontre Sentido e Prop\u00f3sito na Vida - Salmos B\u00edblicos<\/title>\n<meta name=\"robots\" content=\"index, follow, max-snippet:-1, max-image-preview:large, max-video-preview:-1\" \/>\n<link rel=\"canonical\" href=\"https:\/\/salmosbiblicos.com.br\/index.php\/2026\/03\/27\/desperte-a-alma-encontre-sentido-e-proposito-na-vida\/\" \/>\n<meta property=\"og:locale\" content=\"pt_BR\" \/>\n<meta property=\"og:type\" content=\"article\" \/>\n<meta property=\"og:title\" content=\"Desperte a Alma: Encontre Sentido e Prop\u00f3sito na Vida - Salmos B\u00edblicos\" \/>\n<meta property=\"og:description\" content=\"## O Chamado ao Despertar Em nossos dias, a busca por sentido e prop\u00f3sito muitas vezes se esconde por tr\u00e1s de uma fachada de atividades e distra\u00e7\u00f5es. Corremos, agitamos, acumulamos, mas, no fundo, persiste um vazio, uma sensa\u00e7\u00e3o de que algo essencial escapa a n\u00f3s. A Palavra nos convida, com urg\u00eancia e ternura, a despertar [&hellip;]\" \/>\n<meta property=\"og:url\" content=\"https:\/\/salmosbiblicos.com.br\/index.php\/2026\/03\/27\/desperte-a-alma-encontre-sentido-e-proposito-na-vida\/\" \/>\n<meta property=\"og:site_name\" content=\"Salmos B\u00edblicos\" \/>\n<meta property=\"article:published_time\" content=\"2026-03-27T17:29:10+00:00\" \/>\n<meta name=\"author\" content=\"alextreh@gmail.com\" \/>\n<meta name=\"twitter:card\" content=\"summary_large_image\" \/>\n<meta name=\"twitter:label1\" content=\"Escrito por\" \/>\n\t<meta name=\"twitter:data1\" content=\"alextreh@gmail.com\" \/>\n\t<meta name=\"twitter:label2\" content=\"Est. tempo de leitura\" \/>\n\t<meta name=\"twitter:data2\" content=\"3 minutos\" \/>\n<script type=\"application\/ld+json\" class=\"yoast-schema-graph\">{\"@context\":\"https:\/\/schema.org\",\"@graph\":[{\"@type\":\"Article\",\"@id\":\"https:\/\/salmosbiblicos.com.br\/index.php\/2026\/03\/27\/desperte-a-alma-encontre-sentido-e-proposito-na-vida\/#article\",\"isPartOf\":{\"@id\":\"https:\/\/salmosbiblicos.com.br\/index.php\/2026\/03\/27\/desperte-a-alma-encontre-sentido-e-proposito-na-vida\/\"},\"author\":{\"name\":\"alextreh@gmail.com\",\"@id\":\"https:\/\/salmosbiblicos.com.br\/#\/schema\/person\/30586d0fb3f3a46b78a3414fc39cc975\"},\"headline\":\"Desperte a Alma: Encontre Sentido e Prop\u00f3sito na Vida\",\"datePublished\":\"2026-03-27T17:29:10+00:00\",\"mainEntityOfPage\":{\"@id\":\"https:\/\/salmosbiblicos.com.br\/index.php\/2026\/03\/27\/desperte-a-alma-encontre-sentido-e-proposito-na-vida\/\"},\"wordCount\":542,\"articleSection\":[\"Reflex\u00e3o\"],\"inLanguage\":\"pt-BR\"},{\"@type\":\"WebPage\",\"@id\":\"https:\/\/salmosbiblicos.com.br\/index.php\/2026\/03\/27\/desperte-a-alma-encontre-sentido-e-proposito-na-vida\/\",\"url\":\"https:\/\/salmosbiblicos.com.br\/index.php\/2026\/03\/27\/desperte-a-alma-encontre-sentido-e-proposito-na-vida\/\",\"name\":\"Desperte a Alma: Encontre Sentido e Prop\u00f3sito na Vida - Salmos B\u00edblicos\",\"isPartOf\":{\"@id\":\"https:\/\/salmosbiblicos.com.br\/#website\"},\"datePublished\":\"2026-03-27T17:29:10+00:00\",\"author\":{\"@id\":\"https:\/\/salmosbiblicos.com.br\/#\/schema\/person\/30586d0fb3f3a46b78a3414fc39cc975\"},\"breadcrumb\":{\"@id\":\"https:\/\/salmosbiblicos.com.br\/index.php\/2026\/03\/27\/desperte-a-alma-encontre-sentido-e-proposito-na-vida\/#breadcrumb\"},\"inLanguage\":\"pt-BR\",\"potentialAction\":[{\"@type\":\"ReadAction\",\"target\":[\"https:\/\/salmosbiblicos.com.br\/index.php\/2026\/03\/27\/desperte-a-alma-encontre-sentido-e-proposito-na-vida\/\"]}]},{\"@type\":\"BreadcrumbList\",\"@id\":\"https:\/\/salmosbiblicos.com.br\/index.php\/2026\/03\/27\/desperte-a-alma-encontre-sentido-e-proposito-na-vida\/#breadcrumb\",\"itemListElement\":[{\"@type\":\"ListItem\",\"position\":1,\"name\":\"Home\",\"item\":\"https:\/\/salmosbiblicos.com.br\/\"},{\"@type\":\"ListItem\",\"position\":2,\"name\":\"Desperte a Alma: Encontre Sentido e Prop\u00f3sito na Vida\"}]},{\"@type\":\"WebSite\",\"@id\":\"https:\/\/salmosbiblicos.com.br\/#website\",\"url\":\"https:\/\/salmosbiblicos.com.br\/\",\"name\":\"Salmos B\u00edblicos\",\"description\":\"Uma e-Livraria com e-Books novos para voc\u00ea refletir.\",\"potentialAction\":[{\"@type\":\"SearchAction\",\"target\":{\"@type\":\"EntryPoint\",\"urlTemplate\":\"https:\/\/salmosbiblicos.com.br\/?s={search_term_string}\"},\"query-input\":{\"@type\":\"PropertyValueSpecification\",\"valueRequired\":true,\"valueName\":\"search_term_string\"}}],\"inLanguage\":\"pt-BR\"},{\"@type\":\"Person\",\"@id\":\"https:\/\/salmosbiblicos.com.br\/#\/schema\/person\/30586d0fb3f3a46b78a3414fc39cc975\",\"name\":\"alextreh@gmail.com\",\"image\":{\"@type\":\"ImageObject\",\"inLanguage\":\"pt-BR\",\"@id\":\"https:\/\/secure.gravatar.com\/avatar\/7cf84d31f581ec97b887c1039d478a7c293086896c84951a86753fb2c2af7527?s=96&d=mm&r=g\",\"url\":\"https:\/\/secure.gravatar.com\/avatar\/7cf84d31f581ec97b887c1039d478a7c293086896c84951a86753fb2c2af7527?s=96&d=mm&r=g\",\"contentUrl\":\"https:\/\/secure.gravatar.com\/avatar\/7cf84d31f581ec97b887c1039d478a7c293086896c84951a86753fb2c2af7527?s=96&d=mm&r=g\",\"caption\":\"alextreh@gmail.com\"},\"sameAs\":[\"http:\/\/salmosbiblicos.com.br\"],\"url\":\"https:\/\/salmosbiblicos.com.br\/index.php\/author\/alextrehgmail-com\/\"}]}<\/script>\n<!-- \/ Yoast SEO plugin. -->","yoast_head_json":{"title":"Desperte a Alma: Encontre Sentido e Prop\u00f3sito na Vida - Salmos B\u00edblicos","robots":{"index":"index","follow":"follow","max-snippet":"max-snippet:-1","max-image-preview":"max-image-preview:large","max-video-preview":"max-video-preview:-1"},"canonical":"https:\/\/salmosbiblicos.com.br\/index.php\/2026\/03\/27\/desperte-a-alma-encontre-sentido-e-proposito-na-vida\/","og_locale":"pt_BR","og_type":"article","og_title":"Desperte a Alma: Encontre Sentido e Prop\u00f3sito na Vida - Salmos B\u00edblicos","og_description":"## O Chamado ao Despertar Em nossos dias, a busca por sentido e prop\u00f3sito muitas vezes se esconde por tr\u00e1s de uma fachada de atividades e distra\u00e7\u00f5es. Corremos, agitamos, acumulamos, mas, no fundo, persiste um vazio, uma sensa\u00e7\u00e3o de que algo essencial escapa a n\u00f3s. A Palavra nos convida, com urg\u00eancia e ternura, a despertar [&hellip;]","og_url":"https:\/\/salmosbiblicos.com.br\/index.php\/2026\/03\/27\/desperte-a-alma-encontre-sentido-e-proposito-na-vida\/","og_site_name":"Salmos B\u00edblicos","article_published_time":"2026-03-27T17:29:10+00:00","author":"alextreh@gmail.com","twitter_card":"summary_large_image","twitter_misc":{"Escrito por":"alextreh@gmail.com","Est. tempo de leitura":"3 minutos"},"schema":{"@context":"https:\/\/schema.org","@graph":[{"@type":"Article","@id":"https:\/\/salmosbiblicos.com.br\/index.php\/2026\/03\/27\/desperte-a-alma-encontre-sentido-e-proposito-na-vida\/#article","isPartOf":{"@id":"https:\/\/salmosbiblicos.com.br\/index.php\/2026\/03\/27\/desperte-a-alma-encontre-sentido-e-proposito-na-vida\/"},"author":{"name":"alextreh@gmail.com","@id":"https:\/\/salmosbiblicos.com.br\/#\/schema\/person\/30586d0fb3f3a46b78a3414fc39cc975"},"headline":"Desperte a Alma: Encontre Sentido e Prop\u00f3sito na Vida","datePublished":"2026-03-27T17:29:10+00:00","mainEntityOfPage":{"@id":"https:\/\/salmosbiblicos.com.br\/index.php\/2026\/03\/27\/desperte-a-alma-encontre-sentido-e-proposito-na-vida\/"},"wordCount":542,"articleSection":["Reflex\u00e3o"],"inLanguage":"pt-BR"},{"@type":"WebPage","@id":"https:\/\/salmosbiblicos.com.br\/index.php\/2026\/03\/27\/desperte-a-alma-encontre-sentido-e-proposito-na-vida\/","url":"https:\/\/salmosbiblicos.com.br\/index.php\/2026\/03\/27\/desperte-a-alma-encontre-sentido-e-proposito-na-vida\/","name":"Desperte a Alma: Encontre Sentido e Prop\u00f3sito na Vida - Salmos B\u00edblicos","isPartOf":{"@id":"https:\/\/salmosbiblicos.com.br\/#website"},"datePublished":"2026-03-27T17:29:10+00:00","author":{"@id":"https:\/\/salmosbiblicos.com.br\/#\/schema\/person\/30586d0fb3f3a46b78a3414fc39cc975"},"breadcrumb":{"@id":"https:\/\/salmosbiblicos.com.br\/index.php\/2026\/03\/27\/desperte-a-alma-encontre-sentido-e-proposito-na-vida\/#breadcrumb"},"inLanguage":"pt-BR","potentialAction":[{"@type":"ReadAction","target":["https:\/\/salmosbiblicos.com.br\/index.php\/2026\/03\/27\/desperte-a-alma-encontre-sentido-e-proposito-na-vida\/"]}]},{"@type":"BreadcrumbList","@id":"https:\/\/salmosbiblicos.com.br\/index.php\/2026\/03\/27\/desperte-a-alma-encontre-sentido-e-proposito-na-vida\/#breadcrumb","itemListElement":[{"@type":"ListItem","position":1,"name":"Home","item":"https:\/\/salmosbiblicos.com.br\/"},{"@type":"ListItem","position":2,"name":"Desperte a Alma: Encontre Sentido e Prop\u00f3sito na Vida"}]},{"@type":"WebSite","@id":"https:\/\/salmosbiblicos.com.br\/#website","url":"https:\/\/salmosbiblicos.com.br\/","name":"Salmos B\u00edblicos","description":"Uma e-Livraria com e-Books novos para voc\u00ea refletir.","potentialAction":[{"@type":"SearchAction","target":{"@type":"EntryPoint","urlTemplate":"https:\/\/salmosbiblicos.com.br\/?s={search_term_string}"},"query-input":{"@type":"PropertyValueSpecification","valueRequired":true,"valueName":"search_term_string"}}],"inLanguage":"pt-BR"},{"@type":"Person","@id":"https:\/\/salmosbiblicos.com.br\/#\/schema\/person\/30586d0fb3f3a46b78a3414fc39cc975","name":"alextreh@gmail.com","image":{"@type":"ImageObject","inLanguage":"pt-BR","@id":"https:\/\/secure.gravatar.com\/avatar\/7cf84d31f581ec97b887c1039d478a7c293086896c84951a86753fb2c2af7527?s=96&d=mm&r=g","url":"https:\/\/secure.gravatar.com\/avatar\/7cf84d31f581ec97b887c1039d478a7c293086896c84951a86753fb2c2af7527?s=96&d=mm&r=g","contentUrl":"https:\/\/secure.gravatar.com\/avatar\/7cf84d31f581ec97b887c1039d478a7c293086896c84951a86753fb2c2af7527?s=96&d=mm&r=g","caption":"alextreh@gmail.com"},"sameAs":["http:\/\/salmosbiblicos.com.br"],"url":"https:\/\/salmosbiblicos.com.br\/index.php\/author\/alextrehgmail-com\/"}]}},"_links":{"self":[{"href":"https:\/\/salmosbiblicos.com.br\/index.php\/wp-json\/wp\/v2\/posts\/5494","targetHints":{"allow":["GET"]}}],"collection":[{"href":"https:\/\/salmosbiblicos.com.br\/index.php\/wp-json\/wp\/v2\/posts"}],"about":[{"href":"https:\/\/salmosbiblicos.com.br\/index.php\/wp-json\/wp\/v2\/types\/post"}],"author":[{"embeddable":true,"href":"https:\/\/salmosbiblicos.com.br\/index.php\/wp-json\/wp\/v2\/users\/1"}],"replies":[{"embeddable":true,"href":"https:\/\/salmosbiblicos.com.br\/index.php\/wp-json\/wp\/v2\/comments?post=5494"}],"version-history":[{"count":1,"href":"https:\/\/salmosbiblicos.com.br\/index.php\/wp-json\/wp\/v2\/posts\/5494\/revisions"}],"predecessor-version":[{"id":5495,"href":"https:\/\/salmosbiblicos.com.br\/index.php\/wp-json\/wp\/v2\/posts\/5494\/revisions\/5495"}],"wp:attachment":[{"href":"https:\/\/salmosbiblicos.com.br\/index.php\/wp-json\/wp\/v2\/media?parent=5494"}],"wp:term":[{"taxonomy":"category","embeddable":true,"href":"https:\/\/salmosbiblicos.com.br\/index.php\/wp-json\/wp\/v2\/categories?post=5494"},{"taxonomy":"post_tag","embeddable":true,"href":"https:\/\/salmosbiblicos.com.br\/index.php\/wp-json\/wp\/v2\/tags?post=5494"}],"curies":[{"name":"wp","href":"https:\/\/api.w.org\/{rel}","templated":true}]}}