{"id":5496,"date":"2026-03-27T14:52:17","date_gmt":"2026-03-27T17:52:17","guid":{"rendered":"https:\/\/salmosbiblicos.com.br\/?p=5496"},"modified":"2026-03-27T14:52:17","modified_gmt":"2026-03-27T17:52:17","slug":"revelar-feridas-humildade-e-o-caminho-da-cura-da-alma","status":"publish","type":"post","link":"https:\/\/salmosbiblicos.com.br\/index.php\/2026\/03\/27\/revelar-feridas-humildade-e-o-caminho-da-cura-da-alma\/","title":{"rendered":"Revelar Feridas: Humildade \u00e9 o Caminho da Cura da Alma"},"content":{"rendered":"<p>## A Humildade da Cura: Revelando as Feridas da Alma<\/p>\n<p>\u00c0s vezes, a busca por al\u00edvio nos leva a um m\u00e9dico, mas o pr\u00f3prio corpo se fecha, retendo o segredo da dor. A cura, no entanto, n\u00e3o surge do sil\u00eancio, mas da confiss\u00e3o, da exposi\u00e7\u00e3o honesta do que nos aflige. A jornada para a restaura\u00e7\u00e3o come\u00e7a no ato de revelar nossas fragilidades.<\/p>\n<p>### A Confiss\u00e3o e a Gra\u00e7a<\/p>\n<p>Jesus, o M\u00e9dico dos m\u00e9dicos, nos oferece a mesma verdade. A cura da alma n\u00e3o acontece no esconderijo do orgulho, mas no encontro sincero com a miseric\u00f3rdia divina. Como poder\u00edamos esperar ser curados se nos fecharmos em nossos problemas, se nos recusarmos a mostrar nossas feridas?<\/p>\n<p>**Aquele que se eleva ser\u00e1 humilhado, e o que se humilha ser\u00e1 exaltado.**<\/p>\n<p>O exemplo dos dois homens que foram ao templo nos ensina essa li\u00e7\u00e3o. Um, o fariseu, se vangloriava de sua perfei\u00e7\u00e3o, ocultando a necessidade de perd\u00e3o. O outro, o cobrador de impostos, com humildade, clamou por miseric\u00f3rdia, reconhecendo sua condi\u00e7\u00e3o de pecador. E foi este \u00faltimo, aquele que se revelou vulner\u00e1vel, que retornou para casa justificado.<\/p>\n<p>### A Verdade do Reconhecimento<\/p>\n<p>\u00c9 f\u00e1cil nos iludirmos, pensando que podemos esconder nossos pecados de Deus. Mas a pr\u00f3pria Escritura nos lembra: **Se dissermos que n\u00e3o temos pecado, enganamos a n\u00f3s mesmos, e a verdade n\u00e3o est\u00e1 em n\u00f3s.** A verdade reside na honestidade, na coragem de encarar a n\u00f3s mesmos com a gra\u00e7a de Deus.<\/p>\n<p>Quando nos fechamos em nosso orgulho, criamos uma barreira que impede a gra\u00e7a divina de nos alcan\u00e7ar. Mas quando nos abrimos, quando confessamos nossos pecados, a miseric\u00f3rdia de Deus nos envolve.<\/p>\n<p>### O Rem\u00e9dio do Arrependimento<\/p>\n<p>A humildade \u00e9 a chave para a cura. **Deus resiste ao soberbo, mas d\u00e1 gra\u00e7a aos humildes.** O arrependimento, esse rem\u00e9dio essencial, nos capacita a reconhecer nossas falhas e a buscar o perd\u00e3o. <\/p>\n<p>Quando nos voltamos para Deus com um cora\u00e7\u00e3o contrito, Ele nos perdoa e nos purifica. **Se confessarmos os nossos pecados, ele \u00e9 fiel e justo para nos perdoar os pecados e nos purificar de toda a injusti\u00e7a.**<\/p>\n<p>### A Coragem de Mostrar as Feridas<\/p>\n<p>Que possamos encontrar a coragem de mostrar a Jesus nossas feridas, nossos pecados. Que a vergonha n\u00e3o nos impe\u00e7a de buscar a cura em Sua miseric\u00f3rdia. Afinal, a verdadeira cura n\u00e3o vem da perfei\u00e7\u00e3o, mas da humildade, da confiss\u00e3o e da f\u00e9 no amor redentor de Deus.<\/p>\n<p>**Quem dissimula suas faltas n\u00e3o h\u00e1 de prosperar, quem as confessa e as detesta, obt\u00e9m miseric\u00f3rdia.**<\/p>\n<p>Que a nossa vida seja um testemunho de que a gra\u00e7a divina se manifesta naqueles que se humilham diante de Deus, buscando a cura para a alma ferida.<\/p>\n","protected":false},"excerpt":{"rendered":"<p>## A Humildade da Cura: Revelando as Feridas da Alma \u00c0s vezes, a busca por al\u00edvio nos leva a um m\u00e9dico, mas o pr\u00f3prio corpo se fecha, retendo o segredo da dor. A cura, no entanto, n\u00e3o surge do sil\u00eancio, mas da confiss\u00e3o, da exposi\u00e7\u00e3o honesta do que nos aflige. A jornada para a restaura\u00e7\u00e3o [&hellip;]<\/p>\n","protected":false},"author":1,"featured_media":0,"comment_status":"closed","ping_status":"open","sticky":false,"template":"","format":"standard","meta":{"footnotes":""},"categories":[14],"tags":[],"class_list":["post-5496","post","type-post","status-publish","format-standard","hentry","category-reflexao"],"yoast_head":"<!-- This site is optimized with the Yoast SEO plugin v27.2 - https:\/\/yoast.com\/product\/yoast-seo-wordpress\/ -->\n<title>Revelar Feridas: Humildade \u00e9 o Caminho da Cura da Alma - Salmos B\u00edblicos<\/title>\n<meta name=\"robots\" content=\"index, follow, max-snippet:-1, max-image-preview:large, max-video-preview:-1\" \/>\n<link rel=\"canonical\" href=\"https:\/\/salmosbiblicos.com.br\/index.php\/2026\/03\/27\/revelar-feridas-humildade-e-o-caminho-da-cura-da-alma\/\" \/>\n<meta property=\"og:locale\" content=\"pt_BR\" \/>\n<meta property=\"og:type\" content=\"article\" \/>\n<meta property=\"og:title\" content=\"Revelar Feridas: Humildade \u00e9 o Caminho da Cura da Alma - Salmos B\u00edblicos\" \/>\n<meta property=\"og:description\" content=\"## A Humildade da Cura: Revelando as Feridas da Alma \u00c0s vezes, a busca por al\u00edvio nos leva a um m\u00e9dico, mas o pr\u00f3prio corpo se fecha, retendo o segredo da dor. A cura, no entanto, n\u00e3o surge do sil\u00eancio, mas da confiss\u00e3o, da exposi\u00e7\u00e3o honesta do que nos aflige. A jornada para a restaura\u00e7\u00e3o [&hellip;]\" \/>\n<meta property=\"og:url\" content=\"https:\/\/salmosbiblicos.com.br\/index.php\/2026\/03\/27\/revelar-feridas-humildade-e-o-caminho-da-cura-da-alma\/\" \/>\n<meta property=\"og:site_name\" content=\"Salmos B\u00edblicos\" \/>\n<meta property=\"article:published_time\" content=\"2026-03-27T17:52:17+00:00\" \/>\n<meta name=\"author\" content=\"alextreh@gmail.com\" \/>\n<meta name=\"twitter:card\" content=\"summary_large_image\" \/>\n<meta name=\"twitter:label1\" content=\"Escrito por\" \/>\n\t<meta name=\"twitter:data1\" content=\"alextreh@gmail.com\" \/>\n\t<meta name=\"twitter:label2\" content=\"Est. tempo de leitura\" \/>\n\t<meta name=\"twitter:data2\" content=\"2 minutos\" \/>\n<script type=\"application\/ld+json\" class=\"yoast-schema-graph\">{\"@context\":\"https:\/\/schema.org\",\"@graph\":[{\"@type\":\"Article\",\"@id\":\"https:\/\/salmosbiblicos.com.br\/index.php\/2026\/03\/27\/revelar-feridas-humildade-e-o-caminho-da-cura-da-alma\/#article\",\"isPartOf\":{\"@id\":\"https:\/\/salmosbiblicos.com.br\/index.php\/2026\/03\/27\/revelar-feridas-humildade-e-o-caminho-da-cura-da-alma\/\"},\"author\":{\"name\":\"alextreh@gmail.com\",\"@id\":\"https:\/\/salmosbiblicos.com.br\/#\/schema\/person\/30586d0fb3f3a46b78a3414fc39cc975\"},\"headline\":\"Revelar Feridas: Humildade \u00e9 o Caminho da Cura da Alma\",\"datePublished\":\"2026-03-27T17:52:17+00:00\",\"mainEntityOfPage\":{\"@id\":\"https:\/\/salmosbiblicos.com.br\/index.php\/2026\/03\/27\/revelar-feridas-humildade-e-o-caminho-da-cura-da-alma\/\"},\"wordCount\":494,\"articleSection\":[\"Reflex\u00e3o\"],\"inLanguage\":\"pt-BR\"},{\"@type\":\"WebPage\",\"@id\":\"https:\/\/salmosbiblicos.com.br\/index.php\/2026\/03\/27\/revelar-feridas-humildade-e-o-caminho-da-cura-da-alma\/\",\"url\":\"https:\/\/salmosbiblicos.com.br\/index.php\/2026\/03\/27\/revelar-feridas-humildade-e-o-caminho-da-cura-da-alma\/\",\"name\":\"Revelar Feridas: Humildade \u00e9 o Caminho da Cura da Alma - Salmos B\u00edblicos\",\"isPartOf\":{\"@id\":\"https:\/\/salmosbiblicos.com.br\/#website\"},\"datePublished\":\"2026-03-27T17:52:17+00:00\",\"author\":{\"@id\":\"https:\/\/salmosbiblicos.com.br\/#\/schema\/person\/30586d0fb3f3a46b78a3414fc39cc975\"},\"breadcrumb\":{\"@id\":\"https:\/\/salmosbiblicos.com.br\/index.php\/2026\/03\/27\/revelar-feridas-humildade-e-o-caminho-da-cura-da-alma\/#breadcrumb\"},\"inLanguage\":\"pt-BR\",\"potentialAction\":[{\"@type\":\"ReadAction\",\"target\":[\"https:\/\/salmosbiblicos.com.br\/index.php\/2026\/03\/27\/revelar-feridas-humildade-e-o-caminho-da-cura-da-alma\/\"]}]},{\"@type\":\"BreadcrumbList\",\"@id\":\"https:\/\/salmosbiblicos.com.br\/index.php\/2026\/03\/27\/revelar-feridas-humildade-e-o-caminho-da-cura-da-alma\/#breadcrumb\",\"itemListElement\":[{\"@type\":\"ListItem\",\"position\":1,\"name\":\"Home\",\"item\":\"https:\/\/salmosbiblicos.com.br\/\"},{\"@type\":\"ListItem\",\"position\":2,\"name\":\"Revelar Feridas: Humildade \u00e9 o Caminho da Cura da Alma\"}]},{\"@type\":\"WebSite\",\"@id\":\"https:\/\/salmosbiblicos.com.br\/#website\",\"url\":\"https:\/\/salmosbiblicos.com.br\/\",\"name\":\"Salmos B\u00edblicos\",\"description\":\"Uma e-Livraria com e-Books novos para voc\u00ea refletir.\",\"potentialAction\":[{\"@type\":\"SearchAction\",\"target\":{\"@type\":\"EntryPoint\",\"urlTemplate\":\"https:\/\/salmosbiblicos.com.br\/?s={search_term_string}\"},\"query-input\":{\"@type\":\"PropertyValueSpecification\",\"valueRequired\":true,\"valueName\":\"search_term_string\"}}],\"inLanguage\":\"pt-BR\"},{\"@type\":\"Person\",\"@id\":\"https:\/\/salmosbiblicos.com.br\/#\/schema\/person\/30586d0fb3f3a46b78a3414fc39cc975\",\"name\":\"alextreh@gmail.com\",\"image\":{\"@type\":\"ImageObject\",\"inLanguage\":\"pt-BR\",\"@id\":\"https:\/\/secure.gravatar.com\/avatar\/7cf84d31f581ec97b887c1039d478a7c293086896c84951a86753fb2c2af7527?s=96&d=mm&r=g\",\"url\":\"https:\/\/secure.gravatar.com\/avatar\/7cf84d31f581ec97b887c1039d478a7c293086896c84951a86753fb2c2af7527?s=96&d=mm&r=g\",\"contentUrl\":\"https:\/\/secure.gravatar.com\/avatar\/7cf84d31f581ec97b887c1039d478a7c293086896c84951a86753fb2c2af7527?s=96&d=mm&r=g\",\"caption\":\"alextreh@gmail.com\"},\"sameAs\":[\"http:\/\/salmosbiblicos.com.br\"],\"url\":\"https:\/\/salmosbiblicos.com.br\/index.php\/author\/alextrehgmail-com\/\"}]}<\/script>\n<!-- \/ Yoast SEO plugin. -->","yoast_head_json":{"title":"Revelar Feridas: Humildade \u00e9 o Caminho da Cura da Alma - Salmos B\u00edblicos","robots":{"index":"index","follow":"follow","max-snippet":"max-snippet:-1","max-image-preview":"max-image-preview:large","max-video-preview":"max-video-preview:-1"},"canonical":"https:\/\/salmosbiblicos.com.br\/index.php\/2026\/03\/27\/revelar-feridas-humildade-e-o-caminho-da-cura-da-alma\/","og_locale":"pt_BR","og_type":"article","og_title":"Revelar Feridas: Humildade \u00e9 o Caminho da Cura da Alma - Salmos B\u00edblicos","og_description":"## A Humildade da Cura: Revelando as Feridas da Alma \u00c0s vezes, a busca por al\u00edvio nos leva a um m\u00e9dico, mas o pr\u00f3prio corpo se fecha, retendo o segredo da dor. A cura, no entanto, n\u00e3o surge do sil\u00eancio, mas da confiss\u00e3o, da exposi\u00e7\u00e3o honesta do que nos aflige. A jornada para a restaura\u00e7\u00e3o [&hellip;]","og_url":"https:\/\/salmosbiblicos.com.br\/index.php\/2026\/03\/27\/revelar-feridas-humildade-e-o-caminho-da-cura-da-alma\/","og_site_name":"Salmos B\u00edblicos","article_published_time":"2026-03-27T17:52:17+00:00","author":"alextreh@gmail.com","twitter_card":"summary_large_image","twitter_misc":{"Escrito por":"alextreh@gmail.com","Est. tempo de leitura":"2 minutos"},"schema":{"@context":"https:\/\/schema.org","@graph":[{"@type":"Article","@id":"https:\/\/salmosbiblicos.com.br\/index.php\/2026\/03\/27\/revelar-feridas-humildade-e-o-caminho-da-cura-da-alma\/#article","isPartOf":{"@id":"https:\/\/salmosbiblicos.com.br\/index.php\/2026\/03\/27\/revelar-feridas-humildade-e-o-caminho-da-cura-da-alma\/"},"author":{"name":"alextreh@gmail.com","@id":"https:\/\/salmosbiblicos.com.br\/#\/schema\/person\/30586d0fb3f3a46b78a3414fc39cc975"},"headline":"Revelar Feridas: Humildade \u00e9 o Caminho da Cura da Alma","datePublished":"2026-03-27T17:52:17+00:00","mainEntityOfPage":{"@id":"https:\/\/salmosbiblicos.com.br\/index.php\/2026\/03\/27\/revelar-feridas-humildade-e-o-caminho-da-cura-da-alma\/"},"wordCount":494,"articleSection":["Reflex\u00e3o"],"inLanguage":"pt-BR"},{"@type":"WebPage","@id":"https:\/\/salmosbiblicos.com.br\/index.php\/2026\/03\/27\/revelar-feridas-humildade-e-o-caminho-da-cura-da-alma\/","url":"https:\/\/salmosbiblicos.com.br\/index.php\/2026\/03\/27\/revelar-feridas-humildade-e-o-caminho-da-cura-da-alma\/","name":"Revelar Feridas: Humildade \u00e9 o Caminho da Cura da Alma - Salmos B\u00edblicos","isPartOf":{"@id":"https:\/\/salmosbiblicos.com.br\/#website"},"datePublished":"2026-03-27T17:52:17+00:00","author":{"@id":"https:\/\/salmosbiblicos.com.br\/#\/schema\/person\/30586d0fb3f3a46b78a3414fc39cc975"},"breadcrumb":{"@id":"https:\/\/salmosbiblicos.com.br\/index.php\/2026\/03\/27\/revelar-feridas-humildade-e-o-caminho-da-cura-da-alma\/#breadcrumb"},"inLanguage":"pt-BR","potentialAction":[{"@type":"ReadAction","target":["https:\/\/salmosbiblicos.com.br\/index.php\/2026\/03\/27\/revelar-feridas-humildade-e-o-caminho-da-cura-da-alma\/"]}]},{"@type":"BreadcrumbList","@id":"https:\/\/salmosbiblicos.com.br\/index.php\/2026\/03\/27\/revelar-feridas-humildade-e-o-caminho-da-cura-da-alma\/#breadcrumb","itemListElement":[{"@type":"ListItem","position":1,"name":"Home","item":"https:\/\/salmosbiblicos.com.br\/"},{"@type":"ListItem","position":2,"name":"Revelar Feridas: Humildade \u00e9 o Caminho da Cura da Alma"}]},{"@type":"WebSite","@id":"https:\/\/salmosbiblicos.com.br\/#website","url":"https:\/\/salmosbiblicos.com.br\/","name":"Salmos B\u00edblicos","description":"Uma e-Livraria com e-Books novos para voc\u00ea refletir.","potentialAction":[{"@type":"SearchAction","target":{"@type":"EntryPoint","urlTemplate":"https:\/\/salmosbiblicos.com.br\/?s={search_term_string}"},"query-input":{"@type":"PropertyValueSpecification","valueRequired":true,"valueName":"search_term_string"}}],"inLanguage":"pt-BR"},{"@type":"Person","@id":"https:\/\/salmosbiblicos.com.br\/#\/schema\/person\/30586d0fb3f3a46b78a3414fc39cc975","name":"alextreh@gmail.com","image":{"@type":"ImageObject","inLanguage":"pt-BR","@id":"https:\/\/secure.gravatar.com\/avatar\/7cf84d31f581ec97b887c1039d478a7c293086896c84951a86753fb2c2af7527?s=96&d=mm&r=g","url":"https:\/\/secure.gravatar.com\/avatar\/7cf84d31f581ec97b887c1039d478a7c293086896c84951a86753fb2c2af7527?s=96&d=mm&r=g","contentUrl":"https:\/\/secure.gravatar.com\/avatar\/7cf84d31f581ec97b887c1039d478a7c293086896c84951a86753fb2c2af7527?s=96&d=mm&r=g","caption":"alextreh@gmail.com"},"sameAs":["http:\/\/salmosbiblicos.com.br"],"url":"https:\/\/salmosbiblicos.com.br\/index.php\/author\/alextrehgmail-com\/"}]}},"_links":{"self":[{"href":"https:\/\/salmosbiblicos.com.br\/index.php\/wp-json\/wp\/v2\/posts\/5496","targetHints":{"allow":["GET"]}}],"collection":[{"href":"https:\/\/salmosbiblicos.com.br\/index.php\/wp-json\/wp\/v2\/posts"}],"about":[{"href":"https:\/\/salmosbiblicos.com.br\/index.php\/wp-json\/wp\/v2\/types\/post"}],"author":[{"embeddable":true,"href":"https:\/\/salmosbiblicos.com.br\/index.php\/wp-json\/wp\/v2\/users\/1"}],"replies":[{"embeddable":true,"href":"https:\/\/salmosbiblicos.com.br\/index.php\/wp-json\/wp\/v2\/comments?post=5496"}],"version-history":[{"count":1,"href":"https:\/\/salmosbiblicos.com.br\/index.php\/wp-json\/wp\/v2\/posts\/5496\/revisions"}],"predecessor-version":[{"id":5497,"href":"https:\/\/salmosbiblicos.com.br\/index.php\/wp-json\/wp\/v2\/posts\/5496\/revisions\/5497"}],"wp:attachment":[{"href":"https:\/\/salmosbiblicos.com.br\/index.php\/wp-json\/wp\/v2\/media?parent=5496"}],"wp:term":[{"taxonomy":"category","embeddable":true,"href":"https:\/\/salmosbiblicos.com.br\/index.php\/wp-json\/wp\/v2\/categories?post=5496"},{"taxonomy":"post_tag","embeddable":true,"href":"https:\/\/salmosbiblicos.com.br\/index.php\/wp-json\/wp\/v2\/tags?post=5496"}],"curies":[{"name":"wp","href":"https:\/\/api.w.org\/{rel}","templated":true}]}}