{"id":5504,"date":"2026-03-28T07:27:17","date_gmt":"2026-03-28T10:27:17","guid":{"rendered":"https:\/\/salmosbiblicos.com.br\/?p=5504"},"modified":"2026-03-28T07:27:17","modified_gmt":"2026-03-28T10:27:17","slug":"liberdade-da-alma-deus-propoe-nao-impoe-diz-reflexao","status":"publish","type":"post","link":"https:\/\/salmosbiblicos.com.br\/index.php\/2026\/03\/28\/liberdade-da-alma-deus-propoe-nao-impoe-diz-reflexao\/","title":{"rendered":"Liberdade da Alma: Deus Prop\u00f5e, N\u00e3o Imp\u00f5e, Diz Reflex\u00e3o"},"content":{"rendered":"<p>## A Liberdade da Alma e a Proposta Divina<\/p>\n<p>Quantas vezes, em nossa jornada, fomos tocados pela necessidade imposta, pelo &#8220;voc\u00ea vai&#8230;&#8221; que ecoava na inf\u00e2ncia? Um banho, uma refei\u00e7\u00e3o, a disciplina da escola \u2013 a m\u00e3o paterna e materna, guiada pelo amor, nos conduzia por caminhos que, na \u00e9poca, nem sempre compreend\u00edamos. E o mundo, por vezes, imp\u00f5e suas obriga\u00e7\u00f5es, seus pesos, suas exig\u00eancias.<\/p>\n<p>Mas surge a quest\u00e3o que perturba o cora\u00e7\u00e3o: somos n\u00f3s, seres humanos, capazes de compelir outro a seguir nosso caminho? Pais sobre filhos, autoridades sobre o povo \u2013 o poder, por vezes, se manifesta de maneiras que restringem a vontade individual. E se Deus, na sua infinita grandeza, possu\u00edsse o mesmo poder? Poderia nos obrigar a trilhar um caminho que n\u00e3o desejamos? A resposta, com profunda certeza, \u00e9 sim. **Ele teria o poder, mas escolheu n\u00e3o o usar.**<\/p>\n<p>## A Proposta, N\u00e3o a Imposi\u00e7\u00e3o<\/p>\n<p>\u00c9 com imensa alegria que contemplamos a natureza de Deus: **Deus prop\u00f5e, n\u00e3o imp\u00f5e.** Sua gra\u00e7a se oferece como um convite, um chamado \u00e0 comunh\u00e3o, \u00e0 entrega. N\u00e3o se trata de uma ordem a ser cumprida sob pena de puni\u00e7\u00e3o, mas de um amor que busca a resposta livre e volunt\u00e1ria do cora\u00e7\u00e3o.<\/p>\n<p>No Evangelho, vemos o Mestre enviando seus disc\u00edpulos, despojados de bens materiais, com a miss\u00e3o de anunciar a transforma\u00e7\u00e3o. N\u00e3o se esperava deles uma obedi\u00eancia cega, mas uma viv\u00eancia radical do Evangelho, um testemunho do poder da f\u00e9 que move montanhas. Mesmo assim, a atitude do Mestre era uma proposta, um convite a uma entrega total.<\/p>\n<p>### A Busca pela Maturidade na F\u00e9<\/p>\n<p>A entrega total, a ren\u00fancia a tudo que se possui, \u00e9 um caminho reservado \u00e0queles que almejam a plenitude na f\u00e9, a maturidade espiritual. N\u00e3o se trata de um fardo a ser imposto a todos, mas de uma oferta para aqueles que sentem no cora\u00e7\u00e3o o desejo ardente de corresponder \u00e0 gra\u00e7a divina.  **Deus respeita a liberdade de cada um.**<\/p>\n<p>\u00c9 importante frisar que o caminho da f\u00e9 n\u00e3o \u00e9 uma obriga\u00e7\u00e3o, mas uma escolha. Se n\u00e3o concordamos com algo, se n\u00e3o queremos seguir determinado caminho, temos o direito de exercer nosso livre-arb\u00edtrio.  Afinal, o amor genu\u00edno n\u00e3o se for\u00e7a, ele se conquista.<\/p>\n<p>### A Porta Interior e o Convite Eterno<\/p>\n<p>O livro sagrado nos revela uma imagem poderosa: a de um Deus que bate \u00e0 porta do cora\u00e7\u00e3o, aguardando a abertura. **&#8221;Eis que estou \u00e0 porta, e bato; se algu\u00e9m ouvir a minha voz e abrir a porta, eu entrarei em sua casa, e cear-ei com ele, e ele comigo&#8221;** (Apocalipse 3:20).<\/p>\n<p>Este convite \u00e9 para todos, um chamado \u00e0 intimidade, \u00e0 comunh\u00e3o. Deus n\u00e3o nos for\u00e7a a am\u00e1-lo, n\u00e3o nos obriga a servi-lo. Ele nos oferece a oportunidade de escolher, de livre e espont\u00e2nea vontade, seguir seus passos.  **O amor de Deus se manifesta no respeito \u00e0 nossa liberdade.**<\/p>\n<p>Que possamos, ent\u00e3o, reconhecer a diferen\u00e7a entre a imposi\u00e7\u00e3o e a proposta, entre a obriga\u00e7\u00e3o e a escolha. Que possamos responder ao chamado divino com alegria e liberdade, abrindo as portas do nosso cora\u00e7\u00e3o para que Ele possa entrar e transformar nossas vidas.  E que possamos, com f\u00e9 e esperan\u00e7a, dizer: &#8220;Livremente, eu digo sim a Deus e \u00e0 sua vontade na minha vida.&#8221;<\/p>\n","protected":false},"excerpt":{"rendered":"<p>## A Liberdade da Alma e a Proposta Divina Quantas vezes, em nossa jornada, fomos tocados pela necessidade imposta, pelo &#8220;voc\u00ea vai&#8230;&#8221; que ecoava na inf\u00e2ncia? Um banho, uma refei\u00e7\u00e3o, a disciplina da escola \u2013 a m\u00e3o paterna e materna, guiada pelo amor, nos conduzia por caminhos que, na \u00e9poca, nem sempre compreend\u00edamos. E o [&hellip;]<\/p>\n","protected":false},"author":1,"featured_media":0,"comment_status":"closed","ping_status":"open","sticky":false,"template":"","format":"standard","meta":{"footnotes":""},"categories":[14],"tags":[],"class_list":["post-5504","post","type-post","status-publish","format-standard","hentry","category-reflexao"],"yoast_head":"<!-- This site is optimized with the Yoast SEO plugin v27.2 - https:\/\/yoast.com\/product\/yoast-seo-wordpress\/ -->\n<title>Liberdade da Alma: Deus Prop\u00f5e, N\u00e3o Imp\u00f5e, Diz Reflex\u00e3o - Salmos B\u00edblicos<\/title>\n<meta name=\"robots\" content=\"index, follow, max-snippet:-1, max-image-preview:large, max-video-preview:-1\" \/>\n<link rel=\"canonical\" href=\"http:\/\/salmosbiblicos.com.br\/index.php\/2026\/03\/28\/liberdade-da-alma-deus-propoe-nao-impoe-diz-reflexao\/\" \/>\n<meta property=\"og:locale\" content=\"pt_BR\" \/>\n<meta property=\"og:type\" content=\"article\" \/>\n<meta property=\"og:title\" content=\"Liberdade da Alma: Deus Prop\u00f5e, N\u00e3o Imp\u00f5e, Diz Reflex\u00e3o - Salmos B\u00edblicos\" \/>\n<meta property=\"og:description\" content=\"## A Liberdade da Alma e a Proposta Divina Quantas vezes, em nossa jornada, fomos tocados pela necessidade imposta, pelo &#8220;voc\u00ea vai&#8230;&#8221; que ecoava na inf\u00e2ncia? Um banho, uma refei\u00e7\u00e3o, a disciplina da escola \u2013 a m\u00e3o paterna e materna, guiada pelo amor, nos conduzia por caminhos que, na \u00e9poca, nem sempre compreend\u00edamos. E o [&hellip;]\" \/>\n<meta property=\"og:url\" content=\"http:\/\/salmosbiblicos.com.br\/index.php\/2026\/03\/28\/liberdade-da-alma-deus-propoe-nao-impoe-diz-reflexao\/\" \/>\n<meta property=\"og:site_name\" content=\"Salmos B\u00edblicos\" \/>\n<meta property=\"article:published_time\" content=\"2026-03-28T10:27:17+00:00\" \/>\n<meta name=\"author\" content=\"alextreh@gmail.com\" \/>\n<meta name=\"twitter:card\" content=\"summary_large_image\" \/>\n<meta name=\"twitter:label1\" content=\"Escrito por\" \/>\n\t<meta name=\"twitter:data1\" content=\"alextreh@gmail.com\" \/>\n\t<meta name=\"twitter:label2\" content=\"Est. tempo de leitura\" \/>\n\t<meta name=\"twitter:data2\" content=\"3 minutos\" \/>\n<script type=\"application\/ld+json\" class=\"yoast-schema-graph\">{\"@context\":\"https:\/\/schema.org\",\"@graph\":[{\"@type\":\"Article\",\"@id\":\"http:\/\/salmosbiblicos.com.br\/index.php\/2026\/03\/28\/liberdade-da-alma-deus-propoe-nao-impoe-diz-reflexao\/#article\",\"isPartOf\":{\"@id\":\"http:\/\/salmosbiblicos.com.br\/index.php\/2026\/03\/28\/liberdade-da-alma-deus-propoe-nao-impoe-diz-reflexao\/\"},\"author\":{\"name\":\"alextreh@gmail.com\",\"@id\":\"https:\/\/salmosbiblicos.com.br\/#\/schema\/person\/30586d0fb3f3a46b78a3414fc39cc975\"},\"headline\":\"Liberdade da Alma: Deus Prop\u00f5e, N\u00e3o Imp\u00f5e, Diz Reflex\u00e3o\",\"datePublished\":\"2026-03-28T10:27:17+00:00\",\"mainEntityOfPage\":{\"@id\":\"http:\/\/salmosbiblicos.com.br\/index.php\/2026\/03\/28\/liberdade-da-alma-deus-propoe-nao-impoe-diz-reflexao\/\"},\"wordCount\":587,\"articleSection\":[\"Reflex\u00e3o\"],\"inLanguage\":\"pt-BR\"},{\"@type\":\"WebPage\",\"@id\":\"http:\/\/salmosbiblicos.com.br\/index.php\/2026\/03\/28\/liberdade-da-alma-deus-propoe-nao-impoe-diz-reflexao\/\",\"url\":\"http:\/\/salmosbiblicos.com.br\/index.php\/2026\/03\/28\/liberdade-da-alma-deus-propoe-nao-impoe-diz-reflexao\/\",\"name\":\"Liberdade da Alma: Deus Prop\u00f5e, N\u00e3o Imp\u00f5e, Diz Reflex\u00e3o - Salmos B\u00edblicos\",\"isPartOf\":{\"@id\":\"https:\/\/salmosbiblicos.com.br\/#website\"},\"datePublished\":\"2026-03-28T10:27:17+00:00\",\"author\":{\"@id\":\"https:\/\/salmosbiblicos.com.br\/#\/schema\/person\/30586d0fb3f3a46b78a3414fc39cc975\"},\"breadcrumb\":{\"@id\":\"http:\/\/salmosbiblicos.com.br\/index.php\/2026\/03\/28\/liberdade-da-alma-deus-propoe-nao-impoe-diz-reflexao\/#breadcrumb\"},\"inLanguage\":\"pt-BR\",\"potentialAction\":[{\"@type\":\"ReadAction\",\"target\":[\"http:\/\/salmosbiblicos.com.br\/index.php\/2026\/03\/28\/liberdade-da-alma-deus-propoe-nao-impoe-diz-reflexao\/\"]}]},{\"@type\":\"BreadcrumbList\",\"@id\":\"http:\/\/salmosbiblicos.com.br\/index.php\/2026\/03\/28\/liberdade-da-alma-deus-propoe-nao-impoe-diz-reflexao\/#breadcrumb\",\"itemListElement\":[{\"@type\":\"ListItem\",\"position\":1,\"name\":\"Home\",\"item\":\"https:\/\/salmosbiblicos.com.br\/\"},{\"@type\":\"ListItem\",\"position\":2,\"name\":\"Liberdade da Alma: Deus Prop\u00f5e, N\u00e3o Imp\u00f5e, Diz Reflex\u00e3o\"}]},{\"@type\":\"WebSite\",\"@id\":\"https:\/\/salmosbiblicos.com.br\/#website\",\"url\":\"https:\/\/salmosbiblicos.com.br\/\",\"name\":\"Salmos B\u00edblicos\",\"description\":\"Uma e-Livraria com e-Books novos para voc\u00ea refletir.\",\"potentialAction\":[{\"@type\":\"SearchAction\",\"target\":{\"@type\":\"EntryPoint\",\"urlTemplate\":\"https:\/\/salmosbiblicos.com.br\/?s={search_term_string}\"},\"query-input\":{\"@type\":\"PropertyValueSpecification\",\"valueRequired\":true,\"valueName\":\"search_term_string\"}}],\"inLanguage\":\"pt-BR\"},{\"@type\":\"Person\",\"@id\":\"https:\/\/salmosbiblicos.com.br\/#\/schema\/person\/30586d0fb3f3a46b78a3414fc39cc975\",\"name\":\"alextreh@gmail.com\",\"image\":{\"@type\":\"ImageObject\",\"inLanguage\":\"pt-BR\",\"@id\":\"https:\/\/secure.gravatar.com\/avatar\/7cf84d31f581ec97b887c1039d478a7c293086896c84951a86753fb2c2af7527?s=96&d=mm&r=g\",\"url\":\"https:\/\/secure.gravatar.com\/avatar\/7cf84d31f581ec97b887c1039d478a7c293086896c84951a86753fb2c2af7527?s=96&d=mm&r=g\",\"contentUrl\":\"https:\/\/secure.gravatar.com\/avatar\/7cf84d31f581ec97b887c1039d478a7c293086896c84951a86753fb2c2af7527?s=96&d=mm&r=g\",\"caption\":\"alextreh@gmail.com\"},\"sameAs\":[\"http:\/\/salmosbiblicos.com.br\"],\"url\":\"https:\/\/salmosbiblicos.com.br\/index.php\/author\/alextrehgmail-com\/\"}]}<\/script>\n<!-- \/ Yoast SEO plugin. -->","yoast_head_json":{"title":"Liberdade da Alma: Deus Prop\u00f5e, N\u00e3o Imp\u00f5e, Diz Reflex\u00e3o - Salmos B\u00edblicos","robots":{"index":"index","follow":"follow","max-snippet":"max-snippet:-1","max-image-preview":"max-image-preview:large","max-video-preview":"max-video-preview:-1"},"canonical":"http:\/\/salmosbiblicos.com.br\/index.php\/2026\/03\/28\/liberdade-da-alma-deus-propoe-nao-impoe-diz-reflexao\/","og_locale":"pt_BR","og_type":"article","og_title":"Liberdade da Alma: Deus Prop\u00f5e, N\u00e3o Imp\u00f5e, Diz Reflex\u00e3o - Salmos B\u00edblicos","og_description":"## A Liberdade da Alma e a Proposta Divina Quantas vezes, em nossa jornada, fomos tocados pela necessidade imposta, pelo &#8220;voc\u00ea vai&#8230;&#8221; que ecoava na inf\u00e2ncia? Um banho, uma refei\u00e7\u00e3o, a disciplina da escola \u2013 a m\u00e3o paterna e materna, guiada pelo amor, nos conduzia por caminhos que, na \u00e9poca, nem sempre compreend\u00edamos. E o [&hellip;]","og_url":"http:\/\/salmosbiblicos.com.br\/index.php\/2026\/03\/28\/liberdade-da-alma-deus-propoe-nao-impoe-diz-reflexao\/","og_site_name":"Salmos B\u00edblicos","article_published_time":"2026-03-28T10:27:17+00:00","author":"alextreh@gmail.com","twitter_card":"summary_large_image","twitter_misc":{"Escrito por":"alextreh@gmail.com","Est. tempo de leitura":"3 minutos"},"schema":{"@context":"https:\/\/schema.org","@graph":[{"@type":"Article","@id":"http:\/\/salmosbiblicos.com.br\/index.php\/2026\/03\/28\/liberdade-da-alma-deus-propoe-nao-impoe-diz-reflexao\/#article","isPartOf":{"@id":"http:\/\/salmosbiblicos.com.br\/index.php\/2026\/03\/28\/liberdade-da-alma-deus-propoe-nao-impoe-diz-reflexao\/"},"author":{"name":"alextreh@gmail.com","@id":"https:\/\/salmosbiblicos.com.br\/#\/schema\/person\/30586d0fb3f3a46b78a3414fc39cc975"},"headline":"Liberdade da Alma: Deus Prop\u00f5e, N\u00e3o Imp\u00f5e, Diz Reflex\u00e3o","datePublished":"2026-03-28T10:27:17+00:00","mainEntityOfPage":{"@id":"http:\/\/salmosbiblicos.com.br\/index.php\/2026\/03\/28\/liberdade-da-alma-deus-propoe-nao-impoe-diz-reflexao\/"},"wordCount":587,"articleSection":["Reflex\u00e3o"],"inLanguage":"pt-BR"},{"@type":"WebPage","@id":"http:\/\/salmosbiblicos.com.br\/index.php\/2026\/03\/28\/liberdade-da-alma-deus-propoe-nao-impoe-diz-reflexao\/","url":"http:\/\/salmosbiblicos.com.br\/index.php\/2026\/03\/28\/liberdade-da-alma-deus-propoe-nao-impoe-diz-reflexao\/","name":"Liberdade da Alma: Deus Prop\u00f5e, N\u00e3o Imp\u00f5e, Diz Reflex\u00e3o - Salmos B\u00edblicos","isPartOf":{"@id":"https:\/\/salmosbiblicos.com.br\/#website"},"datePublished":"2026-03-28T10:27:17+00:00","author":{"@id":"https:\/\/salmosbiblicos.com.br\/#\/schema\/person\/30586d0fb3f3a46b78a3414fc39cc975"},"breadcrumb":{"@id":"http:\/\/salmosbiblicos.com.br\/index.php\/2026\/03\/28\/liberdade-da-alma-deus-propoe-nao-impoe-diz-reflexao\/#breadcrumb"},"inLanguage":"pt-BR","potentialAction":[{"@type":"ReadAction","target":["http:\/\/salmosbiblicos.com.br\/index.php\/2026\/03\/28\/liberdade-da-alma-deus-propoe-nao-impoe-diz-reflexao\/"]}]},{"@type":"BreadcrumbList","@id":"http:\/\/salmosbiblicos.com.br\/index.php\/2026\/03\/28\/liberdade-da-alma-deus-propoe-nao-impoe-diz-reflexao\/#breadcrumb","itemListElement":[{"@type":"ListItem","position":1,"name":"Home","item":"https:\/\/salmosbiblicos.com.br\/"},{"@type":"ListItem","position":2,"name":"Liberdade da Alma: Deus Prop\u00f5e, N\u00e3o Imp\u00f5e, Diz Reflex\u00e3o"}]},{"@type":"WebSite","@id":"https:\/\/salmosbiblicos.com.br\/#website","url":"https:\/\/salmosbiblicos.com.br\/","name":"Salmos B\u00edblicos","description":"Uma e-Livraria com e-Books novos para voc\u00ea refletir.","potentialAction":[{"@type":"SearchAction","target":{"@type":"EntryPoint","urlTemplate":"https:\/\/salmosbiblicos.com.br\/?s={search_term_string}"},"query-input":{"@type":"PropertyValueSpecification","valueRequired":true,"valueName":"search_term_string"}}],"inLanguage":"pt-BR"},{"@type":"Person","@id":"https:\/\/salmosbiblicos.com.br\/#\/schema\/person\/30586d0fb3f3a46b78a3414fc39cc975","name":"alextreh@gmail.com","image":{"@type":"ImageObject","inLanguage":"pt-BR","@id":"https:\/\/secure.gravatar.com\/avatar\/7cf84d31f581ec97b887c1039d478a7c293086896c84951a86753fb2c2af7527?s=96&d=mm&r=g","url":"https:\/\/secure.gravatar.com\/avatar\/7cf84d31f581ec97b887c1039d478a7c293086896c84951a86753fb2c2af7527?s=96&d=mm&r=g","contentUrl":"https:\/\/secure.gravatar.com\/avatar\/7cf84d31f581ec97b887c1039d478a7c293086896c84951a86753fb2c2af7527?s=96&d=mm&r=g","caption":"alextreh@gmail.com"},"sameAs":["http:\/\/salmosbiblicos.com.br"],"url":"https:\/\/salmosbiblicos.com.br\/index.php\/author\/alextrehgmail-com\/"}]}},"_links":{"self":[{"href":"https:\/\/salmosbiblicos.com.br\/index.php\/wp-json\/wp\/v2\/posts\/5504","targetHints":{"allow":["GET"]}}],"collection":[{"href":"https:\/\/salmosbiblicos.com.br\/index.php\/wp-json\/wp\/v2\/posts"}],"about":[{"href":"https:\/\/salmosbiblicos.com.br\/index.php\/wp-json\/wp\/v2\/types\/post"}],"author":[{"embeddable":true,"href":"https:\/\/salmosbiblicos.com.br\/index.php\/wp-json\/wp\/v2\/users\/1"}],"replies":[{"embeddable":true,"href":"https:\/\/salmosbiblicos.com.br\/index.php\/wp-json\/wp\/v2\/comments?post=5504"}],"version-history":[{"count":1,"href":"https:\/\/salmosbiblicos.com.br\/index.php\/wp-json\/wp\/v2\/posts\/5504\/revisions"}],"predecessor-version":[{"id":5505,"href":"https:\/\/salmosbiblicos.com.br\/index.php\/wp-json\/wp\/v2\/posts\/5504\/revisions\/5505"}],"wp:attachment":[{"href":"https:\/\/salmosbiblicos.com.br\/index.php\/wp-json\/wp\/v2\/media?parent=5504"}],"wp:term":[{"taxonomy":"category","embeddable":true,"href":"https:\/\/salmosbiblicos.com.br\/index.php\/wp-json\/wp\/v2\/categories?post=5504"},{"taxonomy":"post_tag","embeddable":true,"href":"https:\/\/salmosbiblicos.com.br\/index.php\/wp-json\/wp\/v2\/tags?post=5504"}],"curies":[{"name":"wp","href":"https:\/\/api.w.org\/{rel}","templated":true}]}}