{"id":5508,"date":"2026-03-28T08:16:54","date_gmt":"2026-03-28T11:16:54","guid":{"rendered":"https:\/\/salmosbiblicos.com.br\/?p=5508"},"modified":"2026-03-28T08:16:54","modified_gmt":"2026-03-28T11:16:54","slug":"fe-em-tempos-dificeis-um-farol-na-escuridao","status":"publish","type":"post","link":"https:\/\/salmosbiblicos.com.br\/index.php\/2026\/03\/28\/fe-em-tempos-dificeis-um-farol-na-escuridao\/","title":{"rendered":"F\u00e9 em Tempos Dif\u00edceis: Um Farol na Escurid\u00e3o"},"content":{"rendered":"<p>## A Beleza Silenciosa da F\u00e9<\/p>\n<p>Quantas vezes nos encontramos em meio \u00e0 tempestade, sentindo o peso do mundo sobre os ombros? Quantas vezes o desespero nos paralisa, a d\u00favida nos assombra? \u00c9 nesses momentos, na escurid\u00e3o da prova\u00e7\u00e3o, que a f\u00e9 se revela como um farol, uma for\u00e7a interior que nos impulsiona a seguir adiante.<\/p>\n<p>A f\u00e9 \u00e9 uma d\u00e1diva poderosa, um dom que reside em nossos cora\u00e7\u00f5es. **Ela \u00e9 a convic\u00e7\u00e3o profunda de que, mesmo quando n\u00e3o compreendemos os caminhos da vida, h\u00e1 um prop\u00f3sito maior em a\u00e7\u00e3o.** \u00c9 a certeza que nos sustenta, mesmo quando tudo parece perdido.<\/p>\n<p>### A F\u00e9 que se Esconde<\/p>\n<p>Muitas vezes, essa for\u00e7a, essa f\u00e9, se manifesta em sil\u00eancio, de maneira quase impercept\u00edvel. N\u00e3o exige aplausos, n\u00e3o clama por reconhecimento. \u00c9 uma chama que arde no \u00edntimo, impulsionando nossas a\u00e7\u00f5es, guiando nossos passos. <\/p>\n<p>\u00c9 a f\u00e9 daquela mulher que, atormentada por uma doen\u00e7a que a consumia, buscou a cura em um gesto de esperan\u00e7a, tocando na veste de um homem que passava. **Ningu\u00e9m notou seu esfor\u00e7o, ningu\u00e9m percebeu a batalha travada em seu interior.** A multid\u00e3o a empurrava, a esmagava, mas ela perseverou, movida pela f\u00e9. <\/p>\n<p>Um movimento invis\u00edvel, silencioso, que transformou sua vida, sua condi\u00e7\u00e3o, sem que ningu\u00e9m visse.<\/p>\n<p>### Um Testemunho de Esperan\u00e7a<\/p>\n<p>A hist\u00f3ria daquela mulher \u00e9 um lembrete precioso: a f\u00e9 n\u00e3o precisa ser grandiosa ou exuberante para ser poderosa. Ela pode se manifestar na prece sussurrada no sil\u00eancio do quarto, na a\u00e7\u00e3o de bondade para com o pr\u00f3ximo, na perseveran\u00e7a diante da adversidade.<\/p>\n<p>Mesmo quando a dor \u00e9 intensa e o sofrimento parece intermin\u00e1vel, a f\u00e9 nos mant\u00e9m firmes, nos d\u00e1 a esperan\u00e7a de que a luz, um dia, romper\u00e1 as trevas. **A f\u00e9 nos ensina que, mesmo diante da morte, h\u00e1 a possibilidade de um novo come\u00e7o, de um milagre que transcende a nossa compreens\u00e3o.**<\/p>\n<p>Ela provou ser uma testemunha da divindade, porque Jesus viu a f\u00e9 oculta em seu cora\u00e7\u00e3o. Aquele que enxerga o que ningu\u00e9m v\u00ea, concede a cura vis\u00edvel. <\/p>\n<p>### N\u00e3o Desista da Sua F\u00e9<\/p>\n<p>Se voc\u00ea tem, por vezes, sentido o peso da desesperan\u00e7a, a for\u00e7a da d\u00favida, lembre-se: Deus v\u00ea o que ningu\u00e9m v\u00ea em sua vida. Ele conhece o tamanho da sua f\u00e9, mesmo que ela pare\u00e7a fr\u00e1gil e vacilante.<\/p>\n<p>*   N\u00e3o se deixe abalar pelas opini\u00f5es alheias.<br \/>*   N\u00e3o desista de orar em segredo.<br \/>*   N\u00e3o pare de buscar a luz, mesmo quando a escurid\u00e3o parece invenc\u00edvel.<\/p>\n<p>Pois a f\u00e9, essa for\u00e7a que muitas vezes ningu\u00e9m v\u00ea, \u00e9 a chave que abre as portas do milagre, a \u00e2ncora que nos mant\u00e9m seguros em meio \u00e0 tempestade. **Que a esperan\u00e7a renas\u00e7a em seus cora\u00e7\u00f5es, e que a f\u00e9 os guie em todos os caminhos.**<\/p>\n","protected":false},"excerpt":{"rendered":"<p>## A Beleza Silenciosa da F\u00e9 Quantas vezes nos encontramos em meio \u00e0 tempestade, sentindo o peso do mundo sobre os ombros? Quantas vezes o desespero nos paralisa, a d\u00favida nos assombra? \u00c9 nesses momentos, na escurid\u00e3o da prova\u00e7\u00e3o, que a f\u00e9 se revela como um farol, uma for\u00e7a interior que nos impulsiona a seguir [&hellip;]<\/p>\n","protected":false},"author":1,"featured_media":0,"comment_status":"closed","ping_status":"open","sticky":false,"template":"","format":"standard","meta":{"footnotes":""},"categories":[14],"tags":[],"class_list":["post-5508","post","type-post","status-publish","format-standard","hentry","category-reflexao"],"yoast_head":"<!-- This site is optimized with the Yoast SEO plugin v27.2 - https:\/\/yoast.com\/product\/yoast-seo-wordpress\/ -->\n<title>F\u00e9 em Tempos Dif\u00edceis: Um Farol na Escurid\u00e3o - Salmos B\u00edblicos<\/title>\n<meta name=\"robots\" content=\"index, follow, max-snippet:-1, max-image-preview:large, max-video-preview:-1\" \/>\n<link rel=\"canonical\" href=\"https:\/\/salmosbiblicos.com.br\/index.php\/2026\/03\/28\/fe-em-tempos-dificeis-um-farol-na-escuridao\/\" \/>\n<meta property=\"og:locale\" content=\"pt_BR\" \/>\n<meta property=\"og:type\" content=\"article\" \/>\n<meta property=\"og:title\" content=\"F\u00e9 em Tempos Dif\u00edceis: Um Farol na Escurid\u00e3o - Salmos B\u00edblicos\" \/>\n<meta property=\"og:description\" content=\"## A Beleza Silenciosa da F\u00e9 Quantas vezes nos encontramos em meio \u00e0 tempestade, sentindo o peso do mundo sobre os ombros? Quantas vezes o desespero nos paralisa, a d\u00favida nos assombra? \u00c9 nesses momentos, na escurid\u00e3o da prova\u00e7\u00e3o, que a f\u00e9 se revela como um farol, uma for\u00e7a interior que nos impulsiona a seguir [&hellip;]\" \/>\n<meta property=\"og:url\" content=\"https:\/\/salmosbiblicos.com.br\/index.php\/2026\/03\/28\/fe-em-tempos-dificeis-um-farol-na-escuridao\/\" \/>\n<meta property=\"og:site_name\" content=\"Salmos B\u00edblicos\" \/>\n<meta property=\"article:published_time\" content=\"2026-03-28T11:16:54+00:00\" \/>\n<meta name=\"author\" content=\"alextreh@gmail.com\" \/>\n<meta name=\"twitter:card\" content=\"summary_large_image\" \/>\n<meta name=\"twitter:label1\" content=\"Escrito por\" \/>\n\t<meta name=\"twitter:data1\" content=\"alextreh@gmail.com\" \/>\n\t<meta name=\"twitter:label2\" content=\"Est. tempo de leitura\" \/>\n\t<meta name=\"twitter:data2\" content=\"2 minutos\" \/>\n<script type=\"application\/ld+json\" class=\"yoast-schema-graph\">{\"@context\":\"https:\/\/schema.org\",\"@graph\":[{\"@type\":\"Article\",\"@id\":\"https:\/\/salmosbiblicos.com.br\/index.php\/2026\/03\/28\/fe-em-tempos-dificeis-um-farol-na-escuridao\/#article\",\"isPartOf\":{\"@id\":\"https:\/\/salmosbiblicos.com.br\/index.php\/2026\/03\/28\/fe-em-tempos-dificeis-um-farol-na-escuridao\/\"},\"author\":{\"name\":\"alextreh@gmail.com\",\"@id\":\"https:\/\/salmosbiblicos.com.br\/#\/schema\/person\/30586d0fb3f3a46b78a3414fc39cc975\"},\"headline\":\"F\u00e9 em Tempos Dif\u00edceis: Um Farol na Escurid\u00e3o\",\"datePublished\":\"2026-03-28T11:16:54+00:00\",\"mainEntityOfPage\":{\"@id\":\"https:\/\/salmosbiblicos.com.br\/index.php\/2026\/03\/28\/fe-em-tempos-dificeis-um-farol-na-escuridao\/\"},\"wordCount\":505,\"articleSection\":[\"Reflex\u00e3o\"],\"inLanguage\":\"pt-BR\"},{\"@type\":\"WebPage\",\"@id\":\"https:\/\/salmosbiblicos.com.br\/index.php\/2026\/03\/28\/fe-em-tempos-dificeis-um-farol-na-escuridao\/\",\"url\":\"https:\/\/salmosbiblicos.com.br\/index.php\/2026\/03\/28\/fe-em-tempos-dificeis-um-farol-na-escuridao\/\",\"name\":\"F\u00e9 em Tempos Dif\u00edceis: Um Farol na Escurid\u00e3o - Salmos B\u00edblicos\",\"isPartOf\":{\"@id\":\"https:\/\/salmosbiblicos.com.br\/#website\"},\"datePublished\":\"2026-03-28T11:16:54+00:00\",\"author\":{\"@id\":\"https:\/\/salmosbiblicos.com.br\/#\/schema\/person\/30586d0fb3f3a46b78a3414fc39cc975\"},\"breadcrumb\":{\"@id\":\"https:\/\/salmosbiblicos.com.br\/index.php\/2026\/03\/28\/fe-em-tempos-dificeis-um-farol-na-escuridao\/#breadcrumb\"},\"inLanguage\":\"pt-BR\",\"potentialAction\":[{\"@type\":\"ReadAction\",\"target\":[\"https:\/\/salmosbiblicos.com.br\/index.php\/2026\/03\/28\/fe-em-tempos-dificeis-um-farol-na-escuridao\/\"]}]},{\"@type\":\"BreadcrumbList\",\"@id\":\"https:\/\/salmosbiblicos.com.br\/index.php\/2026\/03\/28\/fe-em-tempos-dificeis-um-farol-na-escuridao\/#breadcrumb\",\"itemListElement\":[{\"@type\":\"ListItem\",\"position\":1,\"name\":\"Home\",\"item\":\"https:\/\/salmosbiblicos.com.br\/\"},{\"@type\":\"ListItem\",\"position\":2,\"name\":\"F\u00e9 em Tempos Dif\u00edceis: Um Farol na Escurid\u00e3o\"}]},{\"@type\":\"WebSite\",\"@id\":\"https:\/\/salmosbiblicos.com.br\/#website\",\"url\":\"https:\/\/salmosbiblicos.com.br\/\",\"name\":\"Salmos B\u00edblicos\",\"description\":\"Uma e-Livraria com e-Books novos para voc\u00ea refletir.\",\"potentialAction\":[{\"@type\":\"SearchAction\",\"target\":{\"@type\":\"EntryPoint\",\"urlTemplate\":\"https:\/\/salmosbiblicos.com.br\/?s={search_term_string}\"},\"query-input\":{\"@type\":\"PropertyValueSpecification\",\"valueRequired\":true,\"valueName\":\"search_term_string\"}}],\"inLanguage\":\"pt-BR\"},{\"@type\":\"Person\",\"@id\":\"https:\/\/salmosbiblicos.com.br\/#\/schema\/person\/30586d0fb3f3a46b78a3414fc39cc975\",\"name\":\"alextreh@gmail.com\",\"image\":{\"@type\":\"ImageObject\",\"inLanguage\":\"pt-BR\",\"@id\":\"https:\/\/secure.gravatar.com\/avatar\/7cf84d31f581ec97b887c1039d478a7c293086896c84951a86753fb2c2af7527?s=96&d=mm&r=g\",\"url\":\"https:\/\/secure.gravatar.com\/avatar\/7cf84d31f581ec97b887c1039d478a7c293086896c84951a86753fb2c2af7527?s=96&d=mm&r=g\",\"contentUrl\":\"https:\/\/secure.gravatar.com\/avatar\/7cf84d31f581ec97b887c1039d478a7c293086896c84951a86753fb2c2af7527?s=96&d=mm&r=g\",\"caption\":\"alextreh@gmail.com\"},\"sameAs\":[\"http:\/\/salmosbiblicos.com.br\"],\"url\":\"https:\/\/salmosbiblicos.com.br\/index.php\/author\/alextrehgmail-com\/\"}]}<\/script>\n<!-- \/ Yoast SEO plugin. -->","yoast_head_json":{"title":"F\u00e9 em Tempos Dif\u00edceis: Um Farol na Escurid\u00e3o - Salmos B\u00edblicos","robots":{"index":"index","follow":"follow","max-snippet":"max-snippet:-1","max-image-preview":"max-image-preview:large","max-video-preview":"max-video-preview:-1"},"canonical":"https:\/\/salmosbiblicos.com.br\/index.php\/2026\/03\/28\/fe-em-tempos-dificeis-um-farol-na-escuridao\/","og_locale":"pt_BR","og_type":"article","og_title":"F\u00e9 em Tempos Dif\u00edceis: Um Farol na Escurid\u00e3o - Salmos B\u00edblicos","og_description":"## A Beleza Silenciosa da F\u00e9 Quantas vezes nos encontramos em meio \u00e0 tempestade, sentindo o peso do mundo sobre os ombros? Quantas vezes o desespero nos paralisa, a d\u00favida nos assombra? \u00c9 nesses momentos, na escurid\u00e3o da prova\u00e7\u00e3o, que a f\u00e9 se revela como um farol, uma for\u00e7a interior que nos impulsiona a seguir [&hellip;]","og_url":"https:\/\/salmosbiblicos.com.br\/index.php\/2026\/03\/28\/fe-em-tempos-dificeis-um-farol-na-escuridao\/","og_site_name":"Salmos B\u00edblicos","article_published_time":"2026-03-28T11:16:54+00:00","author":"alextreh@gmail.com","twitter_card":"summary_large_image","twitter_misc":{"Escrito por":"alextreh@gmail.com","Est. tempo de leitura":"2 minutos"},"schema":{"@context":"https:\/\/schema.org","@graph":[{"@type":"Article","@id":"https:\/\/salmosbiblicos.com.br\/index.php\/2026\/03\/28\/fe-em-tempos-dificeis-um-farol-na-escuridao\/#article","isPartOf":{"@id":"https:\/\/salmosbiblicos.com.br\/index.php\/2026\/03\/28\/fe-em-tempos-dificeis-um-farol-na-escuridao\/"},"author":{"name":"alextreh@gmail.com","@id":"https:\/\/salmosbiblicos.com.br\/#\/schema\/person\/30586d0fb3f3a46b78a3414fc39cc975"},"headline":"F\u00e9 em Tempos Dif\u00edceis: Um Farol na Escurid\u00e3o","datePublished":"2026-03-28T11:16:54+00:00","mainEntityOfPage":{"@id":"https:\/\/salmosbiblicos.com.br\/index.php\/2026\/03\/28\/fe-em-tempos-dificeis-um-farol-na-escuridao\/"},"wordCount":505,"articleSection":["Reflex\u00e3o"],"inLanguage":"pt-BR"},{"@type":"WebPage","@id":"https:\/\/salmosbiblicos.com.br\/index.php\/2026\/03\/28\/fe-em-tempos-dificeis-um-farol-na-escuridao\/","url":"https:\/\/salmosbiblicos.com.br\/index.php\/2026\/03\/28\/fe-em-tempos-dificeis-um-farol-na-escuridao\/","name":"F\u00e9 em Tempos Dif\u00edceis: Um Farol na Escurid\u00e3o - Salmos B\u00edblicos","isPartOf":{"@id":"https:\/\/salmosbiblicos.com.br\/#website"},"datePublished":"2026-03-28T11:16:54+00:00","author":{"@id":"https:\/\/salmosbiblicos.com.br\/#\/schema\/person\/30586d0fb3f3a46b78a3414fc39cc975"},"breadcrumb":{"@id":"https:\/\/salmosbiblicos.com.br\/index.php\/2026\/03\/28\/fe-em-tempos-dificeis-um-farol-na-escuridao\/#breadcrumb"},"inLanguage":"pt-BR","potentialAction":[{"@type":"ReadAction","target":["https:\/\/salmosbiblicos.com.br\/index.php\/2026\/03\/28\/fe-em-tempos-dificeis-um-farol-na-escuridao\/"]}]},{"@type":"BreadcrumbList","@id":"https:\/\/salmosbiblicos.com.br\/index.php\/2026\/03\/28\/fe-em-tempos-dificeis-um-farol-na-escuridao\/#breadcrumb","itemListElement":[{"@type":"ListItem","position":1,"name":"Home","item":"https:\/\/salmosbiblicos.com.br\/"},{"@type":"ListItem","position":2,"name":"F\u00e9 em Tempos Dif\u00edceis: Um Farol na Escurid\u00e3o"}]},{"@type":"WebSite","@id":"https:\/\/salmosbiblicos.com.br\/#website","url":"https:\/\/salmosbiblicos.com.br\/","name":"Salmos B\u00edblicos","description":"Uma e-Livraria com e-Books novos para voc\u00ea refletir.","potentialAction":[{"@type":"SearchAction","target":{"@type":"EntryPoint","urlTemplate":"https:\/\/salmosbiblicos.com.br\/?s={search_term_string}"},"query-input":{"@type":"PropertyValueSpecification","valueRequired":true,"valueName":"search_term_string"}}],"inLanguage":"pt-BR"},{"@type":"Person","@id":"https:\/\/salmosbiblicos.com.br\/#\/schema\/person\/30586d0fb3f3a46b78a3414fc39cc975","name":"alextreh@gmail.com","image":{"@type":"ImageObject","inLanguage":"pt-BR","@id":"https:\/\/secure.gravatar.com\/avatar\/7cf84d31f581ec97b887c1039d478a7c293086896c84951a86753fb2c2af7527?s=96&d=mm&r=g","url":"https:\/\/secure.gravatar.com\/avatar\/7cf84d31f581ec97b887c1039d478a7c293086896c84951a86753fb2c2af7527?s=96&d=mm&r=g","contentUrl":"https:\/\/secure.gravatar.com\/avatar\/7cf84d31f581ec97b887c1039d478a7c293086896c84951a86753fb2c2af7527?s=96&d=mm&r=g","caption":"alextreh@gmail.com"},"sameAs":["http:\/\/salmosbiblicos.com.br"],"url":"https:\/\/salmosbiblicos.com.br\/index.php\/author\/alextrehgmail-com\/"}]}},"_links":{"self":[{"href":"https:\/\/salmosbiblicos.com.br\/index.php\/wp-json\/wp\/v2\/posts\/5508","targetHints":{"allow":["GET"]}}],"collection":[{"href":"https:\/\/salmosbiblicos.com.br\/index.php\/wp-json\/wp\/v2\/posts"}],"about":[{"href":"https:\/\/salmosbiblicos.com.br\/index.php\/wp-json\/wp\/v2\/types\/post"}],"author":[{"embeddable":true,"href":"https:\/\/salmosbiblicos.com.br\/index.php\/wp-json\/wp\/v2\/users\/1"}],"replies":[{"embeddable":true,"href":"https:\/\/salmosbiblicos.com.br\/index.php\/wp-json\/wp\/v2\/comments?post=5508"}],"version-history":[{"count":1,"href":"https:\/\/salmosbiblicos.com.br\/index.php\/wp-json\/wp\/v2\/posts\/5508\/revisions"}],"predecessor-version":[{"id":5509,"href":"https:\/\/salmosbiblicos.com.br\/index.php\/wp-json\/wp\/v2\/posts\/5508\/revisions\/5509"}],"wp:attachment":[{"href":"https:\/\/salmosbiblicos.com.br\/index.php\/wp-json\/wp\/v2\/media?parent=5508"}],"wp:term":[{"taxonomy":"category","embeddable":true,"href":"https:\/\/salmosbiblicos.com.br\/index.php\/wp-json\/wp\/v2\/categories?post=5508"},{"taxonomy":"post_tag","embeddable":true,"href":"https:\/\/salmosbiblicos.com.br\/index.php\/wp-json\/wp\/v2\/tags?post=5508"}],"curies":[{"name":"wp","href":"https:\/\/api.w.org\/{rel}","templated":true}]}}