{"id":5510,"date":"2026-03-28T08:42:30","date_gmt":"2026-03-28T11:42:30","guid":{"rendered":"https:\/\/salmosbiblicos.com.br\/?p=5510"},"modified":"2026-03-28T08:42:30","modified_gmt":"2026-03-28T11:42:30","slug":"jesus-a-luz-divina-que-ilumina-o-mundo-e-traz-esperanca","status":"publish","type":"post","link":"https:\/\/salmosbiblicos.com.br\/index.php\/2026\/03\/28\/jesus-a-luz-divina-que-ilumina-o-mundo-e-traz-esperanca\/","title":{"rendered":"Jesus: A Luz Divina que Ilumina o Mundo e Traz Esperan\u00e7a"},"content":{"rendered":"<p>## A Luz que Rompe a Escurid\u00e3o<\/p>\n<p>H\u00e1 uma pergunta que ecoa em nossos cora\u00e7\u00f5es: **voc\u00ea acredita que Jesus \u00e9 a luz que veio para iluminar as na\u00e7\u00f5es?** Uma luz capaz de dissipar as sombras que nos cercam, tanto internas quanto externas. A resposta, no \u00edntimo, sabemos que \u00e9 sim. Mas a cren\u00e7a, por si s\u00f3, n\u00e3o \u00e9 suficiente. \u00c9 preciso entender o peso e a profundidade dessa afirma\u00e7\u00e3o.<\/p>\n<p>Porque a luz s\u00f3 se manifesta na escurid\u00e3o. E o mundo, como bem sabemos, precisa de luz. Nossas vidas tamb\u00e9m necessitam desse farol que nos guia. Sem ele, permanecemos perdidos, vulner\u00e1veis \u00e0s for\u00e7as que nos afastam do caminho da verdade.<\/p>\n<p>### O Cumprimento da Promessa<\/p>\n<p>No cora\u00e7\u00e3o do Evangelho, encontramos a hist\u00f3ria de uma m\u00e3e, Maria, e de seu filho, Jesus, apresentado ao Senhor no templo de Jerusal\u00e9m. Uma cena de profunda beleza e significado. Sime\u00e3o, um homem justo e piedoso, esperava ansiosamente a chegada do Messias. Movido pelo Esp\u00edrito Santo, ele reconheceu em Jesus a personifica\u00e7\u00e3o da promessa divina.<\/p>\n<p>&#8220;Luz para iluminar as na\u00e7\u00f5es e gl\u00f3ria do teu povo, Israel,&#8221; proclamou Sime\u00e3o ao segurar o menino nos bra\u00e7os. **Essa \u00e9 a ess\u00eancia do minist\u00e9rio de Jesus: trazer a luz da verdade para um mundo mergulhado na escurid\u00e3o.**<\/p>\n<p>### O Perigo das Sombras<\/p>\n<p>A verdade, no entanto, nem sempre \u00e9 bem recebida. Jesus, como a pr\u00f3pria luz, inevitavelmente confronta a sombra. \u00c9 um ponto de divis\u00e3o, um sinal de contradi\u00e7\u00e3o. Aqueles que est\u00e3o confort\u00e1veis na escurid\u00e3o resistir\u00e3o \u00e0 luz, enquanto aqueles que anseiam por reden\u00e7\u00e3o se sentir\u00e3o atra\u00eddos por ela.<\/p>\n<p>A escurid\u00e3o, meus irm\u00e3os, \u00e9 o reino do erro e do pecado. Quando nos afastamos de Deus, ca\u00edmos sob a influ\u00eancia do diabo, aprisionados em um ciclo de engano e destrui\u00e7\u00e3o. **Mas Jesus veio para nos libertar dessa pris\u00e3o.**<\/p>\n<p>### O Caminho da Ilumina\u00e7\u00e3o<\/p>\n<p>A verdadeira luz, como nos ensina a Palavra, \u00e9 Deus. E em Jesus, essa luz se manifesta plenamente. Quando o conhecemos e o acolhemos em nossos cora\u00e7\u00f5es, somos capazes de discernir a verdade, de abandonar o pecado e de trilhar o caminho da retid\u00e3o.<\/p>\n<p>\u00c9 um processo de transforma\u00e7\u00e3o, um despertar para a realidade do nosso potencial divino. Mas requer um compromisso sincero, um desejo profundo de nos afastarmos das sombras e de abra\u00e7armos a luz que nos oferece.<\/p>\n<p>### Um Chamado \u00e0 Confiss\u00e3o<\/p>\n<p>Se voc\u00ea se sente preso nas trevas, se a escurid\u00e3o do pecado ainda o domina, n\u00e3o se desespere. **A luz de Jesus est\u00e1 sempre dispon\u00edvel para voc\u00ea.** Basta estender a m\u00e3o e pedir a sua ajuda.<\/p>\n<p>Que a for\u00e7a da Palavra nos inspire a buscar a luz que nos guia, a nos afastar das sombras que nos aprisionam e a viver uma vida plena de amor e reden\u00e7\u00e3o. Que a esperan\u00e7a e a f\u00e9 nos fortale\u00e7am em nossa jornada.<\/p>\n<p>Que a gra\u00e7a divina nos ilumine sempre.<\/p>\n","protected":false},"excerpt":{"rendered":"<p>## A Luz que Rompe a Escurid\u00e3o H\u00e1 uma pergunta que ecoa em nossos cora\u00e7\u00f5es: **voc\u00ea acredita que Jesus \u00e9 a luz que veio para iluminar as na\u00e7\u00f5es?** Uma luz capaz de dissipar as sombras que nos cercam, tanto internas quanto externas. A resposta, no \u00edntimo, sabemos que \u00e9 sim. Mas a cren\u00e7a, por si [&hellip;]<\/p>\n","protected":false},"author":1,"featured_media":0,"comment_status":"closed","ping_status":"open","sticky":false,"template":"","format":"standard","meta":{"footnotes":""},"categories":[14],"tags":[],"class_list":["post-5510","post","type-post","status-publish","format-standard","hentry","category-reflexao"],"yoast_head":"<!-- This site is optimized with the Yoast SEO plugin v27.2 - https:\/\/yoast.com\/product\/yoast-seo-wordpress\/ -->\n<title>Jesus: A Luz Divina que Ilumina o Mundo e Traz Esperan\u00e7a - Salmos B\u00edblicos<\/title>\n<meta name=\"robots\" content=\"index, follow, max-snippet:-1, max-image-preview:large, max-video-preview:-1\" \/>\n<link rel=\"canonical\" href=\"https:\/\/salmosbiblicos.com.br\/index.php\/2026\/03\/28\/jesus-a-luz-divina-que-ilumina-o-mundo-e-traz-esperanca\/\" \/>\n<meta property=\"og:locale\" content=\"pt_BR\" \/>\n<meta property=\"og:type\" content=\"article\" \/>\n<meta property=\"og:title\" content=\"Jesus: A Luz Divina que Ilumina o Mundo e Traz Esperan\u00e7a - Salmos B\u00edblicos\" \/>\n<meta property=\"og:description\" content=\"## A Luz que Rompe a Escurid\u00e3o H\u00e1 uma pergunta que ecoa em nossos cora\u00e7\u00f5es: **voc\u00ea acredita que Jesus \u00e9 a luz que veio para iluminar as na\u00e7\u00f5es?** Uma luz capaz de dissipar as sombras que nos cercam, tanto internas quanto externas. A resposta, no \u00edntimo, sabemos que \u00e9 sim. Mas a cren\u00e7a, por si [&hellip;]\" \/>\n<meta property=\"og:url\" content=\"https:\/\/salmosbiblicos.com.br\/index.php\/2026\/03\/28\/jesus-a-luz-divina-que-ilumina-o-mundo-e-traz-esperanca\/\" \/>\n<meta property=\"og:site_name\" content=\"Salmos B\u00edblicos\" \/>\n<meta property=\"article:published_time\" content=\"2026-03-28T11:42:30+00:00\" \/>\n<meta name=\"author\" content=\"alextreh@gmail.com\" \/>\n<meta name=\"twitter:card\" content=\"summary_large_image\" \/>\n<meta name=\"twitter:label1\" content=\"Escrito por\" \/>\n\t<meta name=\"twitter:data1\" content=\"alextreh@gmail.com\" \/>\n\t<meta name=\"twitter:label2\" content=\"Est. tempo de leitura\" \/>\n\t<meta name=\"twitter:data2\" content=\"3 minutos\" \/>\n<script type=\"application\/ld+json\" class=\"yoast-schema-graph\">{\"@context\":\"https:\/\/schema.org\",\"@graph\":[{\"@type\":\"Article\",\"@id\":\"https:\/\/salmosbiblicos.com.br\/index.php\/2026\/03\/28\/jesus-a-luz-divina-que-ilumina-o-mundo-e-traz-esperanca\/#article\",\"isPartOf\":{\"@id\":\"https:\/\/salmosbiblicos.com.br\/index.php\/2026\/03\/28\/jesus-a-luz-divina-que-ilumina-o-mundo-e-traz-esperanca\/\"},\"author\":{\"name\":\"alextreh@gmail.com\",\"@id\":\"https:\/\/salmosbiblicos.com.br\/#\/schema\/person\/30586d0fb3f3a46b78a3414fc39cc975\"},\"headline\":\"Jesus: A Luz Divina que Ilumina o Mundo e Traz Esperan\u00e7a\",\"datePublished\":\"2026-03-28T11:42:30+00:00\",\"mainEntityOfPage\":{\"@id\":\"https:\/\/salmosbiblicos.com.br\/index.php\/2026\/03\/28\/jesus-a-luz-divina-que-ilumina-o-mundo-e-traz-esperanca\/\"},\"wordCount\":523,\"articleSection\":[\"Reflex\u00e3o\"],\"inLanguage\":\"pt-BR\"},{\"@type\":\"WebPage\",\"@id\":\"https:\/\/salmosbiblicos.com.br\/index.php\/2026\/03\/28\/jesus-a-luz-divina-que-ilumina-o-mundo-e-traz-esperanca\/\",\"url\":\"https:\/\/salmosbiblicos.com.br\/index.php\/2026\/03\/28\/jesus-a-luz-divina-que-ilumina-o-mundo-e-traz-esperanca\/\",\"name\":\"Jesus: A Luz Divina que Ilumina o Mundo e Traz Esperan\u00e7a - Salmos B\u00edblicos\",\"isPartOf\":{\"@id\":\"https:\/\/salmosbiblicos.com.br\/#website\"},\"datePublished\":\"2026-03-28T11:42:30+00:00\",\"author\":{\"@id\":\"https:\/\/salmosbiblicos.com.br\/#\/schema\/person\/30586d0fb3f3a46b78a3414fc39cc975\"},\"breadcrumb\":{\"@id\":\"https:\/\/salmosbiblicos.com.br\/index.php\/2026\/03\/28\/jesus-a-luz-divina-que-ilumina-o-mundo-e-traz-esperanca\/#breadcrumb\"},\"inLanguage\":\"pt-BR\",\"potentialAction\":[{\"@type\":\"ReadAction\",\"target\":[\"https:\/\/salmosbiblicos.com.br\/index.php\/2026\/03\/28\/jesus-a-luz-divina-que-ilumina-o-mundo-e-traz-esperanca\/\"]}]},{\"@type\":\"BreadcrumbList\",\"@id\":\"https:\/\/salmosbiblicos.com.br\/index.php\/2026\/03\/28\/jesus-a-luz-divina-que-ilumina-o-mundo-e-traz-esperanca\/#breadcrumb\",\"itemListElement\":[{\"@type\":\"ListItem\",\"position\":1,\"name\":\"Home\",\"item\":\"https:\/\/salmosbiblicos.com.br\/\"},{\"@type\":\"ListItem\",\"position\":2,\"name\":\"Jesus: A Luz Divina que Ilumina o Mundo e Traz Esperan\u00e7a\"}]},{\"@type\":\"WebSite\",\"@id\":\"https:\/\/salmosbiblicos.com.br\/#website\",\"url\":\"https:\/\/salmosbiblicos.com.br\/\",\"name\":\"Salmos B\u00edblicos\",\"description\":\"Uma e-Livraria com e-Books novos para voc\u00ea refletir.\",\"potentialAction\":[{\"@type\":\"SearchAction\",\"target\":{\"@type\":\"EntryPoint\",\"urlTemplate\":\"https:\/\/salmosbiblicos.com.br\/?s={search_term_string}\"},\"query-input\":{\"@type\":\"PropertyValueSpecification\",\"valueRequired\":true,\"valueName\":\"search_term_string\"}}],\"inLanguage\":\"pt-BR\"},{\"@type\":\"Person\",\"@id\":\"https:\/\/salmosbiblicos.com.br\/#\/schema\/person\/30586d0fb3f3a46b78a3414fc39cc975\",\"name\":\"alextreh@gmail.com\",\"image\":{\"@type\":\"ImageObject\",\"inLanguage\":\"pt-BR\",\"@id\":\"https:\/\/secure.gravatar.com\/avatar\/7cf84d31f581ec97b887c1039d478a7c293086896c84951a86753fb2c2af7527?s=96&d=mm&r=g\",\"url\":\"https:\/\/secure.gravatar.com\/avatar\/7cf84d31f581ec97b887c1039d478a7c293086896c84951a86753fb2c2af7527?s=96&d=mm&r=g\",\"contentUrl\":\"https:\/\/secure.gravatar.com\/avatar\/7cf84d31f581ec97b887c1039d478a7c293086896c84951a86753fb2c2af7527?s=96&d=mm&r=g\",\"caption\":\"alextreh@gmail.com\"},\"sameAs\":[\"http:\/\/salmosbiblicos.com.br\"],\"url\":\"https:\/\/salmosbiblicos.com.br\/index.php\/author\/alextrehgmail-com\/\"}]}<\/script>\n<!-- \/ Yoast SEO plugin. -->","yoast_head_json":{"title":"Jesus: A Luz Divina que Ilumina o Mundo e Traz Esperan\u00e7a - Salmos B\u00edblicos","robots":{"index":"index","follow":"follow","max-snippet":"max-snippet:-1","max-image-preview":"max-image-preview:large","max-video-preview":"max-video-preview:-1"},"canonical":"https:\/\/salmosbiblicos.com.br\/index.php\/2026\/03\/28\/jesus-a-luz-divina-que-ilumina-o-mundo-e-traz-esperanca\/","og_locale":"pt_BR","og_type":"article","og_title":"Jesus: A Luz Divina que Ilumina o Mundo e Traz Esperan\u00e7a - Salmos B\u00edblicos","og_description":"## A Luz que Rompe a Escurid\u00e3o H\u00e1 uma pergunta que ecoa em nossos cora\u00e7\u00f5es: **voc\u00ea acredita que Jesus \u00e9 a luz que veio para iluminar as na\u00e7\u00f5es?** Uma luz capaz de dissipar as sombras que nos cercam, tanto internas quanto externas. A resposta, no \u00edntimo, sabemos que \u00e9 sim. Mas a cren\u00e7a, por si [&hellip;]","og_url":"https:\/\/salmosbiblicos.com.br\/index.php\/2026\/03\/28\/jesus-a-luz-divina-que-ilumina-o-mundo-e-traz-esperanca\/","og_site_name":"Salmos B\u00edblicos","article_published_time":"2026-03-28T11:42:30+00:00","author":"alextreh@gmail.com","twitter_card":"summary_large_image","twitter_misc":{"Escrito por":"alextreh@gmail.com","Est. tempo de leitura":"3 minutos"},"schema":{"@context":"https:\/\/schema.org","@graph":[{"@type":"Article","@id":"https:\/\/salmosbiblicos.com.br\/index.php\/2026\/03\/28\/jesus-a-luz-divina-que-ilumina-o-mundo-e-traz-esperanca\/#article","isPartOf":{"@id":"https:\/\/salmosbiblicos.com.br\/index.php\/2026\/03\/28\/jesus-a-luz-divina-que-ilumina-o-mundo-e-traz-esperanca\/"},"author":{"name":"alextreh@gmail.com","@id":"https:\/\/salmosbiblicos.com.br\/#\/schema\/person\/30586d0fb3f3a46b78a3414fc39cc975"},"headline":"Jesus: A Luz Divina que Ilumina o Mundo e Traz Esperan\u00e7a","datePublished":"2026-03-28T11:42:30+00:00","mainEntityOfPage":{"@id":"https:\/\/salmosbiblicos.com.br\/index.php\/2026\/03\/28\/jesus-a-luz-divina-que-ilumina-o-mundo-e-traz-esperanca\/"},"wordCount":523,"articleSection":["Reflex\u00e3o"],"inLanguage":"pt-BR"},{"@type":"WebPage","@id":"https:\/\/salmosbiblicos.com.br\/index.php\/2026\/03\/28\/jesus-a-luz-divina-que-ilumina-o-mundo-e-traz-esperanca\/","url":"https:\/\/salmosbiblicos.com.br\/index.php\/2026\/03\/28\/jesus-a-luz-divina-que-ilumina-o-mundo-e-traz-esperanca\/","name":"Jesus: A Luz Divina que Ilumina o Mundo e Traz Esperan\u00e7a - Salmos B\u00edblicos","isPartOf":{"@id":"https:\/\/salmosbiblicos.com.br\/#website"},"datePublished":"2026-03-28T11:42:30+00:00","author":{"@id":"https:\/\/salmosbiblicos.com.br\/#\/schema\/person\/30586d0fb3f3a46b78a3414fc39cc975"},"breadcrumb":{"@id":"https:\/\/salmosbiblicos.com.br\/index.php\/2026\/03\/28\/jesus-a-luz-divina-que-ilumina-o-mundo-e-traz-esperanca\/#breadcrumb"},"inLanguage":"pt-BR","potentialAction":[{"@type":"ReadAction","target":["https:\/\/salmosbiblicos.com.br\/index.php\/2026\/03\/28\/jesus-a-luz-divina-que-ilumina-o-mundo-e-traz-esperanca\/"]}]},{"@type":"BreadcrumbList","@id":"https:\/\/salmosbiblicos.com.br\/index.php\/2026\/03\/28\/jesus-a-luz-divina-que-ilumina-o-mundo-e-traz-esperanca\/#breadcrumb","itemListElement":[{"@type":"ListItem","position":1,"name":"Home","item":"https:\/\/salmosbiblicos.com.br\/"},{"@type":"ListItem","position":2,"name":"Jesus: A Luz Divina que Ilumina o Mundo e Traz Esperan\u00e7a"}]},{"@type":"WebSite","@id":"https:\/\/salmosbiblicos.com.br\/#website","url":"https:\/\/salmosbiblicos.com.br\/","name":"Salmos B\u00edblicos","description":"Uma e-Livraria com e-Books novos para voc\u00ea refletir.","potentialAction":[{"@type":"SearchAction","target":{"@type":"EntryPoint","urlTemplate":"https:\/\/salmosbiblicos.com.br\/?s={search_term_string}"},"query-input":{"@type":"PropertyValueSpecification","valueRequired":true,"valueName":"search_term_string"}}],"inLanguage":"pt-BR"},{"@type":"Person","@id":"https:\/\/salmosbiblicos.com.br\/#\/schema\/person\/30586d0fb3f3a46b78a3414fc39cc975","name":"alextreh@gmail.com","image":{"@type":"ImageObject","inLanguage":"pt-BR","@id":"https:\/\/secure.gravatar.com\/avatar\/7cf84d31f581ec97b887c1039d478a7c293086896c84951a86753fb2c2af7527?s=96&d=mm&r=g","url":"https:\/\/secure.gravatar.com\/avatar\/7cf84d31f581ec97b887c1039d478a7c293086896c84951a86753fb2c2af7527?s=96&d=mm&r=g","contentUrl":"https:\/\/secure.gravatar.com\/avatar\/7cf84d31f581ec97b887c1039d478a7c293086896c84951a86753fb2c2af7527?s=96&d=mm&r=g","caption":"alextreh@gmail.com"},"sameAs":["http:\/\/salmosbiblicos.com.br"],"url":"https:\/\/salmosbiblicos.com.br\/index.php\/author\/alextrehgmail-com\/"}]}},"_links":{"self":[{"href":"https:\/\/salmosbiblicos.com.br\/index.php\/wp-json\/wp\/v2\/posts\/5510","targetHints":{"allow":["GET"]}}],"collection":[{"href":"https:\/\/salmosbiblicos.com.br\/index.php\/wp-json\/wp\/v2\/posts"}],"about":[{"href":"https:\/\/salmosbiblicos.com.br\/index.php\/wp-json\/wp\/v2\/types\/post"}],"author":[{"embeddable":true,"href":"https:\/\/salmosbiblicos.com.br\/index.php\/wp-json\/wp\/v2\/users\/1"}],"replies":[{"embeddable":true,"href":"https:\/\/salmosbiblicos.com.br\/index.php\/wp-json\/wp\/v2\/comments?post=5510"}],"version-history":[{"count":1,"href":"https:\/\/salmosbiblicos.com.br\/index.php\/wp-json\/wp\/v2\/posts\/5510\/revisions"}],"predecessor-version":[{"id":5511,"href":"https:\/\/salmosbiblicos.com.br\/index.php\/wp-json\/wp\/v2\/posts\/5510\/revisions\/5511"}],"wp:attachment":[{"href":"https:\/\/salmosbiblicos.com.br\/index.php\/wp-json\/wp\/v2\/media?parent=5510"}],"wp:term":[{"taxonomy":"category","embeddable":true,"href":"https:\/\/salmosbiblicos.com.br\/index.php\/wp-json\/wp\/v2\/categories?post=5510"},{"taxonomy":"post_tag","embeddable":true,"href":"https:\/\/salmosbiblicos.com.br\/index.php\/wp-json\/wp\/v2\/tags?post=5510"}],"curies":[{"name":"wp","href":"https:\/\/api.w.org\/{rel}","templated":true}]}}