{"id":5512,"date":"2026-03-28T09:09:22","date_gmt":"2026-03-28T12:09:22","guid":{"rendered":"https:\/\/salmosbiblicos.com.br\/?p=5512"},"modified":"2026-03-28T09:09:22","modified_gmt":"2026-03-28T12:09:22","slug":"mansidao-encontre-a-paz-interior-e-o-caminho-para-o-reino","status":"publish","type":"post","link":"https:\/\/salmosbiblicos.com.br\/index.php\/2026\/03\/28\/mansidao-encontre-a-paz-interior-e-o-caminho-para-o-reino\/","title":{"rendered":"Mansid\u00e3o: Encontre a Paz Interior e o Caminho para o Reino"},"content":{"rendered":"<p>## A Mansid\u00e3o: Um Caminho para a Paz Interior e o Reino dos C\u00e9us<\/p>\n<p>\u00c9 com o cora\u00e7\u00e3o sereno que nos reunimos para refletir sobre uma virtude essencial ao nosso caminhar: a mansid\u00e3o. Quantas vezes nos deparamos com a dor da ofensa, com a injusti\u00e7a que fere a alma? A resposta f\u00e1cil seria a retalia\u00e7\u00e3o, a ferida por ferida. Mas o Evangelho nos convida a um caminho muito mais elevado, um caminho de **paz e de gra\u00e7a**.<\/p>\n<p>### O Que Significa Ser Manso?<\/p>\n<p>Jesus, em sua sabedoria divina, subiu ao monte para nos revelar o segredo da verdadeira felicidade. Em Mateus, cap\u00edtulo 5, vers\u00edculos de 1 a 12, ele abriu para n\u00f3s os &#8220;bem-aventurados&#8221;, aqueles que possuem as qualidades que nos levam ao Reino dos C\u00e9us. Entre eles, destacam-se os mansos, aqueles que **&#8221;possuir\u00e3o a terra&#8221;**.<\/p>\n<p>Mas o que significa ser manso? N\u00e3o se trata de fraqueza ou passividade. A mansid\u00e3o reside na capacidade de suportar a ofensa, de absorver a dor sem revidar, de preferir o bem do pr\u00f3ximo ao seu pr\u00f3prio. \u00c9 a for\u00e7a interior que nos permite, mesmo diante da agress\u00e3o, manter a serenidade e a compaix\u00e3o.<\/p>\n<p>### O Desafio da Mansid\u00e3o no Mundo<\/p>\n<p>Quantas vezes nos sentimos tentados a responder \u00e0 maldade com maldade? \u00c9 natural que a raiva e a frustra\u00e7\u00e3o nos dominem quando somos injustamente acusados ou feridos. No entanto, a verdadeira **f\u00e9 nos impulsiona a romper com o ciclo da viol\u00eancia**. Jesus quebrou o &#8220;olho por olho, dente por dente&#8221; do Antigo Testamento, nos ensinando a amar at\u00e9 mesmo aos nossos inimigos.<\/p>\n<p>N\u00e3o podemos esperar um mundo isento de provoca\u00e7\u00f5es e injusti\u00e7as. O mal sempre estar\u00e1 presente, buscando nos desviar do caminho da virtude. Mas a nossa resposta deve ser a da mansid\u00e3o: **&#8221;oferecer a outra face&#8221;**.<\/p>\n<p>### O C\u00edrculo Virtuoso da Paz<\/p>\n<p>Amar os que nos odeiam, orar pelos que nos maltratam, aben\u00e7oar aqueles que nos perseguem \u2013 este \u00e9 o caminho da perfei\u00e7\u00e3o, o caminho que nos torna filhos de Deus. Quando agimos com mansid\u00e3o, somos instrumentos de **transforma\u00e7\u00e3o e de reconcilia\u00e7\u00e3o** no mundo. <\/p>\n<p>Esta atitude de paz n\u00e3o apenas beneficia aqueles que nos ofendem, mas tamb\u00e9m nos traz uma profunda alegria interior. Ao renunciarmos \u00e0 vingan\u00e7a, encontramos a verdadeira liberdade.<\/p>\n<p>### A Mansid\u00e3o aos Olhos de Deus<\/p>\n<p>A beleza da mansid\u00e3o n\u00e3o reside apenas em seus efeitos externos, mas tamb\u00e9m em seu valor intr\u00ednseco aos olhos de Deus. Aquele que possui um cora\u00e7\u00e3o manso, um esp\u00edrito suave e pac\u00edfico, \u00e9 considerado **precioso a Deus**.<\/p>\n<p>Que possamos buscar, portanto, cultivar essa virtude em nossos cora\u00e7\u00f5es, atrav\u00e9s da ora\u00e7\u00e3o, da reflex\u00e3o e da pr\u00e1tica do bem. Que sejamos, cada vez mais, espelhos do amor e da mansid\u00e3o de Jesus Cristo.<\/p>\n<p>### Reflex\u00f5es Adicionais<\/p>\n<p>*   **A import\u00e2ncia de cultivar a paz interior** para enfrentar os desafios do dia a dia.<br \/>*   **A necessidade de discernir entre a mansid\u00e3o e a passividade**, pois a verdadeira mansid\u00e3o \u00e9 acompanhada de coragem e determina\u00e7\u00e3o para defender a verdade e a justi\u00e7a.<br \/>*   **O convite a ler o cap\u00edtulo 5 de Mateus**, uma fonte inesgot\u00e1vel de sabedoria para o nosso crescimento espiritual.<\/p>\n<p>Que a gra\u00e7a de Deus nos fortale\u00e7a para trilharmos o caminho da mansid\u00e3o e encontrarmos a verdadeira felicidade no Reino dos C\u00e9us.<\/p>\n","protected":false},"excerpt":{"rendered":"<p>## A Mansid\u00e3o: Um Caminho para a Paz Interior e o Reino dos C\u00e9us \u00c9 com o cora\u00e7\u00e3o sereno que nos reunimos para refletir sobre uma virtude essencial ao nosso caminhar: a mansid\u00e3o. Quantas vezes nos deparamos com a dor da ofensa, com a injusti\u00e7a que fere a alma? A resposta f\u00e1cil seria a retalia\u00e7\u00e3o, [&hellip;]<\/p>\n","protected":false},"author":1,"featured_media":0,"comment_status":"closed","ping_status":"open","sticky":false,"template":"","format":"standard","meta":{"footnotes":""},"categories":[14],"tags":[],"class_list":["post-5512","post","type-post","status-publish","format-standard","hentry","category-reflexao"],"yoast_head":"<!-- This site is optimized with the Yoast SEO plugin v27.2 - https:\/\/yoast.com\/product\/yoast-seo-wordpress\/ -->\n<title>Mansid\u00e3o: Encontre a Paz Interior e o Caminho para o Reino - Salmos B\u00edblicos<\/title>\n<meta name=\"robots\" content=\"index, follow, max-snippet:-1, max-image-preview:large, max-video-preview:-1\" \/>\n<link rel=\"canonical\" href=\"https:\/\/salmosbiblicos.com.br\/index.php\/2026\/03\/28\/mansidao-encontre-a-paz-interior-e-o-caminho-para-o-reino\/\" \/>\n<meta property=\"og:locale\" content=\"pt_BR\" \/>\n<meta property=\"og:type\" content=\"article\" \/>\n<meta property=\"og:title\" content=\"Mansid\u00e3o: Encontre a Paz Interior e o Caminho para o Reino - Salmos B\u00edblicos\" \/>\n<meta property=\"og:description\" content=\"## A Mansid\u00e3o: Um Caminho para a Paz Interior e o Reino dos C\u00e9us \u00c9 com o cora\u00e7\u00e3o sereno que nos reunimos para refletir sobre uma virtude essencial ao nosso caminhar: a mansid\u00e3o. Quantas vezes nos deparamos com a dor da ofensa, com a injusti\u00e7a que fere a alma? A resposta f\u00e1cil seria a retalia\u00e7\u00e3o, [&hellip;]\" \/>\n<meta property=\"og:url\" content=\"https:\/\/salmosbiblicos.com.br\/index.php\/2026\/03\/28\/mansidao-encontre-a-paz-interior-e-o-caminho-para-o-reino\/\" \/>\n<meta property=\"og:site_name\" content=\"Salmos B\u00edblicos\" \/>\n<meta property=\"article:published_time\" content=\"2026-03-28T12:09:22+00:00\" \/>\n<meta name=\"author\" content=\"alextreh@gmail.com\" \/>\n<meta name=\"twitter:card\" content=\"summary_large_image\" \/>\n<meta name=\"twitter:label1\" content=\"Escrito por\" \/>\n\t<meta name=\"twitter:data1\" content=\"alextreh@gmail.com\" \/>\n\t<meta name=\"twitter:label2\" content=\"Est. tempo de leitura\" \/>\n\t<meta name=\"twitter:data2\" content=\"3 minutos\" \/>\n<script type=\"application\/ld+json\" class=\"yoast-schema-graph\">{\"@context\":\"https:\/\/schema.org\",\"@graph\":[{\"@type\":\"Article\",\"@id\":\"https:\/\/salmosbiblicos.com.br\/index.php\/2026\/03\/28\/mansidao-encontre-a-paz-interior-e-o-caminho-para-o-reino\/#article\",\"isPartOf\":{\"@id\":\"https:\/\/salmosbiblicos.com.br\/index.php\/2026\/03\/28\/mansidao-encontre-a-paz-interior-e-o-caminho-para-o-reino\/\"},\"author\":{\"name\":\"alextreh@gmail.com\",\"@id\":\"https:\/\/salmosbiblicos.com.br\/#\/schema\/person\/30586d0fb3f3a46b78a3414fc39cc975\"},\"headline\":\"Mansid\u00e3o: Encontre a Paz Interior e o Caminho para o Reino\",\"datePublished\":\"2026-03-28T12:09:22+00:00\",\"mainEntityOfPage\":{\"@id\":\"https:\/\/salmosbiblicos.com.br\/index.php\/2026\/03\/28\/mansidao-encontre-a-paz-interior-e-o-caminho-para-o-reino\/\"},\"wordCount\":589,\"articleSection\":[\"Reflex\u00e3o\"],\"inLanguage\":\"pt-BR\"},{\"@type\":\"WebPage\",\"@id\":\"https:\/\/salmosbiblicos.com.br\/index.php\/2026\/03\/28\/mansidao-encontre-a-paz-interior-e-o-caminho-para-o-reino\/\",\"url\":\"https:\/\/salmosbiblicos.com.br\/index.php\/2026\/03\/28\/mansidao-encontre-a-paz-interior-e-o-caminho-para-o-reino\/\",\"name\":\"Mansid\u00e3o: Encontre a Paz Interior e o Caminho para o Reino - Salmos B\u00edblicos\",\"isPartOf\":{\"@id\":\"https:\/\/salmosbiblicos.com.br\/#website\"},\"datePublished\":\"2026-03-28T12:09:22+00:00\",\"author\":{\"@id\":\"https:\/\/salmosbiblicos.com.br\/#\/schema\/person\/30586d0fb3f3a46b78a3414fc39cc975\"},\"breadcrumb\":{\"@id\":\"https:\/\/salmosbiblicos.com.br\/index.php\/2026\/03\/28\/mansidao-encontre-a-paz-interior-e-o-caminho-para-o-reino\/#breadcrumb\"},\"inLanguage\":\"pt-BR\",\"potentialAction\":[{\"@type\":\"ReadAction\",\"target\":[\"https:\/\/salmosbiblicos.com.br\/index.php\/2026\/03\/28\/mansidao-encontre-a-paz-interior-e-o-caminho-para-o-reino\/\"]}]},{\"@type\":\"BreadcrumbList\",\"@id\":\"https:\/\/salmosbiblicos.com.br\/index.php\/2026\/03\/28\/mansidao-encontre-a-paz-interior-e-o-caminho-para-o-reino\/#breadcrumb\",\"itemListElement\":[{\"@type\":\"ListItem\",\"position\":1,\"name\":\"Home\",\"item\":\"https:\/\/salmosbiblicos.com.br\/\"},{\"@type\":\"ListItem\",\"position\":2,\"name\":\"Mansid\u00e3o: Encontre a Paz Interior e o Caminho para o Reino\"}]},{\"@type\":\"WebSite\",\"@id\":\"https:\/\/salmosbiblicos.com.br\/#website\",\"url\":\"https:\/\/salmosbiblicos.com.br\/\",\"name\":\"Salmos B\u00edblicos\",\"description\":\"Uma e-Livraria com e-Books novos para voc\u00ea refletir.\",\"potentialAction\":[{\"@type\":\"SearchAction\",\"target\":{\"@type\":\"EntryPoint\",\"urlTemplate\":\"https:\/\/salmosbiblicos.com.br\/?s={search_term_string}\"},\"query-input\":{\"@type\":\"PropertyValueSpecification\",\"valueRequired\":true,\"valueName\":\"search_term_string\"}}],\"inLanguage\":\"pt-BR\"},{\"@type\":\"Person\",\"@id\":\"https:\/\/salmosbiblicos.com.br\/#\/schema\/person\/30586d0fb3f3a46b78a3414fc39cc975\",\"name\":\"alextreh@gmail.com\",\"image\":{\"@type\":\"ImageObject\",\"inLanguage\":\"pt-BR\",\"@id\":\"https:\/\/secure.gravatar.com\/avatar\/7cf84d31f581ec97b887c1039d478a7c293086896c84951a86753fb2c2af7527?s=96&d=mm&r=g\",\"url\":\"https:\/\/secure.gravatar.com\/avatar\/7cf84d31f581ec97b887c1039d478a7c293086896c84951a86753fb2c2af7527?s=96&d=mm&r=g\",\"contentUrl\":\"https:\/\/secure.gravatar.com\/avatar\/7cf84d31f581ec97b887c1039d478a7c293086896c84951a86753fb2c2af7527?s=96&d=mm&r=g\",\"caption\":\"alextreh@gmail.com\"},\"sameAs\":[\"http:\/\/salmosbiblicos.com.br\"],\"url\":\"https:\/\/salmosbiblicos.com.br\/index.php\/author\/alextrehgmail-com\/\"}]}<\/script>\n<!-- \/ Yoast SEO plugin. -->","yoast_head_json":{"title":"Mansid\u00e3o: Encontre a Paz Interior e o Caminho para o Reino - Salmos B\u00edblicos","robots":{"index":"index","follow":"follow","max-snippet":"max-snippet:-1","max-image-preview":"max-image-preview:large","max-video-preview":"max-video-preview:-1"},"canonical":"https:\/\/salmosbiblicos.com.br\/index.php\/2026\/03\/28\/mansidao-encontre-a-paz-interior-e-o-caminho-para-o-reino\/","og_locale":"pt_BR","og_type":"article","og_title":"Mansid\u00e3o: Encontre a Paz Interior e o Caminho para o Reino - Salmos B\u00edblicos","og_description":"## A Mansid\u00e3o: Um Caminho para a Paz Interior e o Reino dos C\u00e9us \u00c9 com o cora\u00e7\u00e3o sereno que nos reunimos para refletir sobre uma virtude essencial ao nosso caminhar: a mansid\u00e3o. Quantas vezes nos deparamos com a dor da ofensa, com a injusti\u00e7a que fere a alma? A resposta f\u00e1cil seria a retalia\u00e7\u00e3o, [&hellip;]","og_url":"https:\/\/salmosbiblicos.com.br\/index.php\/2026\/03\/28\/mansidao-encontre-a-paz-interior-e-o-caminho-para-o-reino\/","og_site_name":"Salmos B\u00edblicos","article_published_time":"2026-03-28T12:09:22+00:00","author":"alextreh@gmail.com","twitter_card":"summary_large_image","twitter_misc":{"Escrito por":"alextreh@gmail.com","Est. tempo de leitura":"3 minutos"},"schema":{"@context":"https:\/\/schema.org","@graph":[{"@type":"Article","@id":"https:\/\/salmosbiblicos.com.br\/index.php\/2026\/03\/28\/mansidao-encontre-a-paz-interior-e-o-caminho-para-o-reino\/#article","isPartOf":{"@id":"https:\/\/salmosbiblicos.com.br\/index.php\/2026\/03\/28\/mansidao-encontre-a-paz-interior-e-o-caminho-para-o-reino\/"},"author":{"name":"alextreh@gmail.com","@id":"https:\/\/salmosbiblicos.com.br\/#\/schema\/person\/30586d0fb3f3a46b78a3414fc39cc975"},"headline":"Mansid\u00e3o: Encontre a Paz Interior e o Caminho para o Reino","datePublished":"2026-03-28T12:09:22+00:00","mainEntityOfPage":{"@id":"https:\/\/salmosbiblicos.com.br\/index.php\/2026\/03\/28\/mansidao-encontre-a-paz-interior-e-o-caminho-para-o-reino\/"},"wordCount":589,"articleSection":["Reflex\u00e3o"],"inLanguage":"pt-BR"},{"@type":"WebPage","@id":"https:\/\/salmosbiblicos.com.br\/index.php\/2026\/03\/28\/mansidao-encontre-a-paz-interior-e-o-caminho-para-o-reino\/","url":"https:\/\/salmosbiblicos.com.br\/index.php\/2026\/03\/28\/mansidao-encontre-a-paz-interior-e-o-caminho-para-o-reino\/","name":"Mansid\u00e3o: Encontre a Paz Interior e o Caminho para o Reino - Salmos B\u00edblicos","isPartOf":{"@id":"https:\/\/salmosbiblicos.com.br\/#website"},"datePublished":"2026-03-28T12:09:22+00:00","author":{"@id":"https:\/\/salmosbiblicos.com.br\/#\/schema\/person\/30586d0fb3f3a46b78a3414fc39cc975"},"breadcrumb":{"@id":"https:\/\/salmosbiblicos.com.br\/index.php\/2026\/03\/28\/mansidao-encontre-a-paz-interior-e-o-caminho-para-o-reino\/#breadcrumb"},"inLanguage":"pt-BR","potentialAction":[{"@type":"ReadAction","target":["https:\/\/salmosbiblicos.com.br\/index.php\/2026\/03\/28\/mansidao-encontre-a-paz-interior-e-o-caminho-para-o-reino\/"]}]},{"@type":"BreadcrumbList","@id":"https:\/\/salmosbiblicos.com.br\/index.php\/2026\/03\/28\/mansidao-encontre-a-paz-interior-e-o-caminho-para-o-reino\/#breadcrumb","itemListElement":[{"@type":"ListItem","position":1,"name":"Home","item":"https:\/\/salmosbiblicos.com.br\/"},{"@type":"ListItem","position":2,"name":"Mansid\u00e3o: Encontre a Paz Interior e o Caminho para o Reino"}]},{"@type":"WebSite","@id":"https:\/\/salmosbiblicos.com.br\/#website","url":"https:\/\/salmosbiblicos.com.br\/","name":"Salmos B\u00edblicos","description":"Uma e-Livraria com e-Books novos para voc\u00ea refletir.","potentialAction":[{"@type":"SearchAction","target":{"@type":"EntryPoint","urlTemplate":"https:\/\/salmosbiblicos.com.br\/?s={search_term_string}"},"query-input":{"@type":"PropertyValueSpecification","valueRequired":true,"valueName":"search_term_string"}}],"inLanguage":"pt-BR"},{"@type":"Person","@id":"https:\/\/salmosbiblicos.com.br\/#\/schema\/person\/30586d0fb3f3a46b78a3414fc39cc975","name":"alextreh@gmail.com","image":{"@type":"ImageObject","inLanguage":"pt-BR","@id":"https:\/\/secure.gravatar.com\/avatar\/7cf84d31f581ec97b887c1039d478a7c293086896c84951a86753fb2c2af7527?s=96&d=mm&r=g","url":"https:\/\/secure.gravatar.com\/avatar\/7cf84d31f581ec97b887c1039d478a7c293086896c84951a86753fb2c2af7527?s=96&d=mm&r=g","contentUrl":"https:\/\/secure.gravatar.com\/avatar\/7cf84d31f581ec97b887c1039d478a7c293086896c84951a86753fb2c2af7527?s=96&d=mm&r=g","caption":"alextreh@gmail.com"},"sameAs":["http:\/\/salmosbiblicos.com.br"],"url":"https:\/\/salmosbiblicos.com.br\/index.php\/author\/alextrehgmail-com\/"}]}},"_links":{"self":[{"href":"https:\/\/salmosbiblicos.com.br\/index.php\/wp-json\/wp\/v2\/posts\/5512","targetHints":{"allow":["GET"]}}],"collection":[{"href":"https:\/\/salmosbiblicos.com.br\/index.php\/wp-json\/wp\/v2\/posts"}],"about":[{"href":"https:\/\/salmosbiblicos.com.br\/index.php\/wp-json\/wp\/v2\/types\/post"}],"author":[{"embeddable":true,"href":"https:\/\/salmosbiblicos.com.br\/index.php\/wp-json\/wp\/v2\/users\/1"}],"replies":[{"embeddable":true,"href":"https:\/\/salmosbiblicos.com.br\/index.php\/wp-json\/wp\/v2\/comments?post=5512"}],"version-history":[{"count":1,"href":"https:\/\/salmosbiblicos.com.br\/index.php\/wp-json\/wp\/v2\/posts\/5512\/revisions"}],"predecessor-version":[{"id":5513,"href":"https:\/\/salmosbiblicos.com.br\/index.php\/wp-json\/wp\/v2\/posts\/5512\/revisions\/5513"}],"wp:attachment":[{"href":"https:\/\/salmosbiblicos.com.br\/index.php\/wp-json\/wp\/v2\/media?parent=5512"}],"wp:term":[{"taxonomy":"category","embeddable":true,"href":"https:\/\/salmosbiblicos.com.br\/index.php\/wp-json\/wp\/v2\/categories?post=5512"},{"taxonomy":"post_tag","embeddable":true,"href":"https:\/\/salmosbiblicos.com.br\/index.php\/wp-json\/wp\/v2\/tags?post=5512"}],"curies":[{"name":"wp","href":"https:\/\/api.w.org\/{rel}","templated":true}]}}