{"id":5514,"date":"2026-03-28T09:53:52","date_gmt":"2026-03-28T12:53:52","guid":{"rendered":"https:\/\/salmosbiblicos.com.br\/?p=5514"},"modified":"2026-03-28T09:53:52","modified_gmt":"2026-03-28T12:53:52","slug":"encontre-paz-fe-e-calmaria-em-tempos-de-tempestade","status":"publish","type":"post","link":"https:\/\/salmosbiblicos.com.br\/index.php\/2026\/03\/28\/encontre-paz-fe-e-calmaria-em-tempos-de-tempestade\/","title":{"rendered":"Encontre Paz: F\u00e9 e Calmaria em Tempos de Tempestade"},"content":{"rendered":"<p>## A Calmaria no Meio da Tempestade<\/p>\n<p>\u00c9 not\u00e1vel como, em meio \u00e0s incertezas da vida, somos convidados a encontrar ref\u00fagio e for\u00e7a na Palavra. A experi\u00eancia humana \u00e9 permeada por ventos contr\u00e1rios, por ondas que amea\u00e7am a nau. Mas existe um caminho, uma esperan\u00e7a que se manifesta na quietude, na f\u00e9 inabal\u00e1vel.<\/p>\n<p>### O Barco da Vida e os Ventos da Adversidade<\/p>\n<p>A passagem sagrada nos apresenta uma cena v\u00edvida: a barca em meio a uma ventania forte, as ondas se lan\u00e7ando sobre ela. Assim como os disc\u00edpulos, muitos de n\u00f3s se sentem \u00e0 deriva, amea\u00e7ados pelas tempestades que a vida nos apresenta. **Somos confrontados com insultos, persegui\u00e7\u00f5es, desprezo.** Estes s\u00e3o os ventos que sopram em nossa dire\u00e7\u00e3o, testando nossa resist\u00eancia, abalando nossa f\u00e9.<\/p>\n<p>O mais surpreendente, por\u00e9m, \u00e9 a rea\u00e7\u00e3o de Cristo. Ele repousa, sereno, em meio ao caos. N\u00e3o se desespera, n\u00e3o se desespera, n\u00e3o cede ao medo.<\/p>\n<p>### As Ondas da Ira e a Tenta\u00e7\u00e3o do Retorno<\/p>\n<p>Quando a ira nos domina, somos como aqueles que s\u00e3o sacudidos pelas ondas. A resposta natural \u00e9 a de revidar, de buscar a justi\u00e7a com as pr\u00f3prias m\u00e3os. Mas, **a busca por vingan\u00e7a apenas gera mais desgra\u00e7a**, perpetuando um ciclo de sofrimento.<\/p>\n<p>A verdadeira for\u00e7a reside naqueles que, como Cristo, conseguem permanecer calmos, confiantes na prote\u00e7\u00e3o divina.<\/p>\n<p>### Despertando a F\u00e9 que Mora em N\u00f3s<\/p>\n<p>Santa Guccinho nos ensina que Cristo pode adormecer em n\u00f3s, quando nos esquecemos Dele. O mundo, com suas ambi\u00e7\u00f5es e preocupa\u00e7\u00f5es, pode nos afastar da f\u00e9, silenciando a voz da esperan\u00e7a.<\/p>\n<p>**\u00c9 crucial despertar essa f\u00e9 adormecida**, permitir que Cristo nos guie, que nos fortale\u00e7a para enfrentar as adversidades.<\/p>\n<p>### A Calmaria que Vem da Confian\u00e7a<\/p>\n<p>Quando a tempestade ruge, quando o medo nos paralisa, podemos, como os disc\u00edpulos, despertar Cristo em n\u00f3s. Podemos clamar, com f\u00e9 e confian\u00e7a: \u201cMestre, estamos perecendo!\u201d<\/p>\n<p>E ent\u00e3o, a ventania cessa, as ondas se aquietam, e a calmaria retorna.<\/p>\n<p>**Reflex\u00f5es para a Jornada:**<\/p>\n<p>*   Confronte seus ventos e suas ondas. Identifique os desafios que testam sua f\u00e9.<br \/>*   Lembre-se de que, mesmo em meio \u00e0 tempestade, Cristo est\u00e1 presente.<br \/>*   Desperte a f\u00e9 que reside em voc\u00ea. Permita que a luz divina ilumine seu caminho.<br \/>*   Em momentos de prova\u00e7\u00e3o, busque a for\u00e7a na ora\u00e7\u00e3o e na medita\u00e7\u00e3o da Palavra.<\/p>\n<p>Que a paz do Senhor esteja com todos.<\/p>\n","protected":false},"excerpt":{"rendered":"<p>## A Calmaria no Meio da Tempestade \u00c9 not\u00e1vel como, em meio \u00e0s incertezas da vida, somos convidados a encontrar ref\u00fagio e for\u00e7a na Palavra. A experi\u00eancia humana \u00e9 permeada por ventos contr\u00e1rios, por ondas que amea\u00e7am a nau. Mas existe um caminho, uma esperan\u00e7a que se manifesta na quietude, na f\u00e9 inabal\u00e1vel. ### O [&hellip;]<\/p>\n","protected":false},"author":1,"featured_media":0,"comment_status":"closed","ping_status":"open","sticky":false,"template":"","format":"standard","meta":{"footnotes":""},"categories":[14],"tags":[],"class_list":["post-5514","post","type-post","status-publish","format-standard","hentry","category-reflexao"],"yoast_head":"<!-- This site is optimized with the Yoast SEO plugin v27.2 - https:\/\/yoast.com\/product\/yoast-seo-wordpress\/ -->\n<title>Encontre Paz: F\u00e9 e Calmaria em Tempos de Tempestade - Salmos B\u00edblicos<\/title>\n<meta name=\"robots\" content=\"index, follow, max-snippet:-1, max-image-preview:large, max-video-preview:-1\" \/>\n<link rel=\"canonical\" href=\"https:\/\/salmosbiblicos.com.br\/index.php\/2026\/03\/28\/encontre-paz-fe-e-calmaria-em-tempos-de-tempestade\/\" \/>\n<meta property=\"og:locale\" content=\"pt_BR\" \/>\n<meta property=\"og:type\" content=\"article\" \/>\n<meta property=\"og:title\" content=\"Encontre Paz: F\u00e9 e Calmaria em Tempos de Tempestade - Salmos B\u00edblicos\" \/>\n<meta property=\"og:description\" content=\"## A Calmaria no Meio da Tempestade \u00c9 not\u00e1vel como, em meio \u00e0s incertezas da vida, somos convidados a encontrar ref\u00fagio e for\u00e7a na Palavra. A experi\u00eancia humana \u00e9 permeada por ventos contr\u00e1rios, por ondas que amea\u00e7am a nau. Mas existe um caminho, uma esperan\u00e7a que se manifesta na quietude, na f\u00e9 inabal\u00e1vel. ### O [&hellip;]\" \/>\n<meta property=\"og:url\" content=\"https:\/\/salmosbiblicos.com.br\/index.php\/2026\/03\/28\/encontre-paz-fe-e-calmaria-em-tempos-de-tempestade\/\" \/>\n<meta property=\"og:site_name\" content=\"Salmos B\u00edblicos\" \/>\n<meta property=\"article:published_time\" content=\"2026-03-28T12:53:52+00:00\" \/>\n<meta name=\"author\" content=\"alextreh@gmail.com\" \/>\n<meta name=\"twitter:card\" content=\"summary_large_image\" \/>\n<meta name=\"twitter:label1\" content=\"Escrito por\" \/>\n\t<meta name=\"twitter:data1\" content=\"alextreh@gmail.com\" \/>\n\t<meta name=\"twitter:label2\" content=\"Est. tempo de leitura\" \/>\n\t<meta name=\"twitter:data2\" content=\"2 minutos\" \/>\n<script type=\"application\/ld+json\" class=\"yoast-schema-graph\">{\"@context\":\"https:\/\/schema.org\",\"@graph\":[{\"@type\":\"Article\",\"@id\":\"https:\/\/salmosbiblicos.com.br\/index.php\/2026\/03\/28\/encontre-paz-fe-e-calmaria-em-tempos-de-tempestade\/#article\",\"isPartOf\":{\"@id\":\"https:\/\/salmosbiblicos.com.br\/index.php\/2026\/03\/28\/encontre-paz-fe-e-calmaria-em-tempos-de-tempestade\/\"},\"author\":{\"name\":\"alextreh@gmail.com\",\"@id\":\"https:\/\/salmosbiblicos.com.br\/#\/schema\/person\/30586d0fb3f3a46b78a3414fc39cc975\"},\"headline\":\"Encontre Paz: F\u00e9 e Calmaria em Tempos de Tempestade\",\"datePublished\":\"2026-03-28T12:53:52+00:00\",\"mainEntityOfPage\":{\"@id\":\"https:\/\/salmosbiblicos.com.br\/index.php\/2026\/03\/28\/encontre-paz-fe-e-calmaria-em-tempos-de-tempestade\/\"},\"wordCount\":430,\"articleSection\":[\"Reflex\u00e3o\"],\"inLanguage\":\"pt-BR\"},{\"@type\":\"WebPage\",\"@id\":\"https:\/\/salmosbiblicos.com.br\/index.php\/2026\/03\/28\/encontre-paz-fe-e-calmaria-em-tempos-de-tempestade\/\",\"url\":\"https:\/\/salmosbiblicos.com.br\/index.php\/2026\/03\/28\/encontre-paz-fe-e-calmaria-em-tempos-de-tempestade\/\",\"name\":\"Encontre Paz: F\u00e9 e Calmaria em Tempos de Tempestade - Salmos B\u00edblicos\",\"isPartOf\":{\"@id\":\"https:\/\/salmosbiblicos.com.br\/#website\"},\"datePublished\":\"2026-03-28T12:53:52+00:00\",\"author\":{\"@id\":\"https:\/\/salmosbiblicos.com.br\/#\/schema\/person\/30586d0fb3f3a46b78a3414fc39cc975\"},\"breadcrumb\":{\"@id\":\"https:\/\/salmosbiblicos.com.br\/index.php\/2026\/03\/28\/encontre-paz-fe-e-calmaria-em-tempos-de-tempestade\/#breadcrumb\"},\"inLanguage\":\"pt-BR\",\"potentialAction\":[{\"@type\":\"ReadAction\",\"target\":[\"https:\/\/salmosbiblicos.com.br\/index.php\/2026\/03\/28\/encontre-paz-fe-e-calmaria-em-tempos-de-tempestade\/\"]}]},{\"@type\":\"BreadcrumbList\",\"@id\":\"https:\/\/salmosbiblicos.com.br\/index.php\/2026\/03\/28\/encontre-paz-fe-e-calmaria-em-tempos-de-tempestade\/#breadcrumb\",\"itemListElement\":[{\"@type\":\"ListItem\",\"position\":1,\"name\":\"Home\",\"item\":\"https:\/\/salmosbiblicos.com.br\/\"},{\"@type\":\"ListItem\",\"position\":2,\"name\":\"Encontre Paz: F\u00e9 e Calmaria em Tempos de Tempestade\"}]},{\"@type\":\"WebSite\",\"@id\":\"https:\/\/salmosbiblicos.com.br\/#website\",\"url\":\"https:\/\/salmosbiblicos.com.br\/\",\"name\":\"Salmos B\u00edblicos\",\"description\":\"Uma e-Livraria com e-Books novos para voc\u00ea refletir.\",\"potentialAction\":[{\"@type\":\"SearchAction\",\"target\":{\"@type\":\"EntryPoint\",\"urlTemplate\":\"https:\/\/salmosbiblicos.com.br\/?s={search_term_string}\"},\"query-input\":{\"@type\":\"PropertyValueSpecification\",\"valueRequired\":true,\"valueName\":\"search_term_string\"}}],\"inLanguage\":\"pt-BR\"},{\"@type\":\"Person\",\"@id\":\"https:\/\/salmosbiblicos.com.br\/#\/schema\/person\/30586d0fb3f3a46b78a3414fc39cc975\",\"name\":\"alextreh@gmail.com\",\"image\":{\"@type\":\"ImageObject\",\"inLanguage\":\"pt-BR\",\"@id\":\"https:\/\/secure.gravatar.com\/avatar\/7cf84d31f581ec97b887c1039d478a7c293086896c84951a86753fb2c2af7527?s=96&d=mm&r=g\",\"url\":\"https:\/\/secure.gravatar.com\/avatar\/7cf84d31f581ec97b887c1039d478a7c293086896c84951a86753fb2c2af7527?s=96&d=mm&r=g\",\"contentUrl\":\"https:\/\/secure.gravatar.com\/avatar\/7cf84d31f581ec97b887c1039d478a7c293086896c84951a86753fb2c2af7527?s=96&d=mm&r=g\",\"caption\":\"alextreh@gmail.com\"},\"sameAs\":[\"http:\/\/salmosbiblicos.com.br\"],\"url\":\"https:\/\/salmosbiblicos.com.br\/index.php\/author\/alextrehgmail-com\/\"}]}<\/script>\n<!-- \/ Yoast SEO plugin. -->","yoast_head_json":{"title":"Encontre Paz: F\u00e9 e Calmaria em Tempos de Tempestade - Salmos B\u00edblicos","robots":{"index":"index","follow":"follow","max-snippet":"max-snippet:-1","max-image-preview":"max-image-preview:large","max-video-preview":"max-video-preview:-1"},"canonical":"https:\/\/salmosbiblicos.com.br\/index.php\/2026\/03\/28\/encontre-paz-fe-e-calmaria-em-tempos-de-tempestade\/","og_locale":"pt_BR","og_type":"article","og_title":"Encontre Paz: F\u00e9 e Calmaria em Tempos de Tempestade - Salmos B\u00edblicos","og_description":"## A Calmaria no Meio da Tempestade \u00c9 not\u00e1vel como, em meio \u00e0s incertezas da vida, somos convidados a encontrar ref\u00fagio e for\u00e7a na Palavra. A experi\u00eancia humana \u00e9 permeada por ventos contr\u00e1rios, por ondas que amea\u00e7am a nau. Mas existe um caminho, uma esperan\u00e7a que se manifesta na quietude, na f\u00e9 inabal\u00e1vel. ### O [&hellip;]","og_url":"https:\/\/salmosbiblicos.com.br\/index.php\/2026\/03\/28\/encontre-paz-fe-e-calmaria-em-tempos-de-tempestade\/","og_site_name":"Salmos B\u00edblicos","article_published_time":"2026-03-28T12:53:52+00:00","author":"alextreh@gmail.com","twitter_card":"summary_large_image","twitter_misc":{"Escrito por":"alextreh@gmail.com","Est. tempo de leitura":"2 minutos"},"schema":{"@context":"https:\/\/schema.org","@graph":[{"@type":"Article","@id":"https:\/\/salmosbiblicos.com.br\/index.php\/2026\/03\/28\/encontre-paz-fe-e-calmaria-em-tempos-de-tempestade\/#article","isPartOf":{"@id":"https:\/\/salmosbiblicos.com.br\/index.php\/2026\/03\/28\/encontre-paz-fe-e-calmaria-em-tempos-de-tempestade\/"},"author":{"name":"alextreh@gmail.com","@id":"https:\/\/salmosbiblicos.com.br\/#\/schema\/person\/30586d0fb3f3a46b78a3414fc39cc975"},"headline":"Encontre Paz: F\u00e9 e Calmaria em Tempos de Tempestade","datePublished":"2026-03-28T12:53:52+00:00","mainEntityOfPage":{"@id":"https:\/\/salmosbiblicos.com.br\/index.php\/2026\/03\/28\/encontre-paz-fe-e-calmaria-em-tempos-de-tempestade\/"},"wordCount":430,"articleSection":["Reflex\u00e3o"],"inLanguage":"pt-BR"},{"@type":"WebPage","@id":"https:\/\/salmosbiblicos.com.br\/index.php\/2026\/03\/28\/encontre-paz-fe-e-calmaria-em-tempos-de-tempestade\/","url":"https:\/\/salmosbiblicos.com.br\/index.php\/2026\/03\/28\/encontre-paz-fe-e-calmaria-em-tempos-de-tempestade\/","name":"Encontre Paz: F\u00e9 e Calmaria em Tempos de Tempestade - Salmos B\u00edblicos","isPartOf":{"@id":"https:\/\/salmosbiblicos.com.br\/#website"},"datePublished":"2026-03-28T12:53:52+00:00","author":{"@id":"https:\/\/salmosbiblicos.com.br\/#\/schema\/person\/30586d0fb3f3a46b78a3414fc39cc975"},"breadcrumb":{"@id":"https:\/\/salmosbiblicos.com.br\/index.php\/2026\/03\/28\/encontre-paz-fe-e-calmaria-em-tempos-de-tempestade\/#breadcrumb"},"inLanguage":"pt-BR","potentialAction":[{"@type":"ReadAction","target":["https:\/\/salmosbiblicos.com.br\/index.php\/2026\/03\/28\/encontre-paz-fe-e-calmaria-em-tempos-de-tempestade\/"]}]},{"@type":"BreadcrumbList","@id":"https:\/\/salmosbiblicos.com.br\/index.php\/2026\/03\/28\/encontre-paz-fe-e-calmaria-em-tempos-de-tempestade\/#breadcrumb","itemListElement":[{"@type":"ListItem","position":1,"name":"Home","item":"https:\/\/salmosbiblicos.com.br\/"},{"@type":"ListItem","position":2,"name":"Encontre Paz: F\u00e9 e Calmaria em Tempos de Tempestade"}]},{"@type":"WebSite","@id":"https:\/\/salmosbiblicos.com.br\/#website","url":"https:\/\/salmosbiblicos.com.br\/","name":"Salmos B\u00edblicos","description":"Uma e-Livraria com e-Books novos para voc\u00ea refletir.","potentialAction":[{"@type":"SearchAction","target":{"@type":"EntryPoint","urlTemplate":"https:\/\/salmosbiblicos.com.br\/?s={search_term_string}"},"query-input":{"@type":"PropertyValueSpecification","valueRequired":true,"valueName":"search_term_string"}}],"inLanguage":"pt-BR"},{"@type":"Person","@id":"https:\/\/salmosbiblicos.com.br\/#\/schema\/person\/30586d0fb3f3a46b78a3414fc39cc975","name":"alextreh@gmail.com","image":{"@type":"ImageObject","inLanguage":"pt-BR","@id":"https:\/\/secure.gravatar.com\/avatar\/7cf84d31f581ec97b887c1039d478a7c293086896c84951a86753fb2c2af7527?s=96&d=mm&r=g","url":"https:\/\/secure.gravatar.com\/avatar\/7cf84d31f581ec97b887c1039d478a7c293086896c84951a86753fb2c2af7527?s=96&d=mm&r=g","contentUrl":"https:\/\/secure.gravatar.com\/avatar\/7cf84d31f581ec97b887c1039d478a7c293086896c84951a86753fb2c2af7527?s=96&d=mm&r=g","caption":"alextreh@gmail.com"},"sameAs":["http:\/\/salmosbiblicos.com.br"],"url":"https:\/\/salmosbiblicos.com.br\/index.php\/author\/alextrehgmail-com\/"}]}},"_links":{"self":[{"href":"https:\/\/salmosbiblicos.com.br\/index.php\/wp-json\/wp\/v2\/posts\/5514","targetHints":{"allow":["GET"]}}],"collection":[{"href":"https:\/\/salmosbiblicos.com.br\/index.php\/wp-json\/wp\/v2\/posts"}],"about":[{"href":"https:\/\/salmosbiblicos.com.br\/index.php\/wp-json\/wp\/v2\/types\/post"}],"author":[{"embeddable":true,"href":"https:\/\/salmosbiblicos.com.br\/index.php\/wp-json\/wp\/v2\/users\/1"}],"replies":[{"embeddable":true,"href":"https:\/\/salmosbiblicos.com.br\/index.php\/wp-json\/wp\/v2\/comments?post=5514"}],"version-history":[{"count":1,"href":"https:\/\/salmosbiblicos.com.br\/index.php\/wp-json\/wp\/v2\/posts\/5514\/revisions"}],"predecessor-version":[{"id":5515,"href":"https:\/\/salmosbiblicos.com.br\/index.php\/wp-json\/wp\/v2\/posts\/5514\/revisions\/5515"}],"wp:attachment":[{"href":"https:\/\/salmosbiblicos.com.br\/index.php\/wp-json\/wp\/v2\/media?parent=5514"}],"wp:term":[{"taxonomy":"category","embeddable":true,"href":"https:\/\/salmosbiblicos.com.br\/index.php\/wp-json\/wp\/v2\/categories?post=5514"},{"taxonomy":"post_tag","embeddable":true,"href":"https:\/\/salmosbiblicos.com.br\/index.php\/wp-json\/wp\/v2\/tags?post=5514"}],"curies":[{"name":"wp","href":"https:\/\/api.w.org\/{rel}","templated":true}]}}