{"id":5524,"date":"2026-03-28T11:25:09","date_gmt":"2026-03-28T14:25:09","guid":{"rendered":"https:\/\/salmosbiblicos.com.br\/?p=5524"},"modified":"2026-03-28T11:25:09","modified_gmt":"2026-03-28T14:25:09","slug":"reconciliacao-superando-a-divisao-e-fortalecendo-lacos-familiares","status":"publish","type":"post","link":"https:\/\/salmosbiblicos.com.br\/index.php\/2026\/03\/28\/reconciliacao-superando-a-divisao-e-fortalecendo-lacos-familiares\/","title":{"rendered":"Reconcilia\u00e7\u00e3o: Superando a Divis\u00e3o e Fortalecendo La\u00e7os Familiares"},"content":{"rendered":"<p>## A Fragilidade da Unidade e o Poder da Reconcilia\u00e7\u00e3o<\/p>\n<p>\u00c9 not\u00e1vel como, por vezes, nos encontramos diante de barreiras invis\u00edveis, muros que erguemos sem perceber, separando-nos daqueles que amamos e, consequentemente, afastando-nos da Fonte de todo o amor. Existe, em nossa jornada, uma avers\u00e3o, uma resist\u00eancia em reconhecer a divis\u00e3o que pode ter se instalado em nossos la\u00e7os. Porque, onde h\u00e1 divis\u00e3o, h\u00e1 fragilidade, uma porta aberta para a escurid\u00e3o.<\/p>\n<p>### A Ess\u00eancia do Amor e a Uni\u00e3o com o Pr\u00f3ximo<\/p>\n<p>O amor verdadeiro, aquele que se eleva acima das imperfei\u00e7\u00f5es e das diferen\u00e7as, \u00e9 o alicerce sobre o qual se constr\u00f3i a f\u00e9. Amar a Deus sobre todas as coisas e ao pr\u00f3ximo como a n\u00f3s mesmos: essa \u00e9 a b\u00fassola que nos guia, o farol que ilumina nosso caminho. Mas como amar a Deus se o nosso cora\u00e7\u00e3o est\u00e1 dividido, se nos recusamos a estender a m\u00e3o ao irm\u00e3o que est\u00e1 diante de n\u00f3s?<\/p>\n<p>S\u00e3o Jo\u00e3o, com sua sabedoria, nos adverte: aquele que afirma amar a Deus, mas ignora o seu semelhante, engana a si mesmo. A verdade n\u00e3o reside em palavras vazias, mas em a\u00e7\u00f5es que refletem a compaix\u00e3o e a busca pela reconcilia\u00e7\u00e3o.<\/p>\n<p>### A Divis\u00e3o: Uma Ferida na Fam\u00edlia e na Comunidade<\/p>\n<p>A dor de um filho dividido contra seu pai, de um casal que se afasta, de uma fam\u00edlia desestruturada&#8230; \u00c9 um sofrimento que ecoa no universo, uma afronta \u00e0 ordem divina. O que Deus uniu, o homem n\u00e3o deve separar. Mas, como testemunhamos, muitas vezes, os la\u00e7os se rompem, abalados por fofocas, mentiras, cal\u00fanias e outras sombras que obscurecem a luz da verdade.<\/p>\n<p>A divis\u00e3o n\u00e3o \u00e9 um fen\u00f4meno natural; \u00e9 o fruto de uma for\u00e7a maligna, um esp\u00edrito divisor que busca incessantemente minar a nossa paz e a nossa uni\u00e3o. Como a palavra grega \u201cdiabolos\u201d nos revela, o diabo se alimenta da disc\u00f3rdia e da separa\u00e7\u00e3o.<\/p>\n<p>### A Busca pela Harmonia e a For\u00e7a da Concord\u00e2ncia<\/p>\n<p>A Primeira Cor\u00edntios nos convoca a buscar a unidade, a concordar uns com os outros e a rejeitar as divis\u00f5es. Quantas vezes nos colocamos em grupos, defendemos nossas posi\u00e7\u00f5es, esquecendo que somos, antes de tudo, membros de uma mesma fam\u00edlia, filhos de um mesmo Pai?<\/p>\n<p>A comunidade de Cor\u00edntios, outrora vibrante e unida, se viu dilacerada por fac\u00e7\u00f5es, cada um afirmando sua lealdade a um l\u00edder espec\u00edfico. Mas, a pergunta que ecoa em nossos cora\u00e7\u00f5es: Cristo est\u00e1 dividido? Paulo foi crucificado por amor a voc\u00eas ou em nome de Paulo? A resposta \u00e9 clara: a divis\u00e3o \u00e9 uma aberra\u00e7\u00e3o, uma distor\u00e7\u00e3o da verdade.<\/p>\n<p>### A Sabedoria que Vem do Alto e a Reconcilia\u00e7\u00e3o<\/p>\n<p>A verdadeira sabedoria n\u00e3o reside na contenda e na disc\u00f3rdia, mas na humildade, na compaix\u00e3o e na busca pela harmonia. Filipenses nos ensina que a alegria suprema \u00e9 permanecer unidos, com o mesmo amor, a mesma alma e os mesmos pensamentos.<\/p>\n<p>Tiago nos adverte: onde h\u00e1 inveja e contenda, h\u00e1 perturba\u00e7\u00e3o e toda esp\u00e9cie de v\u00edcios. A divis\u00e3o corr\u00f3i o nosso esp\u00edrito, destr\u00f3i a nossa paz e nos impede de experimentar a plenitude do amor de Deus.<\/p>\n<p>Portanto, que possamos nos esfor\u00e7ar para romper essas barreiras, para estender a m\u00e3o ao pr\u00f3ximo, para buscar a reconcilia\u00e7\u00e3o em todos os nossos relacionamentos. Que a nossa vida seja um testemunho de amor, de perd\u00e3o e de unidade. Que a chama da esperan\u00e7a continue a brilhar em nossos cora\u00e7\u00f5es.<\/p>\n","protected":false},"excerpt":{"rendered":"<p>## A Fragilidade da Unidade e o Poder da Reconcilia\u00e7\u00e3o \u00c9 not\u00e1vel como, por vezes, nos encontramos diante de barreiras invis\u00edveis, muros que erguemos sem perceber, separando-nos daqueles que amamos e, consequentemente, afastando-nos da Fonte de todo o amor. Existe, em nossa jornada, uma avers\u00e3o, uma resist\u00eancia em reconhecer a divis\u00e3o que pode ter se [&hellip;]<\/p>\n","protected":false},"author":1,"featured_media":0,"comment_status":"closed","ping_status":"open","sticky":false,"template":"","format":"standard","meta":{"footnotes":""},"categories":[14],"tags":[],"class_list":["post-5524","post","type-post","status-publish","format-standard","hentry","category-reflexao"],"yoast_head":"<!-- This site is optimized with the Yoast SEO plugin v27.2 - https:\/\/yoast.com\/product\/yoast-seo-wordpress\/ -->\n<title>Reconcilia\u00e7\u00e3o: Superando a Divis\u00e3o e Fortalecendo La\u00e7os Familiares - Salmos B\u00edblicos<\/title>\n<meta name=\"robots\" content=\"index, follow, max-snippet:-1, max-image-preview:large, max-video-preview:-1\" \/>\n<link rel=\"canonical\" href=\"https:\/\/salmosbiblicos.com.br\/index.php\/2026\/03\/28\/reconciliacao-superando-a-divisao-e-fortalecendo-lacos-familiares\/\" \/>\n<meta property=\"og:locale\" content=\"pt_BR\" \/>\n<meta property=\"og:type\" content=\"article\" \/>\n<meta property=\"og:title\" content=\"Reconcilia\u00e7\u00e3o: Superando a Divis\u00e3o e Fortalecendo La\u00e7os Familiares - Salmos B\u00edblicos\" \/>\n<meta property=\"og:description\" content=\"## A Fragilidade da Unidade e o Poder da Reconcilia\u00e7\u00e3o \u00c9 not\u00e1vel como, por vezes, nos encontramos diante de barreiras invis\u00edveis, muros que erguemos sem perceber, separando-nos daqueles que amamos e, consequentemente, afastando-nos da Fonte de todo o amor. Existe, em nossa jornada, uma avers\u00e3o, uma resist\u00eancia em reconhecer a divis\u00e3o que pode ter se [&hellip;]\" \/>\n<meta property=\"og:url\" content=\"https:\/\/salmosbiblicos.com.br\/index.php\/2026\/03\/28\/reconciliacao-superando-a-divisao-e-fortalecendo-lacos-familiares\/\" \/>\n<meta property=\"og:site_name\" content=\"Salmos B\u00edblicos\" \/>\n<meta property=\"article:published_time\" content=\"2026-03-28T14:25:09+00:00\" \/>\n<meta name=\"author\" content=\"alextreh@gmail.com\" \/>\n<meta name=\"twitter:card\" content=\"summary_large_image\" \/>\n<meta name=\"twitter:label1\" content=\"Escrito por\" \/>\n\t<meta name=\"twitter:data1\" content=\"alextreh@gmail.com\" \/>\n\t<meta name=\"twitter:label2\" content=\"Est. tempo de leitura\" \/>\n\t<meta name=\"twitter:data2\" content=\"3 minutos\" \/>\n<script type=\"application\/ld+json\" class=\"yoast-schema-graph\">{\"@context\":\"https:\/\/schema.org\",\"@graph\":[{\"@type\":\"Article\",\"@id\":\"https:\/\/salmosbiblicos.com.br\/index.php\/2026\/03\/28\/reconciliacao-superando-a-divisao-e-fortalecendo-lacos-familiares\/#article\",\"isPartOf\":{\"@id\":\"https:\/\/salmosbiblicos.com.br\/index.php\/2026\/03\/28\/reconciliacao-superando-a-divisao-e-fortalecendo-lacos-familiares\/\"},\"author\":{\"name\":\"alextreh@gmail.com\",\"@id\":\"https:\/\/salmosbiblicos.com.br\/#\/schema\/person\/30586d0fb3f3a46b78a3414fc39cc975\"},\"headline\":\"Reconcilia\u00e7\u00e3o: Superando a Divis\u00e3o e Fortalecendo La\u00e7os Familiares\",\"datePublished\":\"2026-03-28T14:25:09+00:00\",\"mainEntityOfPage\":{\"@id\":\"https:\/\/salmosbiblicos.com.br\/index.php\/2026\/03\/28\/reconciliacao-superando-a-divisao-e-fortalecendo-lacos-familiares\/\"},\"wordCount\":635,\"articleSection\":[\"Reflex\u00e3o\"],\"inLanguage\":\"pt-BR\"},{\"@type\":\"WebPage\",\"@id\":\"https:\/\/salmosbiblicos.com.br\/index.php\/2026\/03\/28\/reconciliacao-superando-a-divisao-e-fortalecendo-lacos-familiares\/\",\"url\":\"https:\/\/salmosbiblicos.com.br\/index.php\/2026\/03\/28\/reconciliacao-superando-a-divisao-e-fortalecendo-lacos-familiares\/\",\"name\":\"Reconcilia\u00e7\u00e3o: Superando a Divis\u00e3o e Fortalecendo La\u00e7os Familiares - Salmos B\u00edblicos\",\"isPartOf\":{\"@id\":\"https:\/\/salmosbiblicos.com.br\/#website\"},\"datePublished\":\"2026-03-28T14:25:09+00:00\",\"author\":{\"@id\":\"https:\/\/salmosbiblicos.com.br\/#\/schema\/person\/30586d0fb3f3a46b78a3414fc39cc975\"},\"breadcrumb\":{\"@id\":\"https:\/\/salmosbiblicos.com.br\/index.php\/2026\/03\/28\/reconciliacao-superando-a-divisao-e-fortalecendo-lacos-familiares\/#breadcrumb\"},\"inLanguage\":\"pt-BR\",\"potentialAction\":[{\"@type\":\"ReadAction\",\"target\":[\"https:\/\/salmosbiblicos.com.br\/index.php\/2026\/03\/28\/reconciliacao-superando-a-divisao-e-fortalecendo-lacos-familiares\/\"]}]},{\"@type\":\"BreadcrumbList\",\"@id\":\"https:\/\/salmosbiblicos.com.br\/index.php\/2026\/03\/28\/reconciliacao-superando-a-divisao-e-fortalecendo-lacos-familiares\/#breadcrumb\",\"itemListElement\":[{\"@type\":\"ListItem\",\"position\":1,\"name\":\"Home\",\"item\":\"https:\/\/salmosbiblicos.com.br\/\"},{\"@type\":\"ListItem\",\"position\":2,\"name\":\"Reconcilia\u00e7\u00e3o: Superando a Divis\u00e3o e Fortalecendo La\u00e7os Familiares\"}]},{\"@type\":\"WebSite\",\"@id\":\"https:\/\/salmosbiblicos.com.br\/#website\",\"url\":\"https:\/\/salmosbiblicos.com.br\/\",\"name\":\"Salmos B\u00edblicos\",\"description\":\"Uma e-Livraria com e-Books novos para voc\u00ea refletir.\",\"potentialAction\":[{\"@type\":\"SearchAction\",\"target\":{\"@type\":\"EntryPoint\",\"urlTemplate\":\"https:\/\/salmosbiblicos.com.br\/?s={search_term_string}\"},\"query-input\":{\"@type\":\"PropertyValueSpecification\",\"valueRequired\":true,\"valueName\":\"search_term_string\"}}],\"inLanguage\":\"pt-BR\"},{\"@type\":\"Person\",\"@id\":\"https:\/\/salmosbiblicos.com.br\/#\/schema\/person\/30586d0fb3f3a46b78a3414fc39cc975\",\"name\":\"alextreh@gmail.com\",\"image\":{\"@type\":\"ImageObject\",\"inLanguage\":\"pt-BR\",\"@id\":\"https:\/\/secure.gravatar.com\/avatar\/7cf84d31f581ec97b887c1039d478a7c293086896c84951a86753fb2c2af7527?s=96&d=mm&r=g\",\"url\":\"https:\/\/secure.gravatar.com\/avatar\/7cf84d31f581ec97b887c1039d478a7c293086896c84951a86753fb2c2af7527?s=96&d=mm&r=g\",\"contentUrl\":\"https:\/\/secure.gravatar.com\/avatar\/7cf84d31f581ec97b887c1039d478a7c293086896c84951a86753fb2c2af7527?s=96&d=mm&r=g\",\"caption\":\"alextreh@gmail.com\"},\"sameAs\":[\"http:\/\/salmosbiblicos.com.br\"],\"url\":\"https:\/\/salmosbiblicos.com.br\/index.php\/author\/alextrehgmail-com\/\"}]}<\/script>\n<!-- \/ Yoast SEO plugin. -->","yoast_head_json":{"title":"Reconcilia\u00e7\u00e3o: Superando a Divis\u00e3o e Fortalecendo La\u00e7os Familiares - Salmos B\u00edblicos","robots":{"index":"index","follow":"follow","max-snippet":"max-snippet:-1","max-image-preview":"max-image-preview:large","max-video-preview":"max-video-preview:-1"},"canonical":"https:\/\/salmosbiblicos.com.br\/index.php\/2026\/03\/28\/reconciliacao-superando-a-divisao-e-fortalecendo-lacos-familiares\/","og_locale":"pt_BR","og_type":"article","og_title":"Reconcilia\u00e7\u00e3o: Superando a Divis\u00e3o e Fortalecendo La\u00e7os Familiares - Salmos B\u00edblicos","og_description":"## A Fragilidade da Unidade e o Poder da Reconcilia\u00e7\u00e3o \u00c9 not\u00e1vel como, por vezes, nos encontramos diante de barreiras invis\u00edveis, muros que erguemos sem perceber, separando-nos daqueles que amamos e, consequentemente, afastando-nos da Fonte de todo o amor. Existe, em nossa jornada, uma avers\u00e3o, uma resist\u00eancia em reconhecer a divis\u00e3o que pode ter se [&hellip;]","og_url":"https:\/\/salmosbiblicos.com.br\/index.php\/2026\/03\/28\/reconciliacao-superando-a-divisao-e-fortalecendo-lacos-familiares\/","og_site_name":"Salmos B\u00edblicos","article_published_time":"2026-03-28T14:25:09+00:00","author":"alextreh@gmail.com","twitter_card":"summary_large_image","twitter_misc":{"Escrito por":"alextreh@gmail.com","Est. tempo de leitura":"3 minutos"},"schema":{"@context":"https:\/\/schema.org","@graph":[{"@type":"Article","@id":"https:\/\/salmosbiblicos.com.br\/index.php\/2026\/03\/28\/reconciliacao-superando-a-divisao-e-fortalecendo-lacos-familiares\/#article","isPartOf":{"@id":"https:\/\/salmosbiblicos.com.br\/index.php\/2026\/03\/28\/reconciliacao-superando-a-divisao-e-fortalecendo-lacos-familiares\/"},"author":{"name":"alextreh@gmail.com","@id":"https:\/\/salmosbiblicos.com.br\/#\/schema\/person\/30586d0fb3f3a46b78a3414fc39cc975"},"headline":"Reconcilia\u00e7\u00e3o: Superando a Divis\u00e3o e Fortalecendo La\u00e7os Familiares","datePublished":"2026-03-28T14:25:09+00:00","mainEntityOfPage":{"@id":"https:\/\/salmosbiblicos.com.br\/index.php\/2026\/03\/28\/reconciliacao-superando-a-divisao-e-fortalecendo-lacos-familiares\/"},"wordCount":635,"articleSection":["Reflex\u00e3o"],"inLanguage":"pt-BR"},{"@type":"WebPage","@id":"https:\/\/salmosbiblicos.com.br\/index.php\/2026\/03\/28\/reconciliacao-superando-a-divisao-e-fortalecendo-lacos-familiares\/","url":"https:\/\/salmosbiblicos.com.br\/index.php\/2026\/03\/28\/reconciliacao-superando-a-divisao-e-fortalecendo-lacos-familiares\/","name":"Reconcilia\u00e7\u00e3o: Superando a Divis\u00e3o e Fortalecendo La\u00e7os Familiares - Salmos B\u00edblicos","isPartOf":{"@id":"https:\/\/salmosbiblicos.com.br\/#website"},"datePublished":"2026-03-28T14:25:09+00:00","author":{"@id":"https:\/\/salmosbiblicos.com.br\/#\/schema\/person\/30586d0fb3f3a46b78a3414fc39cc975"},"breadcrumb":{"@id":"https:\/\/salmosbiblicos.com.br\/index.php\/2026\/03\/28\/reconciliacao-superando-a-divisao-e-fortalecendo-lacos-familiares\/#breadcrumb"},"inLanguage":"pt-BR","potentialAction":[{"@type":"ReadAction","target":["https:\/\/salmosbiblicos.com.br\/index.php\/2026\/03\/28\/reconciliacao-superando-a-divisao-e-fortalecendo-lacos-familiares\/"]}]},{"@type":"BreadcrumbList","@id":"https:\/\/salmosbiblicos.com.br\/index.php\/2026\/03\/28\/reconciliacao-superando-a-divisao-e-fortalecendo-lacos-familiares\/#breadcrumb","itemListElement":[{"@type":"ListItem","position":1,"name":"Home","item":"https:\/\/salmosbiblicos.com.br\/"},{"@type":"ListItem","position":2,"name":"Reconcilia\u00e7\u00e3o: Superando a Divis\u00e3o e Fortalecendo La\u00e7os Familiares"}]},{"@type":"WebSite","@id":"https:\/\/salmosbiblicos.com.br\/#website","url":"https:\/\/salmosbiblicos.com.br\/","name":"Salmos B\u00edblicos","description":"Uma e-Livraria com e-Books novos para voc\u00ea refletir.","potentialAction":[{"@type":"SearchAction","target":{"@type":"EntryPoint","urlTemplate":"https:\/\/salmosbiblicos.com.br\/?s={search_term_string}"},"query-input":{"@type":"PropertyValueSpecification","valueRequired":true,"valueName":"search_term_string"}}],"inLanguage":"pt-BR"},{"@type":"Person","@id":"https:\/\/salmosbiblicos.com.br\/#\/schema\/person\/30586d0fb3f3a46b78a3414fc39cc975","name":"alextreh@gmail.com","image":{"@type":"ImageObject","inLanguage":"pt-BR","@id":"https:\/\/secure.gravatar.com\/avatar\/7cf84d31f581ec97b887c1039d478a7c293086896c84951a86753fb2c2af7527?s=96&d=mm&r=g","url":"https:\/\/secure.gravatar.com\/avatar\/7cf84d31f581ec97b887c1039d478a7c293086896c84951a86753fb2c2af7527?s=96&d=mm&r=g","contentUrl":"https:\/\/secure.gravatar.com\/avatar\/7cf84d31f581ec97b887c1039d478a7c293086896c84951a86753fb2c2af7527?s=96&d=mm&r=g","caption":"alextreh@gmail.com"},"sameAs":["http:\/\/salmosbiblicos.com.br"],"url":"https:\/\/salmosbiblicos.com.br\/index.php\/author\/alextrehgmail-com\/"}]}},"_links":{"self":[{"href":"https:\/\/salmosbiblicos.com.br\/index.php\/wp-json\/wp\/v2\/posts\/5524","targetHints":{"allow":["GET"]}}],"collection":[{"href":"https:\/\/salmosbiblicos.com.br\/index.php\/wp-json\/wp\/v2\/posts"}],"about":[{"href":"https:\/\/salmosbiblicos.com.br\/index.php\/wp-json\/wp\/v2\/types\/post"}],"author":[{"embeddable":true,"href":"https:\/\/salmosbiblicos.com.br\/index.php\/wp-json\/wp\/v2\/users\/1"}],"replies":[{"embeddable":true,"href":"https:\/\/salmosbiblicos.com.br\/index.php\/wp-json\/wp\/v2\/comments?post=5524"}],"version-history":[{"count":1,"href":"https:\/\/salmosbiblicos.com.br\/index.php\/wp-json\/wp\/v2\/posts\/5524\/revisions"}],"predecessor-version":[{"id":5525,"href":"https:\/\/salmosbiblicos.com.br\/index.php\/wp-json\/wp\/v2\/posts\/5524\/revisions\/5525"}],"wp:attachment":[{"href":"https:\/\/salmosbiblicos.com.br\/index.php\/wp-json\/wp\/v2\/media?parent=5524"}],"wp:term":[{"taxonomy":"category","embeddable":true,"href":"https:\/\/salmosbiblicos.com.br\/index.php\/wp-json\/wp\/v2\/categories?post=5524"},{"taxonomy":"post_tag","embeddable":true,"href":"https:\/\/salmosbiblicos.com.br\/index.php\/wp-json\/wp\/v2\/tags?post=5524"}],"curies":[{"name":"wp","href":"https:\/\/api.w.org\/{rel}","templated":true}]}}