{"id":5526,"date":"2026-03-28T11:35:20","date_gmt":"2026-03-28T14:35:20","guid":{"rendered":"https:\/\/salmosbiblicos.com.br\/?p=5526"},"modified":"2026-03-28T11:35:20","modified_gmt":"2026-03-28T14:35:20","slug":"como-lidar-com-a-incompreensao-e-fortalecer-a-fe","status":"publish","type":"post","link":"https:\/\/salmosbiblicos.com.br\/index.php\/2026\/03\/28\/como-lidar-com-a-incompreensao-e-fortalecer-a-fe\/","title":{"rendered":"Como Lidar com a Incompreens\u00e3o e Fortalecer a F\u00e9"},"content":{"rendered":"<p>## A Cruz do Incompreendido<\/p>\n<p>Quantas vezes, em nossa jornada, sentimos o peso do olhar alheio, a d\u00favida silenciosa, a falta de entendimento? \u00c9 inevit\u00e1vel, meus irm\u00e3os, que a busca por uma vida plena em Cristo nos distancie, por vezes, daqueles que trilham caminhos diferentes. Mas o que significa essa dist\u00e2ncia, essa falta de compreens\u00e3o? E como podemos perseverar quando a sombra da incompreens\u00e3o paira sobre n\u00f3s?<\/p>\n<p>### O Mundo e a F\u00e9<\/p>\n<p>Observemos a din\u00e2mica da vida: quando caminhamos alinhados com os valores do mundo, somos facilmente compreendidos. As nossas a\u00e7\u00f5es, os nossos pensamentos, encontram eco naqueles que partilham da mesma vis\u00e3o. No entanto, ao nos voltarmos para a luz de Cristo, ao buscarmos viver de acordo com os seus ensinamentos, essa familiaridade se desfaz. <\/p>\n<p>A incompreens\u00e3o se torna, ent\u00e3o, um desafio. Um teste \u00e0 nossa f\u00e9. Um convite a questionar se estamos no caminho certo.<\/p>\n<p>### A Palavra nos Guia<\/p>\n<p>Em Galatas 1:10, encontramos uma poderosa declara\u00e7\u00e3o: &#8220;Se quisesse ainda agradar aos homens, eu n\u00e3o seria servo de Cristo.&#8221; Esta verdade nos lembra que a verdadeira devo\u00e7\u00e3o a Deus exige um compromisso inabal\u00e1vel, mesmo diante da adversidade e do julgamento. \u00c9 imposs\u00edvel servir a dois senhores.<\/p>\n<p>### O Exemplo de Jesus<\/p>\n<p>Olhemos para a vida de Jesus, o pr\u00f3prio Filho de Deus. Mesmo em meio aos seus disc\u00edpulos, entre aqueles que deveriam compreend\u00ea-lo, havia incompreens\u00e3o e at\u00e9 mesmo julgamento. As Escrituras nos relatam que &#8220;os parentes de Jesus sa\u00edram para garal\u00f4, dizendo: Ele est\u00e1 fora de si&#8221; (Marcos 3:20).<\/p>\n<p>Jesus, em sua miss\u00e3o terrena, enfrentou a incompreens\u00e3o de seus familiares, de seus amigos e at\u00e9 mesmo da multid\u00e3o. Ele sentiu o peso do isolamento, mas nunca permitiu que isso o desviasse do prop\u00f3sito divino. <\/p>\n<p>### O Alimento da Alma<\/p>\n<p>Jesus nos ensinou que existe um alimento que transcende o f\u00edsico: &#8220;Meu alimento \u00e9 fazer a vontade daquele que me enviou e completar a sua obra&#8221; (Jo\u00e3o 4:34). E em Mateus 4:4, nos lembra: &#8220;N\u00e3o s\u00f3 de p\u00e3o vive o homem, mas de toda a palavra que procede da boca de Deus&#8221;.<\/p>\n<p>Este &#8220;alimento&#8221; \u00e9 a Palavra de Deus, a f\u00e9 que nutre a alma e nos sustenta em meio \u00e0s prova\u00e7\u00f5es. \u00c9 este alimento que nos permite enxergar al\u00e9m do material, al\u00e9m do que \u00e9 facilmente compreendido pelos olhos da raz\u00e3o.<\/p>\n<p>### O Olhar do Esp\u00edrito<\/p>\n<p>A incompreens\u00e3o surge, em grande parte, da falta de um olhar espiritual. &#8220;O homem natural n\u00e3o aceita as coisas do Esp\u00edrito de Deus, pois para eles s\u00e3o loucuras&#8221; (1 Cor\u00edntios 2:14). \u00c9 preciso discernimento para compreender a profundidade dos ensinamentos divinos. \u00c9 preciso abrir o cora\u00e7\u00e3o e a mente para a mensagem que vem de Deus.<\/p>\n<p>### A Coragem da F\u00e9<\/p>\n<p>Portanto, meus irm\u00e3os, n\u00e3o temamos a incompreens\u00e3o. Ela \u00e9 parte integrante da jornada. Que possamos, com coragem e perseveran\u00e7a, seguir o caminho que nos foi indicado, mesmo que o mundo n\u00e3o nos compreenda.<\/p>\n<p>Que possamos declarar, sem hesita\u00e7\u00e3o: **&#8221;Eu n\u00e3o tenho medo de ser incompreendido pelo mundo&#8221;**.<\/p>\n<p>**Lembremos:**<\/p>\n<p>*   A incompreens\u00e3o \u00e9 inevit\u00e1vel na jornada da f\u00e9.<br \/>*   A verdadeira devo\u00e7\u00e3o a Deus exige compromisso e perseveran\u00e7a.<br \/>*   A Palavra de Deus \u00e9 o nosso alimento e guia.<br \/>*   O olhar espiritual nos permite compreender as verdades divinas.<br \/>*   N\u00e3o temamos a rejei\u00e7\u00e3o, mas sigamos com ousadia o chamado de Cristo.<\/p>\n","protected":false},"excerpt":{"rendered":"<p>## A Cruz do Incompreendido Quantas vezes, em nossa jornada, sentimos o peso do olhar alheio, a d\u00favida silenciosa, a falta de entendimento? \u00c9 inevit\u00e1vel, meus irm\u00e3os, que a busca por uma vida plena em Cristo nos distancie, por vezes, daqueles que trilham caminhos diferentes. Mas o que significa essa dist\u00e2ncia, essa falta de compreens\u00e3o? [&hellip;]<\/p>\n","protected":false},"author":1,"featured_media":0,"comment_status":"closed","ping_status":"open","sticky":false,"template":"","format":"standard","meta":{"footnotes":""},"categories":[14],"tags":[],"class_list":["post-5526","post","type-post","status-publish","format-standard","hentry","category-reflexao"],"yoast_head":"<!-- This site is optimized with the Yoast SEO plugin v27.2 - https:\/\/yoast.com\/product\/yoast-seo-wordpress\/ -->\n<title>Como Lidar com a Incompreens\u00e3o e Fortalecer a F\u00e9 - Salmos B\u00edblicos<\/title>\n<meta name=\"robots\" content=\"index, follow, max-snippet:-1, max-image-preview:large, max-video-preview:-1\" \/>\n<link rel=\"canonical\" href=\"https:\/\/salmosbiblicos.com.br\/index.php\/2026\/03\/28\/como-lidar-com-a-incompreensao-e-fortalecer-a-fe\/\" \/>\n<meta property=\"og:locale\" content=\"pt_BR\" \/>\n<meta property=\"og:type\" content=\"article\" \/>\n<meta property=\"og:title\" content=\"Como Lidar com a Incompreens\u00e3o e Fortalecer a F\u00e9 - Salmos B\u00edblicos\" \/>\n<meta property=\"og:description\" content=\"## A Cruz do Incompreendido Quantas vezes, em nossa jornada, sentimos o peso do olhar alheio, a d\u00favida silenciosa, a falta de entendimento? \u00c9 inevit\u00e1vel, meus irm\u00e3os, que a busca por uma vida plena em Cristo nos distancie, por vezes, daqueles que trilham caminhos diferentes. Mas o que significa essa dist\u00e2ncia, essa falta de compreens\u00e3o? [&hellip;]\" \/>\n<meta property=\"og:url\" content=\"https:\/\/salmosbiblicos.com.br\/index.php\/2026\/03\/28\/como-lidar-com-a-incompreensao-e-fortalecer-a-fe\/\" \/>\n<meta property=\"og:site_name\" content=\"Salmos B\u00edblicos\" \/>\n<meta property=\"article:published_time\" content=\"2026-03-28T14:35:20+00:00\" \/>\n<meta name=\"author\" content=\"alextreh@gmail.com\" \/>\n<meta name=\"twitter:card\" content=\"summary_large_image\" \/>\n<meta name=\"twitter:label1\" content=\"Escrito por\" \/>\n\t<meta name=\"twitter:data1\" content=\"alextreh@gmail.com\" \/>\n\t<meta name=\"twitter:label2\" content=\"Est. tempo de leitura\" \/>\n\t<meta name=\"twitter:data2\" content=\"3 minutos\" \/>\n<script type=\"application\/ld+json\" class=\"yoast-schema-graph\">{\"@context\":\"https:\/\/schema.org\",\"@graph\":[{\"@type\":\"Article\",\"@id\":\"https:\/\/salmosbiblicos.com.br\/index.php\/2026\/03\/28\/como-lidar-com-a-incompreensao-e-fortalecer-a-fe\/#article\",\"isPartOf\":{\"@id\":\"https:\/\/salmosbiblicos.com.br\/index.php\/2026\/03\/28\/como-lidar-com-a-incompreensao-e-fortalecer-a-fe\/\"},\"author\":{\"name\":\"alextreh@gmail.com\",\"@id\":\"https:\/\/salmosbiblicos.com.br\/#\/schema\/person\/30586d0fb3f3a46b78a3414fc39cc975\"},\"headline\":\"Como Lidar com a Incompreens\u00e3o e Fortalecer a F\u00e9\",\"datePublished\":\"2026-03-28T14:35:20+00:00\",\"mainEntityOfPage\":{\"@id\":\"https:\/\/salmosbiblicos.com.br\/index.php\/2026\/03\/28\/como-lidar-com-a-incompreensao-e-fortalecer-a-fe\/\"},\"wordCount\":584,\"articleSection\":[\"Reflex\u00e3o\"],\"inLanguage\":\"pt-BR\"},{\"@type\":\"WebPage\",\"@id\":\"https:\/\/salmosbiblicos.com.br\/index.php\/2026\/03\/28\/como-lidar-com-a-incompreensao-e-fortalecer-a-fe\/\",\"url\":\"https:\/\/salmosbiblicos.com.br\/index.php\/2026\/03\/28\/como-lidar-com-a-incompreensao-e-fortalecer-a-fe\/\",\"name\":\"Como Lidar com a Incompreens\u00e3o e Fortalecer a F\u00e9 - Salmos B\u00edblicos\",\"isPartOf\":{\"@id\":\"https:\/\/salmosbiblicos.com.br\/#website\"},\"datePublished\":\"2026-03-28T14:35:20+00:00\",\"author\":{\"@id\":\"https:\/\/salmosbiblicos.com.br\/#\/schema\/person\/30586d0fb3f3a46b78a3414fc39cc975\"},\"breadcrumb\":{\"@id\":\"https:\/\/salmosbiblicos.com.br\/index.php\/2026\/03\/28\/como-lidar-com-a-incompreensao-e-fortalecer-a-fe\/#breadcrumb\"},\"inLanguage\":\"pt-BR\",\"potentialAction\":[{\"@type\":\"ReadAction\",\"target\":[\"https:\/\/salmosbiblicos.com.br\/index.php\/2026\/03\/28\/como-lidar-com-a-incompreensao-e-fortalecer-a-fe\/\"]}]},{\"@type\":\"BreadcrumbList\",\"@id\":\"https:\/\/salmosbiblicos.com.br\/index.php\/2026\/03\/28\/como-lidar-com-a-incompreensao-e-fortalecer-a-fe\/#breadcrumb\",\"itemListElement\":[{\"@type\":\"ListItem\",\"position\":1,\"name\":\"Home\",\"item\":\"https:\/\/salmosbiblicos.com.br\/\"},{\"@type\":\"ListItem\",\"position\":2,\"name\":\"Como Lidar com a Incompreens\u00e3o e Fortalecer a F\u00e9\"}]},{\"@type\":\"WebSite\",\"@id\":\"https:\/\/salmosbiblicos.com.br\/#website\",\"url\":\"https:\/\/salmosbiblicos.com.br\/\",\"name\":\"Salmos B\u00edblicos\",\"description\":\"Uma e-Livraria com e-Books novos para voc\u00ea refletir.\",\"potentialAction\":[{\"@type\":\"SearchAction\",\"target\":{\"@type\":\"EntryPoint\",\"urlTemplate\":\"https:\/\/salmosbiblicos.com.br\/?s={search_term_string}\"},\"query-input\":{\"@type\":\"PropertyValueSpecification\",\"valueRequired\":true,\"valueName\":\"search_term_string\"}}],\"inLanguage\":\"pt-BR\"},{\"@type\":\"Person\",\"@id\":\"https:\/\/salmosbiblicos.com.br\/#\/schema\/person\/30586d0fb3f3a46b78a3414fc39cc975\",\"name\":\"alextreh@gmail.com\",\"image\":{\"@type\":\"ImageObject\",\"inLanguage\":\"pt-BR\",\"@id\":\"https:\/\/secure.gravatar.com\/avatar\/7cf84d31f581ec97b887c1039d478a7c293086896c84951a86753fb2c2af7527?s=96&d=mm&r=g\",\"url\":\"https:\/\/secure.gravatar.com\/avatar\/7cf84d31f581ec97b887c1039d478a7c293086896c84951a86753fb2c2af7527?s=96&d=mm&r=g\",\"contentUrl\":\"https:\/\/secure.gravatar.com\/avatar\/7cf84d31f581ec97b887c1039d478a7c293086896c84951a86753fb2c2af7527?s=96&d=mm&r=g\",\"caption\":\"alextreh@gmail.com\"},\"sameAs\":[\"http:\/\/salmosbiblicos.com.br\"],\"url\":\"https:\/\/salmosbiblicos.com.br\/index.php\/author\/alextrehgmail-com\/\"}]}<\/script>\n<!-- \/ Yoast SEO plugin. -->","yoast_head_json":{"title":"Como Lidar com a Incompreens\u00e3o e Fortalecer a F\u00e9 - Salmos B\u00edblicos","robots":{"index":"index","follow":"follow","max-snippet":"max-snippet:-1","max-image-preview":"max-image-preview:large","max-video-preview":"max-video-preview:-1"},"canonical":"https:\/\/salmosbiblicos.com.br\/index.php\/2026\/03\/28\/como-lidar-com-a-incompreensao-e-fortalecer-a-fe\/","og_locale":"pt_BR","og_type":"article","og_title":"Como Lidar com a Incompreens\u00e3o e Fortalecer a F\u00e9 - Salmos B\u00edblicos","og_description":"## A Cruz do Incompreendido Quantas vezes, em nossa jornada, sentimos o peso do olhar alheio, a d\u00favida silenciosa, a falta de entendimento? \u00c9 inevit\u00e1vel, meus irm\u00e3os, que a busca por uma vida plena em Cristo nos distancie, por vezes, daqueles que trilham caminhos diferentes. Mas o que significa essa dist\u00e2ncia, essa falta de compreens\u00e3o? [&hellip;]","og_url":"https:\/\/salmosbiblicos.com.br\/index.php\/2026\/03\/28\/como-lidar-com-a-incompreensao-e-fortalecer-a-fe\/","og_site_name":"Salmos B\u00edblicos","article_published_time":"2026-03-28T14:35:20+00:00","author":"alextreh@gmail.com","twitter_card":"summary_large_image","twitter_misc":{"Escrito por":"alextreh@gmail.com","Est. tempo de leitura":"3 minutos"},"schema":{"@context":"https:\/\/schema.org","@graph":[{"@type":"Article","@id":"https:\/\/salmosbiblicos.com.br\/index.php\/2026\/03\/28\/como-lidar-com-a-incompreensao-e-fortalecer-a-fe\/#article","isPartOf":{"@id":"https:\/\/salmosbiblicos.com.br\/index.php\/2026\/03\/28\/como-lidar-com-a-incompreensao-e-fortalecer-a-fe\/"},"author":{"name":"alextreh@gmail.com","@id":"https:\/\/salmosbiblicos.com.br\/#\/schema\/person\/30586d0fb3f3a46b78a3414fc39cc975"},"headline":"Como Lidar com a Incompreens\u00e3o e Fortalecer a F\u00e9","datePublished":"2026-03-28T14:35:20+00:00","mainEntityOfPage":{"@id":"https:\/\/salmosbiblicos.com.br\/index.php\/2026\/03\/28\/como-lidar-com-a-incompreensao-e-fortalecer-a-fe\/"},"wordCount":584,"articleSection":["Reflex\u00e3o"],"inLanguage":"pt-BR"},{"@type":"WebPage","@id":"https:\/\/salmosbiblicos.com.br\/index.php\/2026\/03\/28\/como-lidar-com-a-incompreensao-e-fortalecer-a-fe\/","url":"https:\/\/salmosbiblicos.com.br\/index.php\/2026\/03\/28\/como-lidar-com-a-incompreensao-e-fortalecer-a-fe\/","name":"Como Lidar com a Incompreens\u00e3o e Fortalecer a F\u00e9 - Salmos B\u00edblicos","isPartOf":{"@id":"https:\/\/salmosbiblicos.com.br\/#website"},"datePublished":"2026-03-28T14:35:20+00:00","author":{"@id":"https:\/\/salmosbiblicos.com.br\/#\/schema\/person\/30586d0fb3f3a46b78a3414fc39cc975"},"breadcrumb":{"@id":"https:\/\/salmosbiblicos.com.br\/index.php\/2026\/03\/28\/como-lidar-com-a-incompreensao-e-fortalecer-a-fe\/#breadcrumb"},"inLanguage":"pt-BR","potentialAction":[{"@type":"ReadAction","target":["https:\/\/salmosbiblicos.com.br\/index.php\/2026\/03\/28\/como-lidar-com-a-incompreensao-e-fortalecer-a-fe\/"]}]},{"@type":"BreadcrumbList","@id":"https:\/\/salmosbiblicos.com.br\/index.php\/2026\/03\/28\/como-lidar-com-a-incompreensao-e-fortalecer-a-fe\/#breadcrumb","itemListElement":[{"@type":"ListItem","position":1,"name":"Home","item":"https:\/\/salmosbiblicos.com.br\/"},{"@type":"ListItem","position":2,"name":"Como Lidar com a Incompreens\u00e3o e Fortalecer a F\u00e9"}]},{"@type":"WebSite","@id":"https:\/\/salmosbiblicos.com.br\/#website","url":"https:\/\/salmosbiblicos.com.br\/","name":"Salmos B\u00edblicos","description":"Uma e-Livraria com e-Books novos para voc\u00ea refletir.","potentialAction":[{"@type":"SearchAction","target":{"@type":"EntryPoint","urlTemplate":"https:\/\/salmosbiblicos.com.br\/?s={search_term_string}"},"query-input":{"@type":"PropertyValueSpecification","valueRequired":true,"valueName":"search_term_string"}}],"inLanguage":"pt-BR"},{"@type":"Person","@id":"https:\/\/salmosbiblicos.com.br\/#\/schema\/person\/30586d0fb3f3a46b78a3414fc39cc975","name":"alextreh@gmail.com","image":{"@type":"ImageObject","inLanguage":"pt-BR","@id":"https:\/\/secure.gravatar.com\/avatar\/7cf84d31f581ec97b887c1039d478a7c293086896c84951a86753fb2c2af7527?s=96&d=mm&r=g","url":"https:\/\/secure.gravatar.com\/avatar\/7cf84d31f581ec97b887c1039d478a7c293086896c84951a86753fb2c2af7527?s=96&d=mm&r=g","contentUrl":"https:\/\/secure.gravatar.com\/avatar\/7cf84d31f581ec97b887c1039d478a7c293086896c84951a86753fb2c2af7527?s=96&d=mm&r=g","caption":"alextreh@gmail.com"},"sameAs":["http:\/\/salmosbiblicos.com.br"],"url":"https:\/\/salmosbiblicos.com.br\/index.php\/author\/alextrehgmail-com\/"}]}},"_links":{"self":[{"href":"https:\/\/salmosbiblicos.com.br\/index.php\/wp-json\/wp\/v2\/posts\/5526","targetHints":{"allow":["GET"]}}],"collection":[{"href":"https:\/\/salmosbiblicos.com.br\/index.php\/wp-json\/wp\/v2\/posts"}],"about":[{"href":"https:\/\/salmosbiblicos.com.br\/index.php\/wp-json\/wp\/v2\/types\/post"}],"author":[{"embeddable":true,"href":"https:\/\/salmosbiblicos.com.br\/index.php\/wp-json\/wp\/v2\/users\/1"}],"replies":[{"embeddable":true,"href":"https:\/\/salmosbiblicos.com.br\/index.php\/wp-json\/wp\/v2\/comments?post=5526"}],"version-history":[{"count":1,"href":"https:\/\/salmosbiblicos.com.br\/index.php\/wp-json\/wp\/v2\/posts\/5526\/revisions"}],"predecessor-version":[{"id":5527,"href":"https:\/\/salmosbiblicos.com.br\/index.php\/wp-json\/wp\/v2\/posts\/5526\/revisions\/5527"}],"wp:attachment":[{"href":"https:\/\/salmosbiblicos.com.br\/index.php\/wp-json\/wp\/v2\/media?parent=5526"}],"wp:term":[{"taxonomy":"category","embeddable":true,"href":"https:\/\/salmosbiblicos.com.br\/index.php\/wp-json\/wp\/v2\/categories?post=5526"},{"taxonomy":"post_tag","embeddable":true,"href":"https:\/\/salmosbiblicos.com.br\/index.php\/wp-json\/wp\/v2\/tags?post=5526"}],"curies":[{"name":"wp","href":"https:\/\/api.w.org\/{rel}","templated":true}]}}