{"id":5554,"date":"2026-03-28T13:24:11","date_gmt":"2026-03-28T16:24:11","guid":{"rendered":"https:\/\/salmosbiblicos.com.br\/?p=5554"},"modified":"2026-03-28T13:24:11","modified_gmt":"2026-03-28T16:24:11","slug":"perdao-e-pecado-reflexoes-sobre-a-graca-e-a-esperanca-divina","status":"publish","type":"post","link":"https:\/\/salmosbiblicos.com.br\/index.php\/2026\/03\/28\/perdao-e-pecado-reflexoes-sobre-a-graca-e-a-esperanca-divina\/","title":{"rendered":"Perd\u00e3o e Pecado: Reflex\u00f5es sobre a Gra\u00e7a e a Esperan\u00e7a Divina"},"content":{"rendered":"<p>## A Gra\u00e7a do Perd\u00e3o: Uma Reflex\u00e3o sobre a Natureza do Pecado e a Esperan\u00e7a na Miseric\u00f3rdia Divina<\/p>\n<p>A verdade que ecoa nas escrituras \u00e9 clara e pungente: **&#8221;Aquele que diz que n\u00e3o tem pecado \u00e9 mentiroso&#8221;** (1 Jo\u00e3o 5:14).  Refletimos sobre a fragilidade humana, a realidade ineg\u00e1vel de que todos n\u00f3s, em nossa jornada, somos marcados pela falha, pelo erro, pelo pecado.  <\/p>\n<p>Entretanto, a palavra nos revela tamb\u00e9m o pre\u00e7o desse desvio, **&#8221;o sal\u00e1rio do pecado \u00e9 a morte&#8221;** (Romanos 6:23). Uma constata\u00e7\u00e3o que nos confronta com a gravidade da situa\u00e7\u00e3o em que nos encontramos.<\/p>\n<p>### A Confian\u00e7a no Perd\u00e3o<\/p>\n<p>Mas a esperan\u00e7a paira sobre n\u00f3s como um farol na escurid\u00e3o. Se o pecado carrega a sombra da morte, a gra\u00e7a de Deus ilumina o caminho para a reden\u00e7\u00e3o. A f\u00e9 nos convida a buscar a miseric\u00f3rdia divina, a confiar que, ao confessarmos nossos erros, seremos ouvidos e perdoados. **&#8221;Se lhe pedimos alguma coisa de acordo com a sua vontade, ele nos ouve&#8221;** (1 Jo\u00e3o 5:14).<\/p>\n<p>Aquele que encontra for\u00e7a para reconhecer suas falhas, para buscar o perd\u00e3o, \u00e9 restaurado \u00e0 vida. Existe, de fato, um pecado que nos afasta da vida eterna. Mas a f\u00e9 nos ensina que a gra\u00e7a divina \u00e9 capaz de dissipar essa sombra, de nos guiar de volta ao caminho da luz.<\/p>\n<p>### A Distin\u00e7\u00e3o entre o Mortal e o Venial<\/p>\n<p>\u00c9 essencial discernir a natureza de nossos atos. A tradi\u00e7\u00e3o nos ensina sobre a diferen\u00e7a entre pecado mortal e pecado venial. O pecado mortal, aquele que nos afasta de Deus, exige um profundo arrependimento e uma sincera mudan\u00e7a de cora\u00e7\u00e3o. <\/p>\n<p>O pecado venial, embora tamb\u00e9m necessite de repara\u00e7\u00e3o, n\u00e3o nos impede de nos aproximarmos de Deus, mas nos enfraquece na jornada espiritual. Buscar entender essa distin\u00e7\u00e3o, atrav\u00e9s do estudo da Sagrada Escritura e do aux\u00edlio da tradi\u00e7\u00e3o, \u00e9 fundamental para nosso crescimento.<\/p>\n<p>### O Poder do Arrependimento<\/p>\n<p>A mensagem ressalta que **&#8221;somente aqueles pecados que n\u00e3o s\u00e3o acompanhados de arrependimento levam \u00e0 morte&#8221;**. Aquele que se volta para Deus, que reconhece suas faltas e busca a reconcilia\u00e7\u00e3o, encontra a porta aberta para a miseric\u00f3rdia.<\/p>\n<p>Contemplemos o exemplo de Davi, homem segundo o cora\u00e7\u00e3o de Deus, que confessou seus pecados, a viol\u00eancia e a infidelidade, e foi recebido de bra\u00e7os abertos, perdoado e renovado em sua f\u00e9. **&#8221;Lavar-me totalmente da minha falta, e purificar-me de todo o meu pecado&#8221;** (Salmo 51:3).<\/p>\n<p>### A Verdade na Humildade<\/p>\n<p>Que possamos, ent\u00e3o, cultivar a humildade para pedir perd\u00e3o, a coragem para enfrentar nossas falhas e a f\u00e9 para acreditar na infinita miseric\u00f3rdia de Deus.  <\/p>\n<p>**&#8221;Se reconhecemos os nossos pecados, Deus \u00e9 fiel e justo para nos perdoar os pecados e para nos purificar de toda a injusti\u00e7a&#8221;** (1 Jo\u00e3o 1:9). Que essa promessa seja a luz que nos guia, a for\u00e7a que nos sustenta e a esperan\u00e7a que nos impulsiona a viver uma vida plena de gra\u00e7a e de amor.<\/p>\n","protected":false},"excerpt":{"rendered":"<p>## A Gra\u00e7a do Perd\u00e3o: Uma Reflex\u00e3o sobre a Natureza do Pecado e a Esperan\u00e7a na Miseric\u00f3rdia Divina A verdade que ecoa nas escrituras \u00e9 clara e pungente: **&#8221;Aquele que diz que n\u00e3o tem pecado \u00e9 mentiroso&#8221;** (1 Jo\u00e3o 5:14). Refletimos sobre a fragilidade humana, a realidade ineg\u00e1vel de que todos n\u00f3s, em nossa jornada, [&hellip;]<\/p>\n","protected":false},"author":1,"featured_media":0,"comment_status":"closed","ping_status":"open","sticky":false,"template":"","format":"standard","meta":{"footnotes":""},"categories":[14],"tags":[],"class_list":["post-5554","post","type-post","status-publish","format-standard","hentry","category-reflexao"],"yoast_head":"<!-- This site is optimized with the Yoast SEO plugin v27.2 - https:\/\/yoast.com\/product\/yoast-seo-wordpress\/ -->\n<title>Perd\u00e3o e Pecado: Reflex\u00f5es sobre a Gra\u00e7a e a Esperan\u00e7a Divina - Salmos B\u00edblicos<\/title>\n<meta name=\"robots\" content=\"index, follow, max-snippet:-1, max-image-preview:large, max-video-preview:-1\" \/>\n<link rel=\"canonical\" href=\"https:\/\/salmosbiblicos.com.br\/index.php\/2026\/03\/28\/perdao-e-pecado-reflexoes-sobre-a-graca-e-a-esperanca-divina\/\" \/>\n<meta property=\"og:locale\" content=\"pt_BR\" \/>\n<meta property=\"og:type\" content=\"article\" \/>\n<meta property=\"og:title\" content=\"Perd\u00e3o e Pecado: Reflex\u00f5es sobre a Gra\u00e7a e a Esperan\u00e7a Divina - Salmos B\u00edblicos\" \/>\n<meta property=\"og:description\" content=\"## A Gra\u00e7a do Perd\u00e3o: Uma Reflex\u00e3o sobre a Natureza do Pecado e a Esperan\u00e7a na Miseric\u00f3rdia Divina A verdade que ecoa nas escrituras \u00e9 clara e pungente: **&#8221;Aquele que diz que n\u00e3o tem pecado \u00e9 mentiroso&#8221;** (1 Jo\u00e3o 5:14). Refletimos sobre a fragilidade humana, a realidade ineg\u00e1vel de que todos n\u00f3s, em nossa jornada, [&hellip;]\" \/>\n<meta property=\"og:url\" content=\"https:\/\/salmosbiblicos.com.br\/index.php\/2026\/03\/28\/perdao-e-pecado-reflexoes-sobre-a-graca-e-a-esperanca-divina\/\" \/>\n<meta property=\"og:site_name\" content=\"Salmos B\u00edblicos\" \/>\n<meta property=\"article:published_time\" content=\"2026-03-28T16:24:11+00:00\" \/>\n<meta name=\"author\" content=\"alextreh@gmail.com\" \/>\n<meta name=\"twitter:card\" content=\"summary_large_image\" \/>\n<meta name=\"twitter:label1\" content=\"Escrito por\" \/>\n\t<meta name=\"twitter:data1\" content=\"alextreh@gmail.com\" \/>\n\t<meta name=\"twitter:label2\" content=\"Est. tempo de leitura\" \/>\n\t<meta name=\"twitter:data2\" content=\"3 minutos\" \/>\n<script type=\"application\/ld+json\" class=\"yoast-schema-graph\">{\"@context\":\"https:\/\/schema.org\",\"@graph\":[{\"@type\":\"Article\",\"@id\":\"https:\/\/salmosbiblicos.com.br\/index.php\/2026\/03\/28\/perdao-e-pecado-reflexoes-sobre-a-graca-e-a-esperanca-divina\/#article\",\"isPartOf\":{\"@id\":\"https:\/\/salmosbiblicos.com.br\/index.php\/2026\/03\/28\/perdao-e-pecado-reflexoes-sobre-a-graca-e-a-esperanca-divina\/\"},\"author\":{\"name\":\"alextreh@gmail.com\",\"@id\":\"https:\/\/salmosbiblicos.com.br\/#\/schema\/person\/30586d0fb3f3a46b78a3414fc39cc975\"},\"headline\":\"Perd\u00e3o e Pecado: Reflex\u00f5es sobre a Gra\u00e7a e a Esperan\u00e7a Divina\",\"datePublished\":\"2026-03-28T16:24:11+00:00\",\"mainEntityOfPage\":{\"@id\":\"https:\/\/salmosbiblicos.com.br\/index.php\/2026\/03\/28\/perdao-e-pecado-reflexoes-sobre-a-graca-e-a-esperanca-divina\/\"},\"wordCount\":528,\"articleSection\":[\"Reflex\u00e3o\"],\"inLanguage\":\"pt-BR\"},{\"@type\":\"WebPage\",\"@id\":\"https:\/\/salmosbiblicos.com.br\/index.php\/2026\/03\/28\/perdao-e-pecado-reflexoes-sobre-a-graca-e-a-esperanca-divina\/\",\"url\":\"https:\/\/salmosbiblicos.com.br\/index.php\/2026\/03\/28\/perdao-e-pecado-reflexoes-sobre-a-graca-e-a-esperanca-divina\/\",\"name\":\"Perd\u00e3o e Pecado: Reflex\u00f5es sobre a Gra\u00e7a e a Esperan\u00e7a Divina - Salmos B\u00edblicos\",\"isPartOf\":{\"@id\":\"https:\/\/salmosbiblicos.com.br\/#website\"},\"datePublished\":\"2026-03-28T16:24:11+00:00\",\"author\":{\"@id\":\"https:\/\/salmosbiblicos.com.br\/#\/schema\/person\/30586d0fb3f3a46b78a3414fc39cc975\"},\"breadcrumb\":{\"@id\":\"https:\/\/salmosbiblicos.com.br\/index.php\/2026\/03\/28\/perdao-e-pecado-reflexoes-sobre-a-graca-e-a-esperanca-divina\/#breadcrumb\"},\"inLanguage\":\"pt-BR\",\"potentialAction\":[{\"@type\":\"ReadAction\",\"target\":[\"https:\/\/salmosbiblicos.com.br\/index.php\/2026\/03\/28\/perdao-e-pecado-reflexoes-sobre-a-graca-e-a-esperanca-divina\/\"]}]},{\"@type\":\"BreadcrumbList\",\"@id\":\"https:\/\/salmosbiblicos.com.br\/index.php\/2026\/03\/28\/perdao-e-pecado-reflexoes-sobre-a-graca-e-a-esperanca-divina\/#breadcrumb\",\"itemListElement\":[{\"@type\":\"ListItem\",\"position\":1,\"name\":\"Home\",\"item\":\"https:\/\/salmosbiblicos.com.br\/\"},{\"@type\":\"ListItem\",\"position\":2,\"name\":\"Perd\u00e3o e Pecado: Reflex\u00f5es sobre a Gra\u00e7a e a Esperan\u00e7a Divina\"}]},{\"@type\":\"WebSite\",\"@id\":\"https:\/\/salmosbiblicos.com.br\/#website\",\"url\":\"https:\/\/salmosbiblicos.com.br\/\",\"name\":\"Salmos B\u00edblicos\",\"description\":\"Uma e-Livraria com e-Books novos para voc\u00ea refletir.\",\"potentialAction\":[{\"@type\":\"SearchAction\",\"target\":{\"@type\":\"EntryPoint\",\"urlTemplate\":\"https:\/\/salmosbiblicos.com.br\/?s={search_term_string}\"},\"query-input\":{\"@type\":\"PropertyValueSpecification\",\"valueRequired\":true,\"valueName\":\"search_term_string\"}}],\"inLanguage\":\"pt-BR\"},{\"@type\":\"Person\",\"@id\":\"https:\/\/salmosbiblicos.com.br\/#\/schema\/person\/30586d0fb3f3a46b78a3414fc39cc975\",\"name\":\"alextreh@gmail.com\",\"image\":{\"@type\":\"ImageObject\",\"inLanguage\":\"pt-BR\",\"@id\":\"https:\/\/secure.gravatar.com\/avatar\/7cf84d31f581ec97b887c1039d478a7c293086896c84951a86753fb2c2af7527?s=96&d=mm&r=g\",\"url\":\"https:\/\/secure.gravatar.com\/avatar\/7cf84d31f581ec97b887c1039d478a7c293086896c84951a86753fb2c2af7527?s=96&d=mm&r=g\",\"contentUrl\":\"https:\/\/secure.gravatar.com\/avatar\/7cf84d31f581ec97b887c1039d478a7c293086896c84951a86753fb2c2af7527?s=96&d=mm&r=g\",\"caption\":\"alextreh@gmail.com\"},\"sameAs\":[\"http:\/\/salmosbiblicos.com.br\"],\"url\":\"https:\/\/salmosbiblicos.com.br\/index.php\/author\/alextrehgmail-com\/\"}]}<\/script>\n<!-- \/ Yoast SEO plugin. -->","yoast_head_json":{"title":"Perd\u00e3o e Pecado: Reflex\u00f5es sobre a Gra\u00e7a e a Esperan\u00e7a Divina - Salmos B\u00edblicos","robots":{"index":"index","follow":"follow","max-snippet":"max-snippet:-1","max-image-preview":"max-image-preview:large","max-video-preview":"max-video-preview:-1"},"canonical":"https:\/\/salmosbiblicos.com.br\/index.php\/2026\/03\/28\/perdao-e-pecado-reflexoes-sobre-a-graca-e-a-esperanca-divina\/","og_locale":"pt_BR","og_type":"article","og_title":"Perd\u00e3o e Pecado: Reflex\u00f5es sobre a Gra\u00e7a e a Esperan\u00e7a Divina - Salmos B\u00edblicos","og_description":"## A Gra\u00e7a do Perd\u00e3o: Uma Reflex\u00e3o sobre a Natureza do Pecado e a Esperan\u00e7a na Miseric\u00f3rdia Divina A verdade que ecoa nas escrituras \u00e9 clara e pungente: **&#8221;Aquele que diz que n\u00e3o tem pecado \u00e9 mentiroso&#8221;** (1 Jo\u00e3o 5:14). Refletimos sobre a fragilidade humana, a realidade ineg\u00e1vel de que todos n\u00f3s, em nossa jornada, [&hellip;]","og_url":"https:\/\/salmosbiblicos.com.br\/index.php\/2026\/03\/28\/perdao-e-pecado-reflexoes-sobre-a-graca-e-a-esperanca-divina\/","og_site_name":"Salmos B\u00edblicos","article_published_time":"2026-03-28T16:24:11+00:00","author":"alextreh@gmail.com","twitter_card":"summary_large_image","twitter_misc":{"Escrito por":"alextreh@gmail.com","Est. tempo de leitura":"3 minutos"},"schema":{"@context":"https:\/\/schema.org","@graph":[{"@type":"Article","@id":"https:\/\/salmosbiblicos.com.br\/index.php\/2026\/03\/28\/perdao-e-pecado-reflexoes-sobre-a-graca-e-a-esperanca-divina\/#article","isPartOf":{"@id":"https:\/\/salmosbiblicos.com.br\/index.php\/2026\/03\/28\/perdao-e-pecado-reflexoes-sobre-a-graca-e-a-esperanca-divina\/"},"author":{"name":"alextreh@gmail.com","@id":"https:\/\/salmosbiblicos.com.br\/#\/schema\/person\/30586d0fb3f3a46b78a3414fc39cc975"},"headline":"Perd\u00e3o e Pecado: Reflex\u00f5es sobre a Gra\u00e7a e a Esperan\u00e7a Divina","datePublished":"2026-03-28T16:24:11+00:00","mainEntityOfPage":{"@id":"https:\/\/salmosbiblicos.com.br\/index.php\/2026\/03\/28\/perdao-e-pecado-reflexoes-sobre-a-graca-e-a-esperanca-divina\/"},"wordCount":528,"articleSection":["Reflex\u00e3o"],"inLanguage":"pt-BR"},{"@type":"WebPage","@id":"https:\/\/salmosbiblicos.com.br\/index.php\/2026\/03\/28\/perdao-e-pecado-reflexoes-sobre-a-graca-e-a-esperanca-divina\/","url":"https:\/\/salmosbiblicos.com.br\/index.php\/2026\/03\/28\/perdao-e-pecado-reflexoes-sobre-a-graca-e-a-esperanca-divina\/","name":"Perd\u00e3o e Pecado: Reflex\u00f5es sobre a Gra\u00e7a e a Esperan\u00e7a Divina - Salmos B\u00edblicos","isPartOf":{"@id":"https:\/\/salmosbiblicos.com.br\/#website"},"datePublished":"2026-03-28T16:24:11+00:00","author":{"@id":"https:\/\/salmosbiblicos.com.br\/#\/schema\/person\/30586d0fb3f3a46b78a3414fc39cc975"},"breadcrumb":{"@id":"https:\/\/salmosbiblicos.com.br\/index.php\/2026\/03\/28\/perdao-e-pecado-reflexoes-sobre-a-graca-e-a-esperanca-divina\/#breadcrumb"},"inLanguage":"pt-BR","potentialAction":[{"@type":"ReadAction","target":["https:\/\/salmosbiblicos.com.br\/index.php\/2026\/03\/28\/perdao-e-pecado-reflexoes-sobre-a-graca-e-a-esperanca-divina\/"]}]},{"@type":"BreadcrumbList","@id":"https:\/\/salmosbiblicos.com.br\/index.php\/2026\/03\/28\/perdao-e-pecado-reflexoes-sobre-a-graca-e-a-esperanca-divina\/#breadcrumb","itemListElement":[{"@type":"ListItem","position":1,"name":"Home","item":"https:\/\/salmosbiblicos.com.br\/"},{"@type":"ListItem","position":2,"name":"Perd\u00e3o e Pecado: Reflex\u00f5es sobre a Gra\u00e7a e a Esperan\u00e7a Divina"}]},{"@type":"WebSite","@id":"https:\/\/salmosbiblicos.com.br\/#website","url":"https:\/\/salmosbiblicos.com.br\/","name":"Salmos B\u00edblicos","description":"Uma e-Livraria com e-Books novos para voc\u00ea refletir.","potentialAction":[{"@type":"SearchAction","target":{"@type":"EntryPoint","urlTemplate":"https:\/\/salmosbiblicos.com.br\/?s={search_term_string}"},"query-input":{"@type":"PropertyValueSpecification","valueRequired":true,"valueName":"search_term_string"}}],"inLanguage":"pt-BR"},{"@type":"Person","@id":"https:\/\/salmosbiblicos.com.br\/#\/schema\/person\/30586d0fb3f3a46b78a3414fc39cc975","name":"alextreh@gmail.com","image":{"@type":"ImageObject","inLanguage":"pt-BR","@id":"https:\/\/secure.gravatar.com\/avatar\/7cf84d31f581ec97b887c1039d478a7c293086896c84951a86753fb2c2af7527?s=96&d=mm&r=g","url":"https:\/\/secure.gravatar.com\/avatar\/7cf84d31f581ec97b887c1039d478a7c293086896c84951a86753fb2c2af7527?s=96&d=mm&r=g","contentUrl":"https:\/\/secure.gravatar.com\/avatar\/7cf84d31f581ec97b887c1039d478a7c293086896c84951a86753fb2c2af7527?s=96&d=mm&r=g","caption":"alextreh@gmail.com"},"sameAs":["http:\/\/salmosbiblicos.com.br"],"url":"https:\/\/salmosbiblicos.com.br\/index.php\/author\/alextrehgmail-com\/"}]}},"_links":{"self":[{"href":"https:\/\/salmosbiblicos.com.br\/index.php\/wp-json\/wp\/v2\/posts\/5554","targetHints":{"allow":["GET"]}}],"collection":[{"href":"https:\/\/salmosbiblicos.com.br\/index.php\/wp-json\/wp\/v2\/posts"}],"about":[{"href":"https:\/\/salmosbiblicos.com.br\/index.php\/wp-json\/wp\/v2\/types\/post"}],"author":[{"embeddable":true,"href":"https:\/\/salmosbiblicos.com.br\/index.php\/wp-json\/wp\/v2\/users\/1"}],"replies":[{"embeddable":true,"href":"https:\/\/salmosbiblicos.com.br\/index.php\/wp-json\/wp\/v2\/comments?post=5554"}],"version-history":[{"count":1,"href":"https:\/\/salmosbiblicos.com.br\/index.php\/wp-json\/wp\/v2\/posts\/5554\/revisions"}],"predecessor-version":[{"id":5555,"href":"https:\/\/salmosbiblicos.com.br\/index.php\/wp-json\/wp\/v2\/posts\/5554\/revisions\/5555"}],"wp:attachment":[{"href":"https:\/\/salmosbiblicos.com.br\/index.php\/wp-json\/wp\/v2\/media?parent=5554"}],"wp:term":[{"taxonomy":"category","embeddable":true,"href":"https:\/\/salmosbiblicos.com.br\/index.php\/wp-json\/wp\/v2\/categories?post=5554"},{"taxonomy":"post_tag","embeddable":true,"href":"https:\/\/salmosbiblicos.com.br\/index.php\/wp-json\/wp\/v2\/tags?post=5554"}],"curies":[{"name":"wp","href":"https:\/\/api.w.org\/{rel}","templated":true}]}}