{"id":5556,"date":"2026-03-28T13:31:06","date_gmt":"2026-03-28T16:31:06","guid":{"rendered":"https:\/\/salmosbiblicos.com.br\/?p=5556"},"modified":"2026-03-28T13:31:06","modified_gmt":"2026-03-28T16:31:06","slug":"oracao-encontre-paz-interior-e-fortaleca-sua-alma","status":"publish","type":"post","link":"https:\/\/salmosbiblicos.com.br\/index.php\/2026\/03\/28\/oracao-encontre-paz-interior-e-fortaleca-sua-alma\/","title":{"rendered":"Ora\u00e7\u00e3o: Encontre Paz Interior e Fortale\u00e7a Sua Alma"},"content":{"rendered":"<p>## A Ess\u00eancia da Alma: Um Chamado \u00e0 Ora\u00e7\u00e3o<\/p>\n<p>Em cada um de n\u00f3s reside uma busca, um anseio por algo maior que as prova\u00e7\u00f5es do dia a dia. Essa busca encontra resposta na ora\u00e7\u00e3o, que se revela como o alicerce da nossa alma, t\u00e3o vital quanto o ar que respiramos. Negligenci\u00e1-la \u00e9, em ess\u00eancia, permitir que a alma definhe, enfraquecendo-nos espiritualmente.<\/p>\n<p>### O Exemplo do Mestre<\/p>\n<p>Contemplamos a figura de um homem que compreendeu a import\u00e2ncia da ora\u00e7\u00e3o como poucos. Mesmo em meio a uma multid\u00e3o faminta por cura e palavras de esperan\u00e7a, Ele se retirava para a solid\u00e3o, buscando a comunh\u00e3o com o Pai. Sua vida \u00e9 um **testemunho vivo** da necessidade de cultivarmos esse momento de intimidade com o divino.<\/p>\n<p>### A Lepra e a Cura: Uma Li\u00e7\u00e3o de F\u00e9<\/p>\n<p>A hist\u00f3ria do homem leproso, clamando por liberta\u00e7\u00e3o, nos revela a for\u00e7a da f\u00e9. Ao estender a m\u00e3o para tocar, o Mestre n\u00e3o apenas curou o corpo, mas tamb\u00e9m o esp\u00edrito, guiando-o a apresentar-se ao sacerdote para confirma\u00e7\u00e3o da cura. **A f\u00e9, alimentada pela ora\u00e7\u00e3o, abre portas para o imposs\u00edvel.**<\/p>\n<p>### A Fama e a Solid\u00e3o: Equilibrando a A\u00e7\u00e3o e a Contempla\u00e7\u00e3o<\/p>\n<p>A fama pode ser uma b\u00ean\u00e7\u00e3o, mas tamb\u00e9m um fardo. A busca por reconhecimento e a pressa do mundo nos afastam da quietude necess\u00e1ria para a ora\u00e7\u00e3o. Assim, o Mestre demonstra que mesmo no auge da popularidade, a retirada para a ora\u00e7\u00e3o \u00e9 imperativa.<\/p>\n<p>### A Sabedoria dos Ancestrais: Uma Heran\u00e7a Perene<\/p>\n<p>As palavras de um s\u00e1bio, ecoando atrav\u00e9s dos s\u00e9culos, nos lembram que a ora\u00e7\u00e3o n\u00e3o \u00e9 apenas uma quest\u00e3o de palavras, mas de atitudes. Ela se manifesta em a\u00e7\u00f5es, em um compromisso cont\u00ednuo com a vontade divina. **No turbilh\u00e3o da vida, reservemos tempo para a ora\u00e7\u00e3o.**<\/p>\n<p>### A Pr\u00e1tica Constante: Um Estilo de Vida<\/p>\n<p>A ora\u00e7\u00e3o n\u00e3o \u00e9 um evento espor\u00e1dico, mas um fluxo constante que permeia nossa exist\u00eancia. Assim como Daniel, que perseverou em sua ora\u00e7\u00e3o mesmo sob a press\u00e3o do poder terreno, devemos manter uma vigil\u00e2ncia constante, buscando a presen\u00e7a de Deus em cada momento.<\/p>\n<p>*   **Nunca desista da ora\u00e7\u00e3o.**<br \/>*   **Cultive um momento de ora\u00e7\u00e3o di\u00e1ria.**<br \/>*   **Busque a solitude para encontrar a paz interior.**<br \/>*   **Persevere mesmo em tempos dif\u00edceis.**<\/p>\n<p>### A Urg\u00eancia da Vigil\u00e2ncia: Um Convite \u00e0 Persist\u00eancia<\/p>\n<p>A ora\u00e7\u00e3o \u00e9 um ato de amor, uma s\u00faplica constante. \u00c9 preciso perseverar, mesmo quando a resposta tarda. O ap\u00f3stolo nos exorta a \u201corar sem cessar\u201d, e o exemplo do Mestre nos inspira a seguir seus passos. **A ora\u00e7\u00e3o cont\u00ednua \u00e9 a chave para a esperan\u00e7a.**<\/p>\n<p>### A Par\u00e1bola da Persist\u00eancia: Um Lembrete Divino<\/p>\n<p>O Mestre nos ensina atrav\u00e9s de par\u00e1bolas a import\u00e2ncia de n\u00e3o desanimarmos na ora\u00e7\u00e3o. A insist\u00eancia, a perseveran\u00e7a, s\u00e3o a marca daqueles que buscam a Deus com sinceridade. Que possamos, ent\u00e3o, nos comprometer a **orar sem nunca deixar de faz\u00ea-lo.**<\/p>\n<p>Que a ora\u00e7\u00e3o seja o fio condutor da nossa jornada, a for\u00e7a que nos sustenta e a luz que ilumina o nosso caminho.<\/p>\n","protected":false},"excerpt":{"rendered":"<p>## A Ess\u00eancia da Alma: Um Chamado \u00e0 Ora\u00e7\u00e3o Em cada um de n\u00f3s reside uma busca, um anseio por algo maior que as prova\u00e7\u00f5es do dia a dia. Essa busca encontra resposta na ora\u00e7\u00e3o, que se revela como o alicerce da nossa alma, t\u00e3o vital quanto o ar que respiramos. Negligenci\u00e1-la \u00e9, em ess\u00eancia, [&hellip;]<\/p>\n","protected":false},"author":1,"featured_media":0,"comment_status":"closed","ping_status":"open","sticky":false,"template":"","format":"standard","meta":{"footnotes":""},"categories":[14],"tags":[],"class_list":["post-5556","post","type-post","status-publish","format-standard","hentry","category-reflexao"],"yoast_head":"<!-- This site is optimized with the Yoast SEO plugin v27.2 - https:\/\/yoast.com\/product\/yoast-seo-wordpress\/ -->\n<title>Ora\u00e7\u00e3o: Encontre Paz Interior e Fortale\u00e7a Sua Alma - Salmos B\u00edblicos<\/title>\n<meta name=\"robots\" content=\"index, follow, max-snippet:-1, max-image-preview:large, max-video-preview:-1\" \/>\n<link rel=\"canonical\" href=\"https:\/\/salmosbiblicos.com.br\/index.php\/2026\/03\/28\/oracao-encontre-paz-interior-e-fortaleca-sua-alma\/\" \/>\n<meta property=\"og:locale\" content=\"pt_BR\" \/>\n<meta property=\"og:type\" content=\"article\" \/>\n<meta property=\"og:title\" content=\"Ora\u00e7\u00e3o: Encontre Paz Interior e Fortale\u00e7a Sua Alma - Salmos B\u00edblicos\" \/>\n<meta property=\"og:description\" content=\"## A Ess\u00eancia da Alma: Um Chamado \u00e0 Ora\u00e7\u00e3o Em cada um de n\u00f3s reside uma busca, um anseio por algo maior que as prova\u00e7\u00f5es do dia a dia. Essa busca encontra resposta na ora\u00e7\u00e3o, que se revela como o alicerce da nossa alma, t\u00e3o vital quanto o ar que respiramos. Negligenci\u00e1-la \u00e9, em ess\u00eancia, [&hellip;]\" \/>\n<meta property=\"og:url\" content=\"https:\/\/salmosbiblicos.com.br\/index.php\/2026\/03\/28\/oracao-encontre-paz-interior-e-fortaleca-sua-alma\/\" \/>\n<meta property=\"og:site_name\" content=\"Salmos B\u00edblicos\" \/>\n<meta property=\"article:published_time\" content=\"2026-03-28T16:31:06+00:00\" \/>\n<meta name=\"author\" content=\"alextreh@gmail.com\" \/>\n<meta name=\"twitter:card\" content=\"summary_large_image\" \/>\n<meta name=\"twitter:label1\" content=\"Escrito por\" \/>\n\t<meta name=\"twitter:data1\" content=\"alextreh@gmail.com\" \/>\n\t<meta name=\"twitter:label2\" content=\"Est. tempo de leitura\" \/>\n\t<meta name=\"twitter:data2\" content=\"3 minutos\" \/>\n<script type=\"application\/ld+json\" class=\"yoast-schema-graph\">{\"@context\":\"https:\/\/schema.org\",\"@graph\":[{\"@type\":\"Article\",\"@id\":\"https:\/\/salmosbiblicos.com.br\/index.php\/2026\/03\/28\/oracao-encontre-paz-interior-e-fortaleca-sua-alma\/#article\",\"isPartOf\":{\"@id\":\"https:\/\/salmosbiblicos.com.br\/index.php\/2026\/03\/28\/oracao-encontre-paz-interior-e-fortaleca-sua-alma\/\"},\"author\":{\"name\":\"alextreh@gmail.com\",\"@id\":\"https:\/\/salmosbiblicos.com.br\/#\/schema\/person\/30586d0fb3f3a46b78a3414fc39cc975\"},\"headline\":\"Ora\u00e7\u00e3o: Encontre Paz Interior e Fortale\u00e7a Sua Alma\",\"datePublished\":\"2026-03-28T16:31:06+00:00\",\"mainEntityOfPage\":{\"@id\":\"https:\/\/salmosbiblicos.com.br\/index.php\/2026\/03\/28\/oracao-encontre-paz-interior-e-fortaleca-sua-alma\/\"},\"wordCount\":566,\"articleSection\":[\"Reflex\u00e3o\"],\"inLanguage\":\"pt-BR\"},{\"@type\":\"WebPage\",\"@id\":\"https:\/\/salmosbiblicos.com.br\/index.php\/2026\/03\/28\/oracao-encontre-paz-interior-e-fortaleca-sua-alma\/\",\"url\":\"https:\/\/salmosbiblicos.com.br\/index.php\/2026\/03\/28\/oracao-encontre-paz-interior-e-fortaleca-sua-alma\/\",\"name\":\"Ora\u00e7\u00e3o: Encontre Paz Interior e Fortale\u00e7a Sua Alma - Salmos B\u00edblicos\",\"isPartOf\":{\"@id\":\"https:\/\/salmosbiblicos.com.br\/#website\"},\"datePublished\":\"2026-03-28T16:31:06+00:00\",\"author\":{\"@id\":\"https:\/\/salmosbiblicos.com.br\/#\/schema\/person\/30586d0fb3f3a46b78a3414fc39cc975\"},\"breadcrumb\":{\"@id\":\"https:\/\/salmosbiblicos.com.br\/index.php\/2026\/03\/28\/oracao-encontre-paz-interior-e-fortaleca-sua-alma\/#breadcrumb\"},\"inLanguage\":\"pt-BR\",\"potentialAction\":[{\"@type\":\"ReadAction\",\"target\":[\"https:\/\/salmosbiblicos.com.br\/index.php\/2026\/03\/28\/oracao-encontre-paz-interior-e-fortaleca-sua-alma\/\"]}]},{\"@type\":\"BreadcrumbList\",\"@id\":\"https:\/\/salmosbiblicos.com.br\/index.php\/2026\/03\/28\/oracao-encontre-paz-interior-e-fortaleca-sua-alma\/#breadcrumb\",\"itemListElement\":[{\"@type\":\"ListItem\",\"position\":1,\"name\":\"Home\",\"item\":\"https:\/\/salmosbiblicos.com.br\/\"},{\"@type\":\"ListItem\",\"position\":2,\"name\":\"Ora\u00e7\u00e3o: Encontre Paz Interior e Fortale\u00e7a Sua Alma\"}]},{\"@type\":\"WebSite\",\"@id\":\"https:\/\/salmosbiblicos.com.br\/#website\",\"url\":\"https:\/\/salmosbiblicos.com.br\/\",\"name\":\"Salmos B\u00edblicos\",\"description\":\"Uma e-Livraria com e-Books novos para voc\u00ea refletir.\",\"potentialAction\":[{\"@type\":\"SearchAction\",\"target\":{\"@type\":\"EntryPoint\",\"urlTemplate\":\"https:\/\/salmosbiblicos.com.br\/?s={search_term_string}\"},\"query-input\":{\"@type\":\"PropertyValueSpecification\",\"valueRequired\":true,\"valueName\":\"search_term_string\"}}],\"inLanguage\":\"pt-BR\"},{\"@type\":\"Person\",\"@id\":\"https:\/\/salmosbiblicos.com.br\/#\/schema\/person\/30586d0fb3f3a46b78a3414fc39cc975\",\"name\":\"alextreh@gmail.com\",\"image\":{\"@type\":\"ImageObject\",\"inLanguage\":\"pt-BR\",\"@id\":\"https:\/\/secure.gravatar.com\/avatar\/7cf84d31f581ec97b887c1039d478a7c293086896c84951a86753fb2c2af7527?s=96&d=mm&r=g\",\"url\":\"https:\/\/secure.gravatar.com\/avatar\/7cf84d31f581ec97b887c1039d478a7c293086896c84951a86753fb2c2af7527?s=96&d=mm&r=g\",\"contentUrl\":\"https:\/\/secure.gravatar.com\/avatar\/7cf84d31f581ec97b887c1039d478a7c293086896c84951a86753fb2c2af7527?s=96&d=mm&r=g\",\"caption\":\"alextreh@gmail.com\"},\"sameAs\":[\"http:\/\/salmosbiblicos.com.br\"],\"url\":\"https:\/\/salmosbiblicos.com.br\/index.php\/author\/alextrehgmail-com\/\"}]}<\/script>\n<!-- \/ Yoast SEO plugin. -->","yoast_head_json":{"title":"Ora\u00e7\u00e3o: Encontre Paz Interior e Fortale\u00e7a Sua Alma - Salmos B\u00edblicos","robots":{"index":"index","follow":"follow","max-snippet":"max-snippet:-1","max-image-preview":"max-image-preview:large","max-video-preview":"max-video-preview:-1"},"canonical":"https:\/\/salmosbiblicos.com.br\/index.php\/2026\/03\/28\/oracao-encontre-paz-interior-e-fortaleca-sua-alma\/","og_locale":"pt_BR","og_type":"article","og_title":"Ora\u00e7\u00e3o: Encontre Paz Interior e Fortale\u00e7a Sua Alma - Salmos B\u00edblicos","og_description":"## A Ess\u00eancia da Alma: Um Chamado \u00e0 Ora\u00e7\u00e3o Em cada um de n\u00f3s reside uma busca, um anseio por algo maior que as prova\u00e7\u00f5es do dia a dia. Essa busca encontra resposta na ora\u00e7\u00e3o, que se revela como o alicerce da nossa alma, t\u00e3o vital quanto o ar que respiramos. Negligenci\u00e1-la \u00e9, em ess\u00eancia, [&hellip;]","og_url":"https:\/\/salmosbiblicos.com.br\/index.php\/2026\/03\/28\/oracao-encontre-paz-interior-e-fortaleca-sua-alma\/","og_site_name":"Salmos B\u00edblicos","article_published_time":"2026-03-28T16:31:06+00:00","author":"alextreh@gmail.com","twitter_card":"summary_large_image","twitter_misc":{"Escrito por":"alextreh@gmail.com","Est. tempo de leitura":"3 minutos"},"schema":{"@context":"https:\/\/schema.org","@graph":[{"@type":"Article","@id":"https:\/\/salmosbiblicos.com.br\/index.php\/2026\/03\/28\/oracao-encontre-paz-interior-e-fortaleca-sua-alma\/#article","isPartOf":{"@id":"https:\/\/salmosbiblicos.com.br\/index.php\/2026\/03\/28\/oracao-encontre-paz-interior-e-fortaleca-sua-alma\/"},"author":{"name":"alextreh@gmail.com","@id":"https:\/\/salmosbiblicos.com.br\/#\/schema\/person\/30586d0fb3f3a46b78a3414fc39cc975"},"headline":"Ora\u00e7\u00e3o: Encontre Paz Interior e Fortale\u00e7a Sua Alma","datePublished":"2026-03-28T16:31:06+00:00","mainEntityOfPage":{"@id":"https:\/\/salmosbiblicos.com.br\/index.php\/2026\/03\/28\/oracao-encontre-paz-interior-e-fortaleca-sua-alma\/"},"wordCount":566,"articleSection":["Reflex\u00e3o"],"inLanguage":"pt-BR"},{"@type":"WebPage","@id":"https:\/\/salmosbiblicos.com.br\/index.php\/2026\/03\/28\/oracao-encontre-paz-interior-e-fortaleca-sua-alma\/","url":"https:\/\/salmosbiblicos.com.br\/index.php\/2026\/03\/28\/oracao-encontre-paz-interior-e-fortaleca-sua-alma\/","name":"Ora\u00e7\u00e3o: Encontre Paz Interior e Fortale\u00e7a Sua Alma - Salmos B\u00edblicos","isPartOf":{"@id":"https:\/\/salmosbiblicos.com.br\/#website"},"datePublished":"2026-03-28T16:31:06+00:00","author":{"@id":"https:\/\/salmosbiblicos.com.br\/#\/schema\/person\/30586d0fb3f3a46b78a3414fc39cc975"},"breadcrumb":{"@id":"https:\/\/salmosbiblicos.com.br\/index.php\/2026\/03\/28\/oracao-encontre-paz-interior-e-fortaleca-sua-alma\/#breadcrumb"},"inLanguage":"pt-BR","potentialAction":[{"@type":"ReadAction","target":["https:\/\/salmosbiblicos.com.br\/index.php\/2026\/03\/28\/oracao-encontre-paz-interior-e-fortaleca-sua-alma\/"]}]},{"@type":"BreadcrumbList","@id":"https:\/\/salmosbiblicos.com.br\/index.php\/2026\/03\/28\/oracao-encontre-paz-interior-e-fortaleca-sua-alma\/#breadcrumb","itemListElement":[{"@type":"ListItem","position":1,"name":"Home","item":"https:\/\/salmosbiblicos.com.br\/"},{"@type":"ListItem","position":2,"name":"Ora\u00e7\u00e3o: Encontre Paz Interior e Fortale\u00e7a Sua Alma"}]},{"@type":"WebSite","@id":"https:\/\/salmosbiblicos.com.br\/#website","url":"https:\/\/salmosbiblicos.com.br\/","name":"Salmos B\u00edblicos","description":"Uma e-Livraria com e-Books novos para voc\u00ea refletir.","potentialAction":[{"@type":"SearchAction","target":{"@type":"EntryPoint","urlTemplate":"https:\/\/salmosbiblicos.com.br\/?s={search_term_string}"},"query-input":{"@type":"PropertyValueSpecification","valueRequired":true,"valueName":"search_term_string"}}],"inLanguage":"pt-BR"},{"@type":"Person","@id":"https:\/\/salmosbiblicos.com.br\/#\/schema\/person\/30586d0fb3f3a46b78a3414fc39cc975","name":"alextreh@gmail.com","image":{"@type":"ImageObject","inLanguage":"pt-BR","@id":"https:\/\/secure.gravatar.com\/avatar\/7cf84d31f581ec97b887c1039d478a7c293086896c84951a86753fb2c2af7527?s=96&d=mm&r=g","url":"https:\/\/secure.gravatar.com\/avatar\/7cf84d31f581ec97b887c1039d478a7c293086896c84951a86753fb2c2af7527?s=96&d=mm&r=g","contentUrl":"https:\/\/secure.gravatar.com\/avatar\/7cf84d31f581ec97b887c1039d478a7c293086896c84951a86753fb2c2af7527?s=96&d=mm&r=g","caption":"alextreh@gmail.com"},"sameAs":["http:\/\/salmosbiblicos.com.br"],"url":"https:\/\/salmosbiblicos.com.br\/index.php\/author\/alextrehgmail-com\/"}]}},"_links":{"self":[{"href":"https:\/\/salmosbiblicos.com.br\/index.php\/wp-json\/wp\/v2\/posts\/5556","targetHints":{"allow":["GET"]}}],"collection":[{"href":"https:\/\/salmosbiblicos.com.br\/index.php\/wp-json\/wp\/v2\/posts"}],"about":[{"href":"https:\/\/salmosbiblicos.com.br\/index.php\/wp-json\/wp\/v2\/types\/post"}],"author":[{"embeddable":true,"href":"https:\/\/salmosbiblicos.com.br\/index.php\/wp-json\/wp\/v2\/users\/1"}],"replies":[{"embeddable":true,"href":"https:\/\/salmosbiblicos.com.br\/index.php\/wp-json\/wp\/v2\/comments?post=5556"}],"version-history":[{"count":1,"href":"https:\/\/salmosbiblicos.com.br\/index.php\/wp-json\/wp\/v2\/posts\/5556\/revisions"}],"predecessor-version":[{"id":5557,"href":"https:\/\/salmosbiblicos.com.br\/index.php\/wp-json\/wp\/v2\/posts\/5556\/revisions\/5557"}],"wp:attachment":[{"href":"https:\/\/salmosbiblicos.com.br\/index.php\/wp-json\/wp\/v2\/media?parent=5556"}],"wp:term":[{"taxonomy":"category","embeddable":true,"href":"https:\/\/salmosbiblicos.com.br\/index.php\/wp-json\/wp\/v2\/categories?post=5556"},{"taxonomy":"post_tag","embeddable":true,"href":"https:\/\/salmosbiblicos.com.br\/index.php\/wp-json\/wp\/v2\/tags?post=5556"}],"curies":[{"name":"wp","href":"https:\/\/api.w.org\/{rel}","templated":true}]}}