{"id":5572,"date":"2026-03-28T14:26:39","date_gmt":"2026-03-28T17:26:39","guid":{"rendered":"https:\/\/salmosbiblicos.com.br\/?p=5572"},"modified":"2026-03-28T14:26:39","modified_gmt":"2026-03-28T17:26:39","slug":"espirito-santo-adocao-divina-e-transformacao-interior","status":"publish","type":"post","link":"https:\/\/salmosbiblicos.com.br\/index.php\/2026\/03\/28\/espirito-santo-adocao-divina-e-transformacao-interior\/","title":{"rendered":"Esp\u00edrito Santo: Ado\u00e7\u00e3o Divina e Transforma\u00e7\u00e3o Interior"},"content":{"rendered":"<p>## A Ado\u00e7\u00e3o Divina e o Poder Transformador do Esp\u00edrito<\/p>\n<p>O ano se renova, e com ele, a esperan\u00e7a de um futuro mais pr\u00f3spero e aben\u00e7oado. Que este seja um tempo de crescimento, de santidade, de prote\u00e7\u00e3o contra as sombras que nos rodeiam. Que a gra\u00e7a divina se manifeste em cada lar, em cada cora\u00e7\u00e3o, iluminando nossos caminhos.<\/p>\n<p>### O Mist\u00e9rio da Encarna\u00e7\u00e3o<\/p>\n<p>A passagem das Escrituras nos convida a contemplar um evento singular: o nascimento de Jesus Cristo, filho da mulher, fruto da a\u00e7\u00e3o do Esp\u00edrito Santo. **\u00c9 por obra do Esp\u00edrito que o Divino se une ao humano, transcendendo a compreens\u00e3o da nossa raz\u00e3o.** Este n\u00e3o \u00e9 um ato de mera gera\u00e7\u00e3o, mas um mist\u00e9rio profundo de ado\u00e7\u00e3o, um convite para que, da mesma forma, nos tornemos filhos de Deus.<\/p>\n<p>### O Esp\u00edrito Santo: O Formador de Cristo em N\u00f3s<\/p>\n<p>A import\u00e2ncia do Esp\u00edrito Santo em nossa jornada \u00e9 ineg\u00e1vel. Ele \u00e9 o agente que transforma, que capacita, que nos permite participar da natureza divina. **N\u00e3o somos transformados por esfor\u00e7o pr\u00f3prio, mas pela a\u00e7\u00e3o poderosa do Esp\u00edrito.** Ele \u00e9 o que forma Cristo em n\u00f3s, que \u00e9 a verdadeira ess\u00eancia da nossa voca\u00e7\u00e3o.<\/p>\n<p>### A Luz da Revela\u00e7\u00e3o<\/p>\n<p>Os textos sagrados, em Mateus e Lucas, iluminam a verdade: a concep\u00e7\u00e3o de Jesus foi obra do Esp\u00edrito, da mesma forma que a nossa santidade \u00e9 fruto dessa mesma a\u00e7\u00e3o divina. A for\u00e7a do Alt\u00edssimo envolve Maria, e atrav\u00e9s dela, Jesus se manifesta ao mundo. **Essa revela\u00e7\u00e3o nos convida a abrir nosso cora\u00e7\u00e3o para a a\u00e7\u00e3o transformadora do Esp\u00edrito.**<\/p>\n<p>### A Vit\u00f3ria sobre a Morte<\/p>\n<p>Atrav\u00e9s do sacrif\u00edcio de Jesus, a morte perdeu seu poder. Aquele que detinha o dom\u00ednio da morte, o dem\u00f4nio, foi derrotado. **Como filhos de Deus, participamos dessa vit\u00f3ria, ganhando a esperan\u00e7a da vida eterna.** \u00c9 um chamado para romper com as amarras do pecado e avan\u00e7ar na f\u00e9.<\/p>\n<p>### Rompendo com a Carne, Abra\u00e7ando o Esp\u00edrito<\/p>\n<p>A lei, por si s\u00f3, \u00e9 incapaz de nos libertar da nossa natureza pecaminosa. \u00c9 a gra\u00e7a de Deus, manifesta atrav\u00e9s do Esp\u00edrito Santo, que nos capacita a trilhar o caminho da virtude. A encarna\u00e7\u00e3o de Jesus \u00e9 uma demonstra\u00e7\u00e3o do amor de Deus, que se faz presente para nos conduzir \u00e0 santidade.<\/p>\n<p>### A Jornada da Santidade<\/p>\n<p>Para que possamos nos tornar instrumentos de Deus, \u00e9 preciso que confrontemos as obras da carne \u2013 os impulsos ego\u00edstas, os desejos desordenados \u2013 e nos entreguemos ao Esp\u00edrito. **A santidade n\u00e3o \u00e9 um destino, mas uma caminhada constante, iluminada pela gra\u00e7a divina.** Que a nossa vida seja uma resposta ao chamado do Esp\u00edrito, uma express\u00e3o de amor e servi\u00e7o ao pr\u00f3ximo.<\/p>\n<p>Que possamos, em cada dia, renovar o compromisso de nos abrirmos \u00e0 a\u00e7\u00e3o do Esp\u00edrito Santo, para que, em n\u00f3s, Cristo se manifeste cada vez mais. Que este ano seja um tempo de profunda transforma\u00e7\u00e3o, de crescimento na f\u00e9 e de servi\u00e7o ao Reino de Deus. Que a paz e a alegria do Senhor preencham o seu cora\u00e7\u00e3o e ilumine o seu caminho.<\/p>\n","protected":false},"excerpt":{"rendered":"<p>## A Ado\u00e7\u00e3o Divina e o Poder Transformador do Esp\u00edrito O ano se renova, e com ele, a esperan\u00e7a de um futuro mais pr\u00f3spero e aben\u00e7oado. Que este seja um tempo de crescimento, de santidade, de prote\u00e7\u00e3o contra as sombras que nos rodeiam. Que a gra\u00e7a divina se manifeste em cada lar, em cada cora\u00e7\u00e3o, [&hellip;]<\/p>\n","protected":false},"author":1,"featured_media":0,"comment_status":"closed","ping_status":"open","sticky":false,"template":"","format":"standard","meta":{"footnotes":""},"categories":[14],"tags":[],"class_list":["post-5572","post","type-post","status-publish","format-standard","hentry","category-reflexao"],"yoast_head":"<!-- This site is optimized with the Yoast SEO plugin v27.2 - https:\/\/yoast.com\/product\/yoast-seo-wordpress\/ -->\n<title>Esp\u00edrito Santo: Ado\u00e7\u00e3o Divina e Transforma\u00e7\u00e3o Interior - Salmos B\u00edblicos<\/title>\n<meta name=\"robots\" content=\"index, follow, max-snippet:-1, max-image-preview:large, max-video-preview:-1\" \/>\n<link rel=\"canonical\" href=\"https:\/\/salmosbiblicos.com.br\/index.php\/2026\/03\/28\/espirito-santo-adocao-divina-e-transformacao-interior\/\" \/>\n<meta property=\"og:locale\" content=\"pt_BR\" \/>\n<meta property=\"og:type\" content=\"article\" \/>\n<meta property=\"og:title\" content=\"Esp\u00edrito Santo: Ado\u00e7\u00e3o Divina e Transforma\u00e7\u00e3o Interior - Salmos B\u00edblicos\" \/>\n<meta property=\"og:description\" content=\"## A Ado\u00e7\u00e3o Divina e o Poder Transformador do Esp\u00edrito O ano se renova, e com ele, a esperan\u00e7a de um futuro mais pr\u00f3spero e aben\u00e7oado. Que este seja um tempo de crescimento, de santidade, de prote\u00e7\u00e3o contra as sombras que nos rodeiam. Que a gra\u00e7a divina se manifeste em cada lar, em cada cora\u00e7\u00e3o, [&hellip;]\" \/>\n<meta property=\"og:url\" content=\"https:\/\/salmosbiblicos.com.br\/index.php\/2026\/03\/28\/espirito-santo-adocao-divina-e-transformacao-interior\/\" \/>\n<meta property=\"og:site_name\" content=\"Salmos B\u00edblicos\" \/>\n<meta property=\"article:published_time\" content=\"2026-03-28T17:26:39+00:00\" \/>\n<meta name=\"author\" content=\"alextreh@gmail.com\" \/>\n<meta name=\"twitter:card\" content=\"summary_large_image\" \/>\n<meta name=\"twitter:label1\" content=\"Escrito por\" \/>\n\t<meta name=\"twitter:data1\" content=\"alextreh@gmail.com\" \/>\n\t<meta name=\"twitter:label2\" content=\"Est. tempo de leitura\" \/>\n\t<meta name=\"twitter:data2\" content=\"3 minutos\" \/>\n<script type=\"application\/ld+json\" class=\"yoast-schema-graph\">{\"@context\":\"https:\/\/schema.org\",\"@graph\":[{\"@type\":\"Article\",\"@id\":\"https:\/\/salmosbiblicos.com.br\/index.php\/2026\/03\/28\/espirito-santo-adocao-divina-e-transformacao-interior\/#article\",\"isPartOf\":{\"@id\":\"https:\/\/salmosbiblicos.com.br\/index.php\/2026\/03\/28\/espirito-santo-adocao-divina-e-transformacao-interior\/\"},\"author\":{\"name\":\"alextreh@gmail.com\",\"@id\":\"https:\/\/salmosbiblicos.com.br\/#\/schema\/person\/30586d0fb3f3a46b78a3414fc39cc975\"},\"headline\":\"Esp\u00edrito Santo: Ado\u00e7\u00e3o Divina e Transforma\u00e7\u00e3o Interior\",\"datePublished\":\"2026-03-28T17:26:39+00:00\",\"mainEntityOfPage\":{\"@id\":\"https:\/\/salmosbiblicos.com.br\/index.php\/2026\/03\/28\/espirito-santo-adocao-divina-e-transformacao-interior\/\"},\"wordCount\":562,\"articleSection\":[\"Reflex\u00e3o\"],\"inLanguage\":\"pt-BR\"},{\"@type\":\"WebPage\",\"@id\":\"https:\/\/salmosbiblicos.com.br\/index.php\/2026\/03\/28\/espirito-santo-adocao-divina-e-transformacao-interior\/\",\"url\":\"https:\/\/salmosbiblicos.com.br\/index.php\/2026\/03\/28\/espirito-santo-adocao-divina-e-transformacao-interior\/\",\"name\":\"Esp\u00edrito Santo: Ado\u00e7\u00e3o Divina e Transforma\u00e7\u00e3o Interior - Salmos B\u00edblicos\",\"isPartOf\":{\"@id\":\"https:\/\/salmosbiblicos.com.br\/#website\"},\"datePublished\":\"2026-03-28T17:26:39+00:00\",\"author\":{\"@id\":\"https:\/\/salmosbiblicos.com.br\/#\/schema\/person\/30586d0fb3f3a46b78a3414fc39cc975\"},\"breadcrumb\":{\"@id\":\"https:\/\/salmosbiblicos.com.br\/index.php\/2026\/03\/28\/espirito-santo-adocao-divina-e-transformacao-interior\/#breadcrumb\"},\"inLanguage\":\"pt-BR\",\"potentialAction\":[{\"@type\":\"ReadAction\",\"target\":[\"https:\/\/salmosbiblicos.com.br\/index.php\/2026\/03\/28\/espirito-santo-adocao-divina-e-transformacao-interior\/\"]}]},{\"@type\":\"BreadcrumbList\",\"@id\":\"https:\/\/salmosbiblicos.com.br\/index.php\/2026\/03\/28\/espirito-santo-adocao-divina-e-transformacao-interior\/#breadcrumb\",\"itemListElement\":[{\"@type\":\"ListItem\",\"position\":1,\"name\":\"Home\",\"item\":\"https:\/\/salmosbiblicos.com.br\/\"},{\"@type\":\"ListItem\",\"position\":2,\"name\":\"Esp\u00edrito Santo: Ado\u00e7\u00e3o Divina e Transforma\u00e7\u00e3o Interior\"}]},{\"@type\":\"WebSite\",\"@id\":\"https:\/\/salmosbiblicos.com.br\/#website\",\"url\":\"https:\/\/salmosbiblicos.com.br\/\",\"name\":\"Salmos B\u00edblicos\",\"description\":\"Uma e-Livraria com e-Books novos para voc\u00ea refletir.\",\"potentialAction\":[{\"@type\":\"SearchAction\",\"target\":{\"@type\":\"EntryPoint\",\"urlTemplate\":\"https:\/\/salmosbiblicos.com.br\/?s={search_term_string}\"},\"query-input\":{\"@type\":\"PropertyValueSpecification\",\"valueRequired\":true,\"valueName\":\"search_term_string\"}}],\"inLanguage\":\"pt-BR\"},{\"@type\":\"Person\",\"@id\":\"https:\/\/salmosbiblicos.com.br\/#\/schema\/person\/30586d0fb3f3a46b78a3414fc39cc975\",\"name\":\"alextreh@gmail.com\",\"image\":{\"@type\":\"ImageObject\",\"inLanguage\":\"pt-BR\",\"@id\":\"https:\/\/secure.gravatar.com\/avatar\/7cf84d31f581ec97b887c1039d478a7c293086896c84951a86753fb2c2af7527?s=96&d=mm&r=g\",\"url\":\"https:\/\/secure.gravatar.com\/avatar\/7cf84d31f581ec97b887c1039d478a7c293086896c84951a86753fb2c2af7527?s=96&d=mm&r=g\",\"contentUrl\":\"https:\/\/secure.gravatar.com\/avatar\/7cf84d31f581ec97b887c1039d478a7c293086896c84951a86753fb2c2af7527?s=96&d=mm&r=g\",\"caption\":\"alextreh@gmail.com\"},\"sameAs\":[\"http:\/\/salmosbiblicos.com.br\"],\"url\":\"https:\/\/salmosbiblicos.com.br\/index.php\/author\/alextrehgmail-com\/\"}]}<\/script>\n<!-- \/ Yoast SEO plugin. -->","yoast_head_json":{"title":"Esp\u00edrito Santo: Ado\u00e7\u00e3o Divina e Transforma\u00e7\u00e3o Interior - Salmos B\u00edblicos","robots":{"index":"index","follow":"follow","max-snippet":"max-snippet:-1","max-image-preview":"max-image-preview:large","max-video-preview":"max-video-preview:-1"},"canonical":"https:\/\/salmosbiblicos.com.br\/index.php\/2026\/03\/28\/espirito-santo-adocao-divina-e-transformacao-interior\/","og_locale":"pt_BR","og_type":"article","og_title":"Esp\u00edrito Santo: Ado\u00e7\u00e3o Divina e Transforma\u00e7\u00e3o Interior - Salmos B\u00edblicos","og_description":"## A Ado\u00e7\u00e3o Divina e o Poder Transformador do Esp\u00edrito O ano se renova, e com ele, a esperan\u00e7a de um futuro mais pr\u00f3spero e aben\u00e7oado. Que este seja um tempo de crescimento, de santidade, de prote\u00e7\u00e3o contra as sombras que nos rodeiam. Que a gra\u00e7a divina se manifeste em cada lar, em cada cora\u00e7\u00e3o, [&hellip;]","og_url":"https:\/\/salmosbiblicos.com.br\/index.php\/2026\/03\/28\/espirito-santo-adocao-divina-e-transformacao-interior\/","og_site_name":"Salmos B\u00edblicos","article_published_time":"2026-03-28T17:26:39+00:00","author":"alextreh@gmail.com","twitter_card":"summary_large_image","twitter_misc":{"Escrito por":"alextreh@gmail.com","Est. tempo de leitura":"3 minutos"},"schema":{"@context":"https:\/\/schema.org","@graph":[{"@type":"Article","@id":"https:\/\/salmosbiblicos.com.br\/index.php\/2026\/03\/28\/espirito-santo-adocao-divina-e-transformacao-interior\/#article","isPartOf":{"@id":"https:\/\/salmosbiblicos.com.br\/index.php\/2026\/03\/28\/espirito-santo-adocao-divina-e-transformacao-interior\/"},"author":{"name":"alextreh@gmail.com","@id":"https:\/\/salmosbiblicos.com.br\/#\/schema\/person\/30586d0fb3f3a46b78a3414fc39cc975"},"headline":"Esp\u00edrito Santo: Ado\u00e7\u00e3o Divina e Transforma\u00e7\u00e3o Interior","datePublished":"2026-03-28T17:26:39+00:00","mainEntityOfPage":{"@id":"https:\/\/salmosbiblicos.com.br\/index.php\/2026\/03\/28\/espirito-santo-adocao-divina-e-transformacao-interior\/"},"wordCount":562,"articleSection":["Reflex\u00e3o"],"inLanguage":"pt-BR"},{"@type":"WebPage","@id":"https:\/\/salmosbiblicos.com.br\/index.php\/2026\/03\/28\/espirito-santo-adocao-divina-e-transformacao-interior\/","url":"https:\/\/salmosbiblicos.com.br\/index.php\/2026\/03\/28\/espirito-santo-adocao-divina-e-transformacao-interior\/","name":"Esp\u00edrito Santo: Ado\u00e7\u00e3o Divina e Transforma\u00e7\u00e3o Interior - Salmos B\u00edblicos","isPartOf":{"@id":"https:\/\/salmosbiblicos.com.br\/#website"},"datePublished":"2026-03-28T17:26:39+00:00","author":{"@id":"https:\/\/salmosbiblicos.com.br\/#\/schema\/person\/30586d0fb3f3a46b78a3414fc39cc975"},"breadcrumb":{"@id":"https:\/\/salmosbiblicos.com.br\/index.php\/2026\/03\/28\/espirito-santo-adocao-divina-e-transformacao-interior\/#breadcrumb"},"inLanguage":"pt-BR","potentialAction":[{"@type":"ReadAction","target":["https:\/\/salmosbiblicos.com.br\/index.php\/2026\/03\/28\/espirito-santo-adocao-divina-e-transformacao-interior\/"]}]},{"@type":"BreadcrumbList","@id":"https:\/\/salmosbiblicos.com.br\/index.php\/2026\/03\/28\/espirito-santo-adocao-divina-e-transformacao-interior\/#breadcrumb","itemListElement":[{"@type":"ListItem","position":1,"name":"Home","item":"https:\/\/salmosbiblicos.com.br\/"},{"@type":"ListItem","position":2,"name":"Esp\u00edrito Santo: Ado\u00e7\u00e3o Divina e Transforma\u00e7\u00e3o Interior"}]},{"@type":"WebSite","@id":"https:\/\/salmosbiblicos.com.br\/#website","url":"https:\/\/salmosbiblicos.com.br\/","name":"Salmos B\u00edblicos","description":"Uma e-Livraria com e-Books novos para voc\u00ea refletir.","potentialAction":[{"@type":"SearchAction","target":{"@type":"EntryPoint","urlTemplate":"https:\/\/salmosbiblicos.com.br\/?s={search_term_string}"},"query-input":{"@type":"PropertyValueSpecification","valueRequired":true,"valueName":"search_term_string"}}],"inLanguage":"pt-BR"},{"@type":"Person","@id":"https:\/\/salmosbiblicos.com.br\/#\/schema\/person\/30586d0fb3f3a46b78a3414fc39cc975","name":"alextreh@gmail.com","image":{"@type":"ImageObject","inLanguage":"pt-BR","@id":"https:\/\/secure.gravatar.com\/avatar\/7cf84d31f581ec97b887c1039d478a7c293086896c84951a86753fb2c2af7527?s=96&d=mm&r=g","url":"https:\/\/secure.gravatar.com\/avatar\/7cf84d31f581ec97b887c1039d478a7c293086896c84951a86753fb2c2af7527?s=96&d=mm&r=g","contentUrl":"https:\/\/secure.gravatar.com\/avatar\/7cf84d31f581ec97b887c1039d478a7c293086896c84951a86753fb2c2af7527?s=96&d=mm&r=g","caption":"alextreh@gmail.com"},"sameAs":["http:\/\/salmosbiblicos.com.br"],"url":"https:\/\/salmosbiblicos.com.br\/index.php\/author\/alextrehgmail-com\/"}]}},"_links":{"self":[{"href":"https:\/\/salmosbiblicos.com.br\/index.php\/wp-json\/wp\/v2\/posts\/5572","targetHints":{"allow":["GET"]}}],"collection":[{"href":"https:\/\/salmosbiblicos.com.br\/index.php\/wp-json\/wp\/v2\/posts"}],"about":[{"href":"https:\/\/salmosbiblicos.com.br\/index.php\/wp-json\/wp\/v2\/types\/post"}],"author":[{"embeddable":true,"href":"https:\/\/salmosbiblicos.com.br\/index.php\/wp-json\/wp\/v2\/users\/1"}],"replies":[{"embeddable":true,"href":"https:\/\/salmosbiblicos.com.br\/index.php\/wp-json\/wp\/v2\/comments?post=5572"}],"version-history":[{"count":1,"href":"https:\/\/salmosbiblicos.com.br\/index.php\/wp-json\/wp\/v2\/posts\/5572\/revisions"}],"predecessor-version":[{"id":5573,"href":"https:\/\/salmosbiblicos.com.br\/index.php\/wp-json\/wp\/v2\/posts\/5572\/revisions\/5573"}],"wp:attachment":[{"href":"https:\/\/salmosbiblicos.com.br\/index.php\/wp-json\/wp\/v2\/media?parent=5572"}],"wp:term":[{"taxonomy":"category","embeddable":true,"href":"https:\/\/salmosbiblicos.com.br\/index.php\/wp-json\/wp\/v2\/categories?post=5572"},{"taxonomy":"post_tag","embeddable":true,"href":"https:\/\/salmosbiblicos.com.br\/index.php\/wp-json\/wp\/v2\/tags?post=5572"}],"curies":[{"name":"wp","href":"https:\/\/api.w.org\/{rel}","templated":true}]}}