{"id":5574,"date":"2026-03-28T14:33:31","date_gmt":"2026-03-28T17:33:31","guid":{"rendered":"https:\/\/salmosbiblicos.com.br\/?p=5574"},"modified":"2026-03-28T14:33:31","modified_gmt":"2026-03-28T17:33:31","slug":"fe-e-luz-como-a-palavra-ilumina-a-escuridao-do-mundo","status":"publish","type":"post","link":"https:\/\/salmosbiblicos.com.br\/index.php\/2026\/03\/28\/fe-e-luz-como-a-palavra-ilumina-a-escuridao-do-mundo\/","title":{"rendered":"F\u00e9 e Luz: Como a Palavra Ilumina a Escurid\u00e3o do Mundo"},"content":{"rendered":"<p>## A Luz que Persiste na Escurid\u00e3o<\/p>\n<p>Estamos \u00e0 beira de um novo ano, um tempo de reflex\u00e3o e esperan\u00e7a. \u00c9 um momento para agradecer pelas b\u00ean\u00e7\u00e3os recebidas e para vislumbrar o futuro com f\u00e9. A vida flui incessantemente, e \u00e9 fundamental que nos preparemos para o que est\u00e1 por vir, iluminados pela Palavra.<\/p>\n<p>### A Verdadeira Luz e as Sombras do Mundo<\/p>\n<p>A Escritura nos recorda, atrav\u00e9s de Jo\u00e3o, que &#8220;no princ\u00edpio era a palavra, e a palavra estava com Deus, e a palavra era Deus&#8221;. Ela \u00e9 a fonte de toda a cria\u00e7\u00e3o, a pr\u00f3pria vida que emana da divindade. **A Palavra, a Luz, veio ao mundo, mas as trevas n\u00e3o conseguiram domin\u00e1-la.** Contudo, h\u00e1 for\u00e7as que buscam obscurecer essa luz, que tentam nos desviar do caminho da verdade.<\/p>\n<p>Existe um \u201cdeus\u201d deste mundo, um poder que opera em contraste com a gra\u00e7a divina. Ele tenta nos cegar, nos afastar da esperan\u00e7a, mas n\u00e3o devemos nos desesperar. A f\u00e9 \u00e9 o escudo que nos protege.<\/p>\n<p>### Compreendendo a Cegueira<\/p>\n<p>Um s\u00e1bio do passado, Sirilo de Alexandria, nos ajudou a compreender este fen\u00f4meno. Ele nos lembra que, assim como os cegos n\u00e3o podem ver a luz do sol, mesmo que ela brilhe intensamente, muitos se encontram em uma condi\u00e7\u00e3o de opacidade espiritual. **O problema n\u00e3o reside na aus\u00eancia da luz divina, mas na nossa pr\u00f3pria incapacidade de enxerg\u00e1-la.**<\/p>\n<p>O \u201cdeus\u201d deste mundo, como nos ensina Paulo, **&#8221;cegou a mente dos descrentes, para que a luz do conhecimento de Deus n\u00e3o seja vista por eles&#8221;**. N\u00e3o se trata de uma priva\u00e7\u00e3o total da gra\u00e7a, mas sim de um obscurecimento do desejo, de uma perda da capacidade de reconhecer a verdade.<\/p>\n<p>### Resistindo \u00e0 Obscuridade<\/p>\n<p>A mensagem \u00e9 clara: somos confrontados com uma escolha. Podemos permitir que a cegueira nos domine, ou podemos abrir nossos olhos para a luz da gra\u00e7a. A Escritura nos convida a declarar com firmeza: **\u201cO Deus deste mundo n\u00e3o vai me cegar para a luz do Evangelho.\u201d**<\/p>\n<p>Como podemos fortalecer essa resist\u00eancia?<\/p>\n<p>*   **Busque a Palavra:** Mergulhe nos ensinamentos divinos, deixe que eles iluminem seu cora\u00e7\u00e3o e sua mente.<br \/>*   **Fortale\u00e7a a f\u00e9:** Acredite na promessa da gra\u00e7a, na certeza de que a luz sempre prevalecer\u00e1 sobre as trevas.<br \/>*   **Compartilhe a esperan\u00e7a:** Seja um farol para aqueles que est\u00e3o perdidos, um testemunho da luz que reside em voc\u00ea.<\/p>\n<p>### O Evangelho Encoberto<\/p>\n<p>A verdade \u00e9 que, para muitos, o Evangelho parece encoberto, oculto. Isso ocorre porque o &#8220;deus&#8221; deste mundo exerce sua influ\u00eancia, obscurecendo a vis\u00e3o daqueles que desejam permanecer na escurid\u00e3o.  **\u201cSe o nosso Evangelho ainda estiver encoberto, est\u00e1 encoberto para aqueles que se perdem.&#8221;**<\/p>\n<p>Portanto, sejamos ousados em proclamar a Boa Nova, em partilhar a esperan\u00e7a que nos guia.  Que a luz que reside em n\u00f3s ilumine o caminho daqueles que buscam a verdade.<\/p>\n","protected":false},"excerpt":{"rendered":"<p>## A Luz que Persiste na Escurid\u00e3o Estamos \u00e0 beira de um novo ano, um tempo de reflex\u00e3o e esperan\u00e7a. \u00c9 um momento para agradecer pelas b\u00ean\u00e7\u00e3os recebidas e para vislumbrar o futuro com f\u00e9. A vida flui incessantemente, e \u00e9 fundamental que nos preparemos para o que est\u00e1 por vir, iluminados pela Palavra. ### [&hellip;]<\/p>\n","protected":false},"author":1,"featured_media":0,"comment_status":"closed","ping_status":"open","sticky":false,"template":"","format":"standard","meta":{"footnotes":""},"categories":[14],"tags":[],"class_list":["post-5574","post","type-post","status-publish","format-standard","hentry","category-reflexao"],"yoast_head":"<!-- This site is optimized with the Yoast SEO plugin v27.2 - https:\/\/yoast.com\/product\/yoast-seo-wordpress\/ -->\n<title>F\u00e9 e Luz: Como a Palavra Ilumina a Escurid\u00e3o do Mundo - Salmos B\u00edblicos<\/title>\n<meta name=\"robots\" content=\"index, follow, max-snippet:-1, max-image-preview:large, max-video-preview:-1\" \/>\n<link rel=\"canonical\" href=\"https:\/\/salmosbiblicos.com.br\/index.php\/2026\/03\/28\/fe-e-luz-como-a-palavra-ilumina-a-escuridao-do-mundo\/\" \/>\n<meta property=\"og:locale\" content=\"pt_BR\" \/>\n<meta property=\"og:type\" content=\"article\" \/>\n<meta property=\"og:title\" content=\"F\u00e9 e Luz: Como a Palavra Ilumina a Escurid\u00e3o do Mundo - Salmos B\u00edblicos\" \/>\n<meta property=\"og:description\" content=\"## A Luz que Persiste na Escurid\u00e3o Estamos \u00e0 beira de um novo ano, um tempo de reflex\u00e3o e esperan\u00e7a. \u00c9 um momento para agradecer pelas b\u00ean\u00e7\u00e3os recebidas e para vislumbrar o futuro com f\u00e9. A vida flui incessantemente, e \u00e9 fundamental que nos preparemos para o que est\u00e1 por vir, iluminados pela Palavra. ### [&hellip;]\" \/>\n<meta property=\"og:url\" content=\"https:\/\/salmosbiblicos.com.br\/index.php\/2026\/03\/28\/fe-e-luz-como-a-palavra-ilumina-a-escuridao-do-mundo\/\" \/>\n<meta property=\"og:site_name\" content=\"Salmos B\u00edblicos\" \/>\n<meta property=\"article:published_time\" content=\"2026-03-28T17:33:31+00:00\" \/>\n<meta name=\"author\" content=\"alextreh@gmail.com\" \/>\n<meta name=\"twitter:card\" content=\"summary_large_image\" \/>\n<meta name=\"twitter:label1\" content=\"Escrito por\" \/>\n\t<meta name=\"twitter:data1\" content=\"alextreh@gmail.com\" \/>\n\t<meta name=\"twitter:label2\" content=\"Est. tempo de leitura\" \/>\n\t<meta name=\"twitter:data2\" content=\"2 minutos\" \/>\n<script type=\"application\/ld+json\" class=\"yoast-schema-graph\">{\"@context\":\"https:\/\/schema.org\",\"@graph\":[{\"@type\":\"Article\",\"@id\":\"https:\/\/salmosbiblicos.com.br\/index.php\/2026\/03\/28\/fe-e-luz-como-a-palavra-ilumina-a-escuridao-do-mundo\/#article\",\"isPartOf\":{\"@id\":\"https:\/\/salmosbiblicos.com.br\/index.php\/2026\/03\/28\/fe-e-luz-como-a-palavra-ilumina-a-escuridao-do-mundo\/\"},\"author\":{\"name\":\"alextreh@gmail.com\",\"@id\":\"https:\/\/salmosbiblicos.com.br\/#\/schema\/person\/30586d0fb3f3a46b78a3414fc39cc975\"},\"headline\":\"F\u00e9 e Luz: Como a Palavra Ilumina a Escurid\u00e3o do Mundo\",\"datePublished\":\"2026-03-28T17:33:31+00:00\",\"mainEntityOfPage\":{\"@id\":\"https:\/\/salmosbiblicos.com.br\/index.php\/2026\/03\/28\/fe-e-luz-como-a-palavra-ilumina-a-escuridao-do-mundo\/\"},\"wordCount\":508,\"articleSection\":[\"Reflex\u00e3o\"],\"inLanguage\":\"pt-BR\"},{\"@type\":\"WebPage\",\"@id\":\"https:\/\/salmosbiblicos.com.br\/index.php\/2026\/03\/28\/fe-e-luz-como-a-palavra-ilumina-a-escuridao-do-mundo\/\",\"url\":\"https:\/\/salmosbiblicos.com.br\/index.php\/2026\/03\/28\/fe-e-luz-como-a-palavra-ilumina-a-escuridao-do-mundo\/\",\"name\":\"F\u00e9 e Luz: Como a Palavra Ilumina a Escurid\u00e3o do Mundo - Salmos B\u00edblicos\",\"isPartOf\":{\"@id\":\"https:\/\/salmosbiblicos.com.br\/#website\"},\"datePublished\":\"2026-03-28T17:33:31+00:00\",\"author\":{\"@id\":\"https:\/\/salmosbiblicos.com.br\/#\/schema\/person\/30586d0fb3f3a46b78a3414fc39cc975\"},\"breadcrumb\":{\"@id\":\"https:\/\/salmosbiblicos.com.br\/index.php\/2026\/03\/28\/fe-e-luz-como-a-palavra-ilumina-a-escuridao-do-mundo\/#breadcrumb\"},\"inLanguage\":\"pt-BR\",\"potentialAction\":[{\"@type\":\"ReadAction\",\"target\":[\"https:\/\/salmosbiblicos.com.br\/index.php\/2026\/03\/28\/fe-e-luz-como-a-palavra-ilumina-a-escuridao-do-mundo\/\"]}]},{\"@type\":\"BreadcrumbList\",\"@id\":\"https:\/\/salmosbiblicos.com.br\/index.php\/2026\/03\/28\/fe-e-luz-como-a-palavra-ilumina-a-escuridao-do-mundo\/#breadcrumb\",\"itemListElement\":[{\"@type\":\"ListItem\",\"position\":1,\"name\":\"Home\",\"item\":\"https:\/\/salmosbiblicos.com.br\/\"},{\"@type\":\"ListItem\",\"position\":2,\"name\":\"F\u00e9 e Luz: Como a Palavra Ilumina a Escurid\u00e3o do Mundo\"}]},{\"@type\":\"WebSite\",\"@id\":\"https:\/\/salmosbiblicos.com.br\/#website\",\"url\":\"https:\/\/salmosbiblicos.com.br\/\",\"name\":\"Salmos B\u00edblicos\",\"description\":\"Uma e-Livraria com e-Books novos para voc\u00ea refletir.\",\"potentialAction\":[{\"@type\":\"SearchAction\",\"target\":{\"@type\":\"EntryPoint\",\"urlTemplate\":\"https:\/\/salmosbiblicos.com.br\/?s={search_term_string}\"},\"query-input\":{\"@type\":\"PropertyValueSpecification\",\"valueRequired\":true,\"valueName\":\"search_term_string\"}}],\"inLanguage\":\"pt-BR\"},{\"@type\":\"Person\",\"@id\":\"https:\/\/salmosbiblicos.com.br\/#\/schema\/person\/30586d0fb3f3a46b78a3414fc39cc975\",\"name\":\"alextreh@gmail.com\",\"image\":{\"@type\":\"ImageObject\",\"inLanguage\":\"pt-BR\",\"@id\":\"https:\/\/secure.gravatar.com\/avatar\/7cf84d31f581ec97b887c1039d478a7c293086896c84951a86753fb2c2af7527?s=96&d=mm&r=g\",\"url\":\"https:\/\/secure.gravatar.com\/avatar\/7cf84d31f581ec97b887c1039d478a7c293086896c84951a86753fb2c2af7527?s=96&d=mm&r=g\",\"contentUrl\":\"https:\/\/secure.gravatar.com\/avatar\/7cf84d31f581ec97b887c1039d478a7c293086896c84951a86753fb2c2af7527?s=96&d=mm&r=g\",\"caption\":\"alextreh@gmail.com\"},\"sameAs\":[\"http:\/\/salmosbiblicos.com.br\"],\"url\":\"https:\/\/salmosbiblicos.com.br\/index.php\/author\/alextrehgmail-com\/\"}]}<\/script>\n<!-- \/ Yoast SEO plugin. -->","yoast_head_json":{"title":"F\u00e9 e Luz: Como a Palavra Ilumina a Escurid\u00e3o do Mundo - Salmos B\u00edblicos","robots":{"index":"index","follow":"follow","max-snippet":"max-snippet:-1","max-image-preview":"max-image-preview:large","max-video-preview":"max-video-preview:-1"},"canonical":"https:\/\/salmosbiblicos.com.br\/index.php\/2026\/03\/28\/fe-e-luz-como-a-palavra-ilumina-a-escuridao-do-mundo\/","og_locale":"pt_BR","og_type":"article","og_title":"F\u00e9 e Luz: Como a Palavra Ilumina a Escurid\u00e3o do Mundo - Salmos B\u00edblicos","og_description":"## A Luz que Persiste na Escurid\u00e3o Estamos \u00e0 beira de um novo ano, um tempo de reflex\u00e3o e esperan\u00e7a. \u00c9 um momento para agradecer pelas b\u00ean\u00e7\u00e3os recebidas e para vislumbrar o futuro com f\u00e9. A vida flui incessantemente, e \u00e9 fundamental que nos preparemos para o que est\u00e1 por vir, iluminados pela Palavra. ### [&hellip;]","og_url":"https:\/\/salmosbiblicos.com.br\/index.php\/2026\/03\/28\/fe-e-luz-como-a-palavra-ilumina-a-escuridao-do-mundo\/","og_site_name":"Salmos B\u00edblicos","article_published_time":"2026-03-28T17:33:31+00:00","author":"alextreh@gmail.com","twitter_card":"summary_large_image","twitter_misc":{"Escrito por":"alextreh@gmail.com","Est. tempo de leitura":"2 minutos"},"schema":{"@context":"https:\/\/schema.org","@graph":[{"@type":"Article","@id":"https:\/\/salmosbiblicos.com.br\/index.php\/2026\/03\/28\/fe-e-luz-como-a-palavra-ilumina-a-escuridao-do-mundo\/#article","isPartOf":{"@id":"https:\/\/salmosbiblicos.com.br\/index.php\/2026\/03\/28\/fe-e-luz-como-a-palavra-ilumina-a-escuridao-do-mundo\/"},"author":{"name":"alextreh@gmail.com","@id":"https:\/\/salmosbiblicos.com.br\/#\/schema\/person\/30586d0fb3f3a46b78a3414fc39cc975"},"headline":"F\u00e9 e Luz: Como a Palavra Ilumina a Escurid\u00e3o do Mundo","datePublished":"2026-03-28T17:33:31+00:00","mainEntityOfPage":{"@id":"https:\/\/salmosbiblicos.com.br\/index.php\/2026\/03\/28\/fe-e-luz-como-a-palavra-ilumina-a-escuridao-do-mundo\/"},"wordCount":508,"articleSection":["Reflex\u00e3o"],"inLanguage":"pt-BR"},{"@type":"WebPage","@id":"https:\/\/salmosbiblicos.com.br\/index.php\/2026\/03\/28\/fe-e-luz-como-a-palavra-ilumina-a-escuridao-do-mundo\/","url":"https:\/\/salmosbiblicos.com.br\/index.php\/2026\/03\/28\/fe-e-luz-como-a-palavra-ilumina-a-escuridao-do-mundo\/","name":"F\u00e9 e Luz: Como a Palavra Ilumina a Escurid\u00e3o do Mundo - Salmos B\u00edblicos","isPartOf":{"@id":"https:\/\/salmosbiblicos.com.br\/#website"},"datePublished":"2026-03-28T17:33:31+00:00","author":{"@id":"https:\/\/salmosbiblicos.com.br\/#\/schema\/person\/30586d0fb3f3a46b78a3414fc39cc975"},"breadcrumb":{"@id":"https:\/\/salmosbiblicos.com.br\/index.php\/2026\/03\/28\/fe-e-luz-como-a-palavra-ilumina-a-escuridao-do-mundo\/#breadcrumb"},"inLanguage":"pt-BR","potentialAction":[{"@type":"ReadAction","target":["https:\/\/salmosbiblicos.com.br\/index.php\/2026\/03\/28\/fe-e-luz-como-a-palavra-ilumina-a-escuridao-do-mundo\/"]}]},{"@type":"BreadcrumbList","@id":"https:\/\/salmosbiblicos.com.br\/index.php\/2026\/03\/28\/fe-e-luz-como-a-palavra-ilumina-a-escuridao-do-mundo\/#breadcrumb","itemListElement":[{"@type":"ListItem","position":1,"name":"Home","item":"https:\/\/salmosbiblicos.com.br\/"},{"@type":"ListItem","position":2,"name":"F\u00e9 e Luz: Como a Palavra Ilumina a Escurid\u00e3o do Mundo"}]},{"@type":"WebSite","@id":"https:\/\/salmosbiblicos.com.br\/#website","url":"https:\/\/salmosbiblicos.com.br\/","name":"Salmos B\u00edblicos","description":"Uma e-Livraria com e-Books novos para voc\u00ea refletir.","potentialAction":[{"@type":"SearchAction","target":{"@type":"EntryPoint","urlTemplate":"https:\/\/salmosbiblicos.com.br\/?s={search_term_string}"},"query-input":{"@type":"PropertyValueSpecification","valueRequired":true,"valueName":"search_term_string"}}],"inLanguage":"pt-BR"},{"@type":"Person","@id":"https:\/\/salmosbiblicos.com.br\/#\/schema\/person\/30586d0fb3f3a46b78a3414fc39cc975","name":"alextreh@gmail.com","image":{"@type":"ImageObject","inLanguage":"pt-BR","@id":"https:\/\/secure.gravatar.com\/avatar\/7cf84d31f581ec97b887c1039d478a7c293086896c84951a86753fb2c2af7527?s=96&d=mm&r=g","url":"https:\/\/secure.gravatar.com\/avatar\/7cf84d31f581ec97b887c1039d478a7c293086896c84951a86753fb2c2af7527?s=96&d=mm&r=g","contentUrl":"https:\/\/secure.gravatar.com\/avatar\/7cf84d31f581ec97b887c1039d478a7c293086896c84951a86753fb2c2af7527?s=96&d=mm&r=g","caption":"alextreh@gmail.com"},"sameAs":["http:\/\/salmosbiblicos.com.br"],"url":"https:\/\/salmosbiblicos.com.br\/index.php\/author\/alextrehgmail-com\/"}]}},"_links":{"self":[{"href":"https:\/\/salmosbiblicos.com.br\/index.php\/wp-json\/wp\/v2\/posts\/5574","targetHints":{"allow":["GET"]}}],"collection":[{"href":"https:\/\/salmosbiblicos.com.br\/index.php\/wp-json\/wp\/v2\/posts"}],"about":[{"href":"https:\/\/salmosbiblicos.com.br\/index.php\/wp-json\/wp\/v2\/types\/post"}],"author":[{"embeddable":true,"href":"https:\/\/salmosbiblicos.com.br\/index.php\/wp-json\/wp\/v2\/users\/1"}],"replies":[{"embeddable":true,"href":"https:\/\/salmosbiblicos.com.br\/index.php\/wp-json\/wp\/v2\/comments?post=5574"}],"version-history":[{"count":1,"href":"https:\/\/salmosbiblicos.com.br\/index.php\/wp-json\/wp\/v2\/posts\/5574\/revisions"}],"predecessor-version":[{"id":5575,"href":"https:\/\/salmosbiblicos.com.br\/index.php\/wp-json\/wp\/v2\/posts\/5574\/revisions\/5575"}],"wp:attachment":[{"href":"https:\/\/salmosbiblicos.com.br\/index.php\/wp-json\/wp\/v2\/media?parent=5574"}],"wp:term":[{"taxonomy":"category","embeddable":true,"href":"https:\/\/salmosbiblicos.com.br\/index.php\/wp-json\/wp\/v2\/categories?post=5574"},{"taxonomy":"post_tag","embeddable":true,"href":"https:\/\/salmosbiblicos.com.br\/index.php\/wp-json\/wp\/v2\/tags?post=5574"}],"curies":[{"name":"wp","href":"https:\/\/api.w.org\/{rel}","templated":true}]}}